{"id":29085,"date":"2016-10-27T13:58:50","date_gmt":"2016-10-27T13:58:50","guid":{"rendered":"http:\/\/ddigital.webs.ull.es\/?p=29085"},"modified":"2016-10-27T13:58:50","modified_gmt":"2016-10-27T13:58:50","slug":"jose-maria-gonzalez-premio-nacional-de-ensayo-ha-participado-en-la-iv-conferencia-javier-muguerza-de-la-ull","status":"publish","type":"post","link":"https:\/\/www.ull.es\/portal\/noticias\/2016\/jose-maria-gonzalez-premio-nacional-de-ensayo-ha-participado-en-la-iv-conferencia-javier-muguerza-de-la-ull\/","title":{"rendered":"Jos\u00e9 Mar\u00eda Gonz\u00e1lez, Premio Nacional de Ensayo, ha participado en la IV Conferencia Javier Muguerza de la ULL"},"content":{"rendered":"<p>&nbsp;<\/p>\n<p>La Universidad de La Laguna ha acogido hoy, jueves 27 de octubre en el Sal\u00f3n de Grados de la Secci\u00f3n de Filosof\u00eda de la Facultad de Humanidades, en el Campus de Guajara, la disertaci\u00f3n de Jos\u00e9 Mar\u00eda Gonz\u00e1lez Garc\u00eda, dentro del programa de la IV Conferencia Javier Muguerza. En la ponencia, titulada \u201cIm\u00e1genes de la Justicia en la Est\u00e9tica del Derecho\u201d, el catedr\u00e1tico y Premio Nacional de Ensayo 2007 ha hecho una reflexi\u00f3n sobre si debe, o no, ser ciega la imagen de la Justicia<\/p>\n<p>&nbsp;<\/p>\n<p>En la presentaci\u00f3n de la conferencia, organizada por la C\u00e1tedra Cultural Javier Muguerza de la ULL, ha estado el rector de la ULL, Antonio Martin\u00f3n; y el co-director de la c\u00e1tedra promotora, Pablo R\u00f3denas.<\/p>\n<p>&nbsp;<\/p>\n<p>El ponente ha transportado a los asistentes a un viaje hist\u00f3rico por las diferentes representaciones que ha tenido la Justicia, remont\u00e1ndose a sus primeras apariciones est\u00e9ticas en el a\u00f1o 2.300 a.C. Aludi\u00f3 a c\u00f3mo la Justicia desde sus inicios fue dibujada y percibida con una mirada penetrante y a que su iconograf\u00eda ha cambiado a lo largo de la Historia; por ejemplo, manifestaba el ponente que en el siglo XV esta imagen empez\u00f3 a ser representada por primera vez con una venda en los ojos, con un fin cr\u00edtico.<\/p>\n<p>&nbsp;<\/p>\n<p>A\u00f1os despu\u00e9s esa interpretaci\u00f3n negativa, comentaba el Premio Nacional de Ensayo, se transformaba en positiva pues se relaciona la venda con conceptos de imparcialidad, equidad e igualdad.<\/p>\n<p>&nbsp;<\/p>\n<p>Son muchos los ejemplos representativos a los que el profesor hac\u00eda referencia, como puede ser la figura de la Justicia ataviada con un velo, o con dos rostros como el antiguo dios latino Jano. Durante los siglos XVI, XVII y XVIII aflora una lucha entre las formas de representaci\u00f3n que debe tener y, tras la Revoluci\u00f3n Francesa, se establece que debe ir sin venda, pues se entendi\u00f3 que la ley deb\u00eda verlo todo.<\/p>\n<p>&nbsp;<\/p>\n<p>Jos\u00e9 Mar\u00eda Gonz\u00e1lez contaba que pa\u00edses como Alemania a principios del siglo XX prohibieron representar la Justicia con una venda a trav\u00e9s de un decreto publicado por el Ministerio de Obras P\u00fablicas y Justicia. Asimismo, transmiti\u00f3 a los presentes los movimientos que surgen en los a\u00f1os 60 y que defienden la imparcialidad de la venda u otros que protestaban contra la ceguera de la Justicia.<\/p>\n<p>&nbsp;<\/p>\n<p>Jos\u00e9 Mar\u00eda Gonz\u00e1lez Garc\u00eda es catedr\u00e1tico de Universidad. Se licenci\u00f3 en Sociolog\u00eda y en Ciencias Pol\u00edticas y se doctor\u00f3 en Filosof\u00eda. Ha sido profesor en la Universidad Complutense de Madrid y profesor e investigador del Consejo Superior de Investigaciones Cient\u00edficas (CSIC). Ha trabajado en los campos de la Sociolog\u00eda del conocimiento, la Teor\u00eda Sociol\u00f3gica y la Filosof\u00eda Pol\u00edtica.<\/p>\n<p>Fue director del Instituto de Filosof\u00eda del CSIC hasta 2006. Recibi\u00f3 en 2007 el Premio Nacional de Ensayo por su obra \u201cLa diosa Fortuna. Metamorfosis de una met\u00e1fora pol\u00edtica\u201d. Adem\u00e1s es autor de otros libros como \u201cLa sociolog\u00eda del conocimiento hoy\u201d, \u201cLa m\u00e1quina burocr\u00e1tica\u201d, \u201cLas huellas de Fausto: la herencia de Goethe en la sociolog\u00eda de Max Weber\u201d y \u201cMet\u00e1foras del poder\u201d.<\/p>\n<p>La C\u00e1tedra Cultural Javier Muguerza fue creada en 2011 en homenaje al profesor y doctor honoris causa de la Universidad de La Laguna, Javier Muguerza, y su primera conferencia se celebr\u00f3 en 2012. El objetivo de esta c\u00e1tedra cultural es difundir la necesidad de reflexi\u00f3n y de an\u00e1lisis de las ideas de asuntos sociales y culturales que se dan en la actualidad.<\/p>\n<p>&nbsp;<\/p>\n","protected":false},"excerpt":{"rendered":"<p>&nbsp; La Universidad de La Laguna ha acogido hoy, jueves 27 de octubre en el Sal\u00f3n de Grados de la&#8230;<\/p>\n","protected":false},"author":23,"featured_media":29087,"comment_status":"open","ping_status":"open","sticky":false,"template":"","format":"gallery","meta":{"inline_featured_image":false,"footnotes":""},"categories":[344,345,1],"tags":[517,757,1224,1270,1655,2035,2340,2527,2560],"acf":[],"yoast_head":"<!-- This site is optimized with the Yoast SEO plugin v21.3 - https:\/\/yoast.com\/wordpress\/plugins\/seo\/ -->\n<title>Jos\u00e9 Mar\u00eda Gonz\u00e1lez, Premio Nacional de Ensayo, ha participado en la IV Conferencia Javier Muguerza de la ULL - ULL - Noticias<\/title>\n<meta name=\"robots\" content=\"index, follow, max-snippet:-1, max-image-preview:large, max-video-preview:-1\" \/>\n<link rel=\"canonical\" href=\"https:\/\/www.ull.es\/portal\/noticias\/2016\/jose-maria-gonzalez-premio-nacional-de-ensayo-ha-participado-en-la-iv-conferencia-javier-muguerza-de-la-ull\/\" \/>\n<meta property=\"og:locale\" content=\"es_ES\" \/>\n<meta property=\"og:type\" content=\"article\" \/>\n<meta property=\"og:title\" content=\"Jos\u00e9 Mar\u00eda Gonz\u00e1lez, Premio Nacional de Ensayo, ha participado en la IV Conferencia Javier Muguerza de la ULL - ULL - Noticias\" \/>\n<meta property=\"og:description\" content=\"&nbsp; La Universidad de La Laguna ha acogido hoy, jueves 27 de octubre en el Sal\u00f3n de Grados de la...\" \/>\n<meta property=\"og:url\" content=\"https:\/\/www.ull.es\/portal\/noticias\/2016\/jose-maria-gonzalez-premio-nacional-de-ensayo-ha-participado-en-la-iv-conferencia-javier-muguerza-de-la-ull\/\" \/>\n<meta property=\"og:site_name\" content=\"ULL - Noticias\" \/>\n<meta property=\"article:publisher\" content=\"https:\/\/www.facebook.com\/universidaddelalaguna\/\" \/>\n<meta property=\"article:published_time\" content=\"2016-10-27T13:58:50+00:00\" \/>\n<meta property=\"og:image\" content=\"https:\/\/www.ull.es\/portal\/noticias\/wp-content\/uploads\/sites\/13\/2016\/10\/conferencia-jose-maria-gonzalez-filosofia.jpg\" \/>\n\t<meta property=\"og:image:width\" content=\"1034\" \/>\n\t<meta property=\"og:image:height\" content=\"708\" \/>\n\t<meta property=\"og:image:type\" content=\"image\/jpeg\" \/>\n<meta name=\"author\" content=\"gaprsa\" \/>\n<meta name=\"twitter:card\" content=\"summary_large_image\" \/>\n<meta name=\"twitter:creator\" content=\"@CanalULL\" \/>\n<meta name=\"twitter:site\" content=\"@CanalULL\" \/>\n<meta name=\"twitter:label1\" content=\"Escrito por\" \/>\n\t<meta name=\"twitter:data1\" content=\"gaprsa\" \/>\n\t<meta name=\"twitter:label2\" content=\"Tiempo de lectura\" \/>\n\t<meta name=\"twitter:data2\" content=\"3 minutos\" \/>\n<script type=\"application\/ld+json\" class=\"yoast-schema-graph\">{\"@context\":\"https:\/\/schema.org\",\"@graph\":[{\"@type\":\"WebPage\",\"@id\":\"https:\/\/www.ull.es\/portal\/noticias\/2016\/jose-maria-gonzalez-premio-nacional-de-ensayo-ha-participado-en-la-iv-conferencia-javier-muguerza-de-la-ull\/\",\"url\":\"https:\/\/www.ull.es\/portal\/noticias\/2016\/jose-maria-gonzalez-premio-nacional-de-ensayo-ha-participado-en-la-iv-conferencia-javier-muguerza-de-la-ull\/\",\"name\":\"Jos\u00e9 Mar\u00eda Gonz\u00e1lez, Premio Nacional de Ensayo, ha participado en la IV Conferencia Javier Muguerza de la ULL - ULL - Noticias\",\"isPartOf\":{\"@id\":\"https:\/\/www.ull.es\/portal\/noticias\/#website\"},\"datePublished\":\"2016-10-27T13:58:50+00:00\",\"dateModified\":\"2016-10-27T13:58:50+00:00\",\"author\":{\"@id\":\"https:\/\/www.ull.es\/portal\/noticias\/#\/schema\/person\/b2b1a89d43ffa609e591f7df8ef3e817\"},\"breadcrumb\":{\"@id\":\"https:\/\/www.ull.es\/portal\/noticias\/2016\/jose-maria-gonzalez-premio-nacional-de-ensayo-ha-participado-en-la-iv-conferencia-javier-muguerza-de-la-ull\/#breadcrumb\"},\"inLanguage\":\"es\",\"potentialAction\":[{\"@type\":\"ReadAction\",\"target\":[\"https:\/\/www.ull.es\/portal\/noticias\/2016\/jose-maria-gonzalez-premio-nacional-de-ensayo-ha-participado-en-la-iv-conferencia-javier-muguerza-de-la-ull\/\"]}]},{\"@type\":\"BreadcrumbList\",\"@id\":\"https:\/\/www.ull.es\/portal\/noticias\/2016\/jose-maria-gonzalez-premio-nacional-de-ensayo-ha-participado-en-la-iv-conferencia-javier-muguerza-de-la-ull\/#breadcrumb\",\"itemListElement\":[{\"@type\":\"ListItem\",\"position\":1,\"name\":\"Portada\",\"item\":\"https:\/\/www.ull.es\/portal\/noticias\/\"},{\"@type\":\"ListItem\",\"position\":2,\"name\":\"Jos\u00e9 Mar\u00eda Gonz\u00e1lez, Premio Nacional de Ensayo, ha participado en la IV Conferencia Javier Muguerza de la ULL\"}]},{\"@type\":\"WebSite\",\"@id\":\"https:\/\/www.ull.es\/portal\/noticias\/#website\",\"url\":\"https:\/\/www.ull.es\/portal\/noticias\/\",\"name\":\"ULL - Noticias\",\"description\":\"\",\"potentialAction\":[{\"@type\":\"SearchAction\",\"target\":{\"@type\":\"EntryPoint\",\"urlTemplate\":\"https:\/\/www.ull.es\/portal\/noticias\/?s={search_term_string}\"},\"query-input\":\"required name=search_term_string\"}],\"inLanguage\":\"es\"},{\"@type\":\"Person\",\"@id\":\"https:\/\/www.ull.es\/portal\/noticias\/#\/schema\/person\/b2b1a89d43ffa609e591f7df8ef3e817\",\"name\":\"gaprsa\",\"image\":{\"@type\":\"ImageObject\",\"inLanguage\":\"es\",\"@id\":\"https:\/\/www.ull.es\/portal\/noticias\/#\/schema\/person\/image\/\",\"url\":\"https:\/\/secure.gravatar.com\/avatar\/443820550921091458b4823867723b3d?s=96&d=mm&r=g\",\"contentUrl\":\"https:\/\/secure.gravatar.com\/avatar\/443820550921091458b4823867723b3d?s=96&d=mm&r=g\",\"caption\":\"gaprsa\"},\"url\":\"https:\/\/www.ull.es\/portal\/noticias\/author\/gaprsa\/\"}]}<\/script>\n<!-- \/ Yoast SEO plugin. -->","yoast_head_json":{"title":"Jos\u00e9 Mar\u00eda Gonz\u00e1lez, Premio Nacional de Ensayo, ha participado en la IV Conferencia Javier Muguerza de la ULL - ULL - Noticias","robots":{"index":"index","follow":"follow","max-snippet":"max-snippet:-1","max-image-preview":"max-image-preview:large","max-video-preview":"max-video-preview:-1"},"canonical":"https:\/\/www.ull.es\/portal\/noticias\/2016\/jose-maria-gonzalez-premio-nacional-de-ensayo-ha-participado-en-la-iv-conferencia-javier-muguerza-de-la-ull\/","og_locale":"es_ES","og_type":"article","og_title":"Jos\u00e9 Mar\u00eda Gonz\u00e1lez, Premio Nacional de Ensayo, ha participado en la IV Conferencia Javier Muguerza de la ULL - ULL - Noticias","og_description":"&nbsp; La Universidad de La Laguna ha acogido hoy, jueves 27 de octubre en el Sal\u00f3n de Grados de la...","og_url":"https:\/\/www.ull.es\/portal\/noticias\/2016\/jose-maria-gonzalez-premio-nacional-de-ensayo-ha-participado-en-la-iv-conferencia-javier-muguerza-de-la-ull\/","og_site_name":"ULL - Noticias","article_publisher":"https:\/\/www.facebook.com\/universidaddelalaguna\/","article_published_time":"2016-10-27T13:58:50+00:00","og_image":[{"width":1034,"height":708,"url":"https:\/\/www.ull.es\/portal\/noticias\/wp-content\/uploads\/sites\/13\/2016\/10\/conferencia-jose-maria-gonzalez-filosofia.jpg","type":"image\/jpeg"}],"author":"gaprsa","twitter_card":"summary_large_image","twitter_creator":"@CanalULL","twitter_site":"@CanalULL","twitter_misc":{"Escrito por":"gaprsa","Tiempo de lectura":"3 minutos"},"schema":{"@context":"https:\/\/schema.org","@graph":[{"@type":"WebPage","@id":"https:\/\/www.ull.es\/portal\/noticias\/2016\/jose-maria-gonzalez-premio-nacional-de-ensayo-ha-participado-en-la-iv-conferencia-javier-muguerza-de-la-ull\/","url":"https:\/\/www.ull.es\/portal\/noticias\/2016\/jose-maria-gonzalez-premio-nacional-de-ensayo-ha-participado-en-la-iv-conferencia-javier-muguerza-de-la-ull\/","name":"Jos\u00e9 Mar\u00eda Gonz\u00e1lez, Premio Nacional de Ensayo, ha participado en la IV Conferencia Javier Muguerza de la ULL - ULL - Noticias","isPartOf":{"@id":"https:\/\/www.ull.es\/portal\/noticias\/#website"},"datePublished":"2016-10-27T13:58:50+00:00","dateModified":"2016-10-27T13:58:50+00:00","author":{"@id":"https:\/\/www.ull.es\/portal\/noticias\/#\/schema\/person\/b2b1a89d43ffa609e591f7df8ef3e817"},"breadcrumb":{"@id":"https:\/\/www.ull.es\/portal\/noticias\/2016\/jose-maria-gonzalez-premio-nacional-de-ensayo-ha-participado-en-la-iv-conferencia-javier-muguerza-de-la-ull\/#breadcrumb"},"inLanguage":"es","potentialAction":[{"@type":"ReadAction","target":["https:\/\/www.ull.es\/portal\/noticias\/2016\/jose-maria-gonzalez-premio-nacional-de-ensayo-ha-participado-en-la-iv-conferencia-javier-muguerza-de-la-ull\/"]}]},{"@type":"BreadcrumbList","@id":"https:\/\/www.ull.es\/portal\/noticias\/2016\/jose-maria-gonzalez-premio-nacional-de-ensayo-ha-participado-en-la-iv-conferencia-javier-muguerza-de-la-ull\/#breadcrumb","itemListElement":[{"@type":"ListItem","position":1,"name":"Portada","item":"https:\/\/www.ull.es\/portal\/noticias\/"},{"@type":"ListItem","position":2,"name":"Jos\u00e9 Mar\u00eda Gonz\u00e1lez, Premio Nacional de Ensayo, ha participado en la IV Conferencia Javier Muguerza de la ULL"}]},{"@type":"WebSite","@id":"https:\/\/www.ull.es\/portal\/noticias\/#website","url":"https:\/\/www.ull.es\/portal\/noticias\/","name":"ULL - Noticias","description":"","potentialAction":[{"@type":"SearchAction","target":{"@type":"EntryPoint","urlTemplate":"https:\/\/www.ull.es\/portal\/noticias\/?s={search_term_string}"},"query-input":"required name=search_term_string"}],"inLanguage":"es"},{"@type":"Person","@id":"https:\/\/www.ull.es\/portal\/noticias\/#\/schema\/person\/b2b1a89d43ffa609e591f7df8ef3e817","name":"gaprsa","image":{"@type":"ImageObject","inLanguage":"es","@id":"https:\/\/www.ull.es\/portal\/noticias\/#\/schema\/person\/image\/","url":"https:\/\/secure.gravatar.com\/avatar\/443820550921091458b4823867723b3d?s=96&d=mm&r=g","contentUrl":"https:\/\/secure.gravatar.com\/avatar\/443820550921091458b4823867723b3d?s=96&d=mm&r=g","caption":"gaprsa"},"url":"https:\/\/www.ull.es\/portal\/noticias\/author\/gaprsa\/"}]}},"primary_category":null,"featured_image_thumbnail_url":"https:\/\/www.ull.es\/portal\/noticias\/wp-content\/uploads\/sites\/13\/2016\/10\/conferencia-jose-maria-gonzalez-filosofia-300x205.jpg","_links":{"self":[{"href":"https:\/\/www.ull.es\/portal\/noticias\/wp-json\/wp\/v2\/posts\/29085"}],"collection":[{"href":"https:\/\/www.ull.es\/portal\/noticias\/wp-json\/wp\/v2\/posts"}],"about":[{"href":"https:\/\/www.ull.es\/portal\/noticias\/wp-json\/wp\/v2\/types\/post"}],"author":[{"embeddable":true,"href":"https:\/\/www.ull.es\/portal\/noticias\/wp-json\/wp\/v2\/users\/23"}],"replies":[{"embeddable":true,"href":"https:\/\/www.ull.es\/portal\/noticias\/wp-json\/wp\/v2\/comments?post=29085"}],"version-history":[{"count":0,"href":"https:\/\/www.ull.es\/portal\/noticias\/wp-json\/wp\/v2\/posts\/29085\/revisions"}],"wp:featuredmedia":[{"embeddable":true,"href":"https:\/\/www.ull.es\/portal\/noticias\/wp-json\/wp\/v2\/media\/29087"}],"wp:attachment":[{"href":"https:\/\/www.ull.es\/portal\/noticias\/wp-json\/wp\/v2\/media?parent=29085"}],"wp:term":[{"taxonomy":"category","embeddable":true,"href":"https:\/\/www.ull.es\/portal\/noticias\/wp-json\/wp\/v2\/categories?post=29085"},{"taxonomy":"post_tag","embeddable":true,"href":"https:\/\/www.ull.es\/portal\/noticias\/wp-json\/wp\/v2\/tags?post=29085"}],"curies":[{"name":"wp","href":"https:\/\/api.w.org\/{rel}","templated":true}]}}