{"id":29133,"date":"2016-11-02T15:48:48","date_gmt":"2016-11-02T15:48:48","guid":{"rendered":"http:\/\/ddigital.webs.ull.es\/?p=29133"},"modified":"2016-11-02T15:48:48","modified_gmt":"2016-11-02T15:48:48","slug":"la-coral-kodaly-ofrecera-en-el-paraninfo-de-la-ull-su-unico-concierto-en-tenerife","status":"publish","type":"post","link":"https:\/\/www.ull.es\/portal\/noticias\/2016\/la-coral-kodaly-ofrecera-en-el-paraninfo-de-la-ull-su-unico-concierto-en-tenerife\/","title":{"rendered":"La Coral Kod\u00e1ly ofrecer\u00e1 en el Paraninfo de la ULL su \u00fanico concierto en Tenerife"},"content":{"rendered":"<p>El Paraninfo de la Universidad de La Laguna acoger\u00e1 el pr\u00f3ximo jueves 3 de noviembre a las 20:30 horas un concierto de la Coral Kod\u00e1ly, que dirige Jos\u00e9 Bermejo. La coral realizar\u00e1, en su \u00fanica actuaci\u00f3n en Tenerife, un viaje alrededor del mundo a trav\u00e9s de diferentes compositores.<\/p>\n<p>El acceso al concierto ser\u00e1 gratuito para los estudiantes de la ULL que acrediten su relaci\u00f3n con la instituci\u00f3n acad\u00e9mica mediante la tarjeta universitaria o la matr\u00edcula. Para el p\u00fablico general el precio de la entrada es de cinco euros y podr\u00e1 adquirirse en el Vicerrectorado de Relaciones con la Sociedad (C\/Viana, 50. La Laguna) en horario de 09:00 a 14:00 horas; en la cafeter\u00eda del Edificio Central de la ULL de 08:00 a 19:00 horas, en la plataforma <a href=\"http:\/\/www.tomaticket.es\/paraninfo\" target=\"_blank\" rel=\"noopener\">www.tomaticket.es\/paraninfo<\/a>; en la tienda MrSnack de La Laguna y en la taquilla del Paraninfo, el mismo d\u00eda de la funci\u00f3n a partir de las 19:30 horas.<\/p>\n<p>La formaci\u00f3n abrir\u00e1 el recital con la pieza \u201cEsti dal\u201d del m\u00fasico Zolt\u00e1n Kod\u00e1ly, e interpretar\u00e1 temas de Claudio Monteverdi, Albert Alcaraz, Eriks Esenvalds, Charles Chaplin, Astor Piazzolla y Antonio Carlos Jobim, entre otros.<\/p>\n<p>La Coral Kod\u00e1ly se crea en Murcia en 1982 y adopta el nombre del compositor h\u00fangaro. Sus ideas musicales animaron la posibilidad de crear una escuela de M\u00fasica en Molina de Segura y a la que el coro se encuentra estrechamente ligado. Desde su fundaci\u00f3n varias han sido las l\u00edneas de trabajo de esta coral. Inicialmente, el repertorio del Renacimiento, la mejor escuela para coralistas noveles, preponderaba en sus programas; pronto el coro se siente atra\u00eddo por la m\u00fasica contempor\u00e1nea, g\u00e9nero al que ha dedicado gran parte de sus horas de trabajo. Tambi\u00e9n ha tenido m\u00faltiples experiencias de m\u00fasica sinf\u00f3nico-coral en colaboraci\u00f3n con distintas orquestas interpretando obras como el \u201cRequiem\u201d de Mozart, el \u201cMagnificat\u201d de J.S. Bach, \u201cCarmina Burana\u201d de C. Orff,\u00a0 o \u201cFantas\u00eda Coral\u201d de Beethoven.<\/p>\n","protected":false},"excerpt":{"rendered":"<p>El Paraninfo de la Universidad de La Laguna acoger\u00e1 el pr\u00f3ximo jueves 3 de noviembre a las 20:30 horas un&#8230;<\/p>\n","protected":false},"author":23,"featured_media":29134,"comment_status":"open","ping_status":"open","sticky":false,"template":"","format":"standard","meta":{"inline_featured_image":false,"footnotes":""},"categories":[344,345,1],"tags":[2047,2527,2560,2614],"acf":[],"yoast_head":"<!-- This site is optimized with the Yoast SEO plugin v21.3 - https:\/\/yoast.com\/wordpress\/plugins\/seo\/ -->\n<title>La Coral Kod\u00e1ly ofrecer\u00e1 en el Paraninfo de la ULL su \u00fanico concierto en Tenerife - ULL - Noticias<\/title>\n<meta name=\"robots\" content=\"index, follow, max-snippet:-1, max-image-preview:large, max-video-preview:-1\" \/>\n<link rel=\"canonical\" href=\"https:\/\/www.ull.es\/portal\/noticias\/2016\/la-coral-kodaly-ofrecera-en-el-paraninfo-de-la-ull-su-unico-concierto-en-tenerife\/\" \/>\n<meta property=\"og:locale\" content=\"es_ES\" \/>\n<meta property=\"og:type\" content=\"article\" \/>\n<meta property=\"og:title\" content=\"La Coral Kod\u00e1ly ofrecer\u00e1 en el Paraninfo de la ULL su \u00fanico concierto en Tenerife - ULL - Noticias\" \/>\n<meta property=\"og:description\" content=\"El Paraninfo de la Universidad de La Laguna acoger\u00e1 el pr\u00f3ximo jueves 3 de noviembre a las 20:30 horas un...\" \/>\n<meta property=\"og:url\" content=\"https:\/\/www.ull.es\/portal\/noticias\/2016\/la-coral-kodaly-ofrecera-en-el-paraninfo-de-la-ull-su-unico-concierto-en-tenerife\/\" \/>\n<meta property=\"og:site_name\" content=\"ULL - Noticias\" \/>\n<meta property=\"article:publisher\" content=\"https:\/\/www.facebook.com\/universidaddelalaguna\/\" \/>\n<meta property=\"article:published_time\" content=\"2016-11-02T15:48:48+00:00\" \/>\n<meta property=\"og:image\" content=\"https:\/\/www.ull.es\/portal\/noticias\/wp-content\/uploads\/sites\/13\/2016\/11\/kodaly.jpg\" \/>\n\t<meta property=\"og:image:width\" content=\"718\" \/>\n\t<meta property=\"og:image:height\" content=\"1024\" \/>\n\t<meta property=\"og:image:type\" content=\"image\/jpeg\" \/>\n<meta name=\"author\" content=\"gaprsa\" \/>\n<meta name=\"twitter:card\" content=\"summary_large_image\" \/>\n<meta name=\"twitter:creator\" content=\"@CanalULL\" \/>\n<meta name=\"twitter:site\" content=\"@CanalULL\" \/>\n<meta name=\"twitter:label1\" content=\"Escrito por\" \/>\n\t<meta name=\"twitter:data1\" content=\"gaprsa\" \/>\n\t<meta name=\"twitter:label2\" content=\"Tiempo de lectura\" \/>\n\t<meta name=\"twitter:data2\" content=\"2 minutos\" \/>\n<script type=\"application\/ld+json\" class=\"yoast-schema-graph\">{\"@context\":\"https:\/\/schema.org\",\"@graph\":[{\"@type\":\"WebPage\",\"@id\":\"https:\/\/www.ull.es\/portal\/noticias\/2016\/la-coral-kodaly-ofrecera-en-el-paraninfo-de-la-ull-su-unico-concierto-en-tenerife\/\",\"url\":\"https:\/\/www.ull.es\/portal\/noticias\/2016\/la-coral-kodaly-ofrecera-en-el-paraninfo-de-la-ull-su-unico-concierto-en-tenerife\/\",\"name\":\"La Coral Kod\u00e1ly ofrecer\u00e1 en el Paraninfo de la ULL su \u00fanico concierto en Tenerife - ULL - Noticias\",\"isPartOf\":{\"@id\":\"https:\/\/www.ull.es\/portal\/noticias\/#website\"},\"datePublished\":\"2016-11-02T15:48:48+00:00\",\"dateModified\":\"2016-11-02T15:48:48+00:00\",\"author\":{\"@id\":\"https:\/\/www.ull.es\/portal\/noticias\/#\/schema\/person\/b2b1a89d43ffa609e591f7df8ef3e817\"},\"breadcrumb\":{\"@id\":\"https:\/\/www.ull.es\/portal\/noticias\/2016\/la-coral-kodaly-ofrecera-en-el-paraninfo-de-la-ull-su-unico-concierto-en-tenerife\/#breadcrumb\"},\"inLanguage\":\"es\",\"potentialAction\":[{\"@type\":\"ReadAction\",\"target\":[\"https:\/\/www.ull.es\/portal\/noticias\/2016\/la-coral-kodaly-ofrecera-en-el-paraninfo-de-la-ull-su-unico-concierto-en-tenerife\/\"]}]},{\"@type\":\"BreadcrumbList\",\"@id\":\"https:\/\/www.ull.es\/portal\/noticias\/2016\/la-coral-kodaly-ofrecera-en-el-paraninfo-de-la-ull-su-unico-concierto-en-tenerife\/#breadcrumb\",\"itemListElement\":[{\"@type\":\"ListItem\",\"position\":1,\"name\":\"Portada\",\"item\":\"https:\/\/www.ull.es\/portal\/noticias\/\"},{\"@type\":\"ListItem\",\"position\":2,\"name\":\"La Coral Kod\u00e1ly ofrecer\u00e1 en el Paraninfo de la ULL su \u00fanico concierto en Tenerife\"}]},{\"@type\":\"WebSite\",\"@id\":\"https:\/\/www.ull.es\/portal\/noticias\/#website\",\"url\":\"https:\/\/www.ull.es\/portal\/noticias\/\",\"name\":\"ULL - Noticias\",\"description\":\"\",\"potentialAction\":[{\"@type\":\"SearchAction\",\"target\":{\"@type\":\"EntryPoint\",\"urlTemplate\":\"https:\/\/www.ull.es\/portal\/noticias\/?s={search_term_string}\"},\"query-input\":\"required name=search_term_string\"}],\"inLanguage\":\"es\"},{\"@type\":\"Person\",\"@id\":\"https:\/\/www.ull.es\/portal\/noticias\/#\/schema\/person\/b2b1a89d43ffa609e591f7df8ef3e817\",\"name\":\"gaprsa\",\"image\":{\"@type\":\"ImageObject\",\"inLanguage\":\"es\",\"@id\":\"https:\/\/www.ull.es\/portal\/noticias\/#\/schema\/person\/image\/\",\"url\":\"https:\/\/secure.gravatar.com\/avatar\/443820550921091458b4823867723b3d?s=96&d=mm&r=g\",\"contentUrl\":\"https:\/\/secure.gravatar.com\/avatar\/443820550921091458b4823867723b3d?s=96&d=mm&r=g\",\"caption\":\"gaprsa\"},\"url\":\"https:\/\/www.ull.es\/portal\/noticias\/author\/gaprsa\/\"}]}<\/script>\n<!-- \/ Yoast SEO plugin. -->","yoast_head_json":{"title":"La Coral Kod\u00e1ly ofrecer\u00e1 en el Paraninfo de la ULL su \u00fanico concierto en Tenerife - ULL - Noticias","robots":{"index":"index","follow":"follow","max-snippet":"max-snippet:-1","max-image-preview":"max-image-preview:large","max-video-preview":"max-video-preview:-1"},"canonical":"https:\/\/www.ull.es\/portal\/noticias\/2016\/la-coral-kodaly-ofrecera-en-el-paraninfo-de-la-ull-su-unico-concierto-en-tenerife\/","og_locale":"es_ES","og_type":"article","og_title":"La Coral Kod\u00e1ly ofrecer\u00e1 en el Paraninfo de la ULL su \u00fanico concierto en Tenerife - ULL - Noticias","og_description":"El Paraninfo de la Universidad de La Laguna acoger\u00e1 el pr\u00f3ximo jueves 3 de noviembre a las 20:30 horas un...","og_url":"https:\/\/www.ull.es\/portal\/noticias\/2016\/la-coral-kodaly-ofrecera-en-el-paraninfo-de-la-ull-su-unico-concierto-en-tenerife\/","og_site_name":"ULL - Noticias","article_publisher":"https:\/\/www.facebook.com\/universidaddelalaguna\/","article_published_time":"2016-11-02T15:48:48+00:00","og_image":[{"width":718,"height":1024,"url":"https:\/\/www.ull.es\/portal\/noticias\/wp-content\/uploads\/sites\/13\/2016\/11\/kodaly.jpg","type":"image\/jpeg"}],"author":"gaprsa","twitter_card":"summary_large_image","twitter_creator":"@CanalULL","twitter_site":"@CanalULL","twitter_misc":{"Escrito por":"gaprsa","Tiempo de lectura":"2 minutos"},"schema":{"@context":"https:\/\/schema.org","@graph":[{"@type":"WebPage","@id":"https:\/\/www.ull.es\/portal\/noticias\/2016\/la-coral-kodaly-ofrecera-en-el-paraninfo-de-la-ull-su-unico-concierto-en-tenerife\/","url":"https:\/\/www.ull.es\/portal\/noticias\/2016\/la-coral-kodaly-ofrecera-en-el-paraninfo-de-la-ull-su-unico-concierto-en-tenerife\/","name":"La Coral Kod\u00e1ly ofrecer\u00e1 en el Paraninfo de la ULL su \u00fanico concierto en Tenerife - ULL - Noticias","isPartOf":{"@id":"https:\/\/www.ull.es\/portal\/noticias\/#website"},"datePublished":"2016-11-02T15:48:48+00:00","dateModified":"2016-11-02T15:48:48+00:00","author":{"@id":"https:\/\/www.ull.es\/portal\/noticias\/#\/schema\/person\/b2b1a89d43ffa609e591f7df8ef3e817"},"breadcrumb":{"@id":"https:\/\/www.ull.es\/portal\/noticias\/2016\/la-coral-kodaly-ofrecera-en-el-paraninfo-de-la-ull-su-unico-concierto-en-tenerife\/#breadcrumb"},"inLanguage":"es","potentialAction":[{"@type":"ReadAction","target":["https:\/\/www.ull.es\/portal\/noticias\/2016\/la-coral-kodaly-ofrecera-en-el-paraninfo-de-la-ull-su-unico-concierto-en-tenerife\/"]}]},{"@type":"BreadcrumbList","@id":"https:\/\/www.ull.es\/portal\/noticias\/2016\/la-coral-kodaly-ofrecera-en-el-paraninfo-de-la-ull-su-unico-concierto-en-tenerife\/#breadcrumb","itemListElement":[{"@type":"ListItem","position":1,"name":"Portada","item":"https:\/\/www.ull.es\/portal\/noticias\/"},{"@type":"ListItem","position":2,"name":"La Coral Kod\u00e1ly ofrecer\u00e1 en el Paraninfo de la ULL su \u00fanico concierto en Tenerife"}]},{"@type":"WebSite","@id":"https:\/\/www.ull.es\/portal\/noticias\/#website","url":"https:\/\/www.ull.es\/portal\/noticias\/","name":"ULL - Noticias","description":"","potentialAction":[{"@type":"SearchAction","target":{"@type":"EntryPoint","urlTemplate":"https:\/\/www.ull.es\/portal\/noticias\/?s={search_term_string}"},"query-input":"required name=search_term_string"}],"inLanguage":"es"},{"@type":"Person","@id":"https:\/\/www.ull.es\/portal\/noticias\/#\/schema\/person\/b2b1a89d43ffa609e591f7df8ef3e817","name":"gaprsa","image":{"@type":"ImageObject","inLanguage":"es","@id":"https:\/\/www.ull.es\/portal\/noticias\/#\/schema\/person\/image\/","url":"https:\/\/secure.gravatar.com\/avatar\/443820550921091458b4823867723b3d?s=96&d=mm&r=g","contentUrl":"https:\/\/secure.gravatar.com\/avatar\/443820550921091458b4823867723b3d?s=96&d=mm&r=g","caption":"gaprsa"},"url":"https:\/\/www.ull.es\/portal\/noticias\/author\/gaprsa\/"}]}},"primary_category":null,"featured_image_thumbnail_url":"https:\/\/www.ull.es\/portal\/noticias\/wp-content\/uploads\/sites\/13\/2016\/11\/kodaly-210x300.jpg","_links":{"self":[{"href":"https:\/\/www.ull.es\/portal\/noticias\/wp-json\/wp\/v2\/posts\/29133"}],"collection":[{"href":"https:\/\/www.ull.es\/portal\/noticias\/wp-json\/wp\/v2\/posts"}],"about":[{"href":"https:\/\/www.ull.es\/portal\/noticias\/wp-json\/wp\/v2\/types\/post"}],"author":[{"embeddable":true,"href":"https:\/\/www.ull.es\/portal\/noticias\/wp-json\/wp\/v2\/users\/23"}],"replies":[{"embeddable":true,"href":"https:\/\/www.ull.es\/portal\/noticias\/wp-json\/wp\/v2\/comments?post=29133"}],"version-history":[{"count":0,"href":"https:\/\/www.ull.es\/portal\/noticias\/wp-json\/wp\/v2\/posts\/29133\/revisions"}],"wp:featuredmedia":[{"embeddable":true,"href":"https:\/\/www.ull.es\/portal\/noticias\/wp-json\/wp\/v2\/media\/29134"}],"wp:attachment":[{"href":"https:\/\/www.ull.es\/portal\/noticias\/wp-json\/wp\/v2\/media?parent=29133"}],"wp:term":[{"taxonomy":"category","embeddable":true,"href":"https:\/\/www.ull.es\/portal\/noticias\/wp-json\/wp\/v2\/categories?post=29133"},{"taxonomy":"post_tag","embeddable":true,"href":"https:\/\/www.ull.es\/portal\/noticias\/wp-json\/wp\/v2\/tags?post=29133"}],"curies":[{"name":"wp","href":"https:\/\/api.w.org\/{rel}","templated":true}]}}