{"id":29232,"date":"2016-11-10T12:39:10","date_gmt":"2016-11-10T12:39:10","guid":{"rendered":"http:\/\/ddigital.webs.ull.es\/?p=29232"},"modified":"2016-11-10T12:39:10","modified_gmt":"2016-11-10T12:39:10","slug":"un-grupo-de-expertos-analiza-en-la-ull-cual-es-el-papel-de-las-universidades-en-la-sociedad-actual","status":"publish","type":"post","link":"https:\/\/www.ull.es\/portal\/noticias\/2016\/un-grupo-de-expertos-analiza-en-la-ull-cual-es-el-papel-de-las-universidades-en-la-sociedad-actual\/","title":{"rendered":"Un grupo de expertos analiza en la ULL cu\u00e1l es el papel de las universidades en la sociedad actual"},"content":{"rendered":"<p>La Universidad de La Laguna ha organizado, a trav\u00e9s de la C\u00e1tedra Cultural Pedro Garc\u00eda Cabrera, el encuentro \u201cLa Universidad a Debate\u201d, que se celebrar\u00e1 el pr\u00f3ximo lunes 14 de noviembre a partir de las 09:00 horas en el Aula \u201cGumersindo Trujillo\u201d (Aula Magna)\u00a0 de la Facultad de Derecho. El objetivo de esta cita es identificar los objetivos que las universidades p\u00fablicas deben plantearse los pr\u00f3ximos a\u00f1os, los problemas que deben afrontar sin dilaci\u00f3n, y los procesos a trav\u00e9s de los cuales pueden participar en la b\u00fasqueda de soluciones.<\/p>\n<p>Para los organizadores del encuentro, en el contexto actual es necesaria la reflexi\u00f3n sobre el papel de las universidades en las sociedades actuales, aceleradas y globalizadas, sobre su responsabilidad en la formaci\u00f3n de una ciudadan\u00eda cr\u00edtica y comprometida con los valores progresistas, sobre las reformas necesarias en cuanto a su organizaci\u00f3n y procedimientos de gobierno, que sean capaces de promover una docencia y una investigaci\u00f3n de calidad en todos los \u00e1mbitos del saber, y que respondan a su papel en la consecuci\u00f3n del bien com\u00fan.<\/p>\n<p>La jornada comenzar\u00e1 con un acto de apertura tras el cual Rafael Alonso Sol\u00eds e Inmaculada Perdomo, subdirector y directora de la c\u00e1tedra organizadora, respectivamente, introducir\u00e1n la jornada que correr\u00e1 a cargo de. Tras varias sesiones en las que se tocar\u00e1n diversidad de asuntos relacionados con el mundo universitario, se dar\u00e1 paso a un debate en el que intervendr\u00e1n representantes de diferentes universidades espa\u00f1olas y contar\u00e1 con la moderaci\u00f3n de dos personas con reconocida experiencia en la gesti\u00f3n universitaria al haber ocupado sendos rectorados: Marisa Tejedor, ex-rectora de la ULL, y Jos\u00e9 Regidor, ex-rector de la ULPGC.<\/p>\n<p>La C\u00e1tedra Cultural Pedro Garc\u00eda Cabrera de la ULL prosigue as\u00ed con sus actividades anuales tratando de abordar asuntos de inter\u00e9s cultural y cient\u00edfico y, al mismo tiempo y de abrir espacios de debate sobre los grandes asuntos de inter\u00e9s actual.<\/p>\n<p><strong>Programa<\/strong><\/p>\n<p><strong>9:00. <\/strong>Inauguraci\u00f3n de la Jornada. Francisco Javier Garc\u00eda, vicerrector de Relaciones con la Sociedad.<\/p>\n<p><strong>9:15. <\/strong>Introducci\u00f3n al debate. Intervendr\u00e1n: Rafael Alonso Sol\u00eds, catedr\u00e1tico de Fisiolog\u00eda, director del Instituto de Investigaciones Biom\u00e9dicas y subdirector de la C\u00e1tedra Pedro Garc\u00eda Cabrera; y la profesora titular de L\u00f3gica y Filosof\u00eda de la Ciencia, directora de la C\u00e1tedra Pedro Garc\u00eda Cabrera y del Instituto Universitario de Estudios de las Mujeres, Inmaculada Perdomo.<\/p>\n<p><strong>\u00a0<\/strong><strong>9:30. <\/strong>Mesa Redonda. Sesi\u00f3n I: Autonom\u00eda, organizaci\u00f3n, financiaci\u00f3n y planificaci\u00f3n. Modera: Jos\u00e9 Regidor Garc\u00eda, ex rector de la Universidad de Las Palmas de Gran Canaria.<\/p>\n<p><strong>11:30-12.00. <\/strong>Descanso<\/p>\n<p><strong>\u00a0<\/strong><strong>12:00 <\/strong>Mesa redonda.\u00a0Sesi\u00f3n II: Reformas internas, relaciones con la Sociedad, evaluaci\u00f3n, investigaci\u00f3n y compromiso. Modera:\u00a0Mar\u00eda Luisa Tejedor Salguero, ex rectora de la Universidad de La Laguna.<\/p>\n<p><strong>\u00a0<\/strong><strong>14:00. <\/strong>Debate final. Participan:<strong>\u00a0<\/strong><\/p>\n<ul>\n<li>Mar\u00eda Jos\u00e9 Alonso Fern\u00e1ndez, catedr\u00e1tica de Farmacia y Tecnolog\u00eda Farmac\u00e9utica, Centro de Investigaci\u00f3n en Medicina Molecular y Enfermedades Cr\u00f3nicas (Universidad de Santiago de Compostela).<\/li>\n<li>Daniel Alonso Ram\u00edrez, catedr\u00e1tico de F\u00edsica Aplicada, Instituto Universitario de Estudios Avanzados en F\u00edsica At\u00f3mica, Molecular y Fot\u00f3nica (Universidad de La Laguna).<\/li>\n<li>Fernando Broncano Rodr\u00edguez, catedr\u00e1tico de L\u00f3gica y Filosof\u00eda de la Ciencia (Universidad Carlos III de Madrid).<\/li>\n<li>Aurelia Modrego Rico, profesora titular de Econom\u00eda Aplicada (Universidad Carlos III de Madrid).<\/li>\n<li>Gin\u00e9s Salido Ruiz, catedr\u00e1tico de Fisiolog\u00eda (Universidad de Extremadura).<\/li>\n<li>Alicia Yllera Fern\u00e1ndez, catedr\u00e1tica de Filolog\u00eda Francesa (Universidad Nacional de Educaci\u00f3n a Distancia).<\/li>\n<\/ul>\n<p><strong>\u00a0<\/strong><strong>Moderadores:<\/strong><\/p>\n<ul>\n<li>Jos\u00e9 Regidor Garc\u00eda, catedr\u00e1tico de Biolog\u00eda Celular (Universidad de Las Palmas de Gran Canaria).<\/li>\n<li>Mar\u00eda Luisa Tejedor Salguero, catedr\u00e1tica de Edafolog\u00eda (Universidad de La Laguna).<\/li>\n<\/ul>\n<p>&nbsp;<\/p>\n","protected":false},"excerpt":{"rendered":"<p>La Universidad de La Laguna ha organizado, a trav\u00e9s de la C\u00e1tedra Cultural Pedro Garc\u00eda Cabrera, el encuentro \u201cLa Universidad&#8230;<\/p>\n","protected":false},"author":23,"featured_media":29233,"comment_status":"open","ping_status":"open","sticky":false,"template":"","format":"standard","meta":{"inline_featured_image":false,"footnotes":""},"categories":[345,348,1],"tags":[761,1502,1732,2210,2527,2560],"acf":[],"yoast_head":"<!-- This site is optimized with the Yoast SEO plugin v21.3 - https:\/\/yoast.com\/wordpress\/plugins\/seo\/ -->\n<title>Un grupo de expertos analiza en la ULL cu\u00e1l es el papel de las universidades en la sociedad actual - ULL - Noticias<\/title>\n<meta name=\"robots\" content=\"index, follow, max-snippet:-1, max-image-preview:large, max-video-preview:-1\" \/>\n<link rel=\"canonical\" href=\"https:\/\/www.ull.es\/portal\/noticias\/2016\/un-grupo-de-expertos-analiza-en-la-ull-cual-es-el-papel-de-las-universidades-en-la-sociedad-actual\/\" \/>\n<meta property=\"og:locale\" content=\"es_ES\" \/>\n<meta property=\"og:type\" content=\"article\" \/>\n<meta property=\"og:title\" content=\"Un grupo de expertos analiza en la ULL cu\u00e1l es el papel de las universidades en la sociedad actual - ULL - Noticias\" \/>\n<meta property=\"og:description\" content=\"La Universidad de La Laguna ha organizado, a trav\u00e9s de la C\u00e1tedra Cultural Pedro Garc\u00eda Cabrera, el encuentro \u201cLa Universidad...\" \/>\n<meta property=\"og:url\" content=\"https:\/\/www.ull.es\/portal\/noticias\/2016\/un-grupo-de-expertos-analiza-en-la-ull-cual-es-el-papel-de-las-universidades-en-la-sociedad-actual\/\" \/>\n<meta property=\"og:site_name\" content=\"ULL - Noticias\" \/>\n<meta property=\"article:publisher\" content=\"https:\/\/www.facebook.com\/universidaddelalaguna\/\" \/>\n<meta property=\"article:published_time\" content=\"2016-11-10T12:39:10+00:00\" \/>\n<meta property=\"og:image\" content=\"https:\/\/www.ull.es\/portal\/noticias\/wp-content\/uploads\/sites\/13\/2016\/11\/slideshow-inicio-466-1.jpg\" \/>\n\t<meta property=\"og:image:width\" content=\"635\" \/>\n\t<meta property=\"og:image:height\" content=\"190\" \/>\n\t<meta property=\"og:image:type\" content=\"image\/jpeg\" \/>\n<meta name=\"author\" content=\"gaprsa\" \/>\n<meta name=\"twitter:card\" content=\"summary_large_image\" \/>\n<meta name=\"twitter:creator\" content=\"@CanalULL\" \/>\n<meta name=\"twitter:site\" content=\"@CanalULL\" \/>\n<meta name=\"twitter:label1\" content=\"Escrito por\" \/>\n\t<meta name=\"twitter:data1\" content=\"gaprsa\" \/>\n\t<meta name=\"twitter:label2\" content=\"Tiempo de lectura\" \/>\n\t<meta name=\"twitter:data2\" content=\"3 minutos\" \/>\n<script type=\"application\/ld+json\" class=\"yoast-schema-graph\">{\"@context\":\"https:\/\/schema.org\",\"@graph\":[{\"@type\":\"WebPage\",\"@id\":\"https:\/\/www.ull.es\/portal\/noticias\/2016\/un-grupo-de-expertos-analiza-en-la-ull-cual-es-el-papel-de-las-universidades-en-la-sociedad-actual\/\",\"url\":\"https:\/\/www.ull.es\/portal\/noticias\/2016\/un-grupo-de-expertos-analiza-en-la-ull-cual-es-el-papel-de-las-universidades-en-la-sociedad-actual\/\",\"name\":\"Un grupo de expertos analiza en la ULL cu\u00e1l es el papel de las universidades en la sociedad actual - ULL - Noticias\",\"isPartOf\":{\"@id\":\"https:\/\/www.ull.es\/portal\/noticias\/#website\"},\"datePublished\":\"2016-11-10T12:39:10+00:00\",\"dateModified\":\"2016-11-10T12:39:10+00:00\",\"author\":{\"@id\":\"https:\/\/www.ull.es\/portal\/noticias\/#\/schema\/person\/b2b1a89d43ffa609e591f7df8ef3e817\"},\"breadcrumb\":{\"@id\":\"https:\/\/www.ull.es\/portal\/noticias\/2016\/un-grupo-de-expertos-analiza-en-la-ull-cual-es-el-papel-de-las-universidades-en-la-sociedad-actual\/#breadcrumb\"},\"inLanguage\":\"es\",\"potentialAction\":[{\"@type\":\"ReadAction\",\"target\":[\"https:\/\/www.ull.es\/portal\/noticias\/2016\/un-grupo-de-expertos-analiza-en-la-ull-cual-es-el-papel-de-las-universidades-en-la-sociedad-actual\/\"]}]},{\"@type\":\"BreadcrumbList\",\"@id\":\"https:\/\/www.ull.es\/portal\/noticias\/2016\/un-grupo-de-expertos-analiza-en-la-ull-cual-es-el-papel-de-las-universidades-en-la-sociedad-actual\/#breadcrumb\",\"itemListElement\":[{\"@type\":\"ListItem\",\"position\":1,\"name\":\"Portada\",\"item\":\"https:\/\/www.ull.es\/portal\/noticias\/\"},{\"@type\":\"ListItem\",\"position\":2,\"name\":\"Un grupo de expertos analiza en la ULL cu\u00e1l es el papel de las universidades en la sociedad actual\"}]},{\"@type\":\"WebSite\",\"@id\":\"https:\/\/www.ull.es\/portal\/noticias\/#website\",\"url\":\"https:\/\/www.ull.es\/portal\/noticias\/\",\"name\":\"ULL - Noticias\",\"description\":\"\",\"potentialAction\":[{\"@type\":\"SearchAction\",\"target\":{\"@type\":\"EntryPoint\",\"urlTemplate\":\"https:\/\/www.ull.es\/portal\/noticias\/?s={search_term_string}\"},\"query-input\":\"required name=search_term_string\"}],\"inLanguage\":\"es\"},{\"@type\":\"Person\",\"@id\":\"https:\/\/www.ull.es\/portal\/noticias\/#\/schema\/person\/b2b1a89d43ffa609e591f7df8ef3e817\",\"name\":\"gaprsa\",\"image\":{\"@type\":\"ImageObject\",\"inLanguage\":\"es\",\"@id\":\"https:\/\/www.ull.es\/portal\/noticias\/#\/schema\/person\/image\/\",\"url\":\"https:\/\/secure.gravatar.com\/avatar\/443820550921091458b4823867723b3d?s=96&d=mm&r=g\",\"contentUrl\":\"https:\/\/secure.gravatar.com\/avatar\/443820550921091458b4823867723b3d?s=96&d=mm&r=g\",\"caption\":\"gaprsa\"},\"url\":\"https:\/\/www.ull.es\/portal\/noticias\/author\/gaprsa\/\"}]}<\/script>\n<!-- \/ Yoast SEO plugin. -->","yoast_head_json":{"title":"Un grupo de expertos analiza en la ULL cu\u00e1l es el papel de las universidades en la sociedad actual - ULL - Noticias","robots":{"index":"index","follow":"follow","max-snippet":"max-snippet:-1","max-image-preview":"max-image-preview:large","max-video-preview":"max-video-preview:-1"},"canonical":"https:\/\/www.ull.es\/portal\/noticias\/2016\/un-grupo-de-expertos-analiza-en-la-ull-cual-es-el-papel-de-las-universidades-en-la-sociedad-actual\/","og_locale":"es_ES","og_type":"article","og_title":"Un grupo de expertos analiza en la ULL cu\u00e1l es el papel de las universidades en la sociedad actual - ULL - Noticias","og_description":"La Universidad de La Laguna ha organizado, a trav\u00e9s de la C\u00e1tedra Cultural Pedro Garc\u00eda Cabrera, el encuentro \u201cLa Universidad...","og_url":"https:\/\/www.ull.es\/portal\/noticias\/2016\/un-grupo-de-expertos-analiza-en-la-ull-cual-es-el-papel-de-las-universidades-en-la-sociedad-actual\/","og_site_name":"ULL - Noticias","article_publisher":"https:\/\/www.facebook.com\/universidaddelalaguna\/","article_published_time":"2016-11-10T12:39:10+00:00","og_image":[{"width":635,"height":190,"url":"https:\/\/www.ull.es\/portal\/noticias\/wp-content\/uploads\/sites\/13\/2016\/11\/slideshow-inicio-466-1.jpg","type":"image\/jpeg"}],"author":"gaprsa","twitter_card":"summary_large_image","twitter_creator":"@CanalULL","twitter_site":"@CanalULL","twitter_misc":{"Escrito por":"gaprsa","Tiempo de lectura":"3 minutos"},"schema":{"@context":"https:\/\/schema.org","@graph":[{"@type":"WebPage","@id":"https:\/\/www.ull.es\/portal\/noticias\/2016\/un-grupo-de-expertos-analiza-en-la-ull-cual-es-el-papel-de-las-universidades-en-la-sociedad-actual\/","url":"https:\/\/www.ull.es\/portal\/noticias\/2016\/un-grupo-de-expertos-analiza-en-la-ull-cual-es-el-papel-de-las-universidades-en-la-sociedad-actual\/","name":"Un grupo de expertos analiza en la ULL cu\u00e1l es el papel de las universidades en la sociedad actual - ULL - Noticias","isPartOf":{"@id":"https:\/\/www.ull.es\/portal\/noticias\/#website"},"datePublished":"2016-11-10T12:39:10+00:00","dateModified":"2016-11-10T12:39:10+00:00","author":{"@id":"https:\/\/www.ull.es\/portal\/noticias\/#\/schema\/person\/b2b1a89d43ffa609e591f7df8ef3e817"},"breadcrumb":{"@id":"https:\/\/www.ull.es\/portal\/noticias\/2016\/un-grupo-de-expertos-analiza-en-la-ull-cual-es-el-papel-de-las-universidades-en-la-sociedad-actual\/#breadcrumb"},"inLanguage":"es","potentialAction":[{"@type":"ReadAction","target":["https:\/\/www.ull.es\/portal\/noticias\/2016\/un-grupo-de-expertos-analiza-en-la-ull-cual-es-el-papel-de-las-universidades-en-la-sociedad-actual\/"]}]},{"@type":"BreadcrumbList","@id":"https:\/\/www.ull.es\/portal\/noticias\/2016\/un-grupo-de-expertos-analiza-en-la-ull-cual-es-el-papel-de-las-universidades-en-la-sociedad-actual\/#breadcrumb","itemListElement":[{"@type":"ListItem","position":1,"name":"Portada","item":"https:\/\/www.ull.es\/portal\/noticias\/"},{"@type":"ListItem","position":2,"name":"Un grupo de expertos analiza en la ULL cu\u00e1l es el papel de las universidades en la sociedad actual"}]},{"@type":"WebSite","@id":"https:\/\/www.ull.es\/portal\/noticias\/#website","url":"https:\/\/www.ull.es\/portal\/noticias\/","name":"ULL - Noticias","description":"","potentialAction":[{"@type":"SearchAction","target":{"@type":"EntryPoint","urlTemplate":"https:\/\/www.ull.es\/portal\/noticias\/?s={search_term_string}"},"query-input":"required name=search_term_string"}],"inLanguage":"es"},{"@type":"Person","@id":"https:\/\/www.ull.es\/portal\/noticias\/#\/schema\/person\/b2b1a89d43ffa609e591f7df8ef3e817","name":"gaprsa","image":{"@type":"ImageObject","inLanguage":"es","@id":"https:\/\/www.ull.es\/portal\/noticias\/#\/schema\/person\/image\/","url":"https:\/\/secure.gravatar.com\/avatar\/443820550921091458b4823867723b3d?s=96&d=mm&r=g","contentUrl":"https:\/\/secure.gravatar.com\/avatar\/443820550921091458b4823867723b3d?s=96&d=mm&r=g","caption":"gaprsa"},"url":"https:\/\/www.ull.es\/portal\/noticias\/author\/gaprsa\/"}]}},"primary_category":null,"featured_image_thumbnail_url":"https:\/\/www.ull.es\/portal\/noticias\/wp-content\/uploads\/sites\/13\/2016\/11\/slideshow-inicio-466-1-300x90.jpg","_links":{"self":[{"href":"https:\/\/www.ull.es\/portal\/noticias\/wp-json\/wp\/v2\/posts\/29232"}],"collection":[{"href":"https:\/\/www.ull.es\/portal\/noticias\/wp-json\/wp\/v2\/posts"}],"about":[{"href":"https:\/\/www.ull.es\/portal\/noticias\/wp-json\/wp\/v2\/types\/post"}],"author":[{"embeddable":true,"href":"https:\/\/www.ull.es\/portal\/noticias\/wp-json\/wp\/v2\/users\/23"}],"replies":[{"embeddable":true,"href":"https:\/\/www.ull.es\/portal\/noticias\/wp-json\/wp\/v2\/comments?post=29232"}],"version-history":[{"count":0,"href":"https:\/\/www.ull.es\/portal\/noticias\/wp-json\/wp\/v2\/posts\/29232\/revisions"}],"wp:featuredmedia":[{"embeddable":true,"href":"https:\/\/www.ull.es\/portal\/noticias\/wp-json\/wp\/v2\/media\/29233"}],"wp:attachment":[{"href":"https:\/\/www.ull.es\/portal\/noticias\/wp-json\/wp\/v2\/media?parent=29232"}],"wp:term":[{"taxonomy":"category","embeddable":true,"href":"https:\/\/www.ull.es\/portal\/noticias\/wp-json\/wp\/v2\/categories?post=29232"},{"taxonomy":"post_tag","embeddable":true,"href":"https:\/\/www.ull.es\/portal\/noticias\/wp-json\/wp\/v2\/tags?post=29232"}],"curies":[{"name":"wp","href":"https:\/\/api.w.org\/{rel}","templated":true}]}}