{"id":29238,"date":"2016-11-10T13:27:34","date_gmt":"2016-11-10T13:27:34","guid":{"rendered":"http:\/\/ddigital.webs.ull.es\/?p=29238"},"modified":"2016-11-10T13:27:34","modified_gmt":"2016-11-10T13:27:34","slug":"la-ull-acoge-la-conferencia-internacional-sobre-narrativas-de-salud-y-enfermedad","status":"publish","type":"post","link":"https:\/\/www.ull.es\/portal\/noticias\/2016\/la-ull-acoge-la-conferencia-internacional-sobre-narrativas-de-salud-y-enfermedad\/","title":{"rendered":"La ULL acoge la Conferencia Internacional sobre Narrativas de Salud y Enfermedad"},"content":{"rendered":"<p>En el mundo de la salud se est\u00e1 produciendo un reconocimiento creciente de la importancia del \u201cgiro narrativo\u201d en los cuidados m\u00e9dicos, pues la representaci\u00f3n narrativa de la salud y la enfermedad ofrece un complemento importante al modelo bio-m\u00e9dico dominante. Precisamente para abordar este enfoque conceptual, la Universidad de La Laguna celebra a partir de ma\u00f1ana, viernes 11 de noviembre, y hasta el d\u00eda 12, un encuentro internacional en el que se han inscrito 160 personas de 20 pa\u00edses que asistir\u00e1n tanto en las modalidades presenciales como on-line.<\/p>\n<p>Esta \u00abConferencia Internacional sobre Narrativas de Salud y Enfermedad\u00bb se desarrollar\u00e1 durante sus dos d\u00edas en el Aulario General del Campus de Guajara. La inauguraci\u00f3n ser\u00e1 ma\u00f1ana, 11 de noviembre, a las 9:30 horas, y contar\u00e1, entre otras autoridades, con la presencia del rector de la ULL, Antonio Martin\u00f3n. El <a href=\"http:\/\/www.healthnarratives.org\/es\/.\" target=\"_blank\" target=\"_blank\" rel=\"noopener\">programa completo<\/a> puede consultarse en la p\u00e1gina web de esta reunion.<\/p>\n<p>El encuentro est\u00e1 organizado por la ULL; la asociaci\u00f3n <a href=\"http:\/\/www.dipex.es\" target=\"_blank\" target=\"_blank\" rel=\"noopener\">DIPEX Espa\u00f1a<\/a> y la Fundaci\u00f3n \u00abIatros\u00bb de Humanidades M\u00e9dicas, y cuenta con la colaboraci\u00f3n de <a href=\"http:\/\/www.dipexinternational.org\" target=\"_blank\" target=\"_blank\" rel=\"noopener\">DIPEX International<\/a>, iniciativa en la que participan actualmente grupos de doce pa\u00edses. Se trata de un proyecto iniciado y liderado por la Universidad de Oxford para poder ofrecer a los ciudadanos las experiencias de pacientes entrevistados que aportan el relato de su enfermedad.<\/p>\n<p>Como se\u00f1ala Emilio Sanz, director del Departamento de Medicina F\u00edsica y Farmacolog\u00eda de la ULL y actual presidente de DIPEX International, tanto desde la investigaci\u00f3n como desde la pr\u00e1ctica cl\u00ednica se empieza a reconocer el movimiento que impulsa las narraciones en salud y enfermedad. \u201cSe ha comprobado en m\u00faltiples pa\u00edses y entornos sanitarios la importancia de estar atentos a la historia narrada de los pacientes como una forma de empoderarlos, construir diagn\u00f3sticos m\u00e1s precisos y obtener mejores resultados en el manejo y tratamiento de cada caso. Se trata de trabajar en el lado humano de la atenci\u00f3n a la salud sin olvidar la ciencia\u201d, explica.<\/p>\n<p>Por ello, este enfoque atrae a investigadores que de \u00e1mbitos muy diferentes: adem\u00e1s de especialidades de las Ciencias de la Salud como la Medicina, la Enfermer\u00eda o la Psicolog\u00eda, tambi\u00e9n de \u00e1reas como Antropolog\u00eda, Sociolog\u00eda, Historia o Literatura.<\/p>\n<p>El programa del encuentro se estructura en varias sesiones a lo largo de las cuales se presentar\u00e1n las 120 comunicaciones remitidas por investigadores de 19 pa\u00edses, agrupadas tem\u00e1ticamente: \u201cNarrativas de salud y subjetividad\u201d; \u201cBio\u00e9ticas\u201d; \u201cSocial Media y utilizaci\u00f3n de Internet\u201d; \u201cNarrativas en la educaci\u00f3n de ciencias de la salud\u201d; \u201cArte y literatura\u201d y \u201cPsicoterapia y enfermedad c\u00f3nica\u201d, por mencionar algunas de las \u00e1reas.<\/p>\n<p>Las comunicaciones se intercalan entre las conferencias plenarias que dictar\u00e1n reconocidos especialistas internacionales en iniciativas sobre narrativa de la salud, como Brian Hurwitz, director del Centre for Humanities and Health del King\u2019s Collegue de Londres; Arthur Frank, profesor em\u00e9rito de Sociolog\u00eda de la University of Calgary; o Rachel Grob, de The Center for Patient Partnerships and Department of Family Medicine and Community Health de la University of Wisconsin-Madison, entre otros.<\/p>\n","protected":false},"excerpt":{"rendered":"<p>En el mundo de la salud se est\u00e1 produciendo un reconocimiento creciente de la importancia del \u201cgiro narrativo\u201d en los&#8230;<\/p>\n","protected":false},"author":23,"featured_media":29240,"comment_status":"open","ping_status":"open","sticky":false,"template":"","format":"standard","meta":{"inline_featured_image":false,"footnotes":""},"categories":[345,350,1],"tags":[689,819,1118,2527,2559],"acf":[],"yoast_head":"<!-- This site is optimized with the Yoast SEO plugin v21.3 - https:\/\/yoast.com\/wordpress\/plugins\/seo\/ -->\n<title>La ULL acoge la Conferencia Internacional sobre Narrativas de Salud y Enfermedad - ULL - Noticias<\/title>\n<meta name=\"robots\" content=\"index, follow, max-snippet:-1, max-image-preview:large, max-video-preview:-1\" \/>\n<link rel=\"canonical\" href=\"https:\/\/www.ull.es\/portal\/noticias\/2016\/la-ull-acoge-la-conferencia-internacional-sobre-narrativas-de-salud-y-enfermedad\/\" \/>\n<meta property=\"og:locale\" content=\"es_ES\" \/>\n<meta property=\"og:type\" content=\"article\" \/>\n<meta property=\"og:title\" content=\"La ULL acoge la Conferencia Internacional sobre Narrativas de Salud y Enfermedad - ULL - Noticias\" \/>\n<meta property=\"og:description\" content=\"En el mundo de la salud se est\u00e1 produciendo un reconocimiento creciente de la importancia del \u201cgiro narrativo\u201d en los...\" \/>\n<meta property=\"og:url\" content=\"https:\/\/www.ull.es\/portal\/noticias\/2016\/la-ull-acoge-la-conferencia-internacional-sobre-narrativas-de-salud-y-enfermedad\/\" \/>\n<meta property=\"og:site_name\" content=\"ULL - Noticias\" \/>\n<meta property=\"article:publisher\" content=\"https:\/\/www.facebook.com\/universidaddelalaguna\/\" \/>\n<meta property=\"article:published_time\" content=\"2016-11-10T13:27:34+00:00\" \/>\n<meta property=\"og:image\" content=\"https:\/\/www.ull.es\/portal\/noticias\/wp-content\/uploads\/sites\/13\/2016\/11\/narrativa-salud-web.jpg\" \/>\n\t<meta property=\"og:image:width\" content=\"1024\" \/>\n\t<meta property=\"og:image:height\" content=\"626\" \/>\n\t<meta property=\"og:image:type\" content=\"image\/jpeg\" \/>\n<meta name=\"author\" content=\"gaprsa\" \/>\n<meta name=\"twitter:card\" content=\"summary_large_image\" \/>\n<meta name=\"twitter:creator\" content=\"@CanalULL\" \/>\n<meta name=\"twitter:site\" content=\"@CanalULL\" \/>\n<meta name=\"twitter:label1\" content=\"Escrito por\" \/>\n\t<meta name=\"twitter:data1\" content=\"gaprsa\" \/>\n\t<meta name=\"twitter:label2\" content=\"Tiempo de lectura\" \/>\n\t<meta name=\"twitter:data2\" content=\"3 minutos\" \/>\n<script type=\"application\/ld+json\" class=\"yoast-schema-graph\">{\"@context\":\"https:\/\/schema.org\",\"@graph\":[{\"@type\":\"WebPage\",\"@id\":\"https:\/\/www.ull.es\/portal\/noticias\/2016\/la-ull-acoge-la-conferencia-internacional-sobre-narrativas-de-salud-y-enfermedad\/\",\"url\":\"https:\/\/www.ull.es\/portal\/noticias\/2016\/la-ull-acoge-la-conferencia-internacional-sobre-narrativas-de-salud-y-enfermedad\/\",\"name\":\"La ULL acoge la Conferencia Internacional sobre Narrativas de Salud y Enfermedad - ULL - Noticias\",\"isPartOf\":{\"@id\":\"https:\/\/www.ull.es\/portal\/noticias\/#website\"},\"datePublished\":\"2016-11-10T13:27:34+00:00\",\"dateModified\":\"2016-11-10T13:27:34+00:00\",\"author\":{\"@id\":\"https:\/\/www.ull.es\/portal\/noticias\/#\/schema\/person\/b2b1a89d43ffa609e591f7df8ef3e817\"},\"breadcrumb\":{\"@id\":\"https:\/\/www.ull.es\/portal\/noticias\/2016\/la-ull-acoge-la-conferencia-internacional-sobre-narrativas-de-salud-y-enfermedad\/#breadcrumb\"},\"inLanguage\":\"es\",\"potentialAction\":[{\"@type\":\"ReadAction\",\"target\":[\"https:\/\/www.ull.es\/portal\/noticias\/2016\/la-ull-acoge-la-conferencia-internacional-sobre-narrativas-de-salud-y-enfermedad\/\"]}]},{\"@type\":\"BreadcrumbList\",\"@id\":\"https:\/\/www.ull.es\/portal\/noticias\/2016\/la-ull-acoge-la-conferencia-internacional-sobre-narrativas-de-salud-y-enfermedad\/#breadcrumb\",\"itemListElement\":[{\"@type\":\"ListItem\",\"position\":1,\"name\":\"Portada\",\"item\":\"https:\/\/www.ull.es\/portal\/noticias\/\"},{\"@type\":\"ListItem\",\"position\":2,\"name\":\"La ULL acoge la Conferencia Internacional sobre Narrativas de Salud y Enfermedad\"}]},{\"@type\":\"WebSite\",\"@id\":\"https:\/\/www.ull.es\/portal\/noticias\/#website\",\"url\":\"https:\/\/www.ull.es\/portal\/noticias\/\",\"name\":\"ULL - Noticias\",\"description\":\"\",\"potentialAction\":[{\"@type\":\"SearchAction\",\"target\":{\"@type\":\"EntryPoint\",\"urlTemplate\":\"https:\/\/www.ull.es\/portal\/noticias\/?s={search_term_string}\"},\"query-input\":\"required name=search_term_string\"}],\"inLanguage\":\"es\"},{\"@type\":\"Person\",\"@id\":\"https:\/\/www.ull.es\/portal\/noticias\/#\/schema\/person\/b2b1a89d43ffa609e591f7df8ef3e817\",\"name\":\"gaprsa\",\"image\":{\"@type\":\"ImageObject\",\"inLanguage\":\"es\",\"@id\":\"https:\/\/www.ull.es\/portal\/noticias\/#\/schema\/person\/image\/\",\"url\":\"https:\/\/secure.gravatar.com\/avatar\/443820550921091458b4823867723b3d?s=96&d=mm&r=g\",\"contentUrl\":\"https:\/\/secure.gravatar.com\/avatar\/443820550921091458b4823867723b3d?s=96&d=mm&r=g\",\"caption\":\"gaprsa\"},\"url\":\"https:\/\/www.ull.es\/portal\/noticias\/author\/gaprsa\/\"}]}<\/script>\n<!-- \/ Yoast SEO plugin. -->","yoast_head_json":{"title":"La ULL acoge la Conferencia Internacional sobre Narrativas de Salud y Enfermedad - ULL - Noticias","robots":{"index":"index","follow":"follow","max-snippet":"max-snippet:-1","max-image-preview":"max-image-preview:large","max-video-preview":"max-video-preview:-1"},"canonical":"https:\/\/www.ull.es\/portal\/noticias\/2016\/la-ull-acoge-la-conferencia-internacional-sobre-narrativas-de-salud-y-enfermedad\/","og_locale":"es_ES","og_type":"article","og_title":"La ULL acoge la Conferencia Internacional sobre Narrativas de Salud y Enfermedad - ULL - Noticias","og_description":"En el mundo de la salud se est\u00e1 produciendo un reconocimiento creciente de la importancia del \u201cgiro narrativo\u201d en los...","og_url":"https:\/\/www.ull.es\/portal\/noticias\/2016\/la-ull-acoge-la-conferencia-internacional-sobre-narrativas-de-salud-y-enfermedad\/","og_site_name":"ULL - Noticias","article_publisher":"https:\/\/www.facebook.com\/universidaddelalaguna\/","article_published_time":"2016-11-10T13:27:34+00:00","og_image":[{"width":1024,"height":626,"url":"https:\/\/www.ull.es\/portal\/noticias\/wp-content\/uploads\/sites\/13\/2016\/11\/narrativa-salud-web.jpg","type":"image\/jpeg"}],"author":"gaprsa","twitter_card":"summary_large_image","twitter_creator":"@CanalULL","twitter_site":"@CanalULL","twitter_misc":{"Escrito por":"gaprsa","Tiempo de lectura":"3 minutos"},"schema":{"@context":"https:\/\/schema.org","@graph":[{"@type":"WebPage","@id":"https:\/\/www.ull.es\/portal\/noticias\/2016\/la-ull-acoge-la-conferencia-internacional-sobre-narrativas-de-salud-y-enfermedad\/","url":"https:\/\/www.ull.es\/portal\/noticias\/2016\/la-ull-acoge-la-conferencia-internacional-sobre-narrativas-de-salud-y-enfermedad\/","name":"La ULL acoge la Conferencia Internacional sobre Narrativas de Salud y Enfermedad - ULL - Noticias","isPartOf":{"@id":"https:\/\/www.ull.es\/portal\/noticias\/#website"},"datePublished":"2016-11-10T13:27:34+00:00","dateModified":"2016-11-10T13:27:34+00:00","author":{"@id":"https:\/\/www.ull.es\/portal\/noticias\/#\/schema\/person\/b2b1a89d43ffa609e591f7df8ef3e817"},"breadcrumb":{"@id":"https:\/\/www.ull.es\/portal\/noticias\/2016\/la-ull-acoge-la-conferencia-internacional-sobre-narrativas-de-salud-y-enfermedad\/#breadcrumb"},"inLanguage":"es","potentialAction":[{"@type":"ReadAction","target":["https:\/\/www.ull.es\/portal\/noticias\/2016\/la-ull-acoge-la-conferencia-internacional-sobre-narrativas-de-salud-y-enfermedad\/"]}]},{"@type":"BreadcrumbList","@id":"https:\/\/www.ull.es\/portal\/noticias\/2016\/la-ull-acoge-la-conferencia-internacional-sobre-narrativas-de-salud-y-enfermedad\/#breadcrumb","itemListElement":[{"@type":"ListItem","position":1,"name":"Portada","item":"https:\/\/www.ull.es\/portal\/noticias\/"},{"@type":"ListItem","position":2,"name":"La ULL acoge la Conferencia Internacional sobre Narrativas de Salud y Enfermedad"}]},{"@type":"WebSite","@id":"https:\/\/www.ull.es\/portal\/noticias\/#website","url":"https:\/\/www.ull.es\/portal\/noticias\/","name":"ULL - Noticias","description":"","potentialAction":[{"@type":"SearchAction","target":{"@type":"EntryPoint","urlTemplate":"https:\/\/www.ull.es\/portal\/noticias\/?s={search_term_string}"},"query-input":"required name=search_term_string"}],"inLanguage":"es"},{"@type":"Person","@id":"https:\/\/www.ull.es\/portal\/noticias\/#\/schema\/person\/b2b1a89d43ffa609e591f7df8ef3e817","name":"gaprsa","image":{"@type":"ImageObject","inLanguage":"es","@id":"https:\/\/www.ull.es\/portal\/noticias\/#\/schema\/person\/image\/","url":"https:\/\/secure.gravatar.com\/avatar\/443820550921091458b4823867723b3d?s=96&d=mm&r=g","contentUrl":"https:\/\/secure.gravatar.com\/avatar\/443820550921091458b4823867723b3d?s=96&d=mm&r=g","caption":"gaprsa"},"url":"https:\/\/www.ull.es\/portal\/noticias\/author\/gaprsa\/"}]}},"primary_category":null,"featured_image_thumbnail_url":"https:\/\/www.ull.es\/portal\/noticias\/wp-content\/uploads\/sites\/13\/2016\/11\/narrativa-salud-web-300x183.jpg","_links":{"self":[{"href":"https:\/\/www.ull.es\/portal\/noticias\/wp-json\/wp\/v2\/posts\/29238"}],"collection":[{"href":"https:\/\/www.ull.es\/portal\/noticias\/wp-json\/wp\/v2\/posts"}],"about":[{"href":"https:\/\/www.ull.es\/portal\/noticias\/wp-json\/wp\/v2\/types\/post"}],"author":[{"embeddable":true,"href":"https:\/\/www.ull.es\/portal\/noticias\/wp-json\/wp\/v2\/users\/23"}],"replies":[{"embeddable":true,"href":"https:\/\/www.ull.es\/portal\/noticias\/wp-json\/wp\/v2\/comments?post=29238"}],"version-history":[{"count":0,"href":"https:\/\/www.ull.es\/portal\/noticias\/wp-json\/wp\/v2\/posts\/29238\/revisions"}],"wp:featuredmedia":[{"embeddable":true,"href":"https:\/\/www.ull.es\/portal\/noticias\/wp-json\/wp\/v2\/media\/29240"}],"wp:attachment":[{"href":"https:\/\/www.ull.es\/portal\/noticias\/wp-json\/wp\/v2\/media?parent=29238"}],"wp:term":[{"taxonomy":"category","embeddable":true,"href":"https:\/\/www.ull.es\/portal\/noticias\/wp-json\/wp\/v2\/categories?post=29238"},{"taxonomy":"post_tag","embeddable":true,"href":"https:\/\/www.ull.es\/portal\/noticias\/wp-json\/wp\/v2\/tags?post=29238"}],"curies":[{"name":"wp","href":"https:\/\/api.w.org\/{rel}","templated":true}]}}