{"id":29270,"date":"2016-11-11T14:08:39","date_gmt":"2016-11-11T14:08:39","guid":{"rendered":"http:\/\/ddigital.webs.ull.es\/?p=29270"},"modified":"2016-11-11T14:08:39","modified_gmt":"2016-11-11T14:08:39","slug":"la-ull-y-asaga-canarias-firman-un-convenio-de-cooperacion-educativa-para-la-realizacion-de-practicas-del-alumnado","status":"publish","type":"post","link":"https:\/\/www.ull.es\/portal\/noticias\/2016\/la-ull-y-asaga-canarias-firman-un-convenio-de-cooperacion-educativa-para-la-realizacion-de-practicas-del-alumnado\/","title":{"rendered":"La ULL y ASAGA Canarias firman un convenio de cooperaci\u00f3n educativa para la realizaci\u00f3n de pr\u00e1cticas del alumnado"},"content":{"rendered":"<p>El rector de la Universidad de La Laguna, Antonio Martin\u00f3n, la presidenta y el secretario general de la Asociaci\u00f3n de Agricultores y Ganaderos (ASAGA Canarias ASAJA), \u00c1ngela Delgado y Hern\u00e1n Tejera, respectivamente, y el director de la Fundaci\u00f3n Canaria General de la ULL, Julio Antonio Brito, han firmado hoy viernes 11 de noviembre, un convenio marco de cooperaci\u00f3n educativa mediante el que el alumnado puede realizar pr\u00e1cticas externas en empresas asociadas a esta organizaci\u00f3n profesional agraria.<\/p>\n<p>El objetivo de este acuerdo, que tendr\u00e1 una duraci\u00f3n de tres cursos acad\u00e9micos prorrogables si as\u00ed lo consideran las partes firmantes, es que el alumnado pueda recibir una formaci\u00f3n m\u00e1s completa en contacto con el ambiente real del mundo laboral y el trabajo desarrollado en las ocupaciones profesionales relacionadas con los estudios que cursa, lo que contribuir\u00e1 a mejorar la empleabilidad de los titulados universitarios.<\/p>\n<p>Para el rector de la ULL este convenio es una gran oportunidad para ambas entidades ya que por un lado se benefician las empresas, se\u00f1al\u00f3 Martin\u00f3n, ya que el alumnado universitario supone para ellas una bocanada de aire fresco que aporta ideas nuevas y por otro, los alumnos aprenden en el mundo laboral real.<\/p>\n<p>Asimismo, Antonio Martin\u00f3n manifest\u00f3 su predisposici\u00f3n a que la ULL se involucrara en nuevos proyectos que supongan un beneficio mutuo para las entidades de cara al futuro y destac\u00f3 la importancia que tiene en la actualidad la realizaci\u00f3n de unas pr\u00e1cticas pues se han convertido en una asignatura.<\/p>\n<p>Por su parte, para Delgado, este trabajo conjunto entre la ULL y ASAGA Canarias ASAJA se enmarca dentro de las acciones formativas por las que apuesta esta organizaci\u00f3n profesional agraria y que van en la l\u00ednea de sensibilizar y motivar a los estudiantes de diferentes titulaciones para que perciban el campo como una opci\u00f3n laboral atractiva de empleo y emprendimiento con m\u00faltiples opciones. \u201cSi logramos que funcione, podremos disponer de relevo generacional para que la actividad agr\u00edcola ganadera se desarrolle, genere rentabilidad y riqueza para nuestra tierra desde un punto de vista econ\u00f3mico y social\u201d, agreg\u00f3 la presidenta de ASAGA Canarias ASAJA.<\/p>\n<p>Ambas entidades coincidieron en resaltar la importancia de empezar este tipo de colaboraci\u00f3n e ir corrigiendo las dificultades que puedan surgir por el camino con el fin de mejorar y hacer el convenio m\u00e1s productivo.<\/p>\n<p>Julio Brito, hizo hincapi\u00e9 en que contar con este apoyo da una mayor prestancia, ayuda a animar a otras empresas a participar y adem\u00e1s los alumnos pueden mejorar las empresas aportando un factor de innovaci\u00f3n y de juventud. Adem\u00e1s, recalc\u00f3, que ir de la mano de esta entidad supone una mejor entrada hacia las empresas asociadas a la entidad. Y recalc\u00f3 la importancia que supone participar de una empresa de este sector, ya que el agrario es un \u00e1mbito clave y muy presente en Canarias.<\/p>\n","protected":false},"excerpt":{"rendered":"<p>El rector de la Universidad de La Laguna, Antonio Martin\u00f3n, la presidenta y el secretario general de la Asociaci\u00f3n de&#8230;<\/p>\n","protected":false},"author":23,"featured_media":29271,"comment_status":"open","ping_status":"open","sticky":false,"template":"","format":"standard","meta":{"inline_featured_image":false,"footnotes":""},"categories":[345,348,1],"tags":[492,517,546,1262,1429,1704,2527,2560],"acf":[],"yoast_head":"<!-- This site is optimized with the Yoast SEO plugin v21.3 - https:\/\/yoast.com\/wordpress\/plugins\/seo\/ -->\n<title>La ULL y ASAGA Canarias firman un convenio de cooperaci\u00f3n educativa para la realizaci\u00f3n de pr\u00e1cticas del alumnado - ULL - Noticias<\/title>\n<meta name=\"robots\" content=\"index, follow, max-snippet:-1, max-image-preview:large, max-video-preview:-1\" \/>\n<link rel=\"canonical\" href=\"https:\/\/www.ull.es\/portal\/noticias\/2016\/la-ull-y-asaga-canarias-firman-un-convenio-de-cooperacion-educativa-para-la-realizacion-de-practicas-del-alumnado\/\" \/>\n<meta property=\"og:locale\" content=\"es_ES\" \/>\n<meta property=\"og:type\" content=\"article\" \/>\n<meta property=\"og:title\" content=\"La ULL y ASAGA Canarias firman un convenio de cooperaci\u00f3n educativa para la realizaci\u00f3n de pr\u00e1cticas del alumnado - ULL - Noticias\" \/>\n<meta property=\"og:description\" content=\"El rector de la Universidad de La Laguna, Antonio Martin\u00f3n, la presidenta y el secretario general de la Asociaci\u00f3n de...\" \/>\n<meta property=\"og:url\" content=\"https:\/\/www.ull.es\/portal\/noticias\/2016\/la-ull-y-asaga-canarias-firman-un-convenio-de-cooperacion-educativa-para-la-realizacion-de-practicas-del-alumnado\/\" \/>\n<meta property=\"og:site_name\" content=\"ULL - Noticias\" \/>\n<meta property=\"article:publisher\" content=\"https:\/\/www.facebook.com\/universidaddelalaguna\/\" \/>\n<meta property=\"article:published_time\" content=\"2016-11-11T14:08:39+00:00\" \/>\n<meta property=\"og:image\" content=\"https:\/\/www.ull.es\/portal\/noticias\/wp-content\/uploads\/sites\/13\/2016\/11\/ull-asaga1.jpg\" \/>\n\t<meta property=\"og:image:width\" content=\"1034\" \/>\n\t<meta property=\"og:image:height\" content=\"708\" \/>\n\t<meta property=\"og:image:type\" content=\"image\/jpeg\" \/>\n<meta name=\"author\" content=\"gaprsa\" \/>\n<meta name=\"twitter:card\" content=\"summary_large_image\" \/>\n<meta name=\"twitter:creator\" content=\"@CanalULL\" \/>\n<meta name=\"twitter:site\" content=\"@CanalULL\" \/>\n<meta name=\"twitter:label1\" content=\"Escrito por\" \/>\n\t<meta name=\"twitter:data1\" content=\"gaprsa\" \/>\n\t<meta name=\"twitter:label2\" content=\"Tiempo de lectura\" \/>\n\t<meta name=\"twitter:data2\" content=\"2 minutos\" \/>\n<script type=\"application\/ld+json\" class=\"yoast-schema-graph\">{\"@context\":\"https:\/\/schema.org\",\"@graph\":[{\"@type\":\"WebPage\",\"@id\":\"https:\/\/www.ull.es\/portal\/noticias\/2016\/la-ull-y-asaga-canarias-firman-un-convenio-de-cooperacion-educativa-para-la-realizacion-de-practicas-del-alumnado\/\",\"url\":\"https:\/\/www.ull.es\/portal\/noticias\/2016\/la-ull-y-asaga-canarias-firman-un-convenio-de-cooperacion-educativa-para-la-realizacion-de-practicas-del-alumnado\/\",\"name\":\"La ULL y ASAGA Canarias firman un convenio de cooperaci\u00f3n educativa para la realizaci\u00f3n de pr\u00e1cticas del alumnado - ULL - Noticias\",\"isPartOf\":{\"@id\":\"https:\/\/www.ull.es\/portal\/noticias\/#website\"},\"datePublished\":\"2016-11-11T14:08:39+00:00\",\"dateModified\":\"2016-11-11T14:08:39+00:00\",\"author\":{\"@id\":\"https:\/\/www.ull.es\/portal\/noticias\/#\/schema\/person\/b2b1a89d43ffa609e591f7df8ef3e817\"},\"breadcrumb\":{\"@id\":\"https:\/\/www.ull.es\/portal\/noticias\/2016\/la-ull-y-asaga-canarias-firman-un-convenio-de-cooperacion-educativa-para-la-realizacion-de-practicas-del-alumnado\/#breadcrumb\"},\"inLanguage\":\"es\",\"potentialAction\":[{\"@type\":\"ReadAction\",\"target\":[\"https:\/\/www.ull.es\/portal\/noticias\/2016\/la-ull-y-asaga-canarias-firman-un-convenio-de-cooperacion-educativa-para-la-realizacion-de-practicas-del-alumnado\/\"]}]},{\"@type\":\"BreadcrumbList\",\"@id\":\"https:\/\/www.ull.es\/portal\/noticias\/2016\/la-ull-y-asaga-canarias-firman-un-convenio-de-cooperacion-educativa-para-la-realizacion-de-practicas-del-alumnado\/#breadcrumb\",\"itemListElement\":[{\"@type\":\"ListItem\",\"position\":1,\"name\":\"Portada\",\"item\":\"https:\/\/www.ull.es\/portal\/noticias\/\"},{\"@type\":\"ListItem\",\"position\":2,\"name\":\"La ULL y ASAGA Canarias firman un convenio de cooperaci\u00f3n educativa para la realizaci\u00f3n de pr\u00e1cticas del alumnado\"}]},{\"@type\":\"WebSite\",\"@id\":\"https:\/\/www.ull.es\/portal\/noticias\/#website\",\"url\":\"https:\/\/www.ull.es\/portal\/noticias\/\",\"name\":\"ULL - Noticias\",\"description\":\"\",\"potentialAction\":[{\"@type\":\"SearchAction\",\"target\":{\"@type\":\"EntryPoint\",\"urlTemplate\":\"https:\/\/www.ull.es\/portal\/noticias\/?s={search_term_string}\"},\"query-input\":\"required name=search_term_string\"}],\"inLanguage\":\"es\"},{\"@type\":\"Person\",\"@id\":\"https:\/\/www.ull.es\/portal\/noticias\/#\/schema\/person\/b2b1a89d43ffa609e591f7df8ef3e817\",\"name\":\"gaprsa\",\"image\":{\"@type\":\"ImageObject\",\"inLanguage\":\"es\",\"@id\":\"https:\/\/www.ull.es\/portal\/noticias\/#\/schema\/person\/image\/\",\"url\":\"https:\/\/secure.gravatar.com\/avatar\/443820550921091458b4823867723b3d?s=96&d=mm&r=g\",\"contentUrl\":\"https:\/\/secure.gravatar.com\/avatar\/443820550921091458b4823867723b3d?s=96&d=mm&r=g\",\"caption\":\"gaprsa\"},\"url\":\"https:\/\/www.ull.es\/portal\/noticias\/author\/gaprsa\/\"}]}<\/script>\n<!-- \/ Yoast SEO plugin. -->","yoast_head_json":{"title":"La ULL y ASAGA Canarias firman un convenio de cooperaci\u00f3n educativa para la realizaci\u00f3n de pr\u00e1cticas del alumnado - ULL - Noticias","robots":{"index":"index","follow":"follow","max-snippet":"max-snippet:-1","max-image-preview":"max-image-preview:large","max-video-preview":"max-video-preview:-1"},"canonical":"https:\/\/www.ull.es\/portal\/noticias\/2016\/la-ull-y-asaga-canarias-firman-un-convenio-de-cooperacion-educativa-para-la-realizacion-de-practicas-del-alumnado\/","og_locale":"es_ES","og_type":"article","og_title":"La ULL y ASAGA Canarias firman un convenio de cooperaci\u00f3n educativa para la realizaci\u00f3n de pr\u00e1cticas del alumnado - ULL - Noticias","og_description":"El rector de la Universidad de La Laguna, Antonio Martin\u00f3n, la presidenta y el secretario general de la Asociaci\u00f3n de...","og_url":"https:\/\/www.ull.es\/portal\/noticias\/2016\/la-ull-y-asaga-canarias-firman-un-convenio-de-cooperacion-educativa-para-la-realizacion-de-practicas-del-alumnado\/","og_site_name":"ULL - Noticias","article_publisher":"https:\/\/www.facebook.com\/universidaddelalaguna\/","article_published_time":"2016-11-11T14:08:39+00:00","og_image":[{"width":1034,"height":708,"url":"https:\/\/www.ull.es\/portal\/noticias\/wp-content\/uploads\/sites\/13\/2016\/11\/ull-asaga1.jpg","type":"image\/jpeg"}],"author":"gaprsa","twitter_card":"summary_large_image","twitter_creator":"@CanalULL","twitter_site":"@CanalULL","twitter_misc":{"Escrito por":"gaprsa","Tiempo de lectura":"2 minutos"},"schema":{"@context":"https:\/\/schema.org","@graph":[{"@type":"WebPage","@id":"https:\/\/www.ull.es\/portal\/noticias\/2016\/la-ull-y-asaga-canarias-firman-un-convenio-de-cooperacion-educativa-para-la-realizacion-de-practicas-del-alumnado\/","url":"https:\/\/www.ull.es\/portal\/noticias\/2016\/la-ull-y-asaga-canarias-firman-un-convenio-de-cooperacion-educativa-para-la-realizacion-de-practicas-del-alumnado\/","name":"La ULL y ASAGA Canarias firman un convenio de cooperaci\u00f3n educativa para la realizaci\u00f3n de pr\u00e1cticas del alumnado - ULL - Noticias","isPartOf":{"@id":"https:\/\/www.ull.es\/portal\/noticias\/#website"},"datePublished":"2016-11-11T14:08:39+00:00","dateModified":"2016-11-11T14:08:39+00:00","author":{"@id":"https:\/\/www.ull.es\/portal\/noticias\/#\/schema\/person\/b2b1a89d43ffa609e591f7df8ef3e817"},"breadcrumb":{"@id":"https:\/\/www.ull.es\/portal\/noticias\/2016\/la-ull-y-asaga-canarias-firman-un-convenio-de-cooperacion-educativa-para-la-realizacion-de-practicas-del-alumnado\/#breadcrumb"},"inLanguage":"es","potentialAction":[{"@type":"ReadAction","target":["https:\/\/www.ull.es\/portal\/noticias\/2016\/la-ull-y-asaga-canarias-firman-un-convenio-de-cooperacion-educativa-para-la-realizacion-de-practicas-del-alumnado\/"]}]},{"@type":"BreadcrumbList","@id":"https:\/\/www.ull.es\/portal\/noticias\/2016\/la-ull-y-asaga-canarias-firman-un-convenio-de-cooperacion-educativa-para-la-realizacion-de-practicas-del-alumnado\/#breadcrumb","itemListElement":[{"@type":"ListItem","position":1,"name":"Portada","item":"https:\/\/www.ull.es\/portal\/noticias\/"},{"@type":"ListItem","position":2,"name":"La ULL y ASAGA Canarias firman un convenio de cooperaci\u00f3n educativa para la realizaci\u00f3n de pr\u00e1cticas del alumnado"}]},{"@type":"WebSite","@id":"https:\/\/www.ull.es\/portal\/noticias\/#website","url":"https:\/\/www.ull.es\/portal\/noticias\/","name":"ULL - Noticias","description":"","potentialAction":[{"@type":"SearchAction","target":{"@type":"EntryPoint","urlTemplate":"https:\/\/www.ull.es\/portal\/noticias\/?s={search_term_string}"},"query-input":"required name=search_term_string"}],"inLanguage":"es"},{"@type":"Person","@id":"https:\/\/www.ull.es\/portal\/noticias\/#\/schema\/person\/b2b1a89d43ffa609e591f7df8ef3e817","name":"gaprsa","image":{"@type":"ImageObject","inLanguage":"es","@id":"https:\/\/www.ull.es\/portal\/noticias\/#\/schema\/person\/image\/","url":"https:\/\/secure.gravatar.com\/avatar\/443820550921091458b4823867723b3d?s=96&d=mm&r=g","contentUrl":"https:\/\/secure.gravatar.com\/avatar\/443820550921091458b4823867723b3d?s=96&d=mm&r=g","caption":"gaprsa"},"url":"https:\/\/www.ull.es\/portal\/noticias\/author\/gaprsa\/"}]}},"primary_category":null,"featured_image_thumbnail_url":"https:\/\/www.ull.es\/portal\/noticias\/wp-content\/uploads\/sites\/13\/2016\/11\/ull-asaga1-300x205.jpg","_links":{"self":[{"href":"https:\/\/www.ull.es\/portal\/noticias\/wp-json\/wp\/v2\/posts\/29270"}],"collection":[{"href":"https:\/\/www.ull.es\/portal\/noticias\/wp-json\/wp\/v2\/posts"}],"about":[{"href":"https:\/\/www.ull.es\/portal\/noticias\/wp-json\/wp\/v2\/types\/post"}],"author":[{"embeddable":true,"href":"https:\/\/www.ull.es\/portal\/noticias\/wp-json\/wp\/v2\/users\/23"}],"replies":[{"embeddable":true,"href":"https:\/\/www.ull.es\/portal\/noticias\/wp-json\/wp\/v2\/comments?post=29270"}],"version-history":[{"count":0,"href":"https:\/\/www.ull.es\/portal\/noticias\/wp-json\/wp\/v2\/posts\/29270\/revisions"}],"wp:featuredmedia":[{"embeddable":true,"href":"https:\/\/www.ull.es\/portal\/noticias\/wp-json\/wp\/v2\/media\/29271"}],"wp:attachment":[{"href":"https:\/\/www.ull.es\/portal\/noticias\/wp-json\/wp\/v2\/media?parent=29270"}],"wp:term":[{"taxonomy":"category","embeddable":true,"href":"https:\/\/www.ull.es\/portal\/noticias\/wp-json\/wp\/v2\/categories?post=29270"},{"taxonomy":"post_tag","embeddable":true,"href":"https:\/\/www.ull.es\/portal\/noticias\/wp-json\/wp\/v2\/tags?post=29270"}],"curies":[{"name":"wp","href":"https:\/\/api.w.org\/{rel}","templated":true}]}}