{"id":29299,"date":"2016-11-14T14:39:18","date_gmt":"2016-11-14T14:39:18","guid":{"rendered":"http:\/\/ddigital.webs.ull.es\/?p=29299"},"modified":"2016-11-14T14:39:18","modified_gmt":"2016-11-14T14:39:18","slug":"la-biblioteca-general-y-de-humanidades-de-la-ull-expone-ediciones-especiales-de-el-quijote","status":"publish","type":"post","link":"https:\/\/www.ull.es\/portal\/noticias\/2016\/la-biblioteca-general-y-de-humanidades-de-la-ull-expone-ediciones-especiales-de-el-quijote\/","title":{"rendered":"La Biblioteca General y de Humanidades de la ULL expone ediciones especiales de El Quijote"},"content":{"rendered":"<p>La Biblioteca General y de Humanidades de la Universidad de La Laguna acoge la exposici\u00f3n \u201cCervantes y el Quijote en la Biblioteca de la Universidad de La Laguna\u201d, que ha sido inaugurada hoy, lunes 14 de noviembre, y permanecer\u00e1 abierta hasta el pr\u00f3ximo 16 de diciembre. Esta muestra se enmarca dentro del programa de actos denominado \u201cUn oto\u00f1o in La Laguna with Cervantes and Shakespeare\u201d, organizada por la instituci\u00f3n acad\u00e9mica, el Cabildo de Tenerife, el Ayuntamiento de La Laguna y la Universidad Internacional Mel\u00e9ndez Pelayo.<\/p>\n<p>La muestra, organizada por el Servicio de Biblioteca, fue presentada por la vicerrectora de Tecnolog\u00edas de la Informaci\u00f3n y Servicios Universitarios de la ULL, Maravillas Aguiar. Est\u00e1 distribu\u00edda en tres partes, la primera de las cuales est\u00e1 formada por las ediciones del Quijote conservadas en el Fondo Antiguo de la Universidad de La Laguna, entre las que destaca \u00abLe Valeureux Don Qvixote de la Manche\u00bb, ejemplar m\u00e1s antiguo, de la tercera edici\u00f3n de la traducci\u00f3n francesa, impreso en Par\u00eds en 1620.<\/p>\n<p>En la segunda parte de la exposici\u00f3n, el p\u00fablico puede contemplar 40 publicaciones de autores y editoriales de Canarias sobre este autor y su personaje. Destacan el \u00e1lbum de 1906 en homenaje al libro \u00abDon Quijote de la Mancha\u00bb en su tercer centenario, patrocinado por Benito P\u00e9rez Gald\u00f3s y editado y dibujado por Eduardo Sojo, Dem\u00f3crito, o un discurso de Francisco Fern\u00e1ndez de B\u00e9thencourt le\u00eddo ante la Real Academia de la Historia en 1905 para conmemorar, tambi\u00e9n, ese tricentenario.<\/p>\n<p>Esa misma parte tambi\u00e9n contiene obras m\u00e1s modernas, como \u00abCervantes, Don Quijote y las matem\u00e1ticas\u00bb de Luis Balbuena Castellano y Juan Emilio Garc\u00eda Jim\u00e9nez, publicada en 2014; o \u00abEl Quijote tuneado\u00bb, una adaptaci\u00f3n al uso del espa\u00f1ol de Canarias, escrita por Victoriano Santana Sanjurjo. Tambi\u00e9n hay diversos homenajes que artistas pl\u00e1sticos canarios han realizado a este inmortal personaje, a trav\u00e9s de diferentes manifestaciones art\u00edsticas como el cat\u00e1logo de la exposici\u00f3n \u00ab\u00cdnsula Quixote\u00bb, organizada por la ULL para conmemorar el IV centenario de la publicaci\u00f3n, o el de la exposici\u00f3n \u00abSignos escenogr\u00e1ficos en El Quijote de Cervantes\u00bb, del artista y profesor Eduardo Camacho.<\/p>\n<p>El tercer apartado de esta exposici\u00f3n recoge una selecci\u00f3n de \u2018Quijotes\u2019 en distintas lenguas, como el checo, el lat\u00edn macarr\u00f3nico, el esperanto o el ruso, por citar algunas de ellas. Se trata de publicaciones de diferentes pa\u00edses que datan de los siglos XIX y XX, pertenecientes a la colecci\u00f3n de Gabino Gonz\u00e1lez Hern\u00e1ndez, cedidas por sus familiares y depositadas en comodato en el fondo bibliogr\u00e1fico de la Universidad de La Laguna.<\/p>\n<p>&nbsp;<\/p>\n","protected":false},"excerpt":{"rendered":"<p>La Biblioteca General y de Humanidades de la Universidad de La Laguna acoge la exposici\u00f3n \u201cCervantes y el Quijote en&#8230;<\/p>\n","protected":false},"author":23,"featured_media":29300,"comment_status":"open","ping_status":"open","sticky":false,"template":"","format":"gallery","meta":{"inline_featured_image":false,"footnotes":""},"categories":[344,345,1],"tags":[641,1106,1204],"acf":[],"yoast_head":"<!-- This site is optimized with the Yoast SEO plugin v21.3 - https:\/\/yoast.com\/wordpress\/plugins\/seo\/ -->\n<title>La Biblioteca General y de Humanidades de la ULL expone ediciones especiales de El Quijote - ULL - Noticias<\/title>\n<meta name=\"robots\" content=\"index, follow, max-snippet:-1, max-image-preview:large, max-video-preview:-1\" \/>\n<link rel=\"canonical\" href=\"https:\/\/www.ull.es\/portal\/noticias\/2016\/la-biblioteca-general-y-de-humanidades-de-la-ull-expone-ediciones-especiales-de-el-quijote\/\" \/>\n<meta property=\"og:locale\" content=\"es_ES\" \/>\n<meta property=\"og:type\" content=\"article\" \/>\n<meta property=\"og:title\" content=\"La Biblioteca General y de Humanidades de la ULL expone ediciones especiales de El Quijote - ULL - Noticias\" \/>\n<meta property=\"og:description\" content=\"La Biblioteca General y de Humanidades de la Universidad de La Laguna acoge la exposici\u00f3n \u201cCervantes y el Quijote en...\" \/>\n<meta property=\"og:url\" content=\"https:\/\/www.ull.es\/portal\/noticias\/2016\/la-biblioteca-general-y-de-humanidades-de-la-ull-expone-ediciones-especiales-de-el-quijote\/\" \/>\n<meta property=\"og:site_name\" content=\"ULL - Noticias\" \/>\n<meta property=\"article:publisher\" content=\"https:\/\/www.facebook.com\/universidaddelalaguna\/\" \/>\n<meta property=\"article:published_time\" content=\"2016-11-14T14:39:18+00:00\" \/>\n<meta property=\"og:image\" content=\"https:\/\/www.ull.es\/portal\/noticias\/wp-content\/uploads\/sites\/13\/2016\/11\/expo-quijote_directora-y-vicerrectora.jpg\" \/>\n\t<meta property=\"og:image:width\" content=\"1034\" \/>\n\t<meta property=\"og:image:height\" content=\"708\" \/>\n\t<meta property=\"og:image:type\" content=\"image\/jpeg\" \/>\n<meta name=\"author\" content=\"gaprsa\" \/>\n<meta name=\"twitter:card\" content=\"summary_large_image\" \/>\n<meta name=\"twitter:creator\" content=\"@CanalULL\" \/>\n<meta name=\"twitter:site\" content=\"@CanalULL\" \/>\n<meta name=\"twitter:label1\" content=\"Escrito por\" \/>\n\t<meta name=\"twitter:data1\" content=\"gaprsa\" \/>\n\t<meta name=\"twitter:label2\" content=\"Tiempo de lectura\" \/>\n\t<meta name=\"twitter:data2\" content=\"2 minutos\" \/>\n<script type=\"application\/ld+json\" class=\"yoast-schema-graph\">{\"@context\":\"https:\/\/schema.org\",\"@graph\":[{\"@type\":\"WebPage\",\"@id\":\"https:\/\/www.ull.es\/portal\/noticias\/2016\/la-biblioteca-general-y-de-humanidades-de-la-ull-expone-ediciones-especiales-de-el-quijote\/\",\"url\":\"https:\/\/www.ull.es\/portal\/noticias\/2016\/la-biblioteca-general-y-de-humanidades-de-la-ull-expone-ediciones-especiales-de-el-quijote\/\",\"name\":\"La Biblioteca General y de Humanidades de la ULL expone ediciones especiales de El Quijote - ULL - Noticias\",\"isPartOf\":{\"@id\":\"https:\/\/www.ull.es\/portal\/noticias\/#website\"},\"datePublished\":\"2016-11-14T14:39:18+00:00\",\"dateModified\":\"2016-11-14T14:39:18+00:00\",\"author\":{\"@id\":\"https:\/\/www.ull.es\/portal\/noticias\/#\/schema\/person\/b2b1a89d43ffa609e591f7df8ef3e817\"},\"breadcrumb\":{\"@id\":\"https:\/\/www.ull.es\/portal\/noticias\/2016\/la-biblioteca-general-y-de-humanidades-de-la-ull-expone-ediciones-especiales-de-el-quijote\/#breadcrumb\"},\"inLanguage\":\"es\",\"potentialAction\":[{\"@type\":\"ReadAction\",\"target\":[\"https:\/\/www.ull.es\/portal\/noticias\/2016\/la-biblioteca-general-y-de-humanidades-de-la-ull-expone-ediciones-especiales-de-el-quijote\/\"]}]},{\"@type\":\"BreadcrumbList\",\"@id\":\"https:\/\/www.ull.es\/portal\/noticias\/2016\/la-biblioteca-general-y-de-humanidades-de-la-ull-expone-ediciones-especiales-de-el-quijote\/#breadcrumb\",\"itemListElement\":[{\"@type\":\"ListItem\",\"position\":1,\"name\":\"Portada\",\"item\":\"https:\/\/www.ull.es\/portal\/noticias\/\"},{\"@type\":\"ListItem\",\"position\":2,\"name\":\"La Biblioteca General y de Humanidades de la ULL expone ediciones especiales de El Quijote\"}]},{\"@type\":\"WebSite\",\"@id\":\"https:\/\/www.ull.es\/portal\/noticias\/#website\",\"url\":\"https:\/\/www.ull.es\/portal\/noticias\/\",\"name\":\"ULL - Noticias\",\"description\":\"\",\"potentialAction\":[{\"@type\":\"SearchAction\",\"target\":{\"@type\":\"EntryPoint\",\"urlTemplate\":\"https:\/\/www.ull.es\/portal\/noticias\/?s={search_term_string}\"},\"query-input\":\"required name=search_term_string\"}],\"inLanguage\":\"es\"},{\"@type\":\"Person\",\"@id\":\"https:\/\/www.ull.es\/portal\/noticias\/#\/schema\/person\/b2b1a89d43ffa609e591f7df8ef3e817\",\"name\":\"gaprsa\",\"image\":{\"@type\":\"ImageObject\",\"inLanguage\":\"es\",\"@id\":\"https:\/\/www.ull.es\/portal\/noticias\/#\/schema\/person\/image\/\",\"url\":\"https:\/\/secure.gravatar.com\/avatar\/443820550921091458b4823867723b3d?s=96&d=mm&r=g\",\"contentUrl\":\"https:\/\/secure.gravatar.com\/avatar\/443820550921091458b4823867723b3d?s=96&d=mm&r=g\",\"caption\":\"gaprsa\"},\"url\":\"https:\/\/www.ull.es\/portal\/noticias\/author\/gaprsa\/\"}]}<\/script>\n<!-- \/ Yoast SEO plugin. -->","yoast_head_json":{"title":"La Biblioteca General y de Humanidades de la ULL expone ediciones especiales de El Quijote - ULL - Noticias","robots":{"index":"index","follow":"follow","max-snippet":"max-snippet:-1","max-image-preview":"max-image-preview:large","max-video-preview":"max-video-preview:-1"},"canonical":"https:\/\/www.ull.es\/portal\/noticias\/2016\/la-biblioteca-general-y-de-humanidades-de-la-ull-expone-ediciones-especiales-de-el-quijote\/","og_locale":"es_ES","og_type":"article","og_title":"La Biblioteca General y de Humanidades de la ULL expone ediciones especiales de El Quijote - ULL - Noticias","og_description":"La Biblioteca General y de Humanidades de la Universidad de La Laguna acoge la exposici\u00f3n \u201cCervantes y el Quijote en...","og_url":"https:\/\/www.ull.es\/portal\/noticias\/2016\/la-biblioteca-general-y-de-humanidades-de-la-ull-expone-ediciones-especiales-de-el-quijote\/","og_site_name":"ULL - Noticias","article_publisher":"https:\/\/www.facebook.com\/universidaddelalaguna\/","article_published_time":"2016-11-14T14:39:18+00:00","og_image":[{"width":1034,"height":708,"url":"https:\/\/www.ull.es\/portal\/noticias\/wp-content\/uploads\/sites\/13\/2016\/11\/expo-quijote_directora-y-vicerrectora.jpg","type":"image\/jpeg"}],"author":"gaprsa","twitter_card":"summary_large_image","twitter_creator":"@CanalULL","twitter_site":"@CanalULL","twitter_misc":{"Escrito por":"gaprsa","Tiempo de lectura":"2 minutos"},"schema":{"@context":"https:\/\/schema.org","@graph":[{"@type":"WebPage","@id":"https:\/\/www.ull.es\/portal\/noticias\/2016\/la-biblioteca-general-y-de-humanidades-de-la-ull-expone-ediciones-especiales-de-el-quijote\/","url":"https:\/\/www.ull.es\/portal\/noticias\/2016\/la-biblioteca-general-y-de-humanidades-de-la-ull-expone-ediciones-especiales-de-el-quijote\/","name":"La Biblioteca General y de Humanidades de la ULL expone ediciones especiales de El Quijote - ULL - Noticias","isPartOf":{"@id":"https:\/\/www.ull.es\/portal\/noticias\/#website"},"datePublished":"2016-11-14T14:39:18+00:00","dateModified":"2016-11-14T14:39:18+00:00","author":{"@id":"https:\/\/www.ull.es\/portal\/noticias\/#\/schema\/person\/b2b1a89d43ffa609e591f7df8ef3e817"},"breadcrumb":{"@id":"https:\/\/www.ull.es\/portal\/noticias\/2016\/la-biblioteca-general-y-de-humanidades-de-la-ull-expone-ediciones-especiales-de-el-quijote\/#breadcrumb"},"inLanguage":"es","potentialAction":[{"@type":"ReadAction","target":["https:\/\/www.ull.es\/portal\/noticias\/2016\/la-biblioteca-general-y-de-humanidades-de-la-ull-expone-ediciones-especiales-de-el-quijote\/"]}]},{"@type":"BreadcrumbList","@id":"https:\/\/www.ull.es\/portal\/noticias\/2016\/la-biblioteca-general-y-de-humanidades-de-la-ull-expone-ediciones-especiales-de-el-quijote\/#breadcrumb","itemListElement":[{"@type":"ListItem","position":1,"name":"Portada","item":"https:\/\/www.ull.es\/portal\/noticias\/"},{"@type":"ListItem","position":2,"name":"La Biblioteca General y de Humanidades de la ULL expone ediciones especiales de El Quijote"}]},{"@type":"WebSite","@id":"https:\/\/www.ull.es\/portal\/noticias\/#website","url":"https:\/\/www.ull.es\/portal\/noticias\/","name":"ULL - Noticias","description":"","potentialAction":[{"@type":"SearchAction","target":{"@type":"EntryPoint","urlTemplate":"https:\/\/www.ull.es\/portal\/noticias\/?s={search_term_string}"},"query-input":"required name=search_term_string"}],"inLanguage":"es"},{"@type":"Person","@id":"https:\/\/www.ull.es\/portal\/noticias\/#\/schema\/person\/b2b1a89d43ffa609e591f7df8ef3e817","name":"gaprsa","image":{"@type":"ImageObject","inLanguage":"es","@id":"https:\/\/www.ull.es\/portal\/noticias\/#\/schema\/person\/image\/","url":"https:\/\/secure.gravatar.com\/avatar\/443820550921091458b4823867723b3d?s=96&d=mm&r=g","contentUrl":"https:\/\/secure.gravatar.com\/avatar\/443820550921091458b4823867723b3d?s=96&d=mm&r=g","caption":"gaprsa"},"url":"https:\/\/www.ull.es\/portal\/noticias\/author\/gaprsa\/"}]}},"primary_category":null,"featured_image_thumbnail_url":"https:\/\/www.ull.es\/portal\/noticias\/wp-content\/uploads\/sites\/13\/2016\/11\/expo-quijote_directora-y-vicerrectora-300x205.jpg","_links":{"self":[{"href":"https:\/\/www.ull.es\/portal\/noticias\/wp-json\/wp\/v2\/posts\/29299"}],"collection":[{"href":"https:\/\/www.ull.es\/portal\/noticias\/wp-json\/wp\/v2\/posts"}],"about":[{"href":"https:\/\/www.ull.es\/portal\/noticias\/wp-json\/wp\/v2\/types\/post"}],"author":[{"embeddable":true,"href":"https:\/\/www.ull.es\/portal\/noticias\/wp-json\/wp\/v2\/users\/23"}],"replies":[{"embeddable":true,"href":"https:\/\/www.ull.es\/portal\/noticias\/wp-json\/wp\/v2\/comments?post=29299"}],"version-history":[{"count":0,"href":"https:\/\/www.ull.es\/portal\/noticias\/wp-json\/wp\/v2\/posts\/29299\/revisions"}],"wp:featuredmedia":[{"embeddable":true,"href":"https:\/\/www.ull.es\/portal\/noticias\/wp-json\/wp\/v2\/media\/29300"}],"wp:attachment":[{"href":"https:\/\/www.ull.es\/portal\/noticias\/wp-json\/wp\/v2\/media?parent=29299"}],"wp:term":[{"taxonomy":"category","embeddable":true,"href":"https:\/\/www.ull.es\/portal\/noticias\/wp-json\/wp\/v2\/categories?post=29299"},{"taxonomy":"post_tag","embeddable":true,"href":"https:\/\/www.ull.es\/portal\/noticias\/wp-json\/wp\/v2\/tags?post=29299"}],"curies":[{"name":"wp","href":"https:\/\/api.w.org\/{rel}","templated":true}]}}