{"id":29304,"date":"2016-11-14T15:46:27","date_gmt":"2016-11-14T15:46:27","guid":{"rendered":"http:\/\/ddigital.webs.ull.es\/?p=29304"},"modified":"2016-11-14T15:46:27","modified_gmt":"2016-11-14T15:46:27","slug":"un-debate-organizado-por-la-ull-plantea-que-los-propios-universitarios-deben-asumir-su-responsabilidad-social","status":"publish","type":"post","link":"https:\/\/www.ull.es\/portal\/noticias\/2016\/un-debate-organizado-por-la-ull-plantea-que-los-propios-universitarios-deben-asumir-su-responsabilidad-social\/","title":{"rendered":"Un debate organizado por la ULL plantea que los propios universitarios deben asumir su responsabilidad social"},"content":{"rendered":"<p>La C\u00e1tedra Pedro Garc\u00eda Cabrera de la Universidad de La Laguna ha organizado el coloquio \u201cLa Universidad a debate\u201d, celebrado hoy, lunes 14 de noviembre en la Facultad de Derecho. Tras <a href=\"http:\/\/ddigital.webs.ull.es\/expertos-se-cuestionan-si-la-autonomia-universitaria-ha-servido-para-crear-una-mejor-universidad\/\" target=\"_blank\" target=\"_blank\" rel=\"noopener\">una primera parte <\/a>moderada por el ex-rector de la ULPGC Jos\u00e9 Regidor, la segunda estuvo coordinado por la ex-rectora de la ULL Marisa Tejedor. En ella se debati\u00f3 la responsabilidad social de las instituciones de educaci\u00f3n superior, y una conclusi\u00f3n compartida por los participantes fue que, para que \u00e9sta se produjera, era necesario que los propios componentes de la comunidad universitaria asumieran que tiene un rol de servicio social<\/p>\n<p>As\u00ed lo expres\u00f3 Daniel Alonso Ram\u00edrez, catedr\u00e1tico de F\u00edsica Aplicada de la ULL, quien, ante la duda sobre si la sociedad reconoce suficientemente la labor de las universidades, consider\u00f3 que s\u00ed. Las encuestas sit\u00faan a profesores e investigadores como los profesionales m\u00e1s valorados tras m\u00e9dicos y jueces, y, por otro lado, los centros acad\u00e9micos reciben financiaci\u00f3n p\u00fablica. \u201cLa gente conf\u00eda en nosotros, pero, una vez que se nos ha conferido esa responsabilidad social, \u00bfqu\u00e9 hacemos? Quiz\u00e1 deber\u00edamos cambiar nuestra conducta: \u00bfcreemos realmente que tenemos ese papel?\u201d<\/p>\n<p>Alicia Fern\u00e1ndez, catedr\u00e1tica de Filolog\u00eda Francesa de la Universidad Nacional de Educaci\u00f3n a Distancia, consider\u00f3 que uno de los problemas para conectarse con la sociedad es que la universidad no parece tener mucha relaci\u00f3n con los niveles educativos anteriores, que es de donde provendr\u00e1n sus estudiantes<\/p>\n<p>Mar\u00eda Jos\u00e9 Alonso Fern\u00e1ndez, catedr\u00e1tica de Farmacia y Tecnolog\u00eda Farmac\u00e9utica de la Universidad de Santiago de Compostela, cree que, a diferencia de los que sucede en el mundo anglosaj\u00f3n, la sociedad espa\u00f1ola no valora adecuadamente lo que supone poseer estudios universitarios, en parte porque, en su opini\u00f3n, no hay un buen proceso de selecci\u00f3n de los estudiantes que acceden a los estudios y, adem\u00e1s, la poblaci\u00f3n no tiene una noci\u00f3n real de lo que cuestan estos estudios.<\/p>\n<p>Ante la pregunta sobre la pertinencia de los consejos sociales como \u00f3rganos de engarce con la sociedad, otro de los ponentes, Gin\u00e9s Salido Ruiz, catedr\u00e1tico de Fisiolog\u00eda de la Universidad de Extremadura, fue muy cr\u00edtico: \u201cCreo que est\u00e1n vac\u00edos de contenido y hay que reformarlos\u201d. Explic\u00f3 que cuando se leen sus atribuciones, aparentemente son muy coherentes y \u00fatiles, pero a la hora de la verdad, no se les ha sacado provecho, por lo que cree que su figura deber\u00eda ser reconsiderada, una opini\u00f3n compartida por varios de los dem\u00e1s participantes.<\/p>\n<p>En opini\u00f3n de Aurelia Modrego Rico, profesora Titular de Econom\u00eda Aplicada de la Universidad Carlos III de Madrid, las universidades deben plantearse si, de cara a la sociedad, est\u00e1n ofertando al alumnado un valor a\u00f1adido, un plus formativo que realmente les distinga en el mercado laboral y que no pueda obtenerse en otro nivel formativo. \u201cTenemos que demostrar nuestro valor a la sociedad con los productos y servicios que le damos\u201d.<\/p>\n<p>Por su parte, Fernando Broncano Rodr\u00edguez, catedr\u00e1tico de L\u00f3gica y Filosof\u00eda de la Ciencia de la Universidad Carlos III de Madrid, critic\u00f3 la falta de proactividad de las universidades: \u201cEstamos esperando a que el bando de turno venga a darnos dinero. Y no es eso\u201d. Hablo de iniciativas para crear <em>start-ups<\/em> en el seno de las instituciones acad\u00e9micas y record\u00f3 que en estos procesos las Humanidades tambi\u00e9n tiene un papel fundamental en la industria cultural.<\/p>\n<p><strong>R\u00e1nquines<\/strong><\/p>\n<p>Otro de los bloques de este debate se centr\u00f3 en la evaluaci\u00f3n de las universidades y, en especial, los r\u00e1nquines que tan en boga est\u00e1n en los \u00faltimos tiempos. Entre los ponentes, se suscit\u00f3 la pol\u00e9mica acerca de qu\u00e9 se debe evaluar y, sobre todo, si es justo aplicar los mismos criterios a todas las instituciones por igual, puesto que existen muchas diferencias entre unas y otras.<\/p>\n<p>Abundando en ese razonamiento, de Aurelia Modrego reflexion\u00f3 que \u201clos indicadores no son el objetivo\u201d, sino elementos que permiten observar y medir una realidad. \u201cEstamos neurotizados por los r\u00e1nquines. Ya est\u00e1 bien de estar pendientes del n\u00famero de publicaciones y de citas\u201d. En su opini\u00f3n, quien debe evaluar es un grupo de expertos de acreditada experiencia que sea externo a la instituci\u00f3n. \u201cY no me estoy refiriendo a la ANECA\u201d, apostill\u00f3.<\/p>\n<p>Para Fernando Broncano, es esencial asumir que el PDI debe ser evaluado; el problema es que para hacerlo se est\u00e1 aplicando \u201cel modelo de las f\u00e1bricas de coches\u201d. Plante\u00f3 la posibilidad de que las universidades rindieran cuentas con \u201cindicadores end\u00f3genos\u201d a trav\u00e9s de contratos programa: documentos en los que se comprometan a alcanzar unos objetivos fijados por las mismas instituciones cuyo grado de cumplimiento ser\u00eda verificado por la entidad con la que se haya suscrito el acuerdo.<\/p>\n<p>Seg\u00fan Gin\u00e9s Salido, es fundamental determinar su utilidad como algo m\u00e1s que una mera tabla clasificatoria para compararse con la universidad de al lado. \u201c\u00bfPara qu\u00e9 los queremos si no estamos dispuestos a utilizarlos como herramienta de mejora? Para ello, es importante determinar cu\u00e1l va a ser la consecuencia pol\u00edtica de los resultados obtenidos\u201d.<\/p>\n","protected":false},"excerpt":{"rendered":"<p>La C\u00e1tedra Pedro Garc\u00eda Cabrera de la Universidad de La Laguna ha organizado el coloquio \u201cLa Universidad a debate\u201d, celebrado&#8230;<\/p>\n","protected":false},"author":23,"featured_media":29305,"comment_status":"open","ping_status":"open","sticky":false,"template":"","format":"standard","meta":{"inline_featured_image":false,"footnotes":""},"categories":[345,348,1],"tags":[761,981,1220,2228,2229,2527,2560],"acf":[],"yoast_head":"<!-- This site is optimized with the Yoast SEO plugin v21.3 - https:\/\/yoast.com\/wordpress\/plugins\/seo\/ -->\n<title>Un debate organizado por la ULL plantea que los propios universitarios deben asumir su responsabilidad social - ULL - Noticias<\/title>\n<meta name=\"robots\" content=\"index, follow, max-snippet:-1, max-image-preview:large, max-video-preview:-1\" \/>\n<link rel=\"canonical\" href=\"https:\/\/www.ull.es\/portal\/noticias\/2016\/un-debate-organizado-por-la-ull-plantea-que-los-propios-universitarios-deben-asumir-su-responsabilidad-social\/\" \/>\n<meta property=\"og:locale\" content=\"es_ES\" \/>\n<meta property=\"og:type\" content=\"article\" \/>\n<meta property=\"og:title\" content=\"Un debate organizado por la ULL plantea que los propios universitarios deben asumir su responsabilidad social - ULL - Noticias\" \/>\n<meta property=\"og:description\" content=\"La C\u00e1tedra Pedro Garc\u00eda Cabrera de la Universidad de La Laguna ha organizado el coloquio \u201cLa Universidad a debate\u201d, celebrado...\" \/>\n<meta property=\"og:url\" content=\"https:\/\/www.ull.es\/portal\/noticias\/2016\/un-debate-organizado-por-la-ull-plantea-que-los-propios-universitarios-deben-asumir-su-responsabilidad-social\/\" \/>\n<meta property=\"og:site_name\" content=\"ULL - Noticias\" \/>\n<meta property=\"article:publisher\" content=\"https:\/\/www.facebook.com\/universidaddelalaguna\/\" \/>\n<meta property=\"article:published_time\" content=\"2016-11-14T15:46:27+00:00\" \/>\n<meta property=\"og:image\" content=\"https:\/\/www.ull.es\/portal\/noticias\/wp-content\/uploads\/sites\/13\/2023\/06\/logo-redimensionado.png\" \/>\n\t<meta property=\"og:image:width\" content=\"1200\" \/>\n\t<meta property=\"og:image:height\" content=\"630\" \/>\n\t<meta property=\"og:image:type\" content=\"image\/png\" \/>\n<meta name=\"author\" content=\"gaprsa\" \/>\n<meta name=\"twitter:card\" content=\"summary_large_image\" \/>\n<meta name=\"twitter:creator\" content=\"@CanalULL\" \/>\n<meta name=\"twitter:site\" content=\"@CanalULL\" \/>\n<meta name=\"twitter:label1\" content=\"Escrito por\" \/>\n\t<meta name=\"twitter:data1\" content=\"gaprsa\" \/>\n\t<meta name=\"twitter:label2\" content=\"Tiempo de lectura\" \/>\n\t<meta name=\"twitter:data2\" content=\"4 minutos\" \/>\n<script type=\"application\/ld+json\" class=\"yoast-schema-graph\">{\"@context\":\"https:\/\/schema.org\",\"@graph\":[{\"@type\":\"WebPage\",\"@id\":\"https:\/\/www.ull.es\/portal\/noticias\/2016\/un-debate-organizado-por-la-ull-plantea-que-los-propios-universitarios-deben-asumir-su-responsabilidad-social\/\",\"url\":\"https:\/\/www.ull.es\/portal\/noticias\/2016\/un-debate-organizado-por-la-ull-plantea-que-los-propios-universitarios-deben-asumir-su-responsabilidad-social\/\",\"name\":\"Un debate organizado por la ULL plantea que los propios universitarios deben asumir su responsabilidad social - ULL - Noticias\",\"isPartOf\":{\"@id\":\"https:\/\/www.ull.es\/portal\/noticias\/#website\"},\"datePublished\":\"2016-11-14T15:46:27+00:00\",\"dateModified\":\"2016-11-14T15:46:27+00:00\",\"author\":{\"@id\":\"https:\/\/www.ull.es\/portal\/noticias\/#\/schema\/person\/b2b1a89d43ffa609e591f7df8ef3e817\"},\"breadcrumb\":{\"@id\":\"https:\/\/www.ull.es\/portal\/noticias\/2016\/un-debate-organizado-por-la-ull-plantea-que-los-propios-universitarios-deben-asumir-su-responsabilidad-social\/#breadcrumb\"},\"inLanguage\":\"es\",\"potentialAction\":[{\"@type\":\"ReadAction\",\"target\":[\"https:\/\/www.ull.es\/portal\/noticias\/2016\/un-debate-organizado-por-la-ull-plantea-que-los-propios-universitarios-deben-asumir-su-responsabilidad-social\/\"]}]},{\"@type\":\"BreadcrumbList\",\"@id\":\"https:\/\/www.ull.es\/portal\/noticias\/2016\/un-debate-organizado-por-la-ull-plantea-que-los-propios-universitarios-deben-asumir-su-responsabilidad-social\/#breadcrumb\",\"itemListElement\":[{\"@type\":\"ListItem\",\"position\":1,\"name\":\"Portada\",\"item\":\"https:\/\/www.ull.es\/portal\/noticias\/\"},{\"@type\":\"ListItem\",\"position\":2,\"name\":\"Un debate organizado por la ULL plantea que los propios universitarios deben asumir su responsabilidad social\"}]},{\"@type\":\"WebSite\",\"@id\":\"https:\/\/www.ull.es\/portal\/noticias\/#website\",\"url\":\"https:\/\/www.ull.es\/portal\/noticias\/\",\"name\":\"ULL - Noticias\",\"description\":\"\",\"potentialAction\":[{\"@type\":\"SearchAction\",\"target\":{\"@type\":\"EntryPoint\",\"urlTemplate\":\"https:\/\/www.ull.es\/portal\/noticias\/?s={search_term_string}\"},\"query-input\":\"required name=search_term_string\"}],\"inLanguage\":\"es\"},{\"@type\":\"Person\",\"@id\":\"https:\/\/www.ull.es\/portal\/noticias\/#\/schema\/person\/b2b1a89d43ffa609e591f7df8ef3e817\",\"name\":\"gaprsa\",\"image\":{\"@type\":\"ImageObject\",\"inLanguage\":\"es\",\"@id\":\"https:\/\/www.ull.es\/portal\/noticias\/#\/schema\/person\/image\/\",\"url\":\"https:\/\/secure.gravatar.com\/avatar\/443820550921091458b4823867723b3d?s=96&d=mm&r=g\",\"contentUrl\":\"https:\/\/secure.gravatar.com\/avatar\/443820550921091458b4823867723b3d?s=96&d=mm&r=g\",\"caption\":\"gaprsa\"},\"url\":\"https:\/\/www.ull.es\/portal\/noticias\/author\/gaprsa\/\"}]}<\/script>\n<!-- \/ Yoast SEO plugin. -->","yoast_head_json":{"title":"Un debate organizado por la ULL plantea que los propios universitarios deben asumir su responsabilidad social - ULL - Noticias","robots":{"index":"index","follow":"follow","max-snippet":"max-snippet:-1","max-image-preview":"max-image-preview:large","max-video-preview":"max-video-preview:-1"},"canonical":"https:\/\/www.ull.es\/portal\/noticias\/2016\/un-debate-organizado-por-la-ull-plantea-que-los-propios-universitarios-deben-asumir-su-responsabilidad-social\/","og_locale":"es_ES","og_type":"article","og_title":"Un debate organizado por la ULL plantea que los propios universitarios deben asumir su responsabilidad social - ULL - Noticias","og_description":"La C\u00e1tedra Pedro Garc\u00eda Cabrera de la Universidad de La Laguna ha organizado el coloquio \u201cLa Universidad a debate\u201d, celebrado...","og_url":"https:\/\/www.ull.es\/portal\/noticias\/2016\/un-debate-organizado-por-la-ull-plantea-que-los-propios-universitarios-deben-asumir-su-responsabilidad-social\/","og_site_name":"ULL - Noticias","article_publisher":"https:\/\/www.facebook.com\/universidaddelalaguna\/","article_published_time":"2016-11-14T15:46:27+00:00","og_image":[{"width":1200,"height":630,"url":"https:\/\/www.ull.es\/portal\/noticias\/wp-content\/uploads\/sites\/13\/2023\/06\/logo-redimensionado.png","type":"image\/png"}],"author":"gaprsa","twitter_card":"summary_large_image","twitter_creator":"@CanalULL","twitter_site":"@CanalULL","twitter_misc":{"Escrito por":"gaprsa","Tiempo de lectura":"4 minutos"},"schema":{"@context":"https:\/\/schema.org","@graph":[{"@type":"WebPage","@id":"https:\/\/www.ull.es\/portal\/noticias\/2016\/un-debate-organizado-por-la-ull-plantea-que-los-propios-universitarios-deben-asumir-su-responsabilidad-social\/","url":"https:\/\/www.ull.es\/portal\/noticias\/2016\/un-debate-organizado-por-la-ull-plantea-que-los-propios-universitarios-deben-asumir-su-responsabilidad-social\/","name":"Un debate organizado por la ULL plantea que los propios universitarios deben asumir su responsabilidad social - ULL - Noticias","isPartOf":{"@id":"https:\/\/www.ull.es\/portal\/noticias\/#website"},"datePublished":"2016-11-14T15:46:27+00:00","dateModified":"2016-11-14T15:46:27+00:00","author":{"@id":"https:\/\/www.ull.es\/portal\/noticias\/#\/schema\/person\/b2b1a89d43ffa609e591f7df8ef3e817"},"breadcrumb":{"@id":"https:\/\/www.ull.es\/portal\/noticias\/2016\/un-debate-organizado-por-la-ull-plantea-que-los-propios-universitarios-deben-asumir-su-responsabilidad-social\/#breadcrumb"},"inLanguage":"es","potentialAction":[{"@type":"ReadAction","target":["https:\/\/www.ull.es\/portal\/noticias\/2016\/un-debate-organizado-por-la-ull-plantea-que-los-propios-universitarios-deben-asumir-su-responsabilidad-social\/"]}]},{"@type":"BreadcrumbList","@id":"https:\/\/www.ull.es\/portal\/noticias\/2016\/un-debate-organizado-por-la-ull-plantea-que-los-propios-universitarios-deben-asumir-su-responsabilidad-social\/#breadcrumb","itemListElement":[{"@type":"ListItem","position":1,"name":"Portada","item":"https:\/\/www.ull.es\/portal\/noticias\/"},{"@type":"ListItem","position":2,"name":"Un debate organizado por la ULL plantea que los propios universitarios deben asumir su responsabilidad social"}]},{"@type":"WebSite","@id":"https:\/\/www.ull.es\/portal\/noticias\/#website","url":"https:\/\/www.ull.es\/portal\/noticias\/","name":"ULL - Noticias","description":"","potentialAction":[{"@type":"SearchAction","target":{"@type":"EntryPoint","urlTemplate":"https:\/\/www.ull.es\/portal\/noticias\/?s={search_term_string}"},"query-input":"required name=search_term_string"}],"inLanguage":"es"},{"@type":"Person","@id":"https:\/\/www.ull.es\/portal\/noticias\/#\/schema\/person\/b2b1a89d43ffa609e591f7df8ef3e817","name":"gaprsa","image":{"@type":"ImageObject","inLanguage":"es","@id":"https:\/\/www.ull.es\/portal\/noticias\/#\/schema\/person\/image\/","url":"https:\/\/secure.gravatar.com\/avatar\/443820550921091458b4823867723b3d?s=96&d=mm&r=g","contentUrl":"https:\/\/secure.gravatar.com\/avatar\/443820550921091458b4823867723b3d?s=96&d=mm&r=g","caption":"gaprsa"},"url":"https:\/\/www.ull.es\/portal\/noticias\/author\/gaprsa\/"}]}},"primary_category":null,"featured_image_thumbnail_url":null,"_links":{"self":[{"href":"https:\/\/www.ull.es\/portal\/noticias\/wp-json\/wp\/v2\/posts\/29304"}],"collection":[{"href":"https:\/\/www.ull.es\/portal\/noticias\/wp-json\/wp\/v2\/posts"}],"about":[{"href":"https:\/\/www.ull.es\/portal\/noticias\/wp-json\/wp\/v2\/types\/post"}],"author":[{"embeddable":true,"href":"https:\/\/www.ull.es\/portal\/noticias\/wp-json\/wp\/v2\/users\/23"}],"replies":[{"embeddable":true,"href":"https:\/\/www.ull.es\/portal\/noticias\/wp-json\/wp\/v2\/comments?post=29304"}],"version-history":[{"count":0,"href":"https:\/\/www.ull.es\/portal\/noticias\/wp-json\/wp\/v2\/posts\/29304\/revisions"}],"wp:featuredmedia":[{"embeddable":true,"href":"https:\/\/www.ull.es\/portal\/noticias\/wp-json\/"}],"wp:attachment":[{"href":"https:\/\/www.ull.es\/portal\/noticias\/wp-json\/wp\/v2\/media?parent=29304"}],"wp:term":[{"taxonomy":"category","embeddable":true,"href":"https:\/\/www.ull.es\/portal\/noticias\/wp-json\/wp\/v2\/categories?post=29304"},{"taxonomy":"post_tag","embeddable":true,"href":"https:\/\/www.ull.es\/portal\/noticias\/wp-json\/wp\/v2\/tags?post=29304"}],"curies":[{"name":"wp","href":"https:\/\/api.w.org\/{rel}","templated":true}]}}