{"id":29340,"date":"2016-11-16T15:02:16","date_gmt":"2016-11-16T15:02:16","guid":{"rendered":"http:\/\/ddigital.webs.ull.es\/?p=29340"},"modified":"2016-11-16T15:02:16","modified_gmt":"2016-11-16T15:02:16","slug":"finalizada-la-primera-tanda-de-cursos-de-la-academia-de-otono-de-la-eaie-celebrada-en-la-ull","status":"publish","type":"post","link":"https:\/\/www.ull.es\/portal\/noticias\/2016\/finalizada-la-primera-tanda-de-cursos-de-la-academia-de-otono-de-la-eaie-celebrada-en-la-ull\/","title":{"rendered":"Finalizada la primera tanda de cursos de la Academia de Oto\u00f1o de la EAIE celebrada en la ULL"},"content":{"rendered":"<p>Desde el lunes 14 de noviembre y hasta el viernes 18, la Secci\u00f3n de Bellas Artes de la Universidad de La Laguna acoge la Academia de Oto\u00f1o de la European Association for the Internationalization of the Education (EAIE). Este evento, que ha atra\u00eddo a m\u00e1s de 120 profesionales de la gesti\u00f3n internacional de la educaci\u00f3n superior procedentes de 24 pa\u00edses, ha sido promovido desde el Vicerrectorado de Internacionalizaci\u00f3n de la Universidad de La Laguna, y supone una oportunidad \u00fanica para la proyecci\u00f3n internacional de la instituci\u00f3n acad\u00e9mica.<\/p>\n<p>68 expertos y gestores de internacionalizaci\u00f3n de la educaci\u00f3n han participado durante la primera parte de la semana en cinco cursos de formaci\u00f3n intensiva centrados en el reclutamiento y atracci\u00f3n de estudiantes internacionales, el dise\u00f1o de planes estrat\u00e9gicos de internacionalizaci\u00f3n, la construcci\u00f3n de competencias interculturales, la direcci\u00f3n de las oficinas de relaciones internacionales y la evaluaci\u00f3n de credenciales internacionales.<\/p>\n<p>A partir de hoy, mi\u00e9rcoles 16 de noviembre, dar\u00e1n comienzo otros cinco cursos en los participar\u00e1n un total de 74 personas, que abordar\u00e1n tem\u00e1ticas tan actuales con la ense\u00f1anza en ingl\u00e9s, la gesti\u00f3n de la situaciones de crisis en la que se ven involucrado estudiantes internacionales, el valor a\u00f1adido de los socios internacionales, entre otras.<\/p>\n<p>Paralelamente a la formaci\u00f3n especializada de la EAIE, los asistentes a esta academia oto\u00f1al est\u00e1n disfrutando de una agenda social y cultural paralela, con visitas al centro hist\u00f3rico de La Laguna y al Parque Nacional del Teide.<\/p>\n","protected":false},"excerpt":{"rendered":"<p>Desde el lunes 14 de noviembre y hasta el viernes 18, la Secci\u00f3n de Bellas Artes de la Universidad de&#8230;<\/p>\n","protected":false},"author":23,"featured_media":29343,"comment_status":"open","ping_status":"open","sticky":false,"template":"","format":"standard","meta":{"inline_featured_image":false,"footnotes":""},"categories":[345,349,1],"tags":[556,959,1078,1537,2527,2560,2605],"acf":[],"yoast_head":"<!-- This site is optimized with the Yoast SEO plugin v21.3 - https:\/\/yoast.com\/wordpress\/plugins\/seo\/ -->\n<title>Finalizada la primera tanda de cursos de la Academia de Oto\u00f1o de la EAIE celebrada en la ULL - ULL - Noticias<\/title>\n<meta name=\"robots\" content=\"index, follow, max-snippet:-1, max-image-preview:large, max-video-preview:-1\" \/>\n<link rel=\"canonical\" href=\"https:\/\/www.ull.es\/portal\/noticias\/2016\/finalizada-la-primera-tanda-de-cursos-de-la-academia-de-otono-de-la-eaie-celebrada-en-la-ull\/\" \/>\n<meta property=\"og:locale\" content=\"es_ES\" \/>\n<meta property=\"og:type\" content=\"article\" \/>\n<meta property=\"og:title\" content=\"Finalizada la primera tanda de cursos de la Academia de Oto\u00f1o de la EAIE celebrada en la ULL - ULL - Noticias\" \/>\n<meta property=\"og:description\" content=\"Desde el lunes 14 de noviembre y hasta el viernes 18, la Secci\u00f3n de Bellas Artes de la Universidad de...\" \/>\n<meta property=\"og:url\" content=\"https:\/\/www.ull.es\/portal\/noticias\/2016\/finalizada-la-primera-tanda-de-cursos-de-la-academia-de-otono-de-la-eaie-celebrada-en-la-ull\/\" \/>\n<meta property=\"og:site_name\" content=\"ULL - Noticias\" \/>\n<meta property=\"article:publisher\" content=\"https:\/\/www.facebook.com\/universidaddelalaguna\/\" \/>\n<meta property=\"article:published_time\" content=\"2016-11-16T15:02:16+00:00\" \/>\n<meta property=\"og:image\" content=\"https:\/\/www.ull.es\/portal\/noticias\/wp-content\/uploads\/sites\/13\/2016\/11\/academia-eaie-primera-parte-foto-DANIEL_VEGEL.jpg\" \/>\n\t<meta property=\"og:image:width\" content=\"1024\" \/>\n\t<meta property=\"og:image:height\" content=\"683\" \/>\n\t<meta property=\"og:image:type\" content=\"image\/jpeg\" \/>\n<meta name=\"author\" content=\"gaprsa\" \/>\n<meta name=\"twitter:card\" content=\"summary_large_image\" \/>\n<meta name=\"twitter:creator\" content=\"@CanalULL\" \/>\n<meta name=\"twitter:site\" content=\"@CanalULL\" \/>\n<meta name=\"twitter:label1\" content=\"Escrito por\" \/>\n\t<meta name=\"twitter:data1\" content=\"gaprsa\" \/>\n\t<meta name=\"twitter:label2\" content=\"Tiempo de lectura\" \/>\n\t<meta name=\"twitter:data2\" content=\"1 minuto\" \/>\n<script type=\"application\/ld+json\" class=\"yoast-schema-graph\">{\"@context\":\"https:\/\/schema.org\",\"@graph\":[{\"@type\":\"WebPage\",\"@id\":\"https:\/\/www.ull.es\/portal\/noticias\/2016\/finalizada-la-primera-tanda-de-cursos-de-la-academia-de-otono-de-la-eaie-celebrada-en-la-ull\/\",\"url\":\"https:\/\/www.ull.es\/portal\/noticias\/2016\/finalizada-la-primera-tanda-de-cursos-de-la-academia-de-otono-de-la-eaie-celebrada-en-la-ull\/\",\"name\":\"Finalizada la primera tanda de cursos de la Academia de Oto\u00f1o de la EAIE celebrada en la ULL - ULL - Noticias\",\"isPartOf\":{\"@id\":\"https:\/\/www.ull.es\/portal\/noticias\/#website\"},\"datePublished\":\"2016-11-16T15:02:16+00:00\",\"dateModified\":\"2016-11-16T15:02:16+00:00\",\"author\":{\"@id\":\"https:\/\/www.ull.es\/portal\/noticias\/#\/schema\/person\/b2b1a89d43ffa609e591f7df8ef3e817\"},\"breadcrumb\":{\"@id\":\"https:\/\/www.ull.es\/portal\/noticias\/2016\/finalizada-la-primera-tanda-de-cursos-de-la-academia-de-otono-de-la-eaie-celebrada-en-la-ull\/#breadcrumb\"},\"inLanguage\":\"es\",\"potentialAction\":[{\"@type\":\"ReadAction\",\"target\":[\"https:\/\/www.ull.es\/portal\/noticias\/2016\/finalizada-la-primera-tanda-de-cursos-de-la-academia-de-otono-de-la-eaie-celebrada-en-la-ull\/\"]}]},{\"@type\":\"BreadcrumbList\",\"@id\":\"https:\/\/www.ull.es\/portal\/noticias\/2016\/finalizada-la-primera-tanda-de-cursos-de-la-academia-de-otono-de-la-eaie-celebrada-en-la-ull\/#breadcrumb\",\"itemListElement\":[{\"@type\":\"ListItem\",\"position\":1,\"name\":\"Portada\",\"item\":\"https:\/\/www.ull.es\/portal\/noticias\/\"},{\"@type\":\"ListItem\",\"position\":2,\"name\":\"Finalizada la primera tanda de cursos de la Academia de Oto\u00f1o de la EAIE celebrada en la ULL\"}]},{\"@type\":\"WebSite\",\"@id\":\"https:\/\/www.ull.es\/portal\/noticias\/#website\",\"url\":\"https:\/\/www.ull.es\/portal\/noticias\/\",\"name\":\"ULL - Noticias\",\"description\":\"\",\"potentialAction\":[{\"@type\":\"SearchAction\",\"target\":{\"@type\":\"EntryPoint\",\"urlTemplate\":\"https:\/\/www.ull.es\/portal\/noticias\/?s={search_term_string}\"},\"query-input\":\"required name=search_term_string\"}],\"inLanguage\":\"es\"},{\"@type\":\"Person\",\"@id\":\"https:\/\/www.ull.es\/portal\/noticias\/#\/schema\/person\/b2b1a89d43ffa609e591f7df8ef3e817\",\"name\":\"gaprsa\",\"image\":{\"@type\":\"ImageObject\",\"inLanguage\":\"es\",\"@id\":\"https:\/\/www.ull.es\/portal\/noticias\/#\/schema\/person\/image\/\",\"url\":\"https:\/\/secure.gravatar.com\/avatar\/443820550921091458b4823867723b3d?s=96&d=mm&r=g\",\"contentUrl\":\"https:\/\/secure.gravatar.com\/avatar\/443820550921091458b4823867723b3d?s=96&d=mm&r=g\",\"caption\":\"gaprsa\"},\"url\":\"https:\/\/www.ull.es\/portal\/noticias\/author\/gaprsa\/\"}]}<\/script>\n<!-- \/ Yoast SEO plugin. -->","yoast_head_json":{"title":"Finalizada la primera tanda de cursos de la Academia de Oto\u00f1o de la EAIE celebrada en la ULL - ULL - Noticias","robots":{"index":"index","follow":"follow","max-snippet":"max-snippet:-1","max-image-preview":"max-image-preview:large","max-video-preview":"max-video-preview:-1"},"canonical":"https:\/\/www.ull.es\/portal\/noticias\/2016\/finalizada-la-primera-tanda-de-cursos-de-la-academia-de-otono-de-la-eaie-celebrada-en-la-ull\/","og_locale":"es_ES","og_type":"article","og_title":"Finalizada la primera tanda de cursos de la Academia de Oto\u00f1o de la EAIE celebrada en la ULL - ULL - Noticias","og_description":"Desde el lunes 14 de noviembre y hasta el viernes 18, la Secci\u00f3n de Bellas Artes de la Universidad de...","og_url":"https:\/\/www.ull.es\/portal\/noticias\/2016\/finalizada-la-primera-tanda-de-cursos-de-la-academia-de-otono-de-la-eaie-celebrada-en-la-ull\/","og_site_name":"ULL - Noticias","article_publisher":"https:\/\/www.facebook.com\/universidaddelalaguna\/","article_published_time":"2016-11-16T15:02:16+00:00","og_image":[{"width":1024,"height":683,"url":"https:\/\/www.ull.es\/portal\/noticias\/wp-content\/uploads\/sites\/13\/2016\/11\/academia-eaie-primera-parte-foto-DANIEL_VEGEL.jpg","type":"image\/jpeg"}],"author":"gaprsa","twitter_card":"summary_large_image","twitter_creator":"@CanalULL","twitter_site":"@CanalULL","twitter_misc":{"Escrito por":"gaprsa","Tiempo de lectura":"1 minuto"},"schema":{"@context":"https:\/\/schema.org","@graph":[{"@type":"WebPage","@id":"https:\/\/www.ull.es\/portal\/noticias\/2016\/finalizada-la-primera-tanda-de-cursos-de-la-academia-de-otono-de-la-eaie-celebrada-en-la-ull\/","url":"https:\/\/www.ull.es\/portal\/noticias\/2016\/finalizada-la-primera-tanda-de-cursos-de-la-academia-de-otono-de-la-eaie-celebrada-en-la-ull\/","name":"Finalizada la primera tanda de cursos de la Academia de Oto\u00f1o de la EAIE celebrada en la ULL - ULL - Noticias","isPartOf":{"@id":"https:\/\/www.ull.es\/portal\/noticias\/#website"},"datePublished":"2016-11-16T15:02:16+00:00","dateModified":"2016-11-16T15:02:16+00:00","author":{"@id":"https:\/\/www.ull.es\/portal\/noticias\/#\/schema\/person\/b2b1a89d43ffa609e591f7df8ef3e817"},"breadcrumb":{"@id":"https:\/\/www.ull.es\/portal\/noticias\/2016\/finalizada-la-primera-tanda-de-cursos-de-la-academia-de-otono-de-la-eaie-celebrada-en-la-ull\/#breadcrumb"},"inLanguage":"es","potentialAction":[{"@type":"ReadAction","target":["https:\/\/www.ull.es\/portal\/noticias\/2016\/finalizada-la-primera-tanda-de-cursos-de-la-academia-de-otono-de-la-eaie-celebrada-en-la-ull\/"]}]},{"@type":"BreadcrumbList","@id":"https:\/\/www.ull.es\/portal\/noticias\/2016\/finalizada-la-primera-tanda-de-cursos-de-la-academia-de-otono-de-la-eaie-celebrada-en-la-ull\/#breadcrumb","itemListElement":[{"@type":"ListItem","position":1,"name":"Portada","item":"https:\/\/www.ull.es\/portal\/noticias\/"},{"@type":"ListItem","position":2,"name":"Finalizada la primera tanda de cursos de la Academia de Oto\u00f1o de la EAIE celebrada en la ULL"}]},{"@type":"WebSite","@id":"https:\/\/www.ull.es\/portal\/noticias\/#website","url":"https:\/\/www.ull.es\/portal\/noticias\/","name":"ULL - Noticias","description":"","potentialAction":[{"@type":"SearchAction","target":{"@type":"EntryPoint","urlTemplate":"https:\/\/www.ull.es\/portal\/noticias\/?s={search_term_string}"},"query-input":"required name=search_term_string"}],"inLanguage":"es"},{"@type":"Person","@id":"https:\/\/www.ull.es\/portal\/noticias\/#\/schema\/person\/b2b1a89d43ffa609e591f7df8ef3e817","name":"gaprsa","image":{"@type":"ImageObject","inLanguage":"es","@id":"https:\/\/www.ull.es\/portal\/noticias\/#\/schema\/person\/image\/","url":"https:\/\/secure.gravatar.com\/avatar\/443820550921091458b4823867723b3d?s=96&d=mm&r=g","contentUrl":"https:\/\/secure.gravatar.com\/avatar\/443820550921091458b4823867723b3d?s=96&d=mm&r=g","caption":"gaprsa"},"url":"https:\/\/www.ull.es\/portal\/noticias\/author\/gaprsa\/"}]}},"primary_category":null,"featured_image_thumbnail_url":"https:\/\/www.ull.es\/portal\/noticias\/wp-content\/uploads\/sites\/13\/2016\/11\/academia-eaie-primera-parte-foto-DANIEL_VEGEL-300x200.jpg","_links":{"self":[{"href":"https:\/\/www.ull.es\/portal\/noticias\/wp-json\/wp\/v2\/posts\/29340"}],"collection":[{"href":"https:\/\/www.ull.es\/portal\/noticias\/wp-json\/wp\/v2\/posts"}],"about":[{"href":"https:\/\/www.ull.es\/portal\/noticias\/wp-json\/wp\/v2\/types\/post"}],"author":[{"embeddable":true,"href":"https:\/\/www.ull.es\/portal\/noticias\/wp-json\/wp\/v2\/users\/23"}],"replies":[{"embeddable":true,"href":"https:\/\/www.ull.es\/portal\/noticias\/wp-json\/wp\/v2\/comments?post=29340"}],"version-history":[{"count":0,"href":"https:\/\/www.ull.es\/portal\/noticias\/wp-json\/wp\/v2\/posts\/29340\/revisions"}],"wp:featuredmedia":[{"embeddable":true,"href":"https:\/\/www.ull.es\/portal\/noticias\/wp-json\/wp\/v2\/media\/29343"}],"wp:attachment":[{"href":"https:\/\/www.ull.es\/portal\/noticias\/wp-json\/wp\/v2\/media?parent=29340"}],"wp:term":[{"taxonomy":"category","embeddable":true,"href":"https:\/\/www.ull.es\/portal\/noticias\/wp-json\/wp\/v2\/categories?post=29340"},{"taxonomy":"post_tag","embeddable":true,"href":"https:\/\/www.ull.es\/portal\/noticias\/wp-json\/wp\/v2\/tags?post=29340"}],"curies":[{"name":"wp","href":"https:\/\/api.w.org\/{rel}","templated":true}]}}