{"id":29715,"date":"2016-12-15T14:44:18","date_gmt":"2016-12-15T14:44:18","guid":{"rendered":"http:\/\/ddigital.webs.ull.es\/?p=29715"},"modified":"2016-12-15T14:44:18","modified_gmt":"2016-12-15T14:44:18","slug":"la-ull-colaborara-con-la-asociacion-asistia-para-que-jovenes-universitarios-se-alojen-con-personas-mayores","status":"publish","type":"post","link":"https:\/\/www.ull.es\/portal\/noticias\/2016\/la-ull-colaborara-con-la-asociacion-asistia-para-que-jovenes-universitarios-se-alojen-con-personas-mayores\/","title":{"rendered":"La ULL colaborar\u00e1 con la asociaci\u00f3n Asistia para que j\u00f3venes universitarios se alojen con personas mayores"},"content":{"rendered":"<p>La Asociaci\u00f3n Social Asistia est\u00e1 promoviendo el alojamiento de j\u00f3venes en el domicilio de personas mayores que vivan solas. La organizaci\u00f3n cree que al p\u00fablico universitario puede resultarle especialmente interesante esta iniciativa y, por ello, ha suscrito un convenio de colaboraci\u00f3n con la Universidad de La Laguna para que la instituci\u00f3n promocione este programa entre su alumnado.<\/p>\n<p>Aunque el convenio ya hab\u00eda sido firmado hace algunas semanas, hoy, 15 de diciembre, los representantes de ambas partes se han reunido en el Rectorado de la ULL para poner definitivamente en marcha este proyecto. Por parte del centro docente estuvieron presentes su rector, Antonio Martin\u00f3n, y el vicerrector de Relaciones con la Sociedad, Francisco Garc\u00eda, mientras que por la asociaci\u00f3n acudieron su presidente, Valeriano Hidalgo, y su vicepresidente y trabajador social, Miguel Carvajal.<\/p>\n<p>Como explicaron los representantes de la asociaci\u00f3n, esta iniciativa suple las necesidades de los dos colectivos implicados: las personas mayores que viven solas podr\u00e1n tener compa\u00f1\u00eda y mitigar su soledad, mientras que estudiantes con dificultades econ\u00f3micas para encontrar alojamiento durante sus estudios podr\u00e1n solventar parcialmente la situaci\u00f3n compartiendo espacio con los mayores.<\/p>\n<p>La asociaci\u00f3n se encargar\u00e1 de estudiar el perfil tanto de los mayores como de los estudiantes y realizar\u00e1 una serie de entrevistas y estudios de afinidad para asegurar que la convivencia sea lo m\u00e1s pl\u00e1cida posible. Adem\u00e1s, en todo momento se realizar\u00e1 un seguimiento de cada caso para evitar posibles conflictos.<\/p>\n<p>El programa incluye \u00fanicamente a mayores que sean aut\u00f3nomos, porque en ning\u00fan caso se trata de que los estudiantes sustituyan al personal especializado en casos de dependencias o enfermedades graves: lo que se busca es que acompa\u00f1en, no que cuiden.<\/p>\n<p>La convivencia se articular\u00e1 mediante un contrato que recoge una serie de condiciones m\u00ednimas: por ejemplo, el n\u00famero de horas que los estudiantes deber\u00e1n pasar con el mayor que les aloja. Tambi\u00e9n se estipula que, aunque los universitarios no pagar\u00e1n alquiler por su estancia, s\u00ed compartir\u00e1n gastos de suministros y alimentaci\u00f3n, pues se busca que su presencia no suponga una carga para los mayores.<\/p>\n<p>Por su parte, la universidad empezar\u00e1 a estudiar c\u00f3mo poner en marcha esta iniciativa, probablemente a trav\u00e9s del Servicio de Alojamiento institucional, con vistas a poder desarrollarlo a partir del pr\u00f3ximo curso.<\/p>\n<p>Los responsables de Asistia revelaron que proyectos similares ya se est\u00e1n desarrollando en algunas ciudades espa\u00f1olas y que, adem\u00e1s, en su caso cuentan con el apoyo de la Consejer\u00eda de Empleo, Pol\u00edticas Sociales y Vivienda del Gobierno de Canarias y la Obra Social \u201cla Caixa\u201d.<\/p>\n","protected":false},"excerpt":{"rendered":"<p>La Asociaci\u00f3n Social Asistia est\u00e1 promoviendo el alojamiento de j\u00f3venes en el domicilio de personas mayores que vivan solas. La&#8230;<\/p>\n","protected":false},"author":23,"featured_media":29716,"comment_status":"open","ping_status":"open","sticky":false,"template":"","format":"standard","meta":{"inline_featured_image":false,"footnotes":""},"categories":[345,348,1],"tags":[457,517,547,910,1304,1867,2527,2560],"acf":[],"yoast_head":"<!-- This site is optimized with the Yoast SEO plugin v21.3 - https:\/\/yoast.com\/wordpress\/plugins\/seo\/ -->\n<title>La ULL colaborar\u00e1 con la asociaci\u00f3n Asistia para que j\u00f3venes universitarios se alojen con personas mayores - ULL - Noticias<\/title>\n<meta name=\"robots\" content=\"index, follow, max-snippet:-1, max-image-preview:large, max-video-preview:-1\" \/>\n<link rel=\"canonical\" href=\"https:\/\/www.ull.es\/portal\/noticias\/2016\/la-ull-colaborara-con-la-asociacion-asistia-para-que-jovenes-universitarios-se-alojen-con-personas-mayores\/\" \/>\n<meta property=\"og:locale\" content=\"es_ES\" \/>\n<meta property=\"og:type\" content=\"article\" \/>\n<meta property=\"og:title\" content=\"La ULL colaborar\u00e1 con la asociaci\u00f3n Asistia para que j\u00f3venes universitarios se alojen con personas mayores - ULL - Noticias\" \/>\n<meta property=\"og:description\" content=\"La Asociaci\u00f3n Social Asistia est\u00e1 promoviendo el alojamiento de j\u00f3venes en el domicilio de personas mayores que vivan solas. La...\" \/>\n<meta property=\"og:url\" content=\"https:\/\/www.ull.es\/portal\/noticias\/2016\/la-ull-colaborara-con-la-asociacion-asistia-para-que-jovenes-universitarios-se-alojen-con-personas-mayores\/\" \/>\n<meta property=\"og:site_name\" content=\"ULL - Noticias\" \/>\n<meta property=\"article:publisher\" content=\"https:\/\/www.facebook.com\/universidaddelalaguna\/\" \/>\n<meta property=\"article:published_time\" content=\"2016-12-15T14:44:18+00:00\" \/>\n<meta property=\"og:image\" content=\"https:\/\/www.ull.es\/portal\/noticias\/wp-content\/uploads\/sites\/13\/2016\/12\/Conv-ASISTIA-05.jpg\" \/>\n\t<meta property=\"og:image:width\" content=\"1034\" \/>\n\t<meta property=\"og:image:height\" content=\"708\" \/>\n\t<meta property=\"og:image:type\" content=\"image\/jpeg\" \/>\n<meta name=\"author\" content=\"gaprsa\" \/>\n<meta name=\"twitter:card\" content=\"summary_large_image\" \/>\n<meta name=\"twitter:creator\" content=\"@CanalULL\" \/>\n<meta name=\"twitter:site\" content=\"@CanalULL\" \/>\n<meta name=\"twitter:label1\" content=\"Escrito por\" \/>\n\t<meta name=\"twitter:data1\" content=\"gaprsa\" \/>\n\t<meta name=\"twitter:label2\" content=\"Tiempo de lectura\" \/>\n\t<meta name=\"twitter:data2\" content=\"2 minutos\" \/>\n<script type=\"application\/ld+json\" class=\"yoast-schema-graph\">{\"@context\":\"https:\/\/schema.org\",\"@graph\":[{\"@type\":\"WebPage\",\"@id\":\"https:\/\/www.ull.es\/portal\/noticias\/2016\/la-ull-colaborara-con-la-asociacion-asistia-para-que-jovenes-universitarios-se-alojen-con-personas-mayores\/\",\"url\":\"https:\/\/www.ull.es\/portal\/noticias\/2016\/la-ull-colaborara-con-la-asociacion-asistia-para-que-jovenes-universitarios-se-alojen-con-personas-mayores\/\",\"name\":\"La ULL colaborar\u00e1 con la asociaci\u00f3n Asistia para que j\u00f3venes universitarios se alojen con personas mayores - ULL - Noticias\",\"isPartOf\":{\"@id\":\"https:\/\/www.ull.es\/portal\/noticias\/#website\"},\"datePublished\":\"2016-12-15T14:44:18+00:00\",\"dateModified\":\"2016-12-15T14:44:18+00:00\",\"author\":{\"@id\":\"https:\/\/www.ull.es\/portal\/noticias\/#\/schema\/person\/b2b1a89d43ffa609e591f7df8ef3e817\"},\"breadcrumb\":{\"@id\":\"https:\/\/www.ull.es\/portal\/noticias\/2016\/la-ull-colaborara-con-la-asociacion-asistia-para-que-jovenes-universitarios-se-alojen-con-personas-mayores\/#breadcrumb\"},\"inLanguage\":\"es\",\"potentialAction\":[{\"@type\":\"ReadAction\",\"target\":[\"https:\/\/www.ull.es\/portal\/noticias\/2016\/la-ull-colaborara-con-la-asociacion-asistia-para-que-jovenes-universitarios-se-alojen-con-personas-mayores\/\"]}]},{\"@type\":\"BreadcrumbList\",\"@id\":\"https:\/\/www.ull.es\/portal\/noticias\/2016\/la-ull-colaborara-con-la-asociacion-asistia-para-que-jovenes-universitarios-se-alojen-con-personas-mayores\/#breadcrumb\",\"itemListElement\":[{\"@type\":\"ListItem\",\"position\":1,\"name\":\"Portada\",\"item\":\"https:\/\/www.ull.es\/portal\/noticias\/\"},{\"@type\":\"ListItem\",\"position\":2,\"name\":\"La ULL colaborar\u00e1 con la asociaci\u00f3n Asistia para que j\u00f3venes universitarios se alojen con personas mayores\"}]},{\"@type\":\"WebSite\",\"@id\":\"https:\/\/www.ull.es\/portal\/noticias\/#website\",\"url\":\"https:\/\/www.ull.es\/portal\/noticias\/\",\"name\":\"ULL - Noticias\",\"description\":\"\",\"potentialAction\":[{\"@type\":\"SearchAction\",\"target\":{\"@type\":\"EntryPoint\",\"urlTemplate\":\"https:\/\/www.ull.es\/portal\/noticias\/?s={search_term_string}\"},\"query-input\":\"required name=search_term_string\"}],\"inLanguage\":\"es\"},{\"@type\":\"Person\",\"@id\":\"https:\/\/www.ull.es\/portal\/noticias\/#\/schema\/person\/b2b1a89d43ffa609e591f7df8ef3e817\",\"name\":\"gaprsa\",\"image\":{\"@type\":\"ImageObject\",\"inLanguage\":\"es\",\"@id\":\"https:\/\/www.ull.es\/portal\/noticias\/#\/schema\/person\/image\/\",\"url\":\"https:\/\/secure.gravatar.com\/avatar\/443820550921091458b4823867723b3d?s=96&d=mm&r=g\",\"contentUrl\":\"https:\/\/secure.gravatar.com\/avatar\/443820550921091458b4823867723b3d?s=96&d=mm&r=g\",\"caption\":\"gaprsa\"},\"url\":\"https:\/\/www.ull.es\/portal\/noticias\/author\/gaprsa\/\"}]}<\/script>\n<!-- \/ Yoast SEO plugin. -->","yoast_head_json":{"title":"La ULL colaborar\u00e1 con la asociaci\u00f3n Asistia para que j\u00f3venes universitarios se alojen con personas mayores - ULL - Noticias","robots":{"index":"index","follow":"follow","max-snippet":"max-snippet:-1","max-image-preview":"max-image-preview:large","max-video-preview":"max-video-preview:-1"},"canonical":"https:\/\/www.ull.es\/portal\/noticias\/2016\/la-ull-colaborara-con-la-asociacion-asistia-para-que-jovenes-universitarios-se-alojen-con-personas-mayores\/","og_locale":"es_ES","og_type":"article","og_title":"La ULL colaborar\u00e1 con la asociaci\u00f3n Asistia para que j\u00f3venes universitarios se alojen con personas mayores - ULL - Noticias","og_description":"La Asociaci\u00f3n Social Asistia est\u00e1 promoviendo el alojamiento de j\u00f3venes en el domicilio de personas mayores que vivan solas. La...","og_url":"https:\/\/www.ull.es\/portal\/noticias\/2016\/la-ull-colaborara-con-la-asociacion-asistia-para-que-jovenes-universitarios-se-alojen-con-personas-mayores\/","og_site_name":"ULL - Noticias","article_publisher":"https:\/\/www.facebook.com\/universidaddelalaguna\/","article_published_time":"2016-12-15T14:44:18+00:00","og_image":[{"width":1034,"height":708,"url":"https:\/\/www.ull.es\/portal\/noticias\/wp-content\/uploads\/sites\/13\/2016\/12\/Conv-ASISTIA-05.jpg","type":"image\/jpeg"}],"author":"gaprsa","twitter_card":"summary_large_image","twitter_creator":"@CanalULL","twitter_site":"@CanalULL","twitter_misc":{"Escrito por":"gaprsa","Tiempo de lectura":"2 minutos"},"schema":{"@context":"https:\/\/schema.org","@graph":[{"@type":"WebPage","@id":"https:\/\/www.ull.es\/portal\/noticias\/2016\/la-ull-colaborara-con-la-asociacion-asistia-para-que-jovenes-universitarios-se-alojen-con-personas-mayores\/","url":"https:\/\/www.ull.es\/portal\/noticias\/2016\/la-ull-colaborara-con-la-asociacion-asistia-para-que-jovenes-universitarios-se-alojen-con-personas-mayores\/","name":"La ULL colaborar\u00e1 con la asociaci\u00f3n Asistia para que j\u00f3venes universitarios se alojen con personas mayores - ULL - Noticias","isPartOf":{"@id":"https:\/\/www.ull.es\/portal\/noticias\/#website"},"datePublished":"2016-12-15T14:44:18+00:00","dateModified":"2016-12-15T14:44:18+00:00","author":{"@id":"https:\/\/www.ull.es\/portal\/noticias\/#\/schema\/person\/b2b1a89d43ffa609e591f7df8ef3e817"},"breadcrumb":{"@id":"https:\/\/www.ull.es\/portal\/noticias\/2016\/la-ull-colaborara-con-la-asociacion-asistia-para-que-jovenes-universitarios-se-alojen-con-personas-mayores\/#breadcrumb"},"inLanguage":"es","potentialAction":[{"@type":"ReadAction","target":["https:\/\/www.ull.es\/portal\/noticias\/2016\/la-ull-colaborara-con-la-asociacion-asistia-para-que-jovenes-universitarios-se-alojen-con-personas-mayores\/"]}]},{"@type":"BreadcrumbList","@id":"https:\/\/www.ull.es\/portal\/noticias\/2016\/la-ull-colaborara-con-la-asociacion-asistia-para-que-jovenes-universitarios-se-alojen-con-personas-mayores\/#breadcrumb","itemListElement":[{"@type":"ListItem","position":1,"name":"Portada","item":"https:\/\/www.ull.es\/portal\/noticias\/"},{"@type":"ListItem","position":2,"name":"La ULL colaborar\u00e1 con la asociaci\u00f3n Asistia para que j\u00f3venes universitarios se alojen con personas mayores"}]},{"@type":"WebSite","@id":"https:\/\/www.ull.es\/portal\/noticias\/#website","url":"https:\/\/www.ull.es\/portal\/noticias\/","name":"ULL - Noticias","description":"","potentialAction":[{"@type":"SearchAction","target":{"@type":"EntryPoint","urlTemplate":"https:\/\/www.ull.es\/portal\/noticias\/?s={search_term_string}"},"query-input":"required name=search_term_string"}],"inLanguage":"es"},{"@type":"Person","@id":"https:\/\/www.ull.es\/portal\/noticias\/#\/schema\/person\/b2b1a89d43ffa609e591f7df8ef3e817","name":"gaprsa","image":{"@type":"ImageObject","inLanguage":"es","@id":"https:\/\/www.ull.es\/portal\/noticias\/#\/schema\/person\/image\/","url":"https:\/\/secure.gravatar.com\/avatar\/443820550921091458b4823867723b3d?s=96&d=mm&r=g","contentUrl":"https:\/\/secure.gravatar.com\/avatar\/443820550921091458b4823867723b3d?s=96&d=mm&r=g","caption":"gaprsa"},"url":"https:\/\/www.ull.es\/portal\/noticias\/author\/gaprsa\/"}]}},"primary_category":null,"featured_image_thumbnail_url":"https:\/\/www.ull.es\/portal\/noticias\/wp-content\/uploads\/sites\/13\/2016\/12\/Conv-ASISTIA-05-300x205.jpg","_links":{"self":[{"href":"https:\/\/www.ull.es\/portal\/noticias\/wp-json\/wp\/v2\/posts\/29715"}],"collection":[{"href":"https:\/\/www.ull.es\/portal\/noticias\/wp-json\/wp\/v2\/posts"}],"about":[{"href":"https:\/\/www.ull.es\/portal\/noticias\/wp-json\/wp\/v2\/types\/post"}],"author":[{"embeddable":true,"href":"https:\/\/www.ull.es\/portal\/noticias\/wp-json\/wp\/v2\/users\/23"}],"replies":[{"embeddable":true,"href":"https:\/\/www.ull.es\/portal\/noticias\/wp-json\/wp\/v2\/comments?post=29715"}],"version-history":[{"count":0,"href":"https:\/\/www.ull.es\/portal\/noticias\/wp-json\/wp\/v2\/posts\/29715\/revisions"}],"wp:featuredmedia":[{"embeddable":true,"href":"https:\/\/www.ull.es\/portal\/noticias\/wp-json\/wp\/v2\/media\/29716"}],"wp:attachment":[{"href":"https:\/\/www.ull.es\/portal\/noticias\/wp-json\/wp\/v2\/media?parent=29715"}],"wp:term":[{"taxonomy":"category","embeddable":true,"href":"https:\/\/www.ull.es\/portal\/noticias\/wp-json\/wp\/v2\/categories?post=29715"},{"taxonomy":"post_tag","embeddable":true,"href":"https:\/\/www.ull.es\/portal\/noticias\/wp-json\/wp\/v2\/tags?post=29715"}],"curies":[{"name":"wp","href":"https:\/\/api.w.org\/{rel}","templated":true}]}}