{"id":30023,"date":"2017-01-30T12:28:08","date_gmt":"2017-01-30T12:28:08","guid":{"rendered":"http:\/\/ddigital.webs.ull.es\/?p=30023"},"modified":"2017-03-01T09:47:01","modified_gmt":"2017-03-01T09:47:01","slug":"la-comunidad-universitaria-rinde-homenaje-al-catedratico-de-filologia-griega-marcos-martinez","status":"publish","type":"post","link":"https:\/\/www.ull.es\/portal\/noticias\/2017\/la-comunidad-universitaria-rinde-homenaje-al-catedratico-de-filologia-griega-marcos-martinez\/","title":{"rendered":"La comunidad universitaria rinde homenaje al catedr\u00e1tico de Filolog\u00eda Griega Marcos Mart\u00ednez"},"content":{"rendered":"<p>Marcos Mart\u00ednez fue desde 1987 a 1999 catedr\u00e1tico de Filolog\u00eda Griega de la Universidad de La Laguna para luego marcharse a la Complutense de Madrid, que era en realidad su universidad de origen y de la que ahora se jubila, tras ser nombrado profesor em\u00e9rito. En ese intervalo dej\u00f3 en la ULL una notable huella entre sus alumnos y compa\u00f1eros de disciplina. Tanto es as\u00ed que hoy 30 de enero este centro acad\u00e9mico ha celebrado un acto de reconocimiento al citado profesor, con una exposici\u00f3n bibliogr\u00e1fica sobre su obra y una sesi\u00f3n acad\u00e9mica en la que se ha presentado un libro de Ediciones Cl\u00e1sicas que repasa su figura y cuenta con la colaboraci\u00f3n de antiguos alumnos y profesores de esta casa de estudios.<\/p>\n<p>Visiblemente emocionado, Marcos Mart\u00ednez dijo sentir una enorme satisfacci\u00f3n por esta iniciativa. \u201cSiempre es muy grato que al profesor que se jubila sus disc\u00edpulos le hagan un homenaje\u201d, se\u00f1al\u00f3. La iniciativa ha corrido de la mano de Germ\u00e1n Santana, profesor de la ULPGC y al que calific\u00f3 como su mejor alumno, y de Luis Miguel Pino Campos, profesor de la ULL que aunque no fue alumno suyo s\u00ed actu\u00f3 como un estrecho colaborador durante muchos a\u00f1os.<\/p>\n<p>El agasajado relat\u00f3 que le cost\u00f3 mucho su vuelta a Madrid, y que de La Laguna guarda un \u201cgrat\u00edsimo recuerdo\u201d. De hecho, a\u00f1ade: \u201cAqu\u00ed rejuvenec\u00ed en ilusi\u00f3n y desarroll\u00e9 una gran cantidad de actividades y de acontecimientos culturales que creo que han sido palpables\u201d. Autor de una treintena de libros y de m\u00e1s de trescientos art\u00edculos, llev\u00f3 a cabo una profunda labor de difusi\u00f3n de los estudios cl\u00e1sicos.<\/p>\n<p>Prueba de ello fue la organizaci\u00f3n de cursos superiores de Filolog\u00eda, Semanas Canarias sobre el Mundo Antiguo, cursos en la Universidad Internacional Men\u00e9ndez Pelayo de Santa Cruz de Tenerife y varios congresos, entre los que destaca el Congreso Internacional de Sem\u00e1ntica celebrado en la Universidad de La Laguna.<\/p>\n<p>La muestra bibliogr\u00e1fica que acoge la Biblioteca General y de Humanidades del campus de Guajara da cuenta de su labor como autor, con publicaciones como <em>Canarias en la mitolog\u00eda; Las Islas Canarias de la Antig\u00fcedad al Renacimiento; La esfera sem\u00e1ntico-conceptual del dolor en S\u00f3focles. Contribuci\u00f3n al estudio del vocabulario de los sentimientos en griego cl\u00e1sico; Sem\u00e1ntica del griego antiguo<\/em> y <em>Cien a\u00f1os de investigaci\u00f3n sem\u00e1ntica: de Michel Br\u00e9al a la actualidad<\/em>.<\/p>\n<p>La exposici\u00f3n de la Universidad de La Laguna tambi\u00e9n aborda la faceta de Marcos Mart\u00ednez como traductor y editor, con obras como <em>Ensayos de Filolog\u00eda Cl\u00e1sica<\/em>; <em>Los libros antiguos, \u00bfc\u00f3mo han llegado hasta nosotros?<\/em>; o <em>S\u00f3focles. Erotismo, soledad, tradici\u00f3n<\/em>.<\/p>\n<p>Como buen maestro, dirigi\u00f3 en la Universidad de La Laguna varias tesis doctorales y tesinas, que tambi\u00e9n aparecen reflejadas en la exposici\u00f3n.<\/p>\n<p><strong>Homenaje<\/strong><\/p>\n<p>En la sesi\u00f3n acad\u00e9mica celebrada en el sal\u00f3n de Grados del Aulario de Guajara participaron el rector, Antonio Martin\u00f3n, y varios profesores y compa\u00f1eros del agasajado. As\u00ed, intervinieron los editores del libro homenaje, Luis Miguel Pino y Germ\u00e1n Santana, as\u00ed como Alfonso Mart\u00ednez D\u00edez, Doctor Honoris Causa por la Universidad Nacional y Kapodistr\u00edaca de Atenas.<\/p>\n<p>Tambi\u00e9n particip\u00f3 el director del Departamento de Filolog\u00eda Cl\u00e1sica, Francesa, \u00c1rabe y Rom\u00e1nica de la ULL, Tom\u00e1s Hern\u00e1ndez, y el decano de la Facultad de Humanidades, Javier Medina, para terminar con unas palabras del propio homenajeado.<\/p>\n<p style=\"text-align: center\"><strong><a href=\"https:\/\/drive.google.com\/open?id=0BzhoXhiMmS2_ejh0TGlkeEo2azA\" target=\"_blank\" rel=\"noopener\">Galer\u00eda fotogr\u00e1fica<\/a><\/strong><\/p>\n<p>&nbsp;<\/p>\n","protected":false},"excerpt":{"rendered":"<p>Marcos Mart\u00ednez fue desde 1987 a 1999 catedr\u00e1tico de Filolog\u00eda Griega de la Universidad de La Laguna para luego marcharse&#8230;<\/p>\n","protected":false},"author":23,"featured_media":30061,"comment_status":"open","ping_status":"open","sticky":false,"template":"","format":"gallery","meta":{"inline_featured_image":false,"footnotes":""},"categories":[345,348,1],"tags":[1088,1268,1828],"acf":[],"yoast_head":"<!-- This site is optimized with the Yoast SEO plugin v21.3 - https:\/\/yoast.com\/wordpress\/plugins\/seo\/ -->\n<title>La comunidad universitaria rinde homenaje al catedr\u00e1tico de Filolog\u00eda Griega Marcos Mart\u00ednez - ULL - Noticias<\/title>\n<meta name=\"robots\" content=\"index, follow, max-snippet:-1, max-image-preview:large, max-video-preview:-1\" \/>\n<link rel=\"canonical\" href=\"https:\/\/www.ull.es\/portal\/noticias\/2017\/la-comunidad-universitaria-rinde-homenaje-al-catedratico-de-filologia-griega-marcos-martinez\/\" \/>\n<meta property=\"og:locale\" content=\"es_ES\" \/>\n<meta property=\"og:type\" content=\"article\" \/>\n<meta property=\"og:title\" content=\"La comunidad universitaria rinde homenaje al catedr\u00e1tico de Filolog\u00eda Griega Marcos Mart\u00ednez - ULL - Noticias\" \/>\n<meta property=\"og:description\" content=\"Marcos Mart\u00ednez fue desde 1987 a 1999 catedr\u00e1tico de Filolog\u00eda Griega de la Universidad de La Laguna para luego marcharse...\" \/>\n<meta property=\"og:url\" content=\"https:\/\/www.ull.es\/portal\/noticias\/2017\/la-comunidad-universitaria-rinde-homenaje-al-catedratico-de-filologia-griega-marcos-martinez\/\" \/>\n<meta property=\"og:site_name\" content=\"ULL - Noticias\" \/>\n<meta property=\"article:publisher\" content=\"https:\/\/www.facebook.com\/universidaddelalaguna\/\" \/>\n<meta property=\"article:published_time\" content=\"2017-01-30T12:28:08+00:00\" \/>\n<meta property=\"article:modified_time\" content=\"2017-03-01T09:47:01+00:00\" \/>\n<meta property=\"og:image\" content=\"https:\/\/www.ull.es\/portal\/noticias\/wp-content\/uploads\/sites\/13\/2017\/01\/marcosmartinez3.jpg\" \/>\n\t<meta property=\"og:image:width\" content=\"1034\" \/>\n\t<meta property=\"og:image:height\" content=\"708\" \/>\n\t<meta property=\"og:image:type\" content=\"image\/jpeg\" \/>\n<meta name=\"author\" content=\"gaprsa\" \/>\n<meta name=\"twitter:card\" content=\"summary_large_image\" \/>\n<meta name=\"twitter:creator\" content=\"@CanalULL\" \/>\n<meta name=\"twitter:site\" content=\"@CanalULL\" \/>\n<meta name=\"twitter:label1\" content=\"Escrito por\" \/>\n\t<meta name=\"twitter:data1\" content=\"gaprsa\" \/>\n\t<meta name=\"twitter:label2\" content=\"Tiempo de lectura\" \/>\n\t<meta name=\"twitter:data2\" content=\"3 minutos\" \/>\n<script type=\"application\/ld+json\" class=\"yoast-schema-graph\">{\"@context\":\"https:\/\/schema.org\",\"@graph\":[{\"@type\":\"WebPage\",\"@id\":\"https:\/\/www.ull.es\/portal\/noticias\/2017\/la-comunidad-universitaria-rinde-homenaje-al-catedratico-de-filologia-griega-marcos-martinez\/\",\"url\":\"https:\/\/www.ull.es\/portal\/noticias\/2017\/la-comunidad-universitaria-rinde-homenaje-al-catedratico-de-filologia-griega-marcos-martinez\/\",\"name\":\"La comunidad universitaria rinde homenaje al catedr\u00e1tico de Filolog\u00eda Griega Marcos Mart\u00ednez - ULL - Noticias\",\"isPartOf\":{\"@id\":\"https:\/\/www.ull.es\/portal\/noticias\/#website\"},\"datePublished\":\"2017-01-30T12:28:08+00:00\",\"dateModified\":\"2017-03-01T09:47:01+00:00\",\"author\":{\"@id\":\"https:\/\/www.ull.es\/portal\/noticias\/#\/schema\/person\/b2b1a89d43ffa609e591f7df8ef3e817\"},\"breadcrumb\":{\"@id\":\"https:\/\/www.ull.es\/portal\/noticias\/2017\/la-comunidad-universitaria-rinde-homenaje-al-catedratico-de-filologia-griega-marcos-martinez\/#breadcrumb\"},\"inLanguage\":\"es\",\"potentialAction\":[{\"@type\":\"ReadAction\",\"target\":[\"https:\/\/www.ull.es\/portal\/noticias\/2017\/la-comunidad-universitaria-rinde-homenaje-al-catedratico-de-filologia-griega-marcos-martinez\/\"]}]},{\"@type\":\"BreadcrumbList\",\"@id\":\"https:\/\/www.ull.es\/portal\/noticias\/2017\/la-comunidad-universitaria-rinde-homenaje-al-catedratico-de-filologia-griega-marcos-martinez\/#breadcrumb\",\"itemListElement\":[{\"@type\":\"ListItem\",\"position\":1,\"name\":\"Portada\",\"item\":\"https:\/\/www.ull.es\/portal\/noticias\/\"},{\"@type\":\"ListItem\",\"position\":2,\"name\":\"La comunidad universitaria rinde homenaje al catedr\u00e1tico de Filolog\u00eda Griega Marcos Mart\u00ednez\"}]},{\"@type\":\"WebSite\",\"@id\":\"https:\/\/www.ull.es\/portal\/noticias\/#website\",\"url\":\"https:\/\/www.ull.es\/portal\/noticias\/\",\"name\":\"ULL - Noticias\",\"description\":\"\",\"potentialAction\":[{\"@type\":\"SearchAction\",\"target\":{\"@type\":\"EntryPoint\",\"urlTemplate\":\"https:\/\/www.ull.es\/portal\/noticias\/?s={search_term_string}\"},\"query-input\":\"required name=search_term_string\"}],\"inLanguage\":\"es\"},{\"@type\":\"Person\",\"@id\":\"https:\/\/www.ull.es\/portal\/noticias\/#\/schema\/person\/b2b1a89d43ffa609e591f7df8ef3e817\",\"name\":\"gaprsa\",\"image\":{\"@type\":\"ImageObject\",\"inLanguage\":\"es\",\"@id\":\"https:\/\/www.ull.es\/portal\/noticias\/#\/schema\/person\/image\/\",\"url\":\"https:\/\/secure.gravatar.com\/avatar\/443820550921091458b4823867723b3d?s=96&d=mm&r=g\",\"contentUrl\":\"https:\/\/secure.gravatar.com\/avatar\/443820550921091458b4823867723b3d?s=96&d=mm&r=g\",\"caption\":\"gaprsa\"},\"url\":\"https:\/\/www.ull.es\/portal\/noticias\/author\/gaprsa\/\"}]}<\/script>\n<!-- \/ Yoast SEO plugin. -->","yoast_head_json":{"title":"La comunidad universitaria rinde homenaje al catedr\u00e1tico de Filolog\u00eda Griega Marcos Mart\u00ednez - ULL - Noticias","robots":{"index":"index","follow":"follow","max-snippet":"max-snippet:-1","max-image-preview":"max-image-preview:large","max-video-preview":"max-video-preview:-1"},"canonical":"https:\/\/www.ull.es\/portal\/noticias\/2017\/la-comunidad-universitaria-rinde-homenaje-al-catedratico-de-filologia-griega-marcos-martinez\/","og_locale":"es_ES","og_type":"article","og_title":"La comunidad universitaria rinde homenaje al catedr\u00e1tico de Filolog\u00eda Griega Marcos Mart\u00ednez - ULL - Noticias","og_description":"Marcos Mart\u00ednez fue desde 1987 a 1999 catedr\u00e1tico de Filolog\u00eda Griega de la Universidad de La Laguna para luego marcharse...","og_url":"https:\/\/www.ull.es\/portal\/noticias\/2017\/la-comunidad-universitaria-rinde-homenaje-al-catedratico-de-filologia-griega-marcos-martinez\/","og_site_name":"ULL - Noticias","article_publisher":"https:\/\/www.facebook.com\/universidaddelalaguna\/","article_published_time":"2017-01-30T12:28:08+00:00","article_modified_time":"2017-03-01T09:47:01+00:00","og_image":[{"width":1034,"height":708,"url":"https:\/\/www.ull.es\/portal\/noticias\/wp-content\/uploads\/sites\/13\/2017\/01\/marcosmartinez3.jpg","type":"image\/jpeg"}],"author":"gaprsa","twitter_card":"summary_large_image","twitter_creator":"@CanalULL","twitter_site":"@CanalULL","twitter_misc":{"Escrito por":"gaprsa","Tiempo de lectura":"3 minutos"},"schema":{"@context":"https:\/\/schema.org","@graph":[{"@type":"WebPage","@id":"https:\/\/www.ull.es\/portal\/noticias\/2017\/la-comunidad-universitaria-rinde-homenaje-al-catedratico-de-filologia-griega-marcos-martinez\/","url":"https:\/\/www.ull.es\/portal\/noticias\/2017\/la-comunidad-universitaria-rinde-homenaje-al-catedratico-de-filologia-griega-marcos-martinez\/","name":"La comunidad universitaria rinde homenaje al catedr\u00e1tico de Filolog\u00eda Griega Marcos Mart\u00ednez - ULL - Noticias","isPartOf":{"@id":"https:\/\/www.ull.es\/portal\/noticias\/#website"},"datePublished":"2017-01-30T12:28:08+00:00","dateModified":"2017-03-01T09:47:01+00:00","author":{"@id":"https:\/\/www.ull.es\/portal\/noticias\/#\/schema\/person\/b2b1a89d43ffa609e591f7df8ef3e817"},"breadcrumb":{"@id":"https:\/\/www.ull.es\/portal\/noticias\/2017\/la-comunidad-universitaria-rinde-homenaje-al-catedratico-de-filologia-griega-marcos-martinez\/#breadcrumb"},"inLanguage":"es","potentialAction":[{"@type":"ReadAction","target":["https:\/\/www.ull.es\/portal\/noticias\/2017\/la-comunidad-universitaria-rinde-homenaje-al-catedratico-de-filologia-griega-marcos-martinez\/"]}]},{"@type":"BreadcrumbList","@id":"https:\/\/www.ull.es\/portal\/noticias\/2017\/la-comunidad-universitaria-rinde-homenaje-al-catedratico-de-filologia-griega-marcos-martinez\/#breadcrumb","itemListElement":[{"@type":"ListItem","position":1,"name":"Portada","item":"https:\/\/www.ull.es\/portal\/noticias\/"},{"@type":"ListItem","position":2,"name":"La comunidad universitaria rinde homenaje al catedr\u00e1tico de Filolog\u00eda Griega Marcos Mart\u00ednez"}]},{"@type":"WebSite","@id":"https:\/\/www.ull.es\/portal\/noticias\/#website","url":"https:\/\/www.ull.es\/portal\/noticias\/","name":"ULL - Noticias","description":"","potentialAction":[{"@type":"SearchAction","target":{"@type":"EntryPoint","urlTemplate":"https:\/\/www.ull.es\/portal\/noticias\/?s={search_term_string}"},"query-input":"required name=search_term_string"}],"inLanguage":"es"},{"@type":"Person","@id":"https:\/\/www.ull.es\/portal\/noticias\/#\/schema\/person\/b2b1a89d43ffa609e591f7df8ef3e817","name":"gaprsa","image":{"@type":"ImageObject","inLanguage":"es","@id":"https:\/\/www.ull.es\/portal\/noticias\/#\/schema\/person\/image\/","url":"https:\/\/secure.gravatar.com\/avatar\/443820550921091458b4823867723b3d?s=96&d=mm&r=g","contentUrl":"https:\/\/secure.gravatar.com\/avatar\/443820550921091458b4823867723b3d?s=96&d=mm&r=g","caption":"gaprsa"},"url":"https:\/\/www.ull.es\/portal\/noticias\/author\/gaprsa\/"}]}},"primary_category":null,"featured_image_thumbnail_url":"https:\/\/www.ull.es\/portal\/noticias\/wp-content\/uploads\/sites\/13\/2017\/01\/marcosmartinez3-300x205.jpg","_links":{"self":[{"href":"https:\/\/www.ull.es\/portal\/noticias\/wp-json\/wp\/v2\/posts\/30023"}],"collection":[{"href":"https:\/\/www.ull.es\/portal\/noticias\/wp-json\/wp\/v2\/posts"}],"about":[{"href":"https:\/\/www.ull.es\/portal\/noticias\/wp-json\/wp\/v2\/types\/post"}],"author":[{"embeddable":true,"href":"https:\/\/www.ull.es\/portal\/noticias\/wp-json\/wp\/v2\/users\/23"}],"replies":[{"embeddable":true,"href":"https:\/\/www.ull.es\/portal\/noticias\/wp-json\/wp\/v2\/comments?post=30023"}],"version-history":[{"count":2,"href":"https:\/\/www.ull.es\/portal\/noticias\/wp-json\/wp\/v2\/posts\/30023\/revisions"}],"predecessor-version":[{"id":30547,"href":"https:\/\/www.ull.es\/portal\/noticias\/wp-json\/wp\/v2\/posts\/30023\/revisions\/30547"}],"wp:featuredmedia":[{"embeddable":true,"href":"https:\/\/www.ull.es\/portal\/noticias\/wp-json\/wp\/v2\/media\/30061"}],"wp:attachment":[{"href":"https:\/\/www.ull.es\/portal\/noticias\/wp-json\/wp\/v2\/media?parent=30023"}],"wp:term":[{"taxonomy":"category","embeddable":true,"href":"https:\/\/www.ull.es\/portal\/noticias\/wp-json\/wp\/v2\/categories?post=30023"},{"taxonomy":"post_tag","embeddable":true,"href":"https:\/\/www.ull.es\/portal\/noticias\/wp-json\/wp\/v2\/tags?post=30023"}],"curies":[{"name":"wp","href":"https:\/\/api.w.org\/{rel}","templated":true}]}}