{"id":30109,"date":"2003-10-20T00:00:00","date_gmt":"2003-10-20T00:00:00","guid":{"rendered":"http:\/\/ddigital.webs.ull.es\/la-universidad-acoger-el-iv-congreso-internacional-de-historiografa-lingstica\/"},"modified":"2003-10-20T00:00:00","modified_gmt":"2003-10-20T00:00:00","slug":"la-universidad-acoger-el-iv-congreso-internacional-de-historiografa-lingstica-2","status":"publish","type":"post","link":"https:\/\/www.ull.es\/portal\/noticias\/2003\/la-universidad-acoger-el-iv-congreso-internacional-de-historiografa-lingstica-2\/","title":{"rendered":"La universidad acoger\u00e1 el IV Congreso Internacional de Historiograf\u00eda Ling\u00edstica"},"content":{"rendered":"<p>El campus de Guajara de la Universidad de La Laguna acoger&aacute; desde el mi&eacute;rcoles 22 y hasta el s&aacute;bado 25 de octubre el IV Congreso Internacional de de Historiograf&iacute;a Ling&iacute;stica, al que acudir&aacute;n unos 250 congresistas procedentes de distintos pa&iacute;ses.<\/p>\n<p><P>Este encuentro est&aacute; avalado por la Sociedad Espa&ntilde;ola de Historiograf&iacute;a Ling&iacute;stica (SEHL), la entidad cient&iacute;fica que desde 1995 re&uacute;ne a fil&oacute;logos y lingistas especializados en el objeto del congreso. El objetivo fundacional de esta organizaci&oacute;n es el de promover y divulgar el conocimiento de la historia de las ciencias del lenguaje, a trav&eacute;s de la evoluci&oacute;n epistemol&oacute;gica de sus materias, desarrolladas preferentemente en el &aacute;mbito hisp&aacute;nico, como filolog&iacute;a, gram&aacute;tica, ret&oacute;rica, sem&aacute;ntica, pragm&aacute;tica, lexicograf&iacute;a o filosof&iacute;a del lenguaje. <\/P><P>La SEHL cuenta con m&aacute;s de 150 socios procedentes de casi todas las universidades espa&ntilde;olas, as&iacute; como de otras instituciones, centros de investigaci&oacute;n, Real Academia Espa&ntilde;ola y Consejo Superior de Investigaciones Cient&iacute;ficas. Asimismo, forman parte de la sociedad espa&ntilde;ola investigadores de otros pa&iacute;ses europeos y americanos con amplia tradici&oacute;n en los estudios de historiograf&iacute;a ling&iacute;stica Hisp&aacute;nica, tales como Alemania, Francia, B&eacute;lgica, M&eacute;xico, Estados Unidos o Brasil. El congreso, bajo la presidencia de Crist&oacute;bal Corrales Zumbado y de Josefa Dorta Luis, en calidad de presidenta ejecutiva, contar&aacute; con 250 congresistas, de los que 144 son ponentes procedentes de toda la geograf&iacute;a peninsular, Alemania, B&eacute;lgica, Portugal, EEUU, Brasil o Venezuela, adem&aacute;s de 106 asistentes. <\/P><P>La reuni&oacute;n albergar&aacute; seis conferencias invitadas, a cargo de Crist&oacute;bal Corrales, de la Universidad de La Laguna, quien disertar&aacute; sobre <EM>Causas y efectos de la lexicograf&iacute;a diferencial<\/EM>; Barry Velleman, de la Universidad de Marquette, Wisconsin, EEUU, que hablar&aacute; de<EM> Eduardo de la Barra (1839-1900) y el embrujamiento alem&aacute;n de la ling&iacute;stica chilena<\/EM>; y Nelson Cartagena, de la Universidad de Heidelberg, Alemania, quien se referir&aacute; al <EM>Balance de cinco siglos de cultura de la traducci&oacute;n en la Nueva Espa&ntilde;a<\/EM>. Tambi&eacute;n dentro de las conferencias plenarias actuar&aacute; Konrad Koerner, del Zentrum fr Allgemeine Sprachwissenschaft, Alemania, en relaci&oacute;n con <EM>La ling&iacute;stica de las misiones: la experiencia franco canaria<\/EM>; Pierre Swiggers, de la Universidad Cat&oacute;lica de Lovaina, B&eacute;lgica, expondr&aacute; su visi&oacute;n sobre <EM>Modelos, m&eacute;todos y problemas en la historiograf&iacute;a ling&iacute;stica<\/EM>; mientras que Manuel Seco, de la Real Academia Espa&ntilde;ola, hablar&aacute; en la conferencia de clausura sobre <EM>Lexicograf&iacute;a hist&oacute;rica y lexicograf&iacute;a general<\/EM>. <\/P><P><STRONG>Acto de inauguraci&oacute;n<\/STRONG> <\/P><P>El acto de apertura tendr&aacute; lugar en el Aula Magna del campus de Guajara el mi&eacute;rcoles 22 de octubre a las 10 horas. Media hora antes, se inaugurar&aacute; tambi&eacute;n la exposici&oacute;n Bibliotheca Lacunensis: muestra del patrimonio bibliogr&aacute;fico, en la Biblioteca General del campus de Guajara. Una vez ya en el congreso, y bajo la presidencia del rector, &aacute;ngel Guti&eacute;rrez Navarro, intervendr&aacute; la presidenta de la Sociedad Espa&ntilde;ola de Historiograf&iacute;a Ling&iacute;stica, M Luisa Calero Vaquera, adem&aacute;s de los responsables del congreso en este centro docente, Crist&oacute;bal Corrales y Josefa Dorta. El primero es el encargado de ofrecer la conferencia de apertura, a las 10.30 horas, sobre Causas y efectos de la lexicograf&iacute;a diferencial. M&aacute;s informaci&oacute;n:&nbsp;<a href=\"http:\/\/webpages.ull.es\/users\/cohisgra\" target=\"_blank\" rel=\"noopener\">http:\/\/webpages.ull.es\/users\/cohisgra<\/A> <\/P><\/p>\n","protected":false},"excerpt":{"rendered":"<p>El campus de Guajara de la Universidad de La Laguna acoger&aacute; desde el mi&eacute;rcoles 22 y hasta el s&aacute;bado 25&#8230;<\/p>\n","protected":false},"author":21,"featured_media":0,"comment_status":"open","ping_status":"open","sticky":false,"template":"","format":"standard","meta":{"inline_featured_image":false,"footnotes":""},"categories":[350,1],"tags":[],"acf":[],"yoast_head":"<!-- This site is optimized with the Yoast SEO plugin v21.3 - https:\/\/yoast.com\/wordpress\/plugins\/seo\/ -->\n<title>La universidad acoger\u00e1 el IV Congreso Internacional de Historiograf\u00eda Ling\u00edstica - ULL - Noticias<\/title>\n<meta name=\"robots\" content=\"index, follow, max-snippet:-1, max-image-preview:large, max-video-preview:-1\" \/>\n<link rel=\"canonical\" href=\"https:\/\/www.ull.es\/portal\/noticias\/2003\/la-universidad-acoger-el-iv-congreso-internacional-de-historiografa-lingstica-2\/\" \/>\n<meta property=\"og:locale\" content=\"es_ES\" \/>\n<meta property=\"og:type\" content=\"article\" \/>\n<meta property=\"og:title\" content=\"La universidad acoger\u00e1 el IV Congreso Internacional de Historiograf\u00eda Ling\u00edstica - ULL - Noticias\" \/>\n<meta property=\"og:description\" content=\"El campus de Guajara de la Universidad de La Laguna acoger&aacute; desde el mi&eacute;rcoles 22 y hasta el s&aacute;bado 25...\" \/>\n<meta property=\"og:url\" content=\"https:\/\/www.ull.es\/portal\/noticias\/2003\/la-universidad-acoger-el-iv-congreso-internacional-de-historiografa-lingstica-2\/\" \/>\n<meta property=\"og:site_name\" content=\"ULL - Noticias\" \/>\n<meta property=\"article:publisher\" content=\"https:\/\/www.facebook.com\/universidaddelalaguna\/\" \/>\n<meta property=\"article:published_time\" content=\"2003-10-20T00:00:00+00:00\" \/>\n<meta property=\"og:image\" content=\"https:\/\/www.ull.es\/portal\/noticias\/wp-content\/uploads\/sites\/13\/2023\/06\/logo-redimensionado.png\" \/>\n\t<meta property=\"og:image:width\" content=\"1200\" \/>\n\t<meta property=\"og:image:height\" content=\"630\" \/>\n\t<meta property=\"og:image:type\" content=\"image\/png\" \/>\n<meta name=\"author\" content=\"prensa2\" \/>\n<meta name=\"twitter:card\" content=\"summary_large_image\" \/>\n<meta name=\"twitter:creator\" content=\"@CanalULL\" \/>\n<meta name=\"twitter:site\" content=\"@CanalULL\" \/>\n<meta name=\"twitter:label1\" content=\"Escrito por\" \/>\n\t<meta name=\"twitter:data1\" content=\"prensa2\" \/>\n\t<meta name=\"twitter:label2\" content=\"Tiempo de lectura\" \/>\n\t<meta name=\"twitter:data2\" content=\"3 minutos\" \/>\n<script type=\"application\/ld+json\" class=\"yoast-schema-graph\">{\"@context\":\"https:\/\/schema.org\",\"@graph\":[{\"@type\":\"WebPage\",\"@id\":\"https:\/\/www.ull.es\/portal\/noticias\/2003\/la-universidad-acoger-el-iv-congreso-internacional-de-historiografa-lingstica-2\/\",\"url\":\"https:\/\/www.ull.es\/portal\/noticias\/2003\/la-universidad-acoger-el-iv-congreso-internacional-de-historiografa-lingstica-2\/\",\"name\":\"La universidad acoger\u00e1 el IV Congreso Internacional de Historiograf\u00eda Ling\u00edstica - ULL - Noticias\",\"isPartOf\":{\"@id\":\"https:\/\/www.ull.es\/portal\/noticias\/#website\"},\"datePublished\":\"2003-10-20T00:00:00+00:00\",\"dateModified\":\"2003-10-20T00:00:00+00:00\",\"author\":{\"@id\":\"https:\/\/www.ull.es\/portal\/noticias\/#\/schema\/person\/c3b2aa857797592927a03740d6664376\"},\"breadcrumb\":{\"@id\":\"https:\/\/www.ull.es\/portal\/noticias\/2003\/la-universidad-acoger-el-iv-congreso-internacional-de-historiografa-lingstica-2\/#breadcrumb\"},\"inLanguage\":\"es\",\"potentialAction\":[{\"@type\":\"ReadAction\",\"target\":[\"https:\/\/www.ull.es\/portal\/noticias\/2003\/la-universidad-acoger-el-iv-congreso-internacional-de-historiografa-lingstica-2\/\"]}]},{\"@type\":\"BreadcrumbList\",\"@id\":\"https:\/\/www.ull.es\/portal\/noticias\/2003\/la-universidad-acoger-el-iv-congreso-internacional-de-historiografa-lingstica-2\/#breadcrumb\",\"itemListElement\":[{\"@type\":\"ListItem\",\"position\":1,\"name\":\"Portada\",\"item\":\"https:\/\/www.ull.es\/portal\/noticias\/\"},{\"@type\":\"ListItem\",\"position\":2,\"name\":\"La universidad acoger\u00e1 el IV Congreso Internacional de Historiograf\u00eda Ling\u00edstica\"}]},{\"@type\":\"WebSite\",\"@id\":\"https:\/\/www.ull.es\/portal\/noticias\/#website\",\"url\":\"https:\/\/www.ull.es\/portal\/noticias\/\",\"name\":\"ULL - Noticias\",\"description\":\"\",\"potentialAction\":[{\"@type\":\"SearchAction\",\"target\":{\"@type\":\"EntryPoint\",\"urlTemplate\":\"https:\/\/www.ull.es\/portal\/noticias\/?s={search_term_string}\"},\"query-input\":\"required name=search_term_string\"}],\"inLanguage\":\"es\"},{\"@type\":\"Person\",\"@id\":\"https:\/\/www.ull.es\/portal\/noticias\/#\/schema\/person\/c3b2aa857797592927a03740d6664376\",\"name\":\"prensa2\",\"image\":{\"@type\":\"ImageObject\",\"inLanguage\":\"es\",\"@id\":\"https:\/\/www.ull.es\/portal\/noticias\/#\/schema\/person\/image\/\",\"url\":\"https:\/\/secure.gravatar.com\/avatar\/b58f310a5de5feb33d1e026d2493f23c?s=96&d=mm&r=g\",\"contentUrl\":\"https:\/\/secure.gravatar.com\/avatar\/b58f310a5de5feb33d1e026d2493f23c?s=96&d=mm&r=g\",\"caption\":\"prensa2\"},\"url\":\"https:\/\/www.ull.es\/portal\/noticias\/author\/prensa2\/\"}]}<\/script>\n<!-- \/ Yoast SEO plugin. -->","yoast_head_json":{"title":"La universidad acoger\u00e1 el IV Congreso Internacional de Historiograf\u00eda Ling\u00edstica - ULL - Noticias","robots":{"index":"index","follow":"follow","max-snippet":"max-snippet:-1","max-image-preview":"max-image-preview:large","max-video-preview":"max-video-preview:-1"},"canonical":"https:\/\/www.ull.es\/portal\/noticias\/2003\/la-universidad-acoger-el-iv-congreso-internacional-de-historiografa-lingstica-2\/","og_locale":"es_ES","og_type":"article","og_title":"La universidad acoger\u00e1 el IV Congreso Internacional de Historiograf\u00eda Ling\u00edstica - ULL - Noticias","og_description":"El campus de Guajara de la Universidad de La Laguna acoger&aacute; desde el mi&eacute;rcoles 22 y hasta el s&aacute;bado 25...","og_url":"https:\/\/www.ull.es\/portal\/noticias\/2003\/la-universidad-acoger-el-iv-congreso-internacional-de-historiografa-lingstica-2\/","og_site_name":"ULL - Noticias","article_publisher":"https:\/\/www.facebook.com\/universidaddelalaguna\/","article_published_time":"2003-10-20T00:00:00+00:00","og_image":[{"width":1200,"height":630,"url":"https:\/\/www.ull.es\/portal\/noticias\/wp-content\/uploads\/sites\/13\/2023\/06\/logo-redimensionado.png","type":"image\/png"}],"author":"prensa2","twitter_card":"summary_large_image","twitter_creator":"@CanalULL","twitter_site":"@CanalULL","twitter_misc":{"Escrito por":"prensa2","Tiempo de lectura":"3 minutos"},"schema":{"@context":"https:\/\/schema.org","@graph":[{"@type":"WebPage","@id":"https:\/\/www.ull.es\/portal\/noticias\/2003\/la-universidad-acoger-el-iv-congreso-internacional-de-historiografa-lingstica-2\/","url":"https:\/\/www.ull.es\/portal\/noticias\/2003\/la-universidad-acoger-el-iv-congreso-internacional-de-historiografa-lingstica-2\/","name":"La universidad acoger\u00e1 el IV Congreso Internacional de Historiograf\u00eda Ling\u00edstica - ULL - Noticias","isPartOf":{"@id":"https:\/\/www.ull.es\/portal\/noticias\/#website"},"datePublished":"2003-10-20T00:00:00+00:00","dateModified":"2003-10-20T00:00:00+00:00","author":{"@id":"https:\/\/www.ull.es\/portal\/noticias\/#\/schema\/person\/c3b2aa857797592927a03740d6664376"},"breadcrumb":{"@id":"https:\/\/www.ull.es\/portal\/noticias\/2003\/la-universidad-acoger-el-iv-congreso-internacional-de-historiografa-lingstica-2\/#breadcrumb"},"inLanguage":"es","potentialAction":[{"@type":"ReadAction","target":["https:\/\/www.ull.es\/portal\/noticias\/2003\/la-universidad-acoger-el-iv-congreso-internacional-de-historiografa-lingstica-2\/"]}]},{"@type":"BreadcrumbList","@id":"https:\/\/www.ull.es\/portal\/noticias\/2003\/la-universidad-acoger-el-iv-congreso-internacional-de-historiografa-lingstica-2\/#breadcrumb","itemListElement":[{"@type":"ListItem","position":1,"name":"Portada","item":"https:\/\/www.ull.es\/portal\/noticias\/"},{"@type":"ListItem","position":2,"name":"La universidad acoger\u00e1 el IV Congreso Internacional de Historiograf\u00eda Ling\u00edstica"}]},{"@type":"WebSite","@id":"https:\/\/www.ull.es\/portal\/noticias\/#website","url":"https:\/\/www.ull.es\/portal\/noticias\/","name":"ULL - Noticias","description":"","potentialAction":[{"@type":"SearchAction","target":{"@type":"EntryPoint","urlTemplate":"https:\/\/www.ull.es\/portal\/noticias\/?s={search_term_string}"},"query-input":"required name=search_term_string"}],"inLanguage":"es"},{"@type":"Person","@id":"https:\/\/www.ull.es\/portal\/noticias\/#\/schema\/person\/c3b2aa857797592927a03740d6664376","name":"prensa2","image":{"@type":"ImageObject","inLanguage":"es","@id":"https:\/\/www.ull.es\/portal\/noticias\/#\/schema\/person\/image\/","url":"https:\/\/secure.gravatar.com\/avatar\/b58f310a5de5feb33d1e026d2493f23c?s=96&d=mm&r=g","contentUrl":"https:\/\/secure.gravatar.com\/avatar\/b58f310a5de5feb33d1e026d2493f23c?s=96&d=mm&r=g","caption":"prensa2"},"url":"https:\/\/www.ull.es\/portal\/noticias\/author\/prensa2\/"}]}},"primary_category":null,"featured_image_thumbnail_url":null,"_links":{"self":[{"href":"https:\/\/www.ull.es\/portal\/noticias\/wp-json\/wp\/v2\/posts\/30109"}],"collection":[{"href":"https:\/\/www.ull.es\/portal\/noticias\/wp-json\/wp\/v2\/posts"}],"about":[{"href":"https:\/\/www.ull.es\/portal\/noticias\/wp-json\/wp\/v2\/types\/post"}],"author":[{"embeddable":true,"href":"https:\/\/www.ull.es\/portal\/noticias\/wp-json\/wp\/v2\/users\/21"}],"replies":[{"embeddable":true,"href":"https:\/\/www.ull.es\/portal\/noticias\/wp-json\/wp\/v2\/comments?post=30109"}],"version-history":[{"count":0,"href":"https:\/\/www.ull.es\/portal\/noticias\/wp-json\/wp\/v2\/posts\/30109\/revisions"}],"wp:attachment":[{"href":"https:\/\/www.ull.es\/portal\/noticias\/wp-json\/wp\/v2\/media?parent=30109"}],"wp:term":[{"taxonomy":"category","embeddable":true,"href":"https:\/\/www.ull.es\/portal\/noticias\/wp-json\/wp\/v2\/categories?post=30109"},{"taxonomy":"post_tag","embeddable":true,"href":"https:\/\/www.ull.es\/portal\/noticias\/wp-json\/wp\/v2\/tags?post=30109"}],"curies":[{"name":"wp","href":"https:\/\/api.w.org\/{rel}","templated":true}]}}