{"id":30245,"date":"2017-01-24T14:49:51","date_gmt":"2017-01-24T14:49:51","guid":{"rendered":"http:\/\/ddigital.webs.ull.es\/?p=29970"},"modified":"2017-01-24T14:49:51","modified_gmt":"2017-01-24T14:49:51","slug":"las-jornadas-de-puertas-abiertas-de-2017-despejan-dudas-sobre-el-acceso-a-la-ull-tras-la-supresion-de-la-pau","status":"publish","type":"post","link":"https:\/\/www.ull.es\/portal\/noticias\/2017\/las-jornadas-de-puertas-abiertas-de-2017-despejan-dudas-sobre-el-acceso-a-la-ull-tras-la-supresion-de-la-pau\/","title":{"rendered":"Las Jornadas de Puertas Abiertas de 2017 despejan dudas sobre el acceso a la ULL tras la supresi\u00f3n de la PAU"},"content":{"rendered":"<p>Como es ya habitual cada enero, la Universidad de La Laguna celebra en el Campus de Guajara desde hoy, martes 24, hasta el viernes 27, sus Jornadas de Puertas Abiertas para ofrecer al alumnado de Bachillerato, ciclos formativos y modalidades de mayores de 25, 40 y 45 a\u00f1os, la informaci\u00f3n acad\u00e9mica y administrativa esencial sobre el acceso al pr\u00f3ximo curso 2017-2018. Este a\u00f1o es especialmente relevante, dado que tras la supresi\u00f3n de la Prueba de Acceso a la Universidad (PAU), existe entre el colectivo estudiantil cierto clima de incertidumbre.<\/p>\n<p>Consciente de esa inquietud acerca del pr\u00f3ximo curso, cada d\u00eda de esta edici\u00f3n de las jornadas se abrir\u00e1 con una intervenci\u00f3n general en la que se explicar\u00e1 c\u00f3mo se articular\u00e1 el acceso. El vicerrector de Estudiantes, Alfonso Garc\u00eda, ha querido as\u00ed mandar un mensaje tranquilizador se\u00f1alando que el modelo que se seguir\u00e1 ser\u00e1 muy parecido al de la extinta PAU.<\/p>\n<p>[images_grid auto_slide=\u00bbno\u00bb auto_duration=\u00bb1&#8243; cols=\u00bbthree\u00bb lightbox=\u00bbno\u00bb source=\u00bbmedia: 29972,29973&#8243;][\/images_grid]<\/p>\n<p>Garc\u00eda inform\u00f3 en su intervenci\u00f3n de apertura de que las universidades p\u00fablicas canarias y la Consejer\u00eda de Educaci\u00f3n del Gobierno de Canarias han estado trabajando conjuntamente para definir c\u00f3mo ser\u00e1 la prueba y se espera que en menos de dos semanas ya est\u00e9 disponible la nueva instrucci\u00f3n reguladora del procedimiento.<\/p>\n<p>Avanz\u00f3 que, al igual que la PAU, se desarrollar\u00e1 a lo largo de tres d\u00edas y habr\u00e1 dos convocatorias, en junio y julio. Tambi\u00e9n confirm\u00f3 que existir\u00e1 una parte de cuatro ex\u00e1menes de materias troncales que sumar\u00e1n hasta diez puntos, otra de optativas para subir nota y as\u00ed llegar hasta los catorce puntos, y que la media obtenida durante la secundaria tendr\u00e1 el 60% del peso en la calificaci\u00f3n final.<\/p>\n<p>El rector de la ULL, Antonio Martin\u00f3n, tambi\u00e9n estuvo presente en esta primera sesi\u00f3n para dar la bienvenida al alumnado. Record\u00f3 que el prop\u00f3sito de este foro es ayudar a tomar la mejor decisi\u00f3n para el futuro aportando la informaci\u00f3n disponible. \u201cS\u00f3lo me atrevo a darles un consejo: elijan lo que m\u00e1s les guste y les haga felices, pues vivimos tiempos de cambios y una carrera que hoy parece que tiene salida, en pocos a\u00f1os podr\u00eda dejar de tenerla\u201d. Tambi\u00e9n manifest\u00f3 su deseo de que en la universidad los estudiantes reciban una formaci\u00f3n \u201cno s\u00f3lo intelectual, sino tambi\u00e9n moral\u201d.<\/p>\n<p><strong>Jornadas de Puertas Abiertas<\/strong><\/p>\n<p>Las Jornadas de puertas Abiertas est\u00e1n organizadas por el Servicio de Informaci\u00f3n y Orientaci\u00f3n del Vicerrectorado de Estudiantes y se celebrar\u00e1n en diferentes escenarios el Campus de Guajara. Cada d\u00eda habr\u00e1 cuatro sesiones de charlas sobre las diferentes titulaciones que oferta la ULL, impartidas por su propio profesorado, as\u00ed como una ya mencionada charla de introducci\u00f3n.<\/p>\n<p>[images_grid auto_slide=\u00bbno\u00bb auto_duration=\u00bb1&#8243; cols=\u00bbthree\u00bb lightbox=\u00bbno\u00bb source=\u00bbmedia: 29974,29976&#8243;][\/images_grid]<\/p>\n<p>En esta edici\u00f3n 2017 han confirmado su asistencia 126 centros de toda Canarias, con una previsi\u00f3n de asistencia de 7.767 personas. Hoy, martes 24, se ha atendido al alumnado de institutos de La Laguna. El mi\u00e9rcoles 25 se recibir\u00e1 a estudiantes del norte de Tenerife; el jueves 26, del municipio de Santa Cruz de Tenerife; y el viernes 27, s del sur de Tenerife y de otras islas (El Hierro, La Gomera, La Palma, Gran Canaria, Fuerteventura y Lanzarote).<\/p>\n<p>Tambi\u00e9n se ha programado una reuni\u00f3n diaria con los orientadores y tutores de Secundaria, una sesi\u00f3n informativa espec\u00edfica para madres y padres el jueves 26 a las 19:00 y una visita guiada la colegio Mayor San Fernando el viernes 27 a las 16:00. El programa completo y las gu\u00edas informativas del encuentro est\u00e1n disponibles en la web institucional, accediendo a trav\u00e9s de un banner en la portada.<\/p>\n<p>[images_grid auto_slide=\u00bbno\u00bb auto_duration=\u00bb1&#8243; cols=\u00bbthree\u00bb lightbox=\u00bbno\u00bb source=\u00bbmedia: 29971,29975&#8243;][\/images_grid]<\/p>\n","protected":false},"excerpt":{"rendered":"<p>Como es ya habitual cada enero, la Universidad de La Laguna celebra en el Campus de Guajara desde hoy, martes&#8230;<\/p>\n","protected":false},"author":23,"featured_media":29972,"comment_status":"open","ping_status":"open","sticky":false,"template":"","format":"video","meta":{"inline_featured_image":false,"footnotes":""},"categories":[343,345,1,352],"tags":[370,446,517,689,1610,1681,2353,2382,2406,2527,2560,2610],"acf":[],"yoast_head":"<!-- This site is optimized with the Yoast SEO plugin v21.3 - https:\/\/yoast.com\/wordpress\/plugins\/seo\/ -->\n<title>Las Jornadas de Puertas Abiertas de 2017 despejan dudas sobre el acceso a la ULL tras la supresi\u00f3n de la PAU - ULL - Noticias<\/title>\n<meta name=\"robots\" content=\"index, follow, max-snippet:-1, max-image-preview:large, max-video-preview:-1\" \/>\n<link rel=\"canonical\" href=\"https:\/\/www.ull.es\/portal\/noticias\/2017\/las-jornadas-de-puertas-abiertas-de-2017-despejan-dudas-sobre-el-acceso-a-la-ull-tras-la-supresion-de-la-pau\/\" \/>\n<meta property=\"og:locale\" content=\"es_ES\" \/>\n<meta property=\"og:type\" content=\"article\" \/>\n<meta property=\"og:title\" content=\"Las Jornadas de Puertas Abiertas de 2017 despejan dudas sobre el acceso a la ULL tras la supresi\u00f3n de la PAU - ULL - Noticias\" \/>\n<meta property=\"og:description\" content=\"Como es ya habitual cada enero, la Universidad de La Laguna celebra en el Campus de Guajara desde hoy, martes...\" \/>\n<meta property=\"og:url\" content=\"https:\/\/www.ull.es\/portal\/noticias\/2017\/las-jornadas-de-puertas-abiertas-de-2017-despejan-dudas-sobre-el-acceso-a-la-ull-tras-la-supresion-de-la-pau\/\" \/>\n<meta property=\"og:site_name\" content=\"ULL - Noticias\" \/>\n<meta property=\"article:publisher\" content=\"https:\/\/www.facebook.com\/universidaddelalaguna\/\" \/>\n<meta property=\"article:published_time\" content=\"2017-01-24T14:49:51+00:00\" \/>\n<meta property=\"og:image\" content=\"https:\/\/www.ull.es\/portal\/noticias\/wp-content\/uploads\/sites\/13\/2017\/01\/1.jpg\" \/>\n\t<meta property=\"og:image:width\" content=\"1024\" \/>\n\t<meta property=\"og:image:height\" content=\"505\" \/>\n\t<meta property=\"og:image:type\" content=\"image\/jpeg\" \/>\n<meta name=\"author\" content=\"gaprsa\" \/>\n<meta name=\"twitter:card\" content=\"summary_large_image\" \/>\n<meta name=\"twitter:creator\" content=\"@CanalULL\" \/>\n<meta name=\"twitter:site\" content=\"@CanalULL\" \/>\n<meta name=\"twitter:label1\" content=\"Escrito por\" \/>\n\t<meta name=\"twitter:data1\" content=\"gaprsa\" \/>\n\t<meta name=\"twitter:label2\" content=\"Tiempo de lectura\" \/>\n\t<meta name=\"twitter:data2\" content=\"3 minutos\" \/>\n<script type=\"application\/ld+json\" class=\"yoast-schema-graph\">{\"@context\":\"https:\/\/schema.org\",\"@graph\":[{\"@type\":\"WebPage\",\"@id\":\"https:\/\/www.ull.es\/portal\/noticias\/2017\/las-jornadas-de-puertas-abiertas-de-2017-despejan-dudas-sobre-el-acceso-a-la-ull-tras-la-supresion-de-la-pau\/\",\"url\":\"https:\/\/www.ull.es\/portal\/noticias\/2017\/las-jornadas-de-puertas-abiertas-de-2017-despejan-dudas-sobre-el-acceso-a-la-ull-tras-la-supresion-de-la-pau\/\",\"name\":\"Las Jornadas de Puertas Abiertas de 2017 despejan dudas sobre el acceso a la ULL tras la supresi\u00f3n de la PAU - ULL - Noticias\",\"isPartOf\":{\"@id\":\"https:\/\/www.ull.es\/portal\/noticias\/#website\"},\"datePublished\":\"2017-01-24T14:49:51+00:00\",\"dateModified\":\"2017-01-24T14:49:51+00:00\",\"author\":{\"@id\":\"https:\/\/www.ull.es\/portal\/noticias\/#\/schema\/person\/b2b1a89d43ffa609e591f7df8ef3e817\"},\"breadcrumb\":{\"@id\":\"https:\/\/www.ull.es\/portal\/noticias\/2017\/las-jornadas-de-puertas-abiertas-de-2017-despejan-dudas-sobre-el-acceso-a-la-ull-tras-la-supresion-de-la-pau\/#breadcrumb\"},\"inLanguage\":\"es\",\"potentialAction\":[{\"@type\":\"ReadAction\",\"target\":[\"https:\/\/www.ull.es\/portal\/noticias\/2017\/las-jornadas-de-puertas-abiertas-de-2017-despejan-dudas-sobre-el-acceso-a-la-ull-tras-la-supresion-de-la-pau\/\"]}]},{\"@type\":\"BreadcrumbList\",\"@id\":\"https:\/\/www.ull.es\/portal\/noticias\/2017\/las-jornadas-de-puertas-abiertas-de-2017-despejan-dudas-sobre-el-acceso-a-la-ull-tras-la-supresion-de-la-pau\/#breadcrumb\",\"itemListElement\":[{\"@type\":\"ListItem\",\"position\":1,\"name\":\"Portada\",\"item\":\"https:\/\/www.ull.es\/portal\/noticias\/\"},{\"@type\":\"ListItem\",\"position\":2,\"name\":\"Las Jornadas de Puertas Abiertas de 2017 despejan dudas sobre el acceso a la ULL tras la supresi\u00f3n de la PAU\"}]},{\"@type\":\"WebSite\",\"@id\":\"https:\/\/www.ull.es\/portal\/noticias\/#website\",\"url\":\"https:\/\/www.ull.es\/portal\/noticias\/\",\"name\":\"ULL - Noticias\",\"description\":\"\",\"potentialAction\":[{\"@type\":\"SearchAction\",\"target\":{\"@type\":\"EntryPoint\",\"urlTemplate\":\"https:\/\/www.ull.es\/portal\/noticias\/?s={search_term_string}\"},\"query-input\":\"required name=search_term_string\"}],\"inLanguage\":\"es\"},{\"@type\":\"Person\",\"@id\":\"https:\/\/www.ull.es\/portal\/noticias\/#\/schema\/person\/b2b1a89d43ffa609e591f7df8ef3e817\",\"name\":\"gaprsa\",\"image\":{\"@type\":\"ImageObject\",\"inLanguage\":\"es\",\"@id\":\"https:\/\/www.ull.es\/portal\/noticias\/#\/schema\/person\/image\/\",\"url\":\"https:\/\/secure.gravatar.com\/avatar\/443820550921091458b4823867723b3d?s=96&d=mm&r=g\",\"contentUrl\":\"https:\/\/secure.gravatar.com\/avatar\/443820550921091458b4823867723b3d?s=96&d=mm&r=g\",\"caption\":\"gaprsa\"},\"url\":\"https:\/\/www.ull.es\/portal\/noticias\/author\/gaprsa\/\"}]}<\/script>\n<!-- \/ Yoast SEO plugin. -->","yoast_head_json":{"title":"Las Jornadas de Puertas Abiertas de 2017 despejan dudas sobre el acceso a la ULL tras la supresi\u00f3n de la PAU - ULL - Noticias","robots":{"index":"index","follow":"follow","max-snippet":"max-snippet:-1","max-image-preview":"max-image-preview:large","max-video-preview":"max-video-preview:-1"},"canonical":"https:\/\/www.ull.es\/portal\/noticias\/2017\/las-jornadas-de-puertas-abiertas-de-2017-despejan-dudas-sobre-el-acceso-a-la-ull-tras-la-supresion-de-la-pau\/","og_locale":"es_ES","og_type":"article","og_title":"Las Jornadas de Puertas Abiertas de 2017 despejan dudas sobre el acceso a la ULL tras la supresi\u00f3n de la PAU - ULL - Noticias","og_description":"Como es ya habitual cada enero, la Universidad de La Laguna celebra en el Campus de Guajara desde hoy, martes...","og_url":"https:\/\/www.ull.es\/portal\/noticias\/2017\/las-jornadas-de-puertas-abiertas-de-2017-despejan-dudas-sobre-el-acceso-a-la-ull-tras-la-supresion-de-la-pau\/","og_site_name":"ULL - Noticias","article_publisher":"https:\/\/www.facebook.com\/universidaddelalaguna\/","article_published_time":"2017-01-24T14:49:51+00:00","og_image":[{"width":1024,"height":505,"url":"https:\/\/www.ull.es\/portal\/noticias\/wp-content\/uploads\/sites\/13\/2017\/01\/1.jpg","type":"image\/jpeg"}],"author":"gaprsa","twitter_card":"summary_large_image","twitter_creator":"@CanalULL","twitter_site":"@CanalULL","twitter_misc":{"Escrito por":"gaprsa","Tiempo de lectura":"3 minutos"},"schema":{"@context":"https:\/\/schema.org","@graph":[{"@type":"WebPage","@id":"https:\/\/www.ull.es\/portal\/noticias\/2017\/las-jornadas-de-puertas-abiertas-de-2017-despejan-dudas-sobre-el-acceso-a-la-ull-tras-la-supresion-de-la-pau\/","url":"https:\/\/www.ull.es\/portal\/noticias\/2017\/las-jornadas-de-puertas-abiertas-de-2017-despejan-dudas-sobre-el-acceso-a-la-ull-tras-la-supresion-de-la-pau\/","name":"Las Jornadas de Puertas Abiertas de 2017 despejan dudas sobre el acceso a la ULL tras la supresi\u00f3n de la PAU - ULL - Noticias","isPartOf":{"@id":"https:\/\/www.ull.es\/portal\/noticias\/#website"},"datePublished":"2017-01-24T14:49:51+00:00","dateModified":"2017-01-24T14:49:51+00:00","author":{"@id":"https:\/\/www.ull.es\/portal\/noticias\/#\/schema\/person\/b2b1a89d43ffa609e591f7df8ef3e817"},"breadcrumb":{"@id":"https:\/\/www.ull.es\/portal\/noticias\/2017\/las-jornadas-de-puertas-abiertas-de-2017-despejan-dudas-sobre-el-acceso-a-la-ull-tras-la-supresion-de-la-pau\/#breadcrumb"},"inLanguage":"es","potentialAction":[{"@type":"ReadAction","target":["https:\/\/www.ull.es\/portal\/noticias\/2017\/las-jornadas-de-puertas-abiertas-de-2017-despejan-dudas-sobre-el-acceso-a-la-ull-tras-la-supresion-de-la-pau\/"]}]},{"@type":"BreadcrumbList","@id":"https:\/\/www.ull.es\/portal\/noticias\/2017\/las-jornadas-de-puertas-abiertas-de-2017-despejan-dudas-sobre-el-acceso-a-la-ull-tras-la-supresion-de-la-pau\/#breadcrumb","itemListElement":[{"@type":"ListItem","position":1,"name":"Portada","item":"https:\/\/www.ull.es\/portal\/noticias\/"},{"@type":"ListItem","position":2,"name":"Las Jornadas de Puertas Abiertas de 2017 despejan dudas sobre el acceso a la ULL tras la supresi\u00f3n de la PAU"}]},{"@type":"WebSite","@id":"https:\/\/www.ull.es\/portal\/noticias\/#website","url":"https:\/\/www.ull.es\/portal\/noticias\/","name":"ULL - Noticias","description":"","potentialAction":[{"@type":"SearchAction","target":{"@type":"EntryPoint","urlTemplate":"https:\/\/www.ull.es\/portal\/noticias\/?s={search_term_string}"},"query-input":"required name=search_term_string"}],"inLanguage":"es"},{"@type":"Person","@id":"https:\/\/www.ull.es\/portal\/noticias\/#\/schema\/person\/b2b1a89d43ffa609e591f7df8ef3e817","name":"gaprsa","image":{"@type":"ImageObject","inLanguage":"es","@id":"https:\/\/www.ull.es\/portal\/noticias\/#\/schema\/person\/image\/","url":"https:\/\/secure.gravatar.com\/avatar\/443820550921091458b4823867723b3d?s=96&d=mm&r=g","contentUrl":"https:\/\/secure.gravatar.com\/avatar\/443820550921091458b4823867723b3d?s=96&d=mm&r=g","caption":"gaprsa"},"url":"https:\/\/www.ull.es\/portal\/noticias\/author\/gaprsa\/"}]}},"primary_category":null,"featured_image_thumbnail_url":"https:\/\/www.ull.es\/portal\/noticias\/wp-content\/uploads\/sites\/13\/2017\/01\/1-300x148.jpg","_links":{"self":[{"href":"https:\/\/www.ull.es\/portal\/noticias\/wp-json\/wp\/v2\/posts\/30245"}],"collection":[{"href":"https:\/\/www.ull.es\/portal\/noticias\/wp-json\/wp\/v2\/posts"}],"about":[{"href":"https:\/\/www.ull.es\/portal\/noticias\/wp-json\/wp\/v2\/types\/post"}],"author":[{"embeddable":true,"href":"https:\/\/www.ull.es\/portal\/noticias\/wp-json\/wp\/v2\/users\/23"}],"replies":[{"embeddable":true,"href":"https:\/\/www.ull.es\/portal\/noticias\/wp-json\/wp\/v2\/comments?post=30245"}],"version-history":[{"count":0,"href":"https:\/\/www.ull.es\/portal\/noticias\/wp-json\/wp\/v2\/posts\/30245\/revisions"}],"wp:featuredmedia":[{"embeddable":true,"href":"https:\/\/www.ull.es\/portal\/noticias\/wp-json\/wp\/v2\/media\/29972"}],"wp:attachment":[{"href":"https:\/\/www.ull.es\/portal\/noticias\/wp-json\/wp\/v2\/media?parent=30245"}],"wp:term":[{"taxonomy":"category","embeddable":true,"href":"https:\/\/www.ull.es\/portal\/noticias\/wp-json\/wp\/v2\/categories?post=30245"},{"taxonomy":"post_tag","embeddable":true,"href":"https:\/\/www.ull.es\/portal\/noticias\/wp-json\/wp\/v2\/tags?post=30245"}],"curies":[{"name":"wp","href":"https:\/\/api.w.org\/{rel}","templated":true}]}}