{"id":30270,"date":"2017-02-03T10:41:38","date_gmt":"2017-02-03T10:41:38","guid":{"rendered":"https:\/\/www.ull.es\/portal\/noticias\/?p=30270"},"modified":"2017-02-03T13:44:14","modified_gmt":"2017-02-03T13:44:14","slug":"beatriz-martin-tercer-trabajo-paraninfo","status":"publish","type":"post","link":"https:\/\/www.ull.es\/portal\/noticias\/2017\/beatriz-martin-tercer-trabajo-paraninfo\/","title":{"rendered":"La cantautora Beatriz Mart\u00edn presenta temas in\u00e9ditos de su tercer trabajo en el Paraninfo de la ULL"},"content":{"rendered":"<p>El swing y las baladas sonar\u00e1n en la voz de la cantautora Beatriz Mart\u00edn en el Paraninfo de la Universidad de La Laguna. La cantante que comienza su gira 2017 presentar\u00e1 ma\u00f1ana algunas de las canciones in\u00e9ditas de su tercer disco.<\/p>\n<p>El concierto tendr\u00e1 por tanto lugar el s\u00e1bado 4 de febrero a las 21 horas en la sala esc\u00e9nica universitaria, con entradas a 8 euros y acceso gratuito en el aparcamiento del Edificio Central de la Universidad de La Laguna.<\/p>\n<p>En este espect\u00e1culo de m\u00fasica de autor con arreglos musicales especiales, cargado de emociones para llegar al p\u00fablico, la tinerfe\u00f1a Beatriz Mart\u00edn estar\u00e1 acompa\u00f1ada de su banda, integrada por Andy Dehmer a la guitarra, Bebi Camacho al teclado, Yiyo Bravo al bajo y Charlie Martin a la bater\u00eda.<\/p>\n<p>Las localidades pueden adquirirse en la web <a href=\"http:\/\/www.tomaticket.es\/paraninfoull\" target=\"_blank\" rel=\"noopener\">www.tomaticket.es\/paraninfoull<\/a>, en el Vicerrectorado de Relaciones con la Sociedad (C\/Viana, 50. La Laguna) de 9:00 a 14:00 horas, en la cafeter\u00eda del Edificio Central de la ULL de 8:00 a 19:00 horas y en la taquilla, el mismo d\u00eda de la funci\u00f3n, a partir de las 17:00 horas.<\/p>\n","protected":false},"excerpt":{"rendered":"<p>El swing y las baladas sonar\u00e1n en la voz de la cantautora Beatriz Mart\u00edn en el Paraninfo de la Universidad&#8230;<\/p>\n","protected":false},"author":22,"featured_media":30271,"comment_status":"closed","ping_status":"closed","sticky":false,"template":"","format":"standard","meta":{"inline_featured_image":false,"footnotes":""},"categories":[344,345],"tags":[2688,876,2047,2527],"acf":[],"yoast_head":"<!-- This site is optimized with the Yoast SEO plugin v21.3 - https:\/\/yoast.com\/wordpress\/plugins\/seo\/ -->\n<title>La cantautora Beatriz Mart\u00edn presenta su tercer trabajo en el Paraninfo de la ULL - ULL - Noticias<\/title>\n<meta name=\"description\" content=\"Beatriz Mart\u00edn act\u00faa el 4 de febrero con la banda compuesta por Andy Dehmer (guitarra), Bebi Camacho (teclado), Yiyo Bravo (bajo) y Charlie Martin (bater\u00eda)\" \/>\n<meta name=\"robots\" content=\"index, follow, max-snippet:-1, max-image-preview:large, max-video-preview:-1\" \/>\n<link rel=\"canonical\" href=\"https:\/\/www.ull.es\/portal\/noticias\/2017\/beatriz-martin-tercer-trabajo-paraninfo\/\" \/>\n<meta property=\"og:locale\" content=\"es_ES\" \/>\n<meta property=\"og:type\" content=\"article\" \/>\n<meta property=\"og:title\" content=\"La cantautora Beatriz Mart\u00edn presenta su tercer trabajo en el Paraninfo de la ULL - ULL - Noticias\" \/>\n<meta property=\"og:description\" content=\"Beatriz Mart\u00edn act\u00faa el 4 de febrero con la banda compuesta por Andy Dehmer (guitarra), Bebi Camacho (teclado), Yiyo Bravo (bajo) y Charlie Martin (bater\u00eda)\" \/>\n<meta property=\"og:url\" content=\"https:\/\/www.ull.es\/portal\/noticias\/2017\/beatriz-martin-tercer-trabajo-paraninfo\/\" \/>\n<meta property=\"og:site_name\" content=\"ULL - Noticias\" \/>\n<meta property=\"article:publisher\" content=\"https:\/\/www.facebook.com\/universidaddelalaguna\/\" \/>\n<meta property=\"article:published_time\" content=\"2017-02-03T10:41:38+00:00\" \/>\n<meta property=\"article:modified_time\" content=\"2017-02-03T13:44:14+00:00\" \/>\n<meta property=\"og:image\" content=\"https:\/\/www.ull.es\/portal\/noticias\/wp-content\/uploads\/sites\/13\/2017\/02\/beatriz-martin.jpg\" \/>\n\t<meta property=\"og:image:width\" content=\"1136\" \/>\n\t<meta property=\"og:image:height\" content=\"1606\" \/>\n\t<meta property=\"og:image:type\" content=\"image\/jpeg\" \/>\n<meta name=\"author\" content=\"gesweb\" \/>\n<meta name=\"twitter:card\" content=\"summary_large_image\" \/>\n<meta name=\"twitter:title\" content=\"Beatriz Mart\u00edn en el Paraninfo ULL\" \/>\n<meta name=\"twitter:creator\" content=\"@CanalULL\" \/>\n<meta name=\"twitter:site\" content=\"@CanalULL\" \/>\n<meta name=\"twitter:label1\" content=\"Escrito por\" \/>\n\t<meta name=\"twitter:data1\" content=\"gesweb\" \/>\n\t<meta name=\"twitter:label2\" content=\"Tiempo de lectura\" \/>\n\t<meta name=\"twitter:data2\" content=\"1 minuto\" \/>\n<script type=\"application\/ld+json\" class=\"yoast-schema-graph\">{\"@context\":\"https:\/\/schema.org\",\"@graph\":[{\"@type\":\"WebPage\",\"@id\":\"https:\/\/www.ull.es\/portal\/noticias\/2017\/beatriz-martin-tercer-trabajo-paraninfo\/\",\"url\":\"https:\/\/www.ull.es\/portal\/noticias\/2017\/beatriz-martin-tercer-trabajo-paraninfo\/\",\"name\":\"La cantautora Beatriz Mart\u00edn presenta su tercer trabajo en el Paraninfo de la ULL - ULL - Noticias\",\"isPartOf\":{\"@id\":\"https:\/\/www.ull.es\/portal\/noticias\/#website\"},\"datePublished\":\"2017-02-03T10:41:38+00:00\",\"dateModified\":\"2017-02-03T13:44:14+00:00\",\"author\":{\"@id\":\"https:\/\/www.ull.es\/portal\/noticias\/#\/schema\/person\/0d0cec7a74dddecef1a523fc5adef552\"},\"description\":\"Beatriz Mart\u00edn act\u00faa el 4 de febrero con la banda compuesta por Andy Dehmer (guitarra), Bebi Camacho (teclado), Yiyo Bravo (bajo) y Charlie Martin (bater\u00eda)\",\"breadcrumb\":{\"@id\":\"https:\/\/www.ull.es\/portal\/noticias\/2017\/beatriz-martin-tercer-trabajo-paraninfo\/#breadcrumb\"},\"inLanguage\":\"es\",\"potentialAction\":[{\"@type\":\"ReadAction\",\"target\":[\"https:\/\/www.ull.es\/portal\/noticias\/2017\/beatriz-martin-tercer-trabajo-paraninfo\/\"]}]},{\"@type\":\"BreadcrumbList\",\"@id\":\"https:\/\/www.ull.es\/portal\/noticias\/2017\/beatriz-martin-tercer-trabajo-paraninfo\/#breadcrumb\",\"itemListElement\":[{\"@type\":\"ListItem\",\"position\":1,\"name\":\"Portada\",\"item\":\"https:\/\/www.ull.es\/portal\/noticias\/\"},{\"@type\":\"ListItem\",\"position\":2,\"name\":\"La cantautora Beatriz Mart\u00edn presenta temas in\u00e9ditos de su tercer trabajo en el Paraninfo de la ULL\"}]},{\"@type\":\"WebSite\",\"@id\":\"https:\/\/www.ull.es\/portal\/noticias\/#website\",\"url\":\"https:\/\/www.ull.es\/portal\/noticias\/\",\"name\":\"ULL - Noticias\",\"description\":\"\",\"potentialAction\":[{\"@type\":\"SearchAction\",\"target\":{\"@type\":\"EntryPoint\",\"urlTemplate\":\"https:\/\/www.ull.es\/portal\/noticias\/?s={search_term_string}\"},\"query-input\":\"required name=search_term_string\"}],\"inLanguage\":\"es\"},{\"@type\":\"Person\",\"@id\":\"https:\/\/www.ull.es\/portal\/noticias\/#\/schema\/person\/0d0cec7a74dddecef1a523fc5adef552\",\"name\":\"gesweb\",\"image\":{\"@type\":\"ImageObject\",\"inLanguage\":\"es\",\"@id\":\"https:\/\/www.ull.es\/portal\/noticias\/#\/schema\/person\/image\/\",\"url\":\"https:\/\/secure.gravatar.com\/avatar\/23432b5ec55289f95fd3441098fba4b4?s=96&d=mm&r=g\",\"contentUrl\":\"https:\/\/secure.gravatar.com\/avatar\/23432b5ec55289f95fd3441098fba4b4?s=96&d=mm&r=g\",\"caption\":\"gesweb\"},\"url\":\"https:\/\/www.ull.es\/portal\/noticias\/author\/gesweb\/\"}]}<\/script>\n<!-- \/ Yoast SEO plugin. -->","yoast_head_json":{"title":"La cantautora Beatriz Mart\u00edn presenta su tercer trabajo en el Paraninfo de la ULL - ULL - Noticias","description":"Beatriz Mart\u00edn act\u00faa el 4 de febrero con la banda compuesta por Andy Dehmer (guitarra), Bebi Camacho (teclado), Yiyo Bravo (bajo) y Charlie Martin (bater\u00eda)","robots":{"index":"index","follow":"follow","max-snippet":"max-snippet:-1","max-image-preview":"max-image-preview:large","max-video-preview":"max-video-preview:-1"},"canonical":"https:\/\/www.ull.es\/portal\/noticias\/2017\/beatriz-martin-tercer-trabajo-paraninfo\/","og_locale":"es_ES","og_type":"article","og_title":"La cantautora Beatriz Mart\u00edn presenta su tercer trabajo en el Paraninfo de la ULL - ULL - Noticias","og_description":"Beatriz Mart\u00edn act\u00faa el 4 de febrero con la banda compuesta por Andy Dehmer (guitarra), Bebi Camacho (teclado), Yiyo Bravo (bajo) y Charlie Martin (bater\u00eda)","og_url":"https:\/\/www.ull.es\/portal\/noticias\/2017\/beatriz-martin-tercer-trabajo-paraninfo\/","og_site_name":"ULL - Noticias","article_publisher":"https:\/\/www.facebook.com\/universidaddelalaguna\/","article_published_time":"2017-02-03T10:41:38+00:00","article_modified_time":"2017-02-03T13:44:14+00:00","og_image":[{"width":1136,"height":1606,"url":"https:\/\/www.ull.es\/portal\/noticias\/wp-content\/uploads\/sites\/13\/2017\/02\/beatriz-martin.jpg","type":"image\/jpeg"}],"author":"gesweb","twitter_card":"summary_large_image","twitter_title":"Beatriz Mart\u00edn en el Paraninfo ULL","twitter_creator":"@CanalULL","twitter_site":"@CanalULL","twitter_misc":{"Escrito por":"gesweb","Tiempo de lectura":"1 minuto"},"schema":{"@context":"https:\/\/schema.org","@graph":[{"@type":"WebPage","@id":"https:\/\/www.ull.es\/portal\/noticias\/2017\/beatriz-martin-tercer-trabajo-paraninfo\/","url":"https:\/\/www.ull.es\/portal\/noticias\/2017\/beatriz-martin-tercer-trabajo-paraninfo\/","name":"La cantautora Beatriz Mart\u00edn presenta su tercer trabajo en el Paraninfo de la ULL - ULL - Noticias","isPartOf":{"@id":"https:\/\/www.ull.es\/portal\/noticias\/#website"},"datePublished":"2017-02-03T10:41:38+00:00","dateModified":"2017-02-03T13:44:14+00:00","author":{"@id":"https:\/\/www.ull.es\/portal\/noticias\/#\/schema\/person\/0d0cec7a74dddecef1a523fc5adef552"},"description":"Beatriz Mart\u00edn act\u00faa el 4 de febrero con la banda compuesta por Andy Dehmer (guitarra), Bebi Camacho (teclado), Yiyo Bravo (bajo) y Charlie Martin (bater\u00eda)","breadcrumb":{"@id":"https:\/\/www.ull.es\/portal\/noticias\/2017\/beatriz-martin-tercer-trabajo-paraninfo\/#breadcrumb"},"inLanguage":"es","potentialAction":[{"@type":"ReadAction","target":["https:\/\/www.ull.es\/portal\/noticias\/2017\/beatriz-martin-tercer-trabajo-paraninfo\/"]}]},{"@type":"BreadcrumbList","@id":"https:\/\/www.ull.es\/portal\/noticias\/2017\/beatriz-martin-tercer-trabajo-paraninfo\/#breadcrumb","itemListElement":[{"@type":"ListItem","position":1,"name":"Portada","item":"https:\/\/www.ull.es\/portal\/noticias\/"},{"@type":"ListItem","position":2,"name":"La cantautora Beatriz Mart\u00edn presenta temas in\u00e9ditos de su tercer trabajo en el Paraninfo de la ULL"}]},{"@type":"WebSite","@id":"https:\/\/www.ull.es\/portal\/noticias\/#website","url":"https:\/\/www.ull.es\/portal\/noticias\/","name":"ULL - Noticias","description":"","potentialAction":[{"@type":"SearchAction","target":{"@type":"EntryPoint","urlTemplate":"https:\/\/www.ull.es\/portal\/noticias\/?s={search_term_string}"},"query-input":"required name=search_term_string"}],"inLanguage":"es"},{"@type":"Person","@id":"https:\/\/www.ull.es\/portal\/noticias\/#\/schema\/person\/0d0cec7a74dddecef1a523fc5adef552","name":"gesweb","image":{"@type":"ImageObject","inLanguage":"es","@id":"https:\/\/www.ull.es\/portal\/noticias\/#\/schema\/person\/image\/","url":"https:\/\/secure.gravatar.com\/avatar\/23432b5ec55289f95fd3441098fba4b4?s=96&d=mm&r=g","contentUrl":"https:\/\/secure.gravatar.com\/avatar\/23432b5ec55289f95fd3441098fba4b4?s=96&d=mm&r=g","caption":"gesweb"},"url":"https:\/\/www.ull.es\/portal\/noticias\/author\/gesweb\/"}]}},"primary_category":{"id":344,"name":"Cultura","slug":"cultura","link":"https:\/\/www.ull.es\/portal\/noticias\/category\/cultura\/"},"featured_image_thumbnail_url":"https:\/\/www.ull.es\/portal\/noticias\/wp-content\/uploads\/sites\/13\/2017\/02\/beatriz-martin-212x300.jpg","_links":{"self":[{"href":"https:\/\/www.ull.es\/portal\/noticias\/wp-json\/wp\/v2\/posts\/30270"}],"collection":[{"href":"https:\/\/www.ull.es\/portal\/noticias\/wp-json\/wp\/v2\/posts"}],"about":[{"href":"https:\/\/www.ull.es\/portal\/noticias\/wp-json\/wp\/v2\/types\/post"}],"author":[{"embeddable":true,"href":"https:\/\/www.ull.es\/portal\/noticias\/wp-json\/wp\/v2\/users\/22"}],"replies":[{"embeddable":true,"href":"https:\/\/www.ull.es\/portal\/noticias\/wp-json\/wp\/v2\/comments?post=30270"}],"version-history":[{"count":1,"href":"https:\/\/www.ull.es\/portal\/noticias\/wp-json\/wp\/v2\/posts\/30270\/revisions"}],"predecessor-version":[{"id":30272,"href":"https:\/\/www.ull.es\/portal\/noticias\/wp-json\/wp\/v2\/posts\/30270\/revisions\/30272"}],"wp:featuredmedia":[{"embeddable":true,"href":"https:\/\/www.ull.es\/portal\/noticias\/wp-json\/wp\/v2\/media\/30271"}],"wp:attachment":[{"href":"https:\/\/www.ull.es\/portal\/noticias\/wp-json\/wp\/v2\/media?parent=30270"}],"wp:term":[{"taxonomy":"category","embeddable":true,"href":"https:\/\/www.ull.es\/portal\/noticias\/wp-json\/wp\/v2\/categories?post=30270"},{"taxonomy":"post_tag","embeddable":true,"href":"https:\/\/www.ull.es\/portal\/noticias\/wp-json\/wp\/v2\/tags?post=30270"}],"curies":[{"name":"wp","href":"https:\/\/api.w.org\/{rel}","templated":true}]}}