{"id":30343,"date":"2017-02-10T15:20:16","date_gmt":"2017-02-10T15:20:16","guid":{"rendered":"https:\/\/www.ull.es\/portal\/noticias\/?p=30343"},"modified":"2017-02-10T15:20:16","modified_gmt":"2017-02-10T15:20:16","slug":"cursos-transdisciplinares-2017","status":"publish","type":"post","link":"https:\/\/www.ull.es\/portal\/noticias\/2017\/cursos-transdisciplinares-2017\/","title":{"rendered":"La Universidad de La Laguna abre la matr\u00edcula de tres Cursos Transdisciplinares de los siete ofertados en 2017"},"content":{"rendered":"<p>Como cada a\u00f1o, la Universidad de La Laguna ha convocado una serie de Cursos Transdisciplinares, cuya meta es abordar una materia desde varias disciplinas. Los cursos est\u00e1n organizados por el Vicerrectorado de Relaciones con la Sociedad\u00a0 con el apoyo de la Fundaci\u00f3n CajaCanarias. El programa de este a\u00f1o consta de 7 cursos en total, que tendr\u00e1n un reconocimiento de 2 cr\u00e9ditos ECTS. Est\u00e1 abierta la inscripci\u00f3n en tres de ellos.<\/p>\n<p>El primero de los cursos disponibles para realizar la matr\u00edcula es \u201cAgua y Agricultura: ingenier\u00eda, econom\u00eda y aspectos sociales\u201d. Su director es Juan Carlos Santamarta Cerezal, docente adscrito al Departamento de Ingenier\u00eda Agraria, Na\u00fatica, Civil y Mar\u00edtima. El curso se impartir\u00e1 en la Escuela Polit\u00e9cnica Superior de Ingenier\u00eda, entre el 13 y el 17 de marzo, mientras que el plazo para la inscripci\u00f3n estar\u00e1 abierto hasta el 8 de marzo.<\/p>\n<p>El segundo de los cursos donde ya se puede realizar la inscripci\u00f3n es \u201cDerechos de autor\u00eda desde una perspectiva comparada\u201d, dirigido por Luis Javier Capote P\u00e9rez, del Departamento de Disciplinas Jur\u00eddicas B\u00e1sicas. Se celebrar\u00e1 del 8 al 25 de abril en la facultad de Derecho de la ULL y la inscripci\u00f3n puede realizarse hasta el 3 de marzo.<\/p>\n<p>El tercero de los cursos disponibles es \u201cClaves actuales para la Ciencia y la Tecnolog\u00eda\u201d, coordinado por el profesor Jonay Tom\u00e1s Toledo Carrillo, del Departamento de Ingenier\u00eda Inform\u00e1tica y de Sistemas. La duraci\u00f3n del curso ser\u00e1 de 10 d\u00edas, comenzando el 21 de marzo y clausur\u00e1ndose el 31 del mismo mes. El lugar elegido para su realizaci\u00f3n ser\u00e1 la Facultad de Ciencias de la ULL.<\/p>\n<p>La inscripci\u00f3n de los cursos se llevar\u00e1 a cabo por v\u00eda online y todos ellos contar\u00e1n con las mismas tarifas, pero su precio variar\u00e1 dependiendo del perfil al que se dirijan: la tarifa general es de 44 euros; la matr\u00edcula para los profesores de la ULL, PAS Grupos A y B Laborales Grupos I y II es de 39,60 euros; la tarifa dirigida al profesorado de la ULL contratado, PAS y Laborales que no se incluyan en la anterior tarifa es de 35,20 euros; por \u00faltimo, la tarifa destinada a estudiantes, desempleados y jubilados ser\u00e1 de 30,80 euros.<\/p>\n<p><strong>Otros cursos<\/strong><\/p>\n<p>En lo que respecta a los dem\u00e1s\u00a0Cursos Transdisciplinares en los que podr\u00e1 realizarse la inscripci\u00f3n pr\u00f3ximamente, el primero es \u201cLa utilidad qu\u00edmica en los fogones: Alimentos construidos\u201d, cuya duraci\u00f3n ser\u00e1 del 8 al 12 de septiembre y se celebrar\u00e1 en el Sal\u00f3n de Actos del Instituto Universitario de Bio-Org\u00e1nica y ser\u00e1 dirigido por Jos\u00e9 Manuel Padr\u00f3n Carrillo, del Departamento de Qu\u00edmica Org\u00e1nica.<\/p>\n<p>A \u00e9ste le seguir\u00e1 \u201cLos determinantes sociales de la salud: Nuevos retos para la sociedad del siglo XXI\u201d, que se desarrollar\u00e1 en la Facultad de Econom\u00eda, Empresa y Turismo del 13 de noviembre hasta el 17 del mismo mes, y lo dirigir\u00e1 Sara Darias Curvo, adscrita al Departamento de Enfermer\u00eda de la ULL.<\/p>\n<p>A continuaci\u00f3n se impartir\u00e1 \u201cMujeres en acci\u00f3n \u00bfqui\u00e9n dijo miedo?\u201d, que arrancar\u00e1 el 20 de septiembre y cerrar\u00e1 el d\u00eda 22 de dicho mes. La sede escogida para el curso ser\u00e1 TEA (Tenerife Espacio de las Artes) y lo coordinar\u00e1 Isabel Castells Molina, profesora del Departamento de Filolog\u00eda Espa\u00f1ola de la ULL.<\/p>\n<p>El programa de cursos cerrar\u00e1 con \u201cMusic Science: Interacci\u00f3n, m\u00fasica cerebro y sociedad\u201d, cuya fecha de realizaci\u00f3n est\u00e1 fijada del 16 al 21 de noviembre en la facultad de Ciencias de la Salud de la ULL. El curso lo dirigir\u00e1 Juli\u00e1n Jes\u00fas Gonz\u00e1lez Gonz\u00e1lez, profesor del Departamento de Ciencias M\u00e9dicas B\u00e1sicas de la ULL.<\/p>\n<p>La inscripci\u00f3n en estos cuatro cursos restantes se abrir\u00e1 pr\u00f3ximamente. Las fechas de matriculaci\u00f3n\u00a0 pueden consultarse en el siguiente enlace: <a href=\"https:\/\/www.ull.es\/view\/institucional\/ull\/Cursos_Transdisciplinares\/es\" target=\"_blank\" rel=\"noopener\">https:\/\/www.ull.es\/view\/institucional\/ull\/Cursos_Transdisciplinares\/es<\/a>. Para acceder a la informaci\u00f3n, simplemente se hace click en el enlace \u201cInscripci\u00f3n\u201d.<\/p>\n","protected":false},"excerpt":{"rendered":"<p>Como cada a\u00f1o, la Universidad de La Laguna ha convocado una serie de Cursos Transdisciplinares, cuya meta es abordar una&#8230;<\/p>\n","protected":false},"author":22,"featured_media":30344,"comment_status":"closed","ping_status":"closed","sticky":false,"template":"","format":"standard","meta":{"inline_featured_image":false,"footnotes":""},"categories":[345,346],"tags":[959,2720,2527,2560,2614],"acf":[],"yoast_head":"<!-- This site is optimized with the Yoast SEO plugin v21.3 - https:\/\/yoast.com\/wordpress\/plugins\/seo\/ -->\n<title>La Universidad de La Laguna abre la matr\u00edcula de tres Cursos Transdisciplinares de los siete ofertados en 2017 - ULL - Noticias<\/title>\n<meta name=\"description\" content=\"Los Cursos Transdisciplinares 2017 se desarrollar\u00e1n a lo largo de todo el a\u00f1o, cubriendo una amplia variedad de tem\u00e1ticas.\" \/>\n<meta name=\"robots\" content=\"index, follow, max-snippet:-1, max-image-preview:large, max-video-preview:-1\" \/>\n<link rel=\"canonical\" href=\"https:\/\/www.ull.es\/portal\/noticias\/2017\/cursos-transdisciplinares-2017\/\" \/>\n<meta property=\"og:locale\" content=\"es_ES\" \/>\n<meta property=\"og:type\" content=\"article\" \/>\n<meta property=\"og:title\" content=\"La Universidad de La Laguna abre la matr\u00edcula de tres Cursos Transdisciplinares de los siete ofertados en 2017 - ULL - Noticias\" \/>\n<meta property=\"og:description\" content=\"Los Cursos Transdisciplinares 2017 se desarrollar\u00e1n a lo largo de todo el a\u00f1o, cubriendo una amplia variedad de tem\u00e1ticas.\" \/>\n<meta property=\"og:url\" content=\"https:\/\/www.ull.es\/portal\/noticias\/2017\/cursos-transdisciplinares-2017\/\" \/>\n<meta property=\"og:site_name\" content=\"ULL - Noticias\" \/>\n<meta property=\"article:publisher\" content=\"https:\/\/www.facebook.com\/universidaddelalaguna\/\" \/>\n<meta property=\"article:published_time\" content=\"2017-02-10T15:20:16+00:00\" \/>\n<meta property=\"og:image\" content=\"https:\/\/www.ull.es\/portal\/noticias\/wp-content\/uploads\/sites\/13\/2017\/02\/cursos-transdisciplinares.jpg\" \/>\n\t<meta property=\"og:image:width\" content=\"721\" \/>\n\t<meta property=\"og:image:height\" content=\"1024\" \/>\n\t<meta property=\"og:image:type\" content=\"image\/jpeg\" \/>\n<meta name=\"author\" content=\"gesweb\" \/>\n<meta name=\"twitter:card\" content=\"summary_large_image\" \/>\n<meta name=\"twitter:creator\" content=\"@CanalULL\" \/>\n<meta name=\"twitter:site\" content=\"@CanalULL\" \/>\n<meta name=\"twitter:label1\" content=\"Escrito por\" \/>\n\t<meta name=\"twitter:data1\" content=\"gesweb\" \/>\n\t<meta name=\"twitter:label2\" content=\"Tiempo de lectura\" \/>\n\t<meta name=\"twitter:data2\" content=\"3 minutos\" \/>\n<script type=\"application\/ld+json\" class=\"yoast-schema-graph\">{\"@context\":\"https:\/\/schema.org\",\"@graph\":[{\"@type\":\"WebPage\",\"@id\":\"https:\/\/www.ull.es\/portal\/noticias\/2017\/cursos-transdisciplinares-2017\/\",\"url\":\"https:\/\/www.ull.es\/portal\/noticias\/2017\/cursos-transdisciplinares-2017\/\",\"name\":\"La Universidad de La Laguna abre la matr\u00edcula de tres Cursos Transdisciplinares de los siete ofertados en 2017 - ULL - Noticias\",\"isPartOf\":{\"@id\":\"https:\/\/www.ull.es\/portal\/noticias\/#website\"},\"datePublished\":\"2017-02-10T15:20:16+00:00\",\"dateModified\":\"2017-02-10T15:20:16+00:00\",\"author\":{\"@id\":\"https:\/\/www.ull.es\/portal\/noticias\/#\/schema\/person\/0d0cec7a74dddecef1a523fc5adef552\"},\"description\":\"Los Cursos Transdisciplinares 2017 se desarrollar\u00e1n a lo largo de todo el a\u00f1o, cubriendo una amplia variedad de tem\u00e1ticas.\",\"breadcrumb\":{\"@id\":\"https:\/\/www.ull.es\/portal\/noticias\/2017\/cursos-transdisciplinares-2017\/#breadcrumb\"},\"inLanguage\":\"es\",\"potentialAction\":[{\"@type\":\"ReadAction\",\"target\":[\"https:\/\/www.ull.es\/portal\/noticias\/2017\/cursos-transdisciplinares-2017\/\"]}]},{\"@type\":\"BreadcrumbList\",\"@id\":\"https:\/\/www.ull.es\/portal\/noticias\/2017\/cursos-transdisciplinares-2017\/#breadcrumb\",\"itemListElement\":[{\"@type\":\"ListItem\",\"position\":1,\"name\":\"Portada\",\"item\":\"https:\/\/www.ull.es\/portal\/noticias\/\"},{\"@type\":\"ListItem\",\"position\":2,\"name\":\"La Universidad de La Laguna abre la matr\u00edcula de tres Cursos Transdisciplinares de los siete ofertados en 2017\"}]},{\"@type\":\"WebSite\",\"@id\":\"https:\/\/www.ull.es\/portal\/noticias\/#website\",\"url\":\"https:\/\/www.ull.es\/portal\/noticias\/\",\"name\":\"ULL - Noticias\",\"description\":\"\",\"potentialAction\":[{\"@type\":\"SearchAction\",\"target\":{\"@type\":\"EntryPoint\",\"urlTemplate\":\"https:\/\/www.ull.es\/portal\/noticias\/?s={search_term_string}\"},\"query-input\":\"required name=search_term_string\"}],\"inLanguage\":\"es\"},{\"@type\":\"Person\",\"@id\":\"https:\/\/www.ull.es\/portal\/noticias\/#\/schema\/person\/0d0cec7a74dddecef1a523fc5adef552\",\"name\":\"gesweb\",\"image\":{\"@type\":\"ImageObject\",\"inLanguage\":\"es\",\"@id\":\"https:\/\/www.ull.es\/portal\/noticias\/#\/schema\/person\/image\/\",\"url\":\"https:\/\/secure.gravatar.com\/avatar\/23432b5ec55289f95fd3441098fba4b4?s=96&d=mm&r=g\",\"contentUrl\":\"https:\/\/secure.gravatar.com\/avatar\/23432b5ec55289f95fd3441098fba4b4?s=96&d=mm&r=g\",\"caption\":\"gesweb\"},\"url\":\"https:\/\/www.ull.es\/portal\/noticias\/author\/gesweb\/\"}]}<\/script>\n<!-- \/ Yoast SEO plugin. -->","yoast_head_json":{"title":"La Universidad de La Laguna abre la matr\u00edcula de tres Cursos Transdisciplinares de los siete ofertados en 2017 - ULL - Noticias","description":"Los Cursos Transdisciplinares 2017 se desarrollar\u00e1n a lo largo de todo el a\u00f1o, cubriendo una amplia variedad de tem\u00e1ticas.","robots":{"index":"index","follow":"follow","max-snippet":"max-snippet:-1","max-image-preview":"max-image-preview:large","max-video-preview":"max-video-preview:-1"},"canonical":"https:\/\/www.ull.es\/portal\/noticias\/2017\/cursos-transdisciplinares-2017\/","og_locale":"es_ES","og_type":"article","og_title":"La Universidad de La Laguna abre la matr\u00edcula de tres Cursos Transdisciplinares de los siete ofertados en 2017 - ULL - Noticias","og_description":"Los Cursos Transdisciplinares 2017 se desarrollar\u00e1n a lo largo de todo el a\u00f1o, cubriendo una amplia variedad de tem\u00e1ticas.","og_url":"https:\/\/www.ull.es\/portal\/noticias\/2017\/cursos-transdisciplinares-2017\/","og_site_name":"ULL - Noticias","article_publisher":"https:\/\/www.facebook.com\/universidaddelalaguna\/","article_published_time":"2017-02-10T15:20:16+00:00","og_image":[{"width":721,"height":1024,"url":"https:\/\/www.ull.es\/portal\/noticias\/wp-content\/uploads\/sites\/13\/2017\/02\/cursos-transdisciplinares.jpg","type":"image\/jpeg"}],"author":"gesweb","twitter_card":"summary_large_image","twitter_creator":"@CanalULL","twitter_site":"@CanalULL","twitter_misc":{"Escrito por":"gesweb","Tiempo de lectura":"3 minutos"},"schema":{"@context":"https:\/\/schema.org","@graph":[{"@type":"WebPage","@id":"https:\/\/www.ull.es\/portal\/noticias\/2017\/cursos-transdisciplinares-2017\/","url":"https:\/\/www.ull.es\/portal\/noticias\/2017\/cursos-transdisciplinares-2017\/","name":"La Universidad de La Laguna abre la matr\u00edcula de tres Cursos Transdisciplinares de los siete ofertados en 2017 - ULL - Noticias","isPartOf":{"@id":"https:\/\/www.ull.es\/portal\/noticias\/#website"},"datePublished":"2017-02-10T15:20:16+00:00","dateModified":"2017-02-10T15:20:16+00:00","author":{"@id":"https:\/\/www.ull.es\/portal\/noticias\/#\/schema\/person\/0d0cec7a74dddecef1a523fc5adef552"},"description":"Los Cursos Transdisciplinares 2017 se desarrollar\u00e1n a lo largo de todo el a\u00f1o, cubriendo una amplia variedad de tem\u00e1ticas.","breadcrumb":{"@id":"https:\/\/www.ull.es\/portal\/noticias\/2017\/cursos-transdisciplinares-2017\/#breadcrumb"},"inLanguage":"es","potentialAction":[{"@type":"ReadAction","target":["https:\/\/www.ull.es\/portal\/noticias\/2017\/cursos-transdisciplinares-2017\/"]}]},{"@type":"BreadcrumbList","@id":"https:\/\/www.ull.es\/portal\/noticias\/2017\/cursos-transdisciplinares-2017\/#breadcrumb","itemListElement":[{"@type":"ListItem","position":1,"name":"Portada","item":"https:\/\/www.ull.es\/portal\/noticias\/"},{"@type":"ListItem","position":2,"name":"La Universidad de La Laguna abre la matr\u00edcula de tres Cursos Transdisciplinares de los siete ofertados en 2017"}]},{"@type":"WebSite","@id":"https:\/\/www.ull.es\/portal\/noticias\/#website","url":"https:\/\/www.ull.es\/portal\/noticias\/","name":"ULL - Noticias","description":"","potentialAction":[{"@type":"SearchAction","target":{"@type":"EntryPoint","urlTemplate":"https:\/\/www.ull.es\/portal\/noticias\/?s={search_term_string}"},"query-input":"required name=search_term_string"}],"inLanguage":"es"},{"@type":"Person","@id":"https:\/\/www.ull.es\/portal\/noticias\/#\/schema\/person\/0d0cec7a74dddecef1a523fc5adef552","name":"gesweb","image":{"@type":"ImageObject","inLanguage":"es","@id":"https:\/\/www.ull.es\/portal\/noticias\/#\/schema\/person\/image\/","url":"https:\/\/secure.gravatar.com\/avatar\/23432b5ec55289f95fd3441098fba4b4?s=96&d=mm&r=g","contentUrl":"https:\/\/secure.gravatar.com\/avatar\/23432b5ec55289f95fd3441098fba4b4?s=96&d=mm&r=g","caption":"gesweb"},"url":"https:\/\/www.ull.es\/portal\/noticias\/author\/gesweb\/"}]}},"primary_category":{"id":346,"name":"Docencia","slug":"docencia","link":"https:\/\/www.ull.es\/portal\/noticias\/category\/docencia\/"},"featured_image_thumbnail_url":"https:\/\/www.ull.es\/portal\/noticias\/wp-content\/uploads\/sites\/13\/2017\/02\/cursos-transdisciplinares-211x300.jpg","_links":{"self":[{"href":"https:\/\/www.ull.es\/portal\/noticias\/wp-json\/wp\/v2\/posts\/30343"}],"collection":[{"href":"https:\/\/www.ull.es\/portal\/noticias\/wp-json\/wp\/v2\/posts"}],"about":[{"href":"https:\/\/www.ull.es\/portal\/noticias\/wp-json\/wp\/v2\/types\/post"}],"author":[{"embeddable":true,"href":"https:\/\/www.ull.es\/portal\/noticias\/wp-json\/wp\/v2\/users\/22"}],"replies":[{"embeddable":true,"href":"https:\/\/www.ull.es\/portal\/noticias\/wp-json\/wp\/v2\/comments?post=30343"}],"version-history":[{"count":1,"href":"https:\/\/www.ull.es\/portal\/noticias\/wp-json\/wp\/v2\/posts\/30343\/revisions"}],"predecessor-version":[{"id":30345,"href":"https:\/\/www.ull.es\/portal\/noticias\/wp-json\/wp\/v2\/posts\/30343\/revisions\/30345"}],"wp:featuredmedia":[{"embeddable":true,"href":"https:\/\/www.ull.es\/portal\/noticias\/wp-json\/wp\/v2\/media\/30344"}],"wp:attachment":[{"href":"https:\/\/www.ull.es\/portal\/noticias\/wp-json\/wp\/v2\/media?parent=30343"}],"wp:term":[{"taxonomy":"category","embeddable":true,"href":"https:\/\/www.ull.es\/portal\/noticias\/wp-json\/wp\/v2\/categories?post=30343"},{"taxonomy":"post_tag","embeddable":true,"href":"https:\/\/www.ull.es\/portal\/noticias\/wp-json\/wp\/v2\/tags?post=30343"}],"curies":[{"name":"wp","href":"https:\/\/api.w.org\/{rel}","templated":true}]}}