{"id":30422,"date":"2017-02-15T15:04:32","date_gmt":"2017-02-15T15:04:32","guid":{"rendered":"https:\/\/www.ull.es\/portal\/noticias\/?p=30422"},"modified":"2017-02-15T15:04:32","modified_gmt":"2017-02-15T15:04:32","slug":"ull-congresos-cientificos-2017","status":"publish","type":"post","link":"https:\/\/www.ull.es\/portal\/noticias\/2017\/ull-congresos-cientificos-2017\/","title":{"rendered":"La Universidad de La Laguna celebrar\u00e1 en 2017 una treintena de congresos cient\u00edficos"},"content":{"rendered":"<p>La Universidad de La Laguna acoger\u00e1 en este a\u00f1o 2017 una treintena de reuniones y congresos cient\u00edficos de \u00e1mbito nacional e internacional, seg\u00fan los datos facilitados por el Vicerrectorado de Investigaci\u00f3n de la instituci\u00f3n acad\u00e9mica. Buena parte de ellos est\u00e1n integrados en el programa acad\u00e9mico del 225 aniversario de la instituci\u00f3n universitaria, efem\u00e9ride que se anunciar\u00e1 pr\u00f3ximamente.<\/p>\n<p>Como es presumible, estos congresos cient\u00edficos para presentar y discutir acerca de los \u00faltimos avances en cada campo de investigaci\u00f3n, abundan en tem\u00e1ticas muy diferentes y atraer\u00e1n a los principales investigadores y expertos de cada una de las disciplinas. Si bien algunos cuentan con financiaci\u00f3n de la propia universidad, est\u00e1 previsto que la mayor\u00eda de ellos se celebren con apoyo del Cabildo Insular de Tenerife.<\/p>\n<p>Ya de hecho entre enero y comienzos de febrero se han celebrado varias citas de car\u00e1cter internacional, como han sido el V Congreso Iberoamericano de Geometr\u00eda, Mec\u00e1nica y Control o el taller sobre Etnoarqueolog\u00eda del fuego. Le sigue de inmediato, esta misma semana, las Jornadas Internacionales sobre Panor\u00e1mica de Intervenci\u00f3n en Altas Capacidades y poco despu\u00e9s la XVII Conferencia de Decanos de Matem\u00e1ticas.<\/p>\n<p>Los meses de marzo, abril y mayo ser\u00e1n especialmente fecundos en el desarrollo de eventos cient\u00edficos en la Universidad de La Laguna. As\u00ed, por ejemplo, la instituci\u00f3n docente ser\u00e1 anfitriona de citas relacionadas con la psicolog\u00eda positiva, la bio\u00e9tica relacionada con justifica y salud global, el surrealismo, la sostenibilidad y el futuro del sistema de seguridad social, la econom\u00eda social y cooperativa o la reflexi\u00f3n en torno a los retos de los j\u00f3venes investigadores.<\/p>\n<p>Las matem\u00e1ticas en la sociedad de la informaci\u00f3n, los estudios internacionales sobre mediaci\u00f3n y conflicto, la reuni\u00f3n de expertos en radiolog\u00eda y medicina f\u00edsica, el an\u00e1lisis real y complejo en el campo de las matem\u00e1ticas o la investigaci\u00f3n en desigualdad social y movilidad intergeneracional son otros asuntos que copar\u00e1n la agenda de los pr\u00f3ximos meses en la instituci\u00f3n universitaria.<\/p>\n<p>Como antesala del verano, en los meses de junio y julio la Universidad de La Laguna acoger\u00e1 igualmente otras citas de renombre internacional como son los congresos de criptograf\u00eda, gamificaci\u00f3n en educaci\u00f3n (aplicaci\u00f3n de elementos de dise\u00f1o de juegos), y otro sobre videojuegos y, tambi\u00e9n, ingenier\u00eda del software. Del mismo modo en esos meses tendr\u00e1 lugar un encuentro europeo sobre lectura y escritura y otro acerca de parasitolog\u00eda veterinaria.<\/p>\n<p>A la vuelta de las vacaciones, la Universidad de La Laguna retomar\u00e1 sus congresos cient\u00edficos con nuevas citas de variado perfil. As\u00ed, entre septiembre y diciembre est\u00e1 previsto el desarrollo de encuentros como la conferencia internacional de dise\u00f1o, otro sobre la aplicaci\u00f3n de la f\u00edsica en energ\u00edas renovables y en biomedicina, as\u00ed como otra cita sobre econom\u00eda, energ\u00eda y sostenibilidad en Canarias. La minificci\u00f3n, la educaci\u00f3n comparada y una sesi\u00f3n de debates acerca del futuro de la universidad son otros asuntos que convocar\u00e1n a expertos de talla nacional e internacional en la Universidad de La Laguna durante 2017.<\/p>\n","protected":false},"excerpt":{"rendered":"<p>La Universidad de La Laguna acoger\u00e1 en este a\u00f1o 2017 una treintena de reuniones y congresos cient\u00edficos de \u00e1mbito nacional&#8230;<\/p>\n","protected":false},"author":22,"featured_media":30423,"comment_status":"closed","ping_status":"closed","sticky":false,"template":"","format":"standard","meta":{"inline_featured_image":false,"footnotes":""},"categories":[345,350],"tags":[2734,2735],"acf":[],"yoast_head":"<!-- This site is optimized with the Yoast SEO plugin v21.3 - https:\/\/yoast.com\/wordpress\/plugins\/seo\/ -->\n<title>La Universidad de La Laguna celebrar\u00e1 en 2017 una treintena de congresos cient\u00edficos - ULL - Noticias<\/title>\n<meta name=\"description\" content=\"Muchos de estos congresos cient\u00edficos de 2017 est\u00e1n integrados en el programa acad\u00e9mico del 225 aniversario de la instituci\u00f3n universitaria.\" \/>\n<meta name=\"robots\" content=\"index, follow, max-snippet:-1, max-image-preview:large, max-video-preview:-1\" \/>\n<link rel=\"canonical\" href=\"https:\/\/www.ull.es\/portal\/noticias\/2017\/ull-congresos-cientificos-2017\/\" \/>\n<meta property=\"og:locale\" content=\"es_ES\" \/>\n<meta property=\"og:type\" content=\"article\" \/>\n<meta property=\"og:title\" content=\"La ULL celebrar\u00e1 en 2017 una treintena de congresos cient\u00edficos\" \/>\n<meta property=\"og:description\" content=\"Muchos de estos congresos cient\u00edficos de 2017 est\u00e1n integrados en el programa acad\u00e9mico del 225 aniversario de la instituci\u00f3n universitaria.\" \/>\n<meta property=\"og:url\" content=\"https:\/\/www.ull.es\/portal\/noticias\/2017\/ull-congresos-cientificos-2017\/\" \/>\n<meta property=\"og:site_name\" content=\"ULL - Noticias\" \/>\n<meta property=\"article:publisher\" content=\"https:\/\/www.facebook.com\/universidaddelalaguna\/\" \/>\n<meta property=\"article:published_time\" content=\"2017-02-15T15:04:32+00:00\" \/>\n<meta property=\"og:image\" content=\"https:\/\/www.ull.es\/portal\/noticias\/wp-content\/uploads\/sites\/13\/2017\/02\/Guajara-gente-exter-01.jpg\" \/>\n\t<meta property=\"og:image:width\" content=\"1050\" \/>\n\t<meta property=\"og:image:height\" content=\"1575\" \/>\n\t<meta property=\"og:image:type\" content=\"image\/jpeg\" \/>\n<meta name=\"author\" content=\"gesweb\" \/>\n<meta name=\"twitter:card\" content=\"summary_large_image\" \/>\n<meta name=\"twitter:title\" content=\"La ULL celebra en 2017 una treintena de congresos cient\u00edficos\" \/>\n<meta name=\"twitter:creator\" content=\"@CanalULL\" \/>\n<meta name=\"twitter:site\" content=\"@CanalULL\" \/>\n<meta name=\"twitter:label1\" content=\"Escrito por\" \/>\n\t<meta name=\"twitter:data1\" content=\"gesweb\" \/>\n\t<meta name=\"twitter:label2\" content=\"Tiempo de lectura\" \/>\n\t<meta name=\"twitter:data2\" content=\"3 minutos\" \/>\n<script type=\"application\/ld+json\" class=\"yoast-schema-graph\">{\"@context\":\"https:\/\/schema.org\",\"@graph\":[{\"@type\":\"WebPage\",\"@id\":\"https:\/\/www.ull.es\/portal\/noticias\/2017\/ull-congresos-cientificos-2017\/\",\"url\":\"https:\/\/www.ull.es\/portal\/noticias\/2017\/ull-congresos-cientificos-2017\/\",\"name\":\"La Universidad de La Laguna celebrar\u00e1 en 2017 una treintena de congresos cient\u00edficos - ULL - Noticias\",\"isPartOf\":{\"@id\":\"https:\/\/www.ull.es\/portal\/noticias\/#website\"},\"datePublished\":\"2017-02-15T15:04:32+00:00\",\"dateModified\":\"2017-02-15T15:04:32+00:00\",\"author\":{\"@id\":\"https:\/\/www.ull.es\/portal\/noticias\/#\/schema\/person\/0d0cec7a74dddecef1a523fc5adef552\"},\"description\":\"Muchos de estos congresos cient\u00edficos de 2017 est\u00e1n integrados en el programa acad\u00e9mico del 225 aniversario de la instituci\u00f3n universitaria.\",\"breadcrumb\":{\"@id\":\"https:\/\/www.ull.es\/portal\/noticias\/2017\/ull-congresos-cientificos-2017\/#breadcrumb\"},\"inLanguage\":\"es\",\"potentialAction\":[{\"@type\":\"ReadAction\",\"target\":[\"https:\/\/www.ull.es\/portal\/noticias\/2017\/ull-congresos-cientificos-2017\/\"]}]},{\"@type\":\"BreadcrumbList\",\"@id\":\"https:\/\/www.ull.es\/portal\/noticias\/2017\/ull-congresos-cientificos-2017\/#breadcrumb\",\"itemListElement\":[{\"@type\":\"ListItem\",\"position\":1,\"name\":\"Portada\",\"item\":\"https:\/\/www.ull.es\/portal\/noticias\/\"},{\"@type\":\"ListItem\",\"position\":2,\"name\":\"La Universidad de La Laguna celebrar\u00e1 en 2017 una treintena de congresos cient\u00edficos\"}]},{\"@type\":\"WebSite\",\"@id\":\"https:\/\/www.ull.es\/portal\/noticias\/#website\",\"url\":\"https:\/\/www.ull.es\/portal\/noticias\/\",\"name\":\"ULL - Noticias\",\"description\":\"\",\"potentialAction\":[{\"@type\":\"SearchAction\",\"target\":{\"@type\":\"EntryPoint\",\"urlTemplate\":\"https:\/\/www.ull.es\/portal\/noticias\/?s={search_term_string}\"},\"query-input\":\"required name=search_term_string\"}],\"inLanguage\":\"es\"},{\"@type\":\"Person\",\"@id\":\"https:\/\/www.ull.es\/portal\/noticias\/#\/schema\/person\/0d0cec7a74dddecef1a523fc5adef552\",\"name\":\"gesweb\",\"image\":{\"@type\":\"ImageObject\",\"inLanguage\":\"es\",\"@id\":\"https:\/\/www.ull.es\/portal\/noticias\/#\/schema\/person\/image\/\",\"url\":\"https:\/\/secure.gravatar.com\/avatar\/23432b5ec55289f95fd3441098fba4b4?s=96&d=mm&r=g\",\"contentUrl\":\"https:\/\/secure.gravatar.com\/avatar\/23432b5ec55289f95fd3441098fba4b4?s=96&d=mm&r=g\",\"caption\":\"gesweb\"},\"url\":\"https:\/\/www.ull.es\/portal\/noticias\/author\/gesweb\/\"}]}<\/script>\n<!-- \/ Yoast SEO plugin. -->","yoast_head_json":{"title":"La Universidad de La Laguna celebrar\u00e1 en 2017 una treintena de congresos cient\u00edficos - ULL - Noticias","description":"Muchos de estos congresos cient\u00edficos de 2017 est\u00e1n integrados en el programa acad\u00e9mico del 225 aniversario de la instituci\u00f3n universitaria.","robots":{"index":"index","follow":"follow","max-snippet":"max-snippet:-1","max-image-preview":"max-image-preview:large","max-video-preview":"max-video-preview:-1"},"canonical":"https:\/\/www.ull.es\/portal\/noticias\/2017\/ull-congresos-cientificos-2017\/","og_locale":"es_ES","og_type":"article","og_title":"La ULL celebrar\u00e1 en 2017 una treintena de congresos cient\u00edficos","og_description":"Muchos de estos congresos cient\u00edficos de 2017 est\u00e1n integrados en el programa acad\u00e9mico del 225 aniversario de la instituci\u00f3n universitaria.","og_url":"https:\/\/www.ull.es\/portal\/noticias\/2017\/ull-congresos-cientificos-2017\/","og_site_name":"ULL - Noticias","article_publisher":"https:\/\/www.facebook.com\/universidaddelalaguna\/","article_published_time":"2017-02-15T15:04:32+00:00","og_image":[{"width":1050,"height":1575,"url":"https:\/\/www.ull.es\/portal\/noticias\/wp-content\/uploads\/sites\/13\/2017\/02\/Guajara-gente-exter-01.jpg","type":"image\/jpeg"}],"author":"gesweb","twitter_card":"summary_large_image","twitter_title":"La ULL celebra en 2017 una treintena de congresos cient\u00edficos","twitter_creator":"@CanalULL","twitter_site":"@CanalULL","twitter_misc":{"Escrito por":"gesweb","Tiempo de lectura":"3 minutos"},"schema":{"@context":"https:\/\/schema.org","@graph":[{"@type":"WebPage","@id":"https:\/\/www.ull.es\/portal\/noticias\/2017\/ull-congresos-cientificos-2017\/","url":"https:\/\/www.ull.es\/portal\/noticias\/2017\/ull-congresos-cientificos-2017\/","name":"La Universidad de La Laguna celebrar\u00e1 en 2017 una treintena de congresos cient\u00edficos - ULL - Noticias","isPartOf":{"@id":"https:\/\/www.ull.es\/portal\/noticias\/#website"},"datePublished":"2017-02-15T15:04:32+00:00","dateModified":"2017-02-15T15:04:32+00:00","author":{"@id":"https:\/\/www.ull.es\/portal\/noticias\/#\/schema\/person\/0d0cec7a74dddecef1a523fc5adef552"},"description":"Muchos de estos congresos cient\u00edficos de 2017 est\u00e1n integrados en el programa acad\u00e9mico del 225 aniversario de la instituci\u00f3n universitaria.","breadcrumb":{"@id":"https:\/\/www.ull.es\/portal\/noticias\/2017\/ull-congresos-cientificos-2017\/#breadcrumb"},"inLanguage":"es","potentialAction":[{"@type":"ReadAction","target":["https:\/\/www.ull.es\/portal\/noticias\/2017\/ull-congresos-cientificos-2017\/"]}]},{"@type":"BreadcrumbList","@id":"https:\/\/www.ull.es\/portal\/noticias\/2017\/ull-congresos-cientificos-2017\/#breadcrumb","itemListElement":[{"@type":"ListItem","position":1,"name":"Portada","item":"https:\/\/www.ull.es\/portal\/noticias\/"},{"@type":"ListItem","position":2,"name":"La Universidad de La Laguna celebrar\u00e1 en 2017 una treintena de congresos cient\u00edficos"}]},{"@type":"WebSite","@id":"https:\/\/www.ull.es\/portal\/noticias\/#website","url":"https:\/\/www.ull.es\/portal\/noticias\/","name":"ULL - Noticias","description":"","potentialAction":[{"@type":"SearchAction","target":{"@type":"EntryPoint","urlTemplate":"https:\/\/www.ull.es\/portal\/noticias\/?s={search_term_string}"},"query-input":"required name=search_term_string"}],"inLanguage":"es"},{"@type":"Person","@id":"https:\/\/www.ull.es\/portal\/noticias\/#\/schema\/person\/0d0cec7a74dddecef1a523fc5adef552","name":"gesweb","image":{"@type":"ImageObject","inLanguage":"es","@id":"https:\/\/www.ull.es\/portal\/noticias\/#\/schema\/person\/image\/","url":"https:\/\/secure.gravatar.com\/avatar\/23432b5ec55289f95fd3441098fba4b4?s=96&d=mm&r=g","contentUrl":"https:\/\/secure.gravatar.com\/avatar\/23432b5ec55289f95fd3441098fba4b4?s=96&d=mm&r=g","caption":"gesweb"},"url":"https:\/\/www.ull.es\/portal\/noticias\/author\/gesweb\/"}]}},"primary_category":{"id":350,"name":"Investigaci\u00f3n","slug":"investigacion","link":"https:\/\/www.ull.es\/portal\/noticias\/category\/investigacion\/"},"featured_image_thumbnail_url":"https:\/\/www.ull.es\/portal\/noticias\/wp-content\/uploads\/sites\/13\/2017\/02\/Guajara-gente-exter-01-200x300.jpg","_links":{"self":[{"href":"https:\/\/www.ull.es\/portal\/noticias\/wp-json\/wp\/v2\/posts\/30422"}],"collection":[{"href":"https:\/\/www.ull.es\/portal\/noticias\/wp-json\/wp\/v2\/posts"}],"about":[{"href":"https:\/\/www.ull.es\/portal\/noticias\/wp-json\/wp\/v2\/types\/post"}],"author":[{"embeddable":true,"href":"https:\/\/www.ull.es\/portal\/noticias\/wp-json\/wp\/v2\/users\/22"}],"replies":[{"embeddable":true,"href":"https:\/\/www.ull.es\/portal\/noticias\/wp-json\/wp\/v2\/comments?post=30422"}],"version-history":[{"count":1,"href":"https:\/\/www.ull.es\/portal\/noticias\/wp-json\/wp\/v2\/posts\/30422\/revisions"}],"predecessor-version":[{"id":30424,"href":"https:\/\/www.ull.es\/portal\/noticias\/wp-json\/wp\/v2\/posts\/30422\/revisions\/30424"}],"wp:featuredmedia":[{"embeddable":true,"href":"https:\/\/www.ull.es\/portal\/noticias\/wp-json\/wp\/v2\/media\/30423"}],"wp:attachment":[{"href":"https:\/\/www.ull.es\/portal\/noticias\/wp-json\/wp\/v2\/media?parent=30422"}],"wp:term":[{"taxonomy":"category","embeddable":true,"href":"https:\/\/www.ull.es\/portal\/noticias\/wp-json\/wp\/v2\/categories?post=30422"},{"taxonomy":"post_tag","embeddable":true,"href":"https:\/\/www.ull.es\/portal\/noticias\/wp-json\/wp\/v2\/tags?post=30422"}],"curies":[{"name":"wp","href":"https:\/\/api.w.org\/{rel}","templated":true}]}}