{"id":30425,"date":"2017-02-15T15:19:30","date_gmt":"2017-02-15T15:19:30","guid":{"rendered":"https:\/\/www.ull.es\/portal\/noticias\/?p=30425"},"modified":"2017-02-15T15:31:57","modified_gmt":"2017-02-15T15:31:57","slug":"elecciones-a-consejo-de-gobierno-resultado","status":"publish","type":"post","link":"https:\/\/www.ull.es\/portal\/noticias\/2017\/elecciones-a-consejo-de-gobierno-resultado\/","title":{"rendered":"La ULL publica el listado provisional de representantes elegidos en las elecciones a Consejo de Gobierno"},"content":{"rendered":"<p>La Universidad de La Laguna celebr\u00f3 el pasado 14 de febrero la votaci\u00f3n para renovar a los 35 componentes electos de su Consejo de Gobierno. Concretamente, en estas elecciones a consejo de gobierno se votaba para seleccionar a 15 elegidos entre decanatos de facultad y direcciones de escuelas, departamentos e institutos universitarios; y a 20 entre componentes del Claustro Universitario. La Comisi\u00f3n Electoral General de la ULL ha publicado hoy, mi\u00e9rcoles 15 de febrero, el listado provisional de personas seleccionadas.<\/p>\n<p>Los resultados definitivos se publicar\u00e1n el pr\u00f3ximo\u00a0 lunes d\u00eda 20, una vez se resuelvan las posibles reclamaciones que puedan presentarse durante el plazo establecido, los d\u00edas 16 y 17. Toda la documentaci\u00f3n ser\u00e1 difundida en la p\u00e1gina web institucional (<a href=\"http:\/\/www.ull.es\" target=\"_blank\" rel=\"noopener\">www.ull.es<\/a>), a trav\u00e9s del banner \u201cElecciones al Consejo de Gobierno\u201d ubicado en el lateral derecho de la portada.<\/p>\n<p><strong>Resultados provisionales<\/strong><\/p>\n<p>De entre los 15 consejeros de decanatos y direcciones, 7 de ellos deb\u00edan salir de las facultades y escuelas. Los elegidos han sido Javier Medina L\u00f3pez (Facultad de Humanidades), Graciliano Nicol\u00e1s Marichal Plasencia (Escuela Polit\u00e9cnica Superior de Ingenier\u00eda), N\u00e9stor Torres Darias (Facultad de Ciencias), Agust\u00edn Lorenzo Casta\u00f1eyra (Facultad de Ciencias de la Salud), Mar\u00eda Elvira Afonso (Facultad de Derecho), Ernesto Pereda de Pablo (Escuela de Doctorado y Estudios de Posgrado) y Mar\u00eda Victoria P\u00e9rez (Facultad de Econom\u00eda, Empresa y Turismo).<\/p>\n<p>En esa misma categor\u00eda, 7 representantes deb\u00edan salir de las direcciones de departamentos: Ram\u00f3n Casillas Ruiz (Biolog\u00eda Animal y Edafolog\u00eda y Geolog\u00eda), Mar\u00eda Elena S\u00e1nchez Jord\u00e1n (Disciplinas Jur\u00eddicas B\u00e1sicas), Juan Manuel Bethencourt P\u00e9rez (Psicolog\u00eda Cl\u00ednica, Psicobiolog\u00eda y Metodolog\u00eda), Isidro Padr\u00f3n Armas (Ingenier\u00eda Agraria, N\u00e1utica, Civil y Mar\u00edtima), M\u00aa Inmaculada Gonz\u00e1lez P\u00e9rez (Historia y Filosof\u00eda de la Ciencia, la Educaci\u00f3n y el Lenguaje), M\u00aa Jes\u00fas Ar\u00e9valo Morales (Astrof\u00edsica) y Pedro Ram\u00f3n Guti\u00e9rrez Hern\u00e1ndez (Cirug\u00eda).<\/p>\n<p>La representaci\u00f3n restante deb\u00eda proceder de los institutos de investigaci\u00f3n; la persona elegida fue Dulce M\u00aa Gonz\u00e1lez Doreste (Instituto Universitario de Estudios Medievales y Renacentistas).<\/p>\n<p><strong>Representantes claustrales<\/strong><\/p>\n<p>A diferencia de la anterior categor\u00eda, cuyas candidaturas eran unipersonales, en el caso de los 20 componentes elegidos entre los claustrales se eleg\u00eda entre listas presentadas por los diferentes grupos de cada uno de los sectores existentes.<\/p>\n<p>Cinco de los ocho consejeros elegidos por y entre el alumnado han salido de la coalici\u00f3n Movimiento Claustral Unido (MUC): Mois\u00e9s Jes\u00fas Rodr\u00edguez de Armas (ECSULL), Carolina Mar\u00eda Su\u00e1rez Fr\u00e1nquiz (ECSULL), Javier Hern\u00e1ndez Afonso (ACE), Adri\u00e1n Barroso P\u00e9rez (AEULL) y Emily Marie Araujo Cubas (ECSULL). Los tres restantes han sido de Asamblea del Movimiento Estudiantil Canario (AMEC): Holy Sunya D\u00edaz Kaas-Nielsen, Gabriel Alejandro Morales Lerche y Eduardo Nacimiento Garc\u00eda.<\/p>\n<p>Entre el personal de administraci\u00f3n y servicios se eleg\u00eda a cuatro representantes. Los tres primeros ha sido: Jes\u00fas Rodr\u00edguez Junco (EUPAS), Bienvenida Vega Barreto (GRUPO) y Blas Parrilla Cabrera (PAS en ACCI\u00d3N). El cuarto representante se resolver\u00e1 por sorteo entre los candidatos n\u00famero 2 de las listas electorales de EUPAS y GRUPO, que han empatado en el n\u00famero de votos. El sorteo se celebrar\u00e1 en las dependencias de la Comisi\u00f3n Electoral General el lunes 20 de febrero a las 9:00 horas.<\/p>\n<p>Los cuatro consejeros elegidos por y entre el profesorado doctor con vinculaci\u00f3n permanente han sido: Gin\u00e9s Guirao P\u00e9rez (RC), Javier Marrero Acosta (APU), Pino Caballero Gil (PPUC) y Carmen Dolores Sosa Castilla (REDULL).<\/p>\n<p>En cuanto a los cuatro seleccionados entre el profesorado no doctor y sin vinculaci\u00f3n permanente, han sido Esther Torrado Mart\u00edn-Palomino (APU), Guillermo M\u00e9ndez Su\u00e1rez (RC), M\u00aa Mercedes Arias Hern\u00e1ndez (PPUC) y Carlos Efr\u00e9n Mora Luis (REDULL).<\/p>\n<p>Cabe recordar que este \u00f3rgano colegiado est\u00e1 compuesto por tres miembros naturales, que son el rector, la secretaria general y la gerente; tres miembros del Consejo Social; y 50 miembros de la comunidad universitaria, de los cuales 15 son designados por el rector. Por ello, solamente se eligieron en estas elecciones a Consejo de Gobierno a los 35 componentes restantes.<\/p>\n","protected":false},"excerpt":{"rendered":"<p>La Universidad de La Laguna celebr\u00f3 el pasado 14 de febrero la votaci\u00f3n para renovar a los 35 componentes electos&#8230;<\/p>\n","protected":false},"author":22,"featured_media":30426,"comment_status":"closed","ping_status":"closed","sticky":false,"template":"","format":"standard","meta":{"inline_featured_image":false,"footnotes":""},"categories":[345,347],"tags":[903,1111,2527],"acf":[],"yoast_head":"<!-- This site is optimized with the Yoast SEO plugin v21.3 - https:\/\/yoast.com\/wordpress\/plugins\/seo\/ -->\n<title>La ULL publica el listado provisional de representantes elegidos en las elecciones a Consejo de Gobierno - ULL - Noticias<\/title>\n<meta name=\"description\" content=\"En estas elecciones a Consejo de Gobierno se renovaban los 35 componentes electos de este \u00f3rgano, que consta de 56 integrantes en total.\" \/>\n<meta name=\"robots\" content=\"index, follow, max-snippet:-1, max-image-preview:large, max-video-preview:-1\" \/>\n<link rel=\"canonical\" href=\"https:\/\/www.ull.es\/portal\/noticias\/2017\/elecciones-a-consejo-de-gobierno-resultado\/\" \/>\n<meta property=\"og:locale\" content=\"es_ES\" \/>\n<meta property=\"og:type\" content=\"article\" \/>\n<meta property=\"og:title\" content=\"La ULL publica el listado provisional de representantes elegidos en las elecciones a Consejo de Gobierno - ULL - Noticias\" \/>\n<meta property=\"og:description\" content=\"En estas elecciones a Consejo de Gobierno se renovaban los 35 componentes electos de este \u00f3rgano, que consta de 56 integrantes en total.\" \/>\n<meta property=\"og:url\" content=\"https:\/\/www.ull.es\/portal\/noticias\/2017\/elecciones-a-consejo-de-gobierno-resultado\/\" \/>\n<meta property=\"og:site_name\" content=\"ULL - Noticias\" \/>\n<meta property=\"article:publisher\" content=\"https:\/\/www.facebook.com\/universidaddelalaguna\/\" \/>\n<meta property=\"article:published_time\" content=\"2017-02-15T15:19:30+00:00\" \/>\n<meta property=\"article:modified_time\" content=\"2017-02-15T15:31:57+00:00\" \/>\n<meta property=\"og:image\" content=\"https:\/\/www.ull.es\/portal\/noticias\/wp-content\/uploads\/sites\/13\/2017\/02\/Elecciones-cons-Gobierno-37.jpg\" \/>\n\t<meta property=\"og:image:width\" content=\"1034\" \/>\n\t<meta property=\"og:image:height\" content=\"708\" \/>\n\t<meta property=\"og:image:type\" content=\"image\/jpeg\" \/>\n<meta name=\"author\" content=\"gesweb\" \/>\n<meta name=\"twitter:card\" content=\"summary_large_image\" \/>\n<meta name=\"twitter:creator\" content=\"@CanalULL\" \/>\n<meta name=\"twitter:site\" content=\"@CanalULL\" \/>\n<meta name=\"twitter:label1\" content=\"Escrito por\" \/>\n\t<meta name=\"twitter:data1\" content=\"gesweb\" \/>\n\t<meta name=\"twitter:label2\" content=\"Tiempo de lectura\" \/>\n\t<meta name=\"twitter:data2\" content=\"4 minutos\" \/>\n<script type=\"application\/ld+json\" class=\"yoast-schema-graph\">{\"@context\":\"https:\/\/schema.org\",\"@graph\":[{\"@type\":\"WebPage\",\"@id\":\"https:\/\/www.ull.es\/portal\/noticias\/2017\/elecciones-a-consejo-de-gobierno-resultado\/\",\"url\":\"https:\/\/www.ull.es\/portal\/noticias\/2017\/elecciones-a-consejo-de-gobierno-resultado\/\",\"name\":\"La ULL publica el listado provisional de representantes elegidos en las elecciones a Consejo de Gobierno - ULL - Noticias\",\"isPartOf\":{\"@id\":\"https:\/\/www.ull.es\/portal\/noticias\/#website\"},\"datePublished\":\"2017-02-15T15:19:30+00:00\",\"dateModified\":\"2017-02-15T15:31:57+00:00\",\"author\":{\"@id\":\"https:\/\/www.ull.es\/portal\/noticias\/#\/schema\/person\/0d0cec7a74dddecef1a523fc5adef552\"},\"description\":\"En estas elecciones a Consejo de Gobierno se renovaban los 35 componentes electos de este \u00f3rgano, que consta de 56 integrantes en total.\",\"breadcrumb\":{\"@id\":\"https:\/\/www.ull.es\/portal\/noticias\/2017\/elecciones-a-consejo-de-gobierno-resultado\/#breadcrumb\"},\"inLanguage\":\"es\",\"potentialAction\":[{\"@type\":\"ReadAction\",\"target\":[\"https:\/\/www.ull.es\/portal\/noticias\/2017\/elecciones-a-consejo-de-gobierno-resultado\/\"]}]},{\"@type\":\"BreadcrumbList\",\"@id\":\"https:\/\/www.ull.es\/portal\/noticias\/2017\/elecciones-a-consejo-de-gobierno-resultado\/#breadcrumb\",\"itemListElement\":[{\"@type\":\"ListItem\",\"position\":1,\"name\":\"Portada\",\"item\":\"https:\/\/www.ull.es\/portal\/noticias\/\"},{\"@type\":\"ListItem\",\"position\":2,\"name\":\"La ULL publica el listado provisional de representantes elegidos en las elecciones a Consejo de Gobierno\"}]},{\"@type\":\"WebSite\",\"@id\":\"https:\/\/www.ull.es\/portal\/noticias\/#website\",\"url\":\"https:\/\/www.ull.es\/portal\/noticias\/\",\"name\":\"ULL - Noticias\",\"description\":\"\",\"potentialAction\":[{\"@type\":\"SearchAction\",\"target\":{\"@type\":\"EntryPoint\",\"urlTemplate\":\"https:\/\/www.ull.es\/portal\/noticias\/?s={search_term_string}\"},\"query-input\":\"required name=search_term_string\"}],\"inLanguage\":\"es\"},{\"@type\":\"Person\",\"@id\":\"https:\/\/www.ull.es\/portal\/noticias\/#\/schema\/person\/0d0cec7a74dddecef1a523fc5adef552\",\"name\":\"gesweb\",\"image\":{\"@type\":\"ImageObject\",\"inLanguage\":\"es\",\"@id\":\"https:\/\/www.ull.es\/portal\/noticias\/#\/schema\/person\/image\/\",\"url\":\"https:\/\/secure.gravatar.com\/avatar\/23432b5ec55289f95fd3441098fba4b4?s=96&d=mm&r=g\",\"contentUrl\":\"https:\/\/secure.gravatar.com\/avatar\/23432b5ec55289f95fd3441098fba4b4?s=96&d=mm&r=g\",\"caption\":\"gesweb\"},\"url\":\"https:\/\/www.ull.es\/portal\/noticias\/author\/gesweb\/\"}]}<\/script>\n<!-- \/ Yoast SEO plugin. -->","yoast_head_json":{"title":"La ULL publica el listado provisional de representantes elegidos en las elecciones a Consejo de Gobierno - ULL - Noticias","description":"En estas elecciones a Consejo de Gobierno se renovaban los 35 componentes electos de este \u00f3rgano, que consta de 56 integrantes en total.","robots":{"index":"index","follow":"follow","max-snippet":"max-snippet:-1","max-image-preview":"max-image-preview:large","max-video-preview":"max-video-preview:-1"},"canonical":"https:\/\/www.ull.es\/portal\/noticias\/2017\/elecciones-a-consejo-de-gobierno-resultado\/","og_locale":"es_ES","og_type":"article","og_title":"La ULL publica el listado provisional de representantes elegidos en las elecciones a Consejo de Gobierno - ULL - Noticias","og_description":"En estas elecciones a Consejo de Gobierno se renovaban los 35 componentes electos de este \u00f3rgano, que consta de 56 integrantes en total.","og_url":"https:\/\/www.ull.es\/portal\/noticias\/2017\/elecciones-a-consejo-de-gobierno-resultado\/","og_site_name":"ULL - Noticias","article_publisher":"https:\/\/www.facebook.com\/universidaddelalaguna\/","article_published_time":"2017-02-15T15:19:30+00:00","article_modified_time":"2017-02-15T15:31:57+00:00","og_image":[{"width":1034,"height":708,"url":"https:\/\/www.ull.es\/portal\/noticias\/wp-content\/uploads\/sites\/13\/2017\/02\/Elecciones-cons-Gobierno-37.jpg","type":"image\/jpeg"}],"author":"gesweb","twitter_card":"summary_large_image","twitter_creator":"@CanalULL","twitter_site":"@CanalULL","twitter_misc":{"Escrito por":"gesweb","Tiempo de lectura":"4 minutos"},"schema":{"@context":"https:\/\/schema.org","@graph":[{"@type":"WebPage","@id":"https:\/\/www.ull.es\/portal\/noticias\/2017\/elecciones-a-consejo-de-gobierno-resultado\/","url":"https:\/\/www.ull.es\/portal\/noticias\/2017\/elecciones-a-consejo-de-gobierno-resultado\/","name":"La ULL publica el listado provisional de representantes elegidos en las elecciones a Consejo de Gobierno - ULL - Noticias","isPartOf":{"@id":"https:\/\/www.ull.es\/portal\/noticias\/#website"},"datePublished":"2017-02-15T15:19:30+00:00","dateModified":"2017-02-15T15:31:57+00:00","author":{"@id":"https:\/\/www.ull.es\/portal\/noticias\/#\/schema\/person\/0d0cec7a74dddecef1a523fc5adef552"},"description":"En estas elecciones a Consejo de Gobierno se renovaban los 35 componentes electos de este \u00f3rgano, que consta de 56 integrantes en total.","breadcrumb":{"@id":"https:\/\/www.ull.es\/portal\/noticias\/2017\/elecciones-a-consejo-de-gobierno-resultado\/#breadcrumb"},"inLanguage":"es","potentialAction":[{"@type":"ReadAction","target":["https:\/\/www.ull.es\/portal\/noticias\/2017\/elecciones-a-consejo-de-gobierno-resultado\/"]}]},{"@type":"BreadcrumbList","@id":"https:\/\/www.ull.es\/portal\/noticias\/2017\/elecciones-a-consejo-de-gobierno-resultado\/#breadcrumb","itemListElement":[{"@type":"ListItem","position":1,"name":"Portada","item":"https:\/\/www.ull.es\/portal\/noticias\/"},{"@type":"ListItem","position":2,"name":"La ULL publica el listado provisional de representantes elegidos en las elecciones a Consejo de Gobierno"}]},{"@type":"WebSite","@id":"https:\/\/www.ull.es\/portal\/noticias\/#website","url":"https:\/\/www.ull.es\/portal\/noticias\/","name":"ULL - Noticias","description":"","potentialAction":[{"@type":"SearchAction","target":{"@type":"EntryPoint","urlTemplate":"https:\/\/www.ull.es\/portal\/noticias\/?s={search_term_string}"},"query-input":"required name=search_term_string"}],"inLanguage":"es"},{"@type":"Person","@id":"https:\/\/www.ull.es\/portal\/noticias\/#\/schema\/person\/0d0cec7a74dddecef1a523fc5adef552","name":"gesweb","image":{"@type":"ImageObject","inLanguage":"es","@id":"https:\/\/www.ull.es\/portal\/noticias\/#\/schema\/person\/image\/","url":"https:\/\/secure.gravatar.com\/avatar\/23432b5ec55289f95fd3441098fba4b4?s=96&d=mm&r=g","contentUrl":"https:\/\/secure.gravatar.com\/avatar\/23432b5ec55289f95fd3441098fba4b4?s=96&d=mm&r=g","caption":"gesweb"},"url":"https:\/\/www.ull.es\/portal\/noticias\/author\/gesweb\/"}]}},"primary_category":{"id":347,"name":"Gobierno universitario","slug":"gobierno_universitario","link":"https:\/\/www.ull.es\/portal\/noticias\/category\/gobierno_universitario\/"},"featured_image_thumbnail_url":"https:\/\/www.ull.es\/portal\/noticias\/wp-content\/uploads\/sites\/13\/2017\/02\/Elecciones-cons-Gobierno-37-300x205.jpg","_links":{"self":[{"href":"https:\/\/www.ull.es\/portal\/noticias\/wp-json\/wp\/v2\/posts\/30425"}],"collection":[{"href":"https:\/\/www.ull.es\/portal\/noticias\/wp-json\/wp\/v2\/posts"}],"about":[{"href":"https:\/\/www.ull.es\/portal\/noticias\/wp-json\/wp\/v2\/types\/post"}],"author":[{"embeddable":true,"href":"https:\/\/www.ull.es\/portal\/noticias\/wp-json\/wp\/v2\/users\/22"}],"replies":[{"embeddable":true,"href":"https:\/\/www.ull.es\/portal\/noticias\/wp-json\/wp\/v2\/comments?post=30425"}],"version-history":[{"count":3,"href":"https:\/\/www.ull.es\/portal\/noticias\/wp-json\/wp\/v2\/posts\/30425\/revisions"}],"predecessor-version":[{"id":30429,"href":"https:\/\/www.ull.es\/portal\/noticias\/wp-json\/wp\/v2\/posts\/30425\/revisions\/30429"}],"wp:featuredmedia":[{"embeddable":true,"href":"https:\/\/www.ull.es\/portal\/noticias\/wp-json\/wp\/v2\/media\/30426"}],"wp:attachment":[{"href":"https:\/\/www.ull.es\/portal\/noticias\/wp-json\/wp\/v2\/media?parent=30425"}],"wp:term":[{"taxonomy":"category","embeddable":true,"href":"https:\/\/www.ull.es\/portal\/noticias\/wp-json\/wp\/v2\/categories?post=30425"},{"taxonomy":"post_tag","embeddable":true,"href":"https:\/\/www.ull.es\/portal\/noticias\/wp-json\/wp\/v2\/tags?post=30425"}],"curies":[{"name":"wp","href":"https:\/\/api.w.org\/{rel}","templated":true}]}}