{"id":30433,"date":"2017-02-16T15:23:45","date_gmt":"2017-02-16T15:23:45","guid":{"rendered":"https:\/\/www.ull.es\/portal\/noticias\/?p=30433"},"modified":"2017-02-24T15:01:50","modified_gmt":"2017-02-24T15:01:50","slug":"servicio-de-idiomas-ull-inicio-cursos","status":"publish","type":"post","link":"https:\/\/www.ull.es\/portal\/noticias\/2017\/servicio-de-idiomas-ull-inicio-cursos\/","title":{"rendered":"Comienza la docencia en el Servicio de Idiomas de la Universidad de La Laguna"},"content":{"rendered":"<p>El Servicio de Idiomas de la Universidad de La Laguna ha comenzado con su actividad docente, tanto de sus cursos cuatrimestrales como de muchos de los espec\u00edficos.<a href=\"http:\/\/fg.ull.es\/idiomas\" target=\"_blank\" target=\"_blank\" rel=\"noopener\"> La oferta est\u00e1 compuesta <\/a>por franc\u00e9s, alem\u00e1n, espa\u00f1ol, ingl\u00e9s, italiano, portugu\u00e9s, lengua de signos espa\u00f1ola, ruso y griego. La propuesta re\u00fane formaciones espec\u00edficas, dirigidas a habilidades concretas (atenci\u00f3n al p\u00fablico, docencia etc.); cursos preparatorios para la obtenci\u00f3n de certificaciones internacionales. Todo ello se organiza en diferentes modalidades: presenciales, online y mixtos.<\/p>\n<p>La matr\u00edcula se mantiene todav\u00eda abierta, aun habiendo empezado la docencia, con el objetivo de que el alumnado que pueda solicitar las recientemente convocadas Becas Prolingua, pueda gestionar todo lo necesario. Se han dispuesto un total de 333 becas para el segundo cuatrimestre, dirigidas al alumnado y reci\u00e9n titulados, que hayan obtenido su t\u00edtulo desde el 1 de enero de 2014.\u00a0 Las personas interesadas tienen hasta el 9 de marzo para presentar su solicitud.<\/p>\n<p>Estas becas son posibles gracias a la colaboraci\u00f3n entre el Cabildo de Tenerife y la Universidad de La Laguna, con la participaci\u00f3n del Vicerrectorado de Internacionalizaci\u00f3n, el Consejo Social y la Fundaci\u00f3n General.<\/p>\n","protected":false},"excerpt":{"rendered":"<p>El Servicio de Idiomas de la Universidad de La Laguna ha comenzado con su actividad docente, tanto de sus cursos&#8230;<\/p>\n","protected":false},"author":22,"featured_media":30434,"comment_status":"closed","ping_status":"closed","sticky":false,"template":"","format":"standard","meta":{"inline_featured_image":false,"footnotes":""},"categories":[345,346,2754,2765],"tags":[1465,2381,2527,2560],"acf":[],"yoast_head":"<!-- This site is optimized with the Yoast SEO plugin v21.3 - https:\/\/yoast.com\/wordpress\/plugins\/seo\/ -->\n<title>Comienza la docencia en el Servicio de Idiomas de la Universidad de La Laguna - ULL - Noticias<\/title>\n<meta name=\"description\" content=\"La oferta del Servicio de Idiomas est\u00e1 compuesta por franc\u00e9s, alem\u00e1n, espa\u00f1ol, ingl\u00e9s, italiano, portugu\u00e9s, lengua de signos espa\u00f1ola, ruso y griego.\" \/>\n<meta name=\"robots\" content=\"index, follow, max-snippet:-1, max-image-preview:large, max-video-preview:-1\" \/>\n<link rel=\"canonical\" href=\"https:\/\/www.ull.es\/portal\/noticias\/2017\/servicio-de-idiomas-ull-inicio-cursos\/\" \/>\n<meta property=\"og:locale\" content=\"es_ES\" \/>\n<meta property=\"og:type\" content=\"article\" \/>\n<meta property=\"og:title\" content=\"Comienza la docencia en el Servicio de Idiomas de la Universidad de La Laguna - ULL - Noticias\" \/>\n<meta property=\"og:description\" content=\"La oferta del Servicio de Idiomas est\u00e1 compuesta por franc\u00e9s, alem\u00e1n, espa\u00f1ol, ingl\u00e9s, italiano, portugu\u00e9s, lengua de signos espa\u00f1ola, ruso y griego.\" \/>\n<meta property=\"og:url\" content=\"https:\/\/www.ull.es\/portal\/noticias\/2017\/servicio-de-idiomas-ull-inicio-cursos\/\" \/>\n<meta property=\"og:site_name\" content=\"ULL - Noticias\" \/>\n<meta property=\"article:publisher\" content=\"https:\/\/www.facebook.com\/universidaddelalaguna\/\" \/>\n<meta property=\"article:published_time\" content=\"2017-02-16T15:23:45+00:00\" \/>\n<meta property=\"article:modified_time\" content=\"2017-02-24T15:01:50+00:00\" \/>\n<meta property=\"og:image\" content=\"https:\/\/www.ull.es\/portal\/noticias\/wp-content\/uploads\/sites\/13\/2017\/02\/servicoo-idiomas.jpg\" \/>\n\t<meta property=\"og:image:width\" content=\"1280\" \/>\n\t<meta property=\"og:image:height\" content=\"720\" \/>\n\t<meta property=\"og:image:type\" content=\"image\/jpeg\" \/>\n<meta name=\"author\" content=\"gesweb\" \/>\n<meta name=\"twitter:card\" content=\"summary_large_image\" \/>\n<meta name=\"twitter:creator\" content=\"@CanalULL\" \/>\n<meta name=\"twitter:site\" content=\"@CanalULL\" \/>\n<meta name=\"twitter:label1\" content=\"Escrito por\" \/>\n\t<meta name=\"twitter:data1\" content=\"gesweb\" \/>\n\t<meta name=\"twitter:label2\" content=\"Tiempo de lectura\" \/>\n\t<meta name=\"twitter:data2\" content=\"1 minuto\" \/>\n<script type=\"application\/ld+json\" class=\"yoast-schema-graph\">{\"@context\":\"https:\/\/schema.org\",\"@graph\":[{\"@type\":\"WebPage\",\"@id\":\"https:\/\/www.ull.es\/portal\/noticias\/2017\/servicio-de-idiomas-ull-inicio-cursos\/\",\"url\":\"https:\/\/www.ull.es\/portal\/noticias\/2017\/servicio-de-idiomas-ull-inicio-cursos\/\",\"name\":\"Comienza la docencia en el Servicio de Idiomas de la Universidad de La Laguna - ULL - Noticias\",\"isPartOf\":{\"@id\":\"https:\/\/www.ull.es\/portal\/noticias\/#website\"},\"datePublished\":\"2017-02-16T15:23:45+00:00\",\"dateModified\":\"2017-02-24T15:01:50+00:00\",\"author\":{\"@id\":\"https:\/\/www.ull.es\/portal\/noticias\/#\/schema\/person\/0d0cec7a74dddecef1a523fc5adef552\"},\"description\":\"La oferta del Servicio de Idiomas est\u00e1 compuesta por franc\u00e9s, alem\u00e1n, espa\u00f1ol, ingl\u00e9s, italiano, portugu\u00e9s, lengua de signos espa\u00f1ola, ruso y griego.\",\"breadcrumb\":{\"@id\":\"https:\/\/www.ull.es\/portal\/noticias\/2017\/servicio-de-idiomas-ull-inicio-cursos\/#breadcrumb\"},\"inLanguage\":\"es\",\"potentialAction\":[{\"@type\":\"ReadAction\",\"target\":[\"https:\/\/www.ull.es\/portal\/noticias\/2017\/servicio-de-idiomas-ull-inicio-cursos\/\"]}]},{\"@type\":\"BreadcrumbList\",\"@id\":\"https:\/\/www.ull.es\/portal\/noticias\/2017\/servicio-de-idiomas-ull-inicio-cursos\/#breadcrumb\",\"itemListElement\":[{\"@type\":\"ListItem\",\"position\":1,\"name\":\"Portada\",\"item\":\"https:\/\/www.ull.es\/portal\/noticias\/\"},{\"@type\":\"ListItem\",\"position\":2,\"name\":\"Comienza la docencia en el Servicio de Idiomas de la Universidad de La Laguna\"}]},{\"@type\":\"WebSite\",\"@id\":\"https:\/\/www.ull.es\/portal\/noticias\/#website\",\"url\":\"https:\/\/www.ull.es\/portal\/noticias\/\",\"name\":\"ULL - Noticias\",\"description\":\"\",\"potentialAction\":[{\"@type\":\"SearchAction\",\"target\":{\"@type\":\"EntryPoint\",\"urlTemplate\":\"https:\/\/www.ull.es\/portal\/noticias\/?s={search_term_string}\"},\"query-input\":\"required name=search_term_string\"}],\"inLanguage\":\"es\"},{\"@type\":\"Person\",\"@id\":\"https:\/\/www.ull.es\/portal\/noticias\/#\/schema\/person\/0d0cec7a74dddecef1a523fc5adef552\",\"name\":\"gesweb\",\"image\":{\"@type\":\"ImageObject\",\"inLanguage\":\"es\",\"@id\":\"https:\/\/www.ull.es\/portal\/noticias\/#\/schema\/person\/image\/\",\"url\":\"https:\/\/secure.gravatar.com\/avatar\/23432b5ec55289f95fd3441098fba4b4?s=96&d=mm&r=g\",\"contentUrl\":\"https:\/\/secure.gravatar.com\/avatar\/23432b5ec55289f95fd3441098fba4b4?s=96&d=mm&r=g\",\"caption\":\"gesweb\"},\"url\":\"https:\/\/www.ull.es\/portal\/noticias\/author\/gesweb\/\"}]}<\/script>\n<!-- \/ Yoast SEO plugin. -->","yoast_head_json":{"title":"Comienza la docencia en el Servicio de Idiomas de la Universidad de La Laguna - ULL - Noticias","description":"La oferta del Servicio de Idiomas est\u00e1 compuesta por franc\u00e9s, alem\u00e1n, espa\u00f1ol, ingl\u00e9s, italiano, portugu\u00e9s, lengua de signos espa\u00f1ola, ruso y griego.","robots":{"index":"index","follow":"follow","max-snippet":"max-snippet:-1","max-image-preview":"max-image-preview:large","max-video-preview":"max-video-preview:-1"},"canonical":"https:\/\/www.ull.es\/portal\/noticias\/2017\/servicio-de-idiomas-ull-inicio-cursos\/","og_locale":"es_ES","og_type":"article","og_title":"Comienza la docencia en el Servicio de Idiomas de la Universidad de La Laguna - ULL - Noticias","og_description":"La oferta del Servicio de Idiomas est\u00e1 compuesta por franc\u00e9s, alem\u00e1n, espa\u00f1ol, ingl\u00e9s, italiano, portugu\u00e9s, lengua de signos espa\u00f1ola, ruso y griego.","og_url":"https:\/\/www.ull.es\/portal\/noticias\/2017\/servicio-de-idiomas-ull-inicio-cursos\/","og_site_name":"ULL - Noticias","article_publisher":"https:\/\/www.facebook.com\/universidaddelalaguna\/","article_published_time":"2017-02-16T15:23:45+00:00","article_modified_time":"2017-02-24T15:01:50+00:00","og_image":[{"width":1280,"height":720,"url":"https:\/\/www.ull.es\/portal\/noticias\/wp-content\/uploads\/sites\/13\/2017\/02\/servicoo-idiomas.jpg","type":"image\/jpeg"}],"author":"gesweb","twitter_card":"summary_large_image","twitter_creator":"@CanalULL","twitter_site":"@CanalULL","twitter_misc":{"Escrito por":"gesweb","Tiempo de lectura":"1 minuto"},"schema":{"@context":"https:\/\/schema.org","@graph":[{"@type":"WebPage","@id":"https:\/\/www.ull.es\/portal\/noticias\/2017\/servicio-de-idiomas-ull-inicio-cursos\/","url":"https:\/\/www.ull.es\/portal\/noticias\/2017\/servicio-de-idiomas-ull-inicio-cursos\/","name":"Comienza la docencia en el Servicio de Idiomas de la Universidad de La Laguna - ULL - Noticias","isPartOf":{"@id":"https:\/\/www.ull.es\/portal\/noticias\/#website"},"datePublished":"2017-02-16T15:23:45+00:00","dateModified":"2017-02-24T15:01:50+00:00","author":{"@id":"https:\/\/www.ull.es\/portal\/noticias\/#\/schema\/person\/0d0cec7a74dddecef1a523fc5adef552"},"description":"La oferta del Servicio de Idiomas est\u00e1 compuesta por franc\u00e9s, alem\u00e1n, espa\u00f1ol, ingl\u00e9s, italiano, portugu\u00e9s, lengua de signos espa\u00f1ola, ruso y griego.","breadcrumb":{"@id":"https:\/\/www.ull.es\/portal\/noticias\/2017\/servicio-de-idiomas-ull-inicio-cursos\/#breadcrumb"},"inLanguage":"es","potentialAction":[{"@type":"ReadAction","target":["https:\/\/www.ull.es\/portal\/noticias\/2017\/servicio-de-idiomas-ull-inicio-cursos\/"]}]},{"@type":"BreadcrumbList","@id":"https:\/\/www.ull.es\/portal\/noticias\/2017\/servicio-de-idiomas-ull-inicio-cursos\/#breadcrumb","itemListElement":[{"@type":"ListItem","position":1,"name":"Portada","item":"https:\/\/www.ull.es\/portal\/noticias\/"},{"@type":"ListItem","position":2,"name":"Comienza la docencia en el Servicio de Idiomas de la Universidad de La Laguna"}]},{"@type":"WebSite","@id":"https:\/\/www.ull.es\/portal\/noticias\/#website","url":"https:\/\/www.ull.es\/portal\/noticias\/","name":"ULL - Noticias","description":"","potentialAction":[{"@type":"SearchAction","target":{"@type":"EntryPoint","urlTemplate":"https:\/\/www.ull.es\/portal\/noticias\/?s={search_term_string}"},"query-input":"required name=search_term_string"}],"inLanguage":"es"},{"@type":"Person","@id":"https:\/\/www.ull.es\/portal\/noticias\/#\/schema\/person\/0d0cec7a74dddecef1a523fc5adef552","name":"gesweb","image":{"@type":"ImageObject","inLanguage":"es","@id":"https:\/\/www.ull.es\/portal\/noticias\/#\/schema\/person\/image\/","url":"https:\/\/secure.gravatar.com\/avatar\/23432b5ec55289f95fd3441098fba4b4?s=96&d=mm&r=g","contentUrl":"https:\/\/secure.gravatar.com\/avatar\/23432b5ec55289f95fd3441098fba4b4?s=96&d=mm&r=g","caption":"gesweb"},"url":"https:\/\/www.ull.es\/portal\/noticias\/author\/gesweb\/"}]}},"primary_category":{"id":346,"name":"Docencia","slug":"docencia","link":"https:\/\/www.ull.es\/portal\/noticias\/category\/docencia\/"},"featured_image_thumbnail_url":"https:\/\/www.ull.es\/portal\/noticias\/wp-content\/uploads\/sites\/13\/2017\/02\/servicoo-idiomas-300x169.jpg","_links":{"self":[{"href":"https:\/\/www.ull.es\/portal\/noticias\/wp-json\/wp\/v2\/posts\/30433"}],"collection":[{"href":"https:\/\/www.ull.es\/portal\/noticias\/wp-json\/wp\/v2\/posts"}],"about":[{"href":"https:\/\/www.ull.es\/portal\/noticias\/wp-json\/wp\/v2\/types\/post"}],"author":[{"embeddable":true,"href":"https:\/\/www.ull.es\/portal\/noticias\/wp-json\/wp\/v2\/users\/22"}],"replies":[{"embeddable":true,"href":"https:\/\/www.ull.es\/portal\/noticias\/wp-json\/wp\/v2\/comments?post=30433"}],"version-history":[{"count":1,"href":"https:\/\/www.ull.es\/portal\/noticias\/wp-json\/wp\/v2\/posts\/30433\/revisions"}],"predecessor-version":[{"id":30435,"href":"https:\/\/www.ull.es\/portal\/noticias\/wp-json\/wp\/v2\/posts\/30433\/revisions\/30435"}],"wp:featuredmedia":[{"embeddable":true,"href":"https:\/\/www.ull.es\/portal\/noticias\/wp-json\/wp\/v2\/media\/30434"}],"wp:attachment":[{"href":"https:\/\/www.ull.es\/portal\/noticias\/wp-json\/wp\/v2\/media?parent=30433"}],"wp:term":[{"taxonomy":"category","embeddable":true,"href":"https:\/\/www.ull.es\/portal\/noticias\/wp-json\/wp\/v2\/categories?post=30433"},{"taxonomy":"post_tag","embeddable":true,"href":"https:\/\/www.ull.es\/portal\/noticias\/wp-json\/wp\/v2\/tags?post=30433"}],"curies":[{"name":"wp","href":"https:\/\/api.w.org\/{rel}","templated":true}]}}