{"id":30626,"date":"2017-03-13T15:59:12","date_gmt":"2017-03-13T15:59:12","guid":{"rendered":"https:\/\/www.ull.es\/portal\/noticias\/?p=30626"},"modified":"2017-03-14T15:18:29","modified_gmt":"2017-03-14T15:18:29","slug":"mayor-zaragoza-aniversario-ull","status":"publish","type":"post","link":"https:\/\/www.ull.es\/portal\/noticias\/2017\/mayor-zaragoza-aniversario-ull\/","title":{"rendered":"Mayor Zaragoza apuesta por el liderazgo intelectual y cient\u00edfico ante los retos globales"},"content":{"rendered":"<p><iframe loading=\"lazy\" width=\"750\" height=\"422\" src=\"https:\/\/www.youtube.com\/embed\/-dsjME13Wvg?feature=oembed\" frameborder=\"0\" allowfullscreen><\/iframe><\/p>\n<p>Federico Mayor Zaragoza, director general de la UNESCO entre 1987 y 1999, fue el ponente principal del acto institucional de la Universidad de La Laguna con motivo del 225 aniversario de su fundaci\u00f3n, celebrado hoy 13 de marzo en el Paraninfo de la instituci\u00f3n acad\u00e9mica. Su locuci\u00f3n fue una llamada de esperanza en el futuro a pesar de las adversidades y de que el panorama pol\u00edtico, econ\u00f3mico y medioambiental no parece muy halag\u00fce\u00f1o. En su opini\u00f3n, a\u00fan es posible enfrentarse a esa tendencia destructiva del presente. Para ello, aboga por que los intelectuales, los cient\u00edficos y los artistas se pongan al frente de este proceso de cambio, \u00abporque son ellos quienes mejor saben que cada ser humano es capaz de crear\u00bb.<\/p>\n<p style=\"text-align: center\"><strong><a href=\"https:\/\/drive.google.com\/drive\/folders\/0Bxi8Rp1_THQzYm1rcFNQNDFRcDQ?usp=sharing\" target=\"_blank\" target=\"_blank\" rel=\"noopener\">Galer\u00eda de fotos<\/a><\/strong><\/p>\n<p>El ponente fue el encargado de dictar la conferencia con la que la Universidad de La Laguna celebr\u00f3 hoy su D\u00eda Institucional, en un Paraninfo lleno de gente y con la presencia de todos los rectores vivos de esta instituci\u00f3n, as\u00ed como con los ex presidentes del Gobierno de Canarias, adem\u00e1s de los rectores de las universidades de Las Palmas de Gran Canaria y Madeira, entre otras autoridades.<\/p>\n<p>Mayor Zaragoza dijo tener confianza en el futuro porque en \u00e9l la mujer adoptar\u00e1 un mayor protagonismo en la esfera p\u00fablica. En ese sentido, record\u00f3 una conversaci\u00f3n que tuvo con Nelson Mandela acerca de, precisamente, los retos del futuro, y fue el l\u00edder sudafricano quien manifest\u00f3 esa esperanza en la capacidad femenina para el cambio.<\/p>\n<p>Concretamente Mandela le dijo: \u00abDurante muchos a\u00f1os hemos estado sometidos a un poder absoluto, pero las cosas van a cambiar porque la mujer, progresivamente, va a ocupar el espacio p\u00fablico. La mujer va a ser la piedra angular, porque la mujer solamente excepcionalmente utiliza la fuerza, y el hombre, solamente excepcionalmente no la utiliza\u00bb.<\/p>\n<p>El ponente puso el ejemplo del propio Mandela, quien protagoniz\u00f3 una transici\u00f3n pac\u00edfica e integradora en una Sud\u00e1frica que clamaba venganza, y de Mija\u00edl Gorbachov, quien logr\u00f3 abrir el gigante sovi\u00e9tico al mundo convirti\u00e9ndolo en una federaci\u00f3n de estados, como ejemplos de que a veces, \u00ablo que parece imposible es posible\u00bb.<\/p>\n<p>A\u00fan as\u00ed, pese a esa esperanza en la capacidad humana para generar un cambio positivo, fue cr\u00edtico con la situaci\u00f3n actual, en la que el poder econ\u00f3mico ha tratado de suplantar, y lo ha logrado de facto, a instituciones de consenso como la propia Organizaci\u00f3n de las Naciones Unidas. Critic\u00f3, en ese sentido, que una asociaci\u00f3n de estados ricos como el G20 haya suplantado a la ONU, que representa a los 197 estados del planeta.<\/p>\n<p>Tambi\u00e9n critic\u00f3 la injerencia de ese poder monetario en \u00e1mbitos como la educaci\u00f3n. As\u00ed, manifest\u00f3 su desagrado por que una organizaci\u00f3n de \u00edndole eminentemente econ\u00f3mica como la OCDE sea la que est\u00e9 fijando los criterios de lo que es educaci\u00f3n a trav\u00e9s de instrumentos como el informe PISA.<\/p>\n<p><strong>Educaci\u00f3n, no capacitaci\u00f3n<\/strong><\/p>\n<p>Para Mayor Zaragoza es un grave error confundir \u00abeducaci\u00f3n\u00bb con \u00abcapacitaci\u00f3n\u00bb, tal y como se pretende imponer ahora, y record\u00f3 que la UNESCO concibe la educaci\u00f3n como un medio para dirigir la propia vida, para aprender a ser y a utilizar plenamente las capacidades humanas y la creatividad para que cada persona pueda labrarse su propio destino.<\/p>\n<p>Por ello, lament\u00f3 que a\u00fan hoy la guerra siga protagonizando los presupuestos de las naciones, lo cual le llev\u00f3 a criticar la reciente posici\u00f3n expuesta por la Uni\u00f3n Europea, que aboga por reforzar su gasto militar. \u00abCon solamente un 10% de esos fondos, se podr\u00edan cubrir las cinco prioridades globales fijadas por la ONU: alimentos, agua potable, servicios sanitarios, defensa del medio ambiente y la educaci\u00f3n\u00bb.<\/p>\n<p>\u00abLa paz no se pude basar en la guerra\u00bb, clam\u00f3. \u00ab\u00a1Si lo que necesitamos es justo lo contrario! Darnos cuenta de que muchos conflictos pueden resolverse con di\u00e1logo, como ha demostrado el \u00faltimo premio Nobel de la Paz, el presidente de Colombia Juan Manuel Santos, que apost\u00f3 por el di\u00e1logo para finalizar un conflicto de d\u00e9cadas\u00bb.<\/p>\n<p>Por ello, el antiguo director de la UNESCO reivindic\u00f3 en la ULL que ha llegado el momento de hacer valer los principios de la Declaraci\u00f3n Universal de los Derechos Humanos para evitar que las generaciones venideras vivan en un mundo de desastres pol\u00edticos y medioambientales. \u00abQue no nos digan nuestros descendientes aquello tan terrible que escribi\u00f3 Albert de Camus en una de sus obras: los desprecio porque pudiendo hacer tanto, hicieron tan poco\u00bb.<\/p>\n<p>De ese modo, concluy\u00f3 que las universidades e instituciones consagradas al conocimiento tienen un papel relevante en mejorar el futuro porque \u00abel porvenir est\u00e1 todav\u00eda por hacer\u00bb.<\/p>\n<p><strong>Medalla de Oro<\/strong><\/p>\n<p>Tras la conferencia, el rector hizo entrega de la Medalla de Oro de la Universidad de La Laguna a la ciudad que la acoge, que fue recogida por su alcalde, Jos\u00e9 Alberto D\u00edaz, quien agradeci\u00f3 profundamente la distinci\u00f3n.<\/p>\n<p>La ciudad no pertenece a una isla ni a un municipio, se\u00f1al\u00f3 el alcalde, sino a todos los que la habitan. Las ciudades deben saber transformarse al servicio de todos, para poder trascender, a\u00f1adi\u00f3. \u201cEsta es una ciudad educadora, gracias a la universidad; es la ciudad de la convivencia, por la universidad; es la capital sentimental de Canarias, por la universidad\u201d.<\/p>\n<p>\u201cSomos lo que la gente siente en cualquier lugar cuando se nombra La Laguna. Al igual que las relaciones humanas, las relaciones institucionales tambi\u00e9n fluyen por la empat\u00eda entre sus representantes\u201d, momento en el que agradeci\u00f3 al rector, Antonio Martin\u00f3n, su generosidad y complicidad.<\/p>\n<p>La Canarias contempor\u00e1nea no puede entenderse sin la Universidad de La Laguna, prosigui\u00f3 el alcalde, para quien el centro acad\u00e9mico ha sido una de las instituciones b\u00e1sicas de construcci\u00f3n de la canariedad. \u201cPor sus aulas, hasta muy recientemente, asist\u00edan los canarios que quer\u00edan tener una educaci\u00f3n superior. La ULL ha sido tambi\u00e9n una escuela de convivencia, un ant\u00eddoto contra el \u2018tinerfe\u00f1ismo\u2019 enclaustrado, ego\u00edsta y malsano. Esta universidad ha contribuido a la cohesi\u00f3n social y cultural de las islas\u201d.<\/p>\n<p>Para Jos\u00e9 Alberto D\u00edaz, Canarias debe buscar nuevas perspectivas y estructuras econ\u00f3micas y abrir ventanas al futuro. Iniciativas como Campus \u00c1frica y Campus Am\u00e9rica ayudan a abrir nuevas fronteras, explic\u00f3, as\u00ed como la pr\u00f3xima apertura del Parque Cient\u00edfico y Tecnol\u00f3gico de Tenerife, ubicado en el Hogar Gomero.<\/p>\n<p>\u201cMe siento particularmente honrado de recibir en nombre de la ciudadan\u00eda de la Laguna esta distinci\u00f3n. Deseo que la Universidad de La Laguna se convierta en ciudad y que la ciudad lo haga en Universidad den La Laguna\u201d, concluy\u00f3.<\/p>\n<p><strong>225\u00a0 a\u00f1os de historia de Canarias<\/strong><\/p>\n<p>\u201cCanarias celebra los 225 a\u00f1os de su universidad, la Universidad de La Laguna\u201d. Con esta aseveraci\u00f3n comenz\u00f3 el rector Antonio Martin\u00f3n <a href=\"https:\/\/drive.google.com\/file\/d\/0ByhUAssUPg43UHNDTmZ0SUQ4TU0\/view?usp=sharing\" target=\"_blank\" target=\"_blank\" rel=\"noopener\"><strong>su intervenci\u00f3n en el acto acad\u00e9mico<\/strong><\/a>, dando a esta celebraci\u00f3n el car\u00e1cter de acontecimiento regional, ante la presencia de los ex presidentes del Gobierno de Canarias Manuel Hermoso, Rom\u00e1n Rodr\u00edguez y Paulino Rivero. \u201cNacimos porque la sociedad lo quiso. Somos una instituci\u00f3n antigua, pero en modo alguno somos una universidad vieja, porque las mejores p\u00e1ginas de nuestro futuro est\u00e1n a\u00fan por venir\u201d.<\/p>\n<p>Martin\u00f3n agradeci\u00f3 a los rectores de los \u00faltimos treinta a\u00f1os, Marisa Tejedor, Jos\u00e9 Carlos Albertos, Mat\u00edas L\u00f3pez, \u00c1ngel Guti\u00e9rrez, Jos\u00e9 G\u00f3mez Soli\u00f1o y Eduardo Dom\u00e9nech, su presencia en la sala.<\/p>\n<p>\u201cEn la universidad integramos visiones distintas en una idea com\u00fan. Aunque la aportaci\u00f3n de la universidad no se agota en la investigaci\u00f3n y en la docencia, hemos contribuido a una cultura democr\u00e1tica en las islas, as\u00ed como a la configuraci\u00f3n de Canarias como unidad pol\u00edtica, econ\u00f3mica y cultural. En las aulas, laboratorios y despachos de este centro acad\u00e9mico se han juntado generaciones diferentes; la universidad ha ofrecido su espacio, el ambiente adecuado, para el esp\u00edritu cr\u00edtico\u201d.<\/p>\n<p>\u201cLa Laguna no es una ciudad petrificada en su historia, ni una ciudad infantil sin pasado, sino que es una moderna ciudad hist\u00f3rica con una \u00fanica alma que se ha ido haciendo m\u00e1s grande cada d\u00eda. Ciudad y universidad queremos caminar juntas, en beneficio de ambas y sobre todo de sus ciudadanos\u201d.<\/p>\n<p>Martin\u00f3n consider\u00f3 que la Universidad de La Laguna ha sido una instituci\u00f3n fundamental para el progreso de Canarias. \u201cTenemos el compromiso de alcanzar una ense\u00f1anza de calidad, desarrollar una investigaci\u00f3n de vanguardia y mantener una estrecha relaci\u00f3n con la sociedad\u201d.<\/p>\n<p>Cada a\u00f1o m\u00e1s de tres mil titulados se incorporan al mercado laboral con una s\u00f3lida formaci\u00f3n intelectual en muy distintas disciplinas y cada a\u00f1o, continu\u00f3 el rector, medio millar de ciudadanos europeos acuden a nuestras aulas a trav\u00e9s del programa de intercambio Erasmus, \u201clo que contribuye a nuestra internacionalizaci\u00f3n al tiempo que aportamos nuevas visiones a la ciudad de La Laguna\u201d.<\/p>\n<p>El rector recalc\u00f3 la idea de la necesidad de una econom\u00eda m\u00e1s sustentada en el conocimiento. \u201cCanarias y sus dos universidades p\u00fablicas tienen que ser palanca del crecimiento\u201d, dijo, para agregar que se est\u00e1 trabajando en un ambicioso plan de empleo \u201cpara contribuir a transformar el tejido productivo y as\u00ed no desperdiciar tanto talento de manos de nuestros j\u00f3venes\u201d.<\/p>\n<p>Las ciudades y las universidades est\u00e1n llamadas a redefinir su papel y su misi\u00f3n, y no encerrarse en modelos que no tienen futuro, sostuvo el rector, quien hizo suyo el \u00a0compromiso de la Universidad de La Laguna para abordar estos retos colectivos.<\/p>\n<p>\u201cLa idea de convertir a las universidades es simples centros docentes nos causa estupor. \u00bfCree alguien que se puede avanzar con unas universidades que se limitan a reproducir el conocimiento que generan otros?\u201d, se pregunt\u00f3. \u201cDesde la universidad nos toca decir que si queremos una sociedad m\u00e1s avanzada es necesario contar con m\u00e1s fondos en docencia e investigaci\u00f3n. Queremos un cambio, un cambio real. Este r\u00e9gimen no lo aguanta la comunidad, no lo aguanta la tierra, es necesario un nuevo modelo de crecimiento\u201d. En este contexto, el esp\u00edritu universitario va a ser fundamental, porque el conocimiento es m\u00e1s necesario que\u00a0 nunca.<\/p>\n<p>Martin\u00f3n hizo referencia al amplio programa de actividades para celebrar el 225 aniversario, elaborado por una comisi\u00f3n presidida por la ex rectora Marisa Tejedor. Entre los actos conmemorativos destac\u00f3 los referidos al centenario del nacimiento de Antonio Gonz\u00e1lez, rector honorario de la Universidad de La Laguna.<\/p>\n<p>No es imaginable un futuro pr\u00f3spero para Canarias sin una Universidad de La Laguna s\u00f3lida y competitiva. \u201cLes pido a todos que renueven su compromiso con esta instituci\u00f3n universitaria\u201d.<\/p>\n<p><strong>Prestigio ganado a pulso<\/strong><\/p>\n<p>El presidente del Gobierno de Canarias, Fernando Clavijo, intervino recordando que le himno universitario, \u00ab<em>Gaudemas Igitur<\/em>\u00ab, invita la regocijo por la juventud. Pero \u00e9l, en esta ocasi\u00f3n, prefiere celebrar el hecho de ser centenario, como es el caso de una Universidad de La Laguna que \u00abllega a sus 225 a\u00f1os con plenas facultades, prestigio, respeto de la sociedad canaria y todo el futuro por delante\u00bb.<\/p>\n<p>Clavijo aludi\u00f3 al arraigo y prestigio que toda Canarias reconoce a la Universidad de La Laguna, a pesar de que en algunos momentos su historia ha estado vinculada a un pleito insular que ya ha sido superado. Por eso, en la actualidad es un centro \u00abque une a todas las islas a trav\u00e9s del conocimiento y la educaci\u00f3n\u00bb que se ha ganado su prestigio a pulso, tal y como lo demuestra el hecho, recordado por el presidente, de que se tata de la d\u00e9cimo sexta instituci\u00f3n de investigaci\u00f3n nacional.<\/p>\n<p>El presidente reconoci\u00f3 que uno de los retos que tiene Canarias es cambiar su sistema productivo por uno en el que la innovaci\u00f3n y la investigaci\u00f3n cobren m\u00e1s protagonismo. Record\u00f3 que se est\u00e1n adoptando varias medidas para lograrlo, una de las cuales es la reciente convocatoria Agust\u00edn de Betancourt, auspiciada en colaboraci\u00f3n con el Cabildo de Tenerife y la propia ULL, gracias a la cual 40 doctores tecn\u00f3logos de la universidad tinerfe\u00f1a y el Instituto de Astrof\u00edsica de Canarias han sido contratados.<\/p>\n<p>Clavijo tambi\u00e9n recogi\u00f3 las palabras pronunciadas previamente por el rector, en las cuales reflexionaba que era imposible desvincular educaci\u00f3n e investigaci\u00f3n. El presidente mostr\u00f3 su acuerdo con esa aseveraci\u00f3n, \u00aby m\u00e1s en un territorio como Canarias, donde las empresas no pueden permitirse desarrollar investigaci\u00f3n propia y, por ello, la aportaci\u00f3n de las universidades p\u00fablicas es vital\u00bb.<\/p>\n<p>Tambi\u00e9n se refiri\u00f3 al diagn\u00f3stico inicial sobre las instituciones de educaci\u00f3n superior que se est\u00e1 llevando a cabo en colaboraci\u00f3n con los consejos sociales. Y, en ese sentido, manifest\u00f3 su compromiso por trabajar conjuntamente con las universidades canarias en dise\u00f1ar un marco de financiaci\u00f3n estable, basado en tres patas: una partida fija que asegure su funcionamiento b\u00e1sico, otra vinculada a los resultados que premie la eficiencia, y una tercera basada en los proyectos de excelencia.<\/p>\n","protected":false},"excerpt":{"rendered":"<p>Federico Mayor Zaragoza, director general de la UNESCO entre 1987 y 1999, fue el ponente principal del acto institucional de&#8230;<\/p>\n","protected":false},"author":21,"featured_media":0,"comment_status":"closed","ping_status":"closed","sticky":false,"template":"","format":"standard","meta":{"inline_featured_image":false,"footnotes":""},"categories":[2811,345,348,2752,2753,2755,2754,2765,352],"tags":[2734,517,604,2827,2828,1244,1617],"acf":[],"yoast_head":"<!-- This site is optimized with the Yoast SEO plugin v21.3 - https:\/\/yoast.com\/wordpress\/plugins\/seo\/ -->\n<title>Mayor Zaragoza apuesta por el liderazgo intelectual y cient\u00edfico ante los retos globales - ULL - Noticias<\/title>\n<meta name=\"description\" content=\"Federico Mayor Zaragoza ha sido el ponente principal del acto de celebraci\u00f3n del 225 aniversario de la fundaci\u00f3n de la Universidad de La Laguna.\" \/>\n<meta name=\"robots\" content=\"index, follow, max-snippet:-1, max-image-preview:large, max-video-preview:-1\" \/>\n<link rel=\"canonical\" href=\"https:\/\/www.ull.es\/portal\/noticias\/2017\/mayor-zaragoza-aniversario-ull\/\" \/>\n<meta property=\"og:locale\" content=\"es_ES\" \/>\n<meta property=\"og:type\" content=\"article\" \/>\n<meta property=\"og:title\" content=\"Mayor Zaragoza apuesta por el liderazgo intelectual y cient\u00edfico ante los retos globales - ULL - Noticias\" \/>\n<meta property=\"og:description\" content=\"Federico Mayor Zaragoza ha sido el ponente principal del acto de celebraci\u00f3n del 225 aniversario de la fundaci\u00f3n de la Universidad de La Laguna.\" \/>\n<meta property=\"og:url\" content=\"https:\/\/www.ull.es\/portal\/noticias\/2017\/mayor-zaragoza-aniversario-ull\/\" \/>\n<meta property=\"og:site_name\" content=\"ULL - Noticias\" \/>\n<meta property=\"article:publisher\" content=\"https:\/\/www.facebook.com\/universidaddelalaguna\/\" \/>\n<meta property=\"article:published_time\" content=\"2017-03-13T15:59:12+00:00\" \/>\n<meta property=\"article:modified_time\" content=\"2017-03-14T15:18:29+00:00\" \/>\n<meta property=\"og:image\" content=\"https:\/\/www.ull.es\/portal\/noticias\/wp-content\/uploads\/sites\/13\/2023\/06\/logo-redimensionado.png\" \/>\n\t<meta property=\"og:image:width\" content=\"1200\" \/>\n\t<meta property=\"og:image:height\" content=\"630\" \/>\n\t<meta property=\"og:image:type\" content=\"image\/png\" \/>\n<meta name=\"author\" content=\"prensa2\" \/>\n<meta name=\"twitter:card\" content=\"summary_large_image\" \/>\n<meta name=\"twitter:creator\" content=\"@CanalULL\" \/>\n<meta name=\"twitter:site\" content=\"@CanalULL\" \/>\n<meta name=\"twitter:label1\" content=\"Escrito por\" \/>\n\t<meta name=\"twitter:data1\" content=\"prensa2\" \/>\n\t<meta name=\"twitter:label2\" content=\"Tiempo de lectura\" \/>\n\t<meta name=\"twitter:data2\" content=\"11 minutos\" \/>\n<script type=\"application\/ld+json\" class=\"yoast-schema-graph\">{\"@context\":\"https:\/\/schema.org\",\"@graph\":[{\"@type\":\"WebPage\",\"@id\":\"https:\/\/www.ull.es\/portal\/noticias\/2017\/mayor-zaragoza-aniversario-ull\/\",\"url\":\"https:\/\/www.ull.es\/portal\/noticias\/2017\/mayor-zaragoza-aniversario-ull\/\",\"name\":\"Mayor Zaragoza apuesta por el liderazgo intelectual y cient\u00edfico ante los retos globales - ULL - Noticias\",\"isPartOf\":{\"@id\":\"https:\/\/www.ull.es\/portal\/noticias\/#website\"},\"datePublished\":\"2017-03-13T15:59:12+00:00\",\"dateModified\":\"2017-03-14T15:18:29+00:00\",\"author\":{\"@id\":\"https:\/\/www.ull.es\/portal\/noticias\/#\/schema\/person\/c3b2aa857797592927a03740d6664376\"},\"description\":\"Federico Mayor Zaragoza ha sido el ponente principal del acto de celebraci\u00f3n del 225 aniversario de la fundaci\u00f3n de la Universidad de La Laguna.\",\"breadcrumb\":{\"@id\":\"https:\/\/www.ull.es\/portal\/noticias\/2017\/mayor-zaragoza-aniversario-ull\/#breadcrumb\"},\"inLanguage\":\"es\",\"potentialAction\":[{\"@type\":\"ReadAction\",\"target\":[\"https:\/\/www.ull.es\/portal\/noticias\/2017\/mayor-zaragoza-aniversario-ull\/\"]}]},{\"@type\":\"BreadcrumbList\",\"@id\":\"https:\/\/www.ull.es\/portal\/noticias\/2017\/mayor-zaragoza-aniversario-ull\/#breadcrumb\",\"itemListElement\":[{\"@type\":\"ListItem\",\"position\":1,\"name\":\"Portada\",\"item\":\"https:\/\/www.ull.es\/portal\/noticias\/\"},{\"@type\":\"ListItem\",\"position\":2,\"name\":\"Mayor Zaragoza apuesta por el liderazgo intelectual y cient\u00edfico ante los retos globales\"}]},{\"@type\":\"WebSite\",\"@id\":\"https:\/\/www.ull.es\/portal\/noticias\/#website\",\"url\":\"https:\/\/www.ull.es\/portal\/noticias\/\",\"name\":\"ULL - Noticias\",\"description\":\"\",\"potentialAction\":[{\"@type\":\"SearchAction\",\"target\":{\"@type\":\"EntryPoint\",\"urlTemplate\":\"https:\/\/www.ull.es\/portal\/noticias\/?s={search_term_string}\"},\"query-input\":\"required name=search_term_string\"}],\"inLanguage\":\"es\"},{\"@type\":\"Person\",\"@id\":\"https:\/\/www.ull.es\/portal\/noticias\/#\/schema\/person\/c3b2aa857797592927a03740d6664376\",\"name\":\"prensa2\",\"image\":{\"@type\":\"ImageObject\",\"inLanguage\":\"es\",\"@id\":\"https:\/\/www.ull.es\/portal\/noticias\/#\/schema\/person\/image\/\",\"url\":\"https:\/\/secure.gravatar.com\/avatar\/b58f310a5de5feb33d1e026d2493f23c?s=96&d=mm&r=g\",\"contentUrl\":\"https:\/\/secure.gravatar.com\/avatar\/b58f310a5de5feb33d1e026d2493f23c?s=96&d=mm&r=g\",\"caption\":\"prensa2\"},\"url\":\"https:\/\/www.ull.es\/portal\/noticias\/author\/prensa2\/\"}]}<\/script>\n<!-- \/ Yoast SEO plugin. -->","yoast_head_json":{"title":"Mayor Zaragoza apuesta por el liderazgo intelectual y cient\u00edfico ante los retos globales - ULL - Noticias","description":"Federico Mayor Zaragoza ha sido el ponente principal del acto de celebraci\u00f3n del 225 aniversario de la fundaci\u00f3n de la Universidad de La Laguna.","robots":{"index":"index","follow":"follow","max-snippet":"max-snippet:-1","max-image-preview":"max-image-preview:large","max-video-preview":"max-video-preview:-1"},"canonical":"https:\/\/www.ull.es\/portal\/noticias\/2017\/mayor-zaragoza-aniversario-ull\/","og_locale":"es_ES","og_type":"article","og_title":"Mayor Zaragoza apuesta por el liderazgo intelectual y cient\u00edfico ante los retos globales - ULL - Noticias","og_description":"Federico Mayor Zaragoza ha sido el ponente principal del acto de celebraci\u00f3n del 225 aniversario de la fundaci\u00f3n de la Universidad de La Laguna.","og_url":"https:\/\/www.ull.es\/portal\/noticias\/2017\/mayor-zaragoza-aniversario-ull\/","og_site_name":"ULL - Noticias","article_publisher":"https:\/\/www.facebook.com\/universidaddelalaguna\/","article_published_time":"2017-03-13T15:59:12+00:00","article_modified_time":"2017-03-14T15:18:29+00:00","og_image":[{"width":1200,"height":630,"url":"https:\/\/www.ull.es\/portal\/noticias\/wp-content\/uploads\/sites\/13\/2023\/06\/logo-redimensionado.png","type":"image\/png"}],"author":"prensa2","twitter_card":"summary_large_image","twitter_creator":"@CanalULL","twitter_site":"@CanalULL","twitter_misc":{"Escrito por":"prensa2","Tiempo de lectura":"11 minutos"},"schema":{"@context":"https:\/\/schema.org","@graph":[{"@type":"WebPage","@id":"https:\/\/www.ull.es\/portal\/noticias\/2017\/mayor-zaragoza-aniversario-ull\/","url":"https:\/\/www.ull.es\/portal\/noticias\/2017\/mayor-zaragoza-aniversario-ull\/","name":"Mayor Zaragoza apuesta por el liderazgo intelectual y cient\u00edfico ante los retos globales - ULL - Noticias","isPartOf":{"@id":"https:\/\/www.ull.es\/portal\/noticias\/#website"},"datePublished":"2017-03-13T15:59:12+00:00","dateModified":"2017-03-14T15:18:29+00:00","author":{"@id":"https:\/\/www.ull.es\/portal\/noticias\/#\/schema\/person\/c3b2aa857797592927a03740d6664376"},"description":"Federico Mayor Zaragoza ha sido el ponente principal del acto de celebraci\u00f3n del 225 aniversario de la fundaci\u00f3n de la Universidad de La Laguna.","breadcrumb":{"@id":"https:\/\/www.ull.es\/portal\/noticias\/2017\/mayor-zaragoza-aniversario-ull\/#breadcrumb"},"inLanguage":"es","potentialAction":[{"@type":"ReadAction","target":["https:\/\/www.ull.es\/portal\/noticias\/2017\/mayor-zaragoza-aniversario-ull\/"]}]},{"@type":"BreadcrumbList","@id":"https:\/\/www.ull.es\/portal\/noticias\/2017\/mayor-zaragoza-aniversario-ull\/#breadcrumb","itemListElement":[{"@type":"ListItem","position":1,"name":"Portada","item":"https:\/\/www.ull.es\/portal\/noticias\/"},{"@type":"ListItem","position":2,"name":"Mayor Zaragoza apuesta por el liderazgo intelectual y cient\u00edfico ante los retos globales"}]},{"@type":"WebSite","@id":"https:\/\/www.ull.es\/portal\/noticias\/#website","url":"https:\/\/www.ull.es\/portal\/noticias\/","name":"ULL - Noticias","description":"","potentialAction":[{"@type":"SearchAction","target":{"@type":"EntryPoint","urlTemplate":"https:\/\/www.ull.es\/portal\/noticias\/?s={search_term_string}"},"query-input":"required name=search_term_string"}],"inLanguage":"es"},{"@type":"Person","@id":"https:\/\/www.ull.es\/portal\/noticias\/#\/schema\/person\/c3b2aa857797592927a03740d6664376","name":"prensa2","image":{"@type":"ImageObject","inLanguage":"es","@id":"https:\/\/www.ull.es\/portal\/noticias\/#\/schema\/person\/image\/","url":"https:\/\/secure.gravatar.com\/avatar\/b58f310a5de5feb33d1e026d2493f23c?s=96&d=mm&r=g","contentUrl":"https:\/\/secure.gravatar.com\/avatar\/b58f310a5de5feb33d1e026d2493f23c?s=96&d=mm&r=g","caption":"prensa2"},"url":"https:\/\/www.ull.es\/portal\/noticias\/author\/prensa2\/"}]}},"primary_category":{"id":348,"name":"Instituci\u00f3n","slug":"institucion","link":"https:\/\/www.ull.es\/portal\/noticias\/category\/institucion\/"},"featured_image_thumbnail_url":null,"_links":{"self":[{"href":"https:\/\/www.ull.es\/portal\/noticias\/wp-json\/wp\/v2\/posts\/30626"}],"collection":[{"href":"https:\/\/www.ull.es\/portal\/noticias\/wp-json\/wp\/v2\/posts"}],"about":[{"href":"https:\/\/www.ull.es\/portal\/noticias\/wp-json\/wp\/v2\/types\/post"}],"author":[{"embeddable":true,"href":"https:\/\/www.ull.es\/portal\/noticias\/wp-json\/wp\/v2\/users\/21"}],"replies":[{"embeddable":true,"href":"https:\/\/www.ull.es\/portal\/noticias\/wp-json\/wp\/v2\/comments?post=30626"}],"version-history":[{"count":2,"href":"https:\/\/www.ull.es\/portal\/noticias\/wp-json\/wp\/v2\/posts\/30626\/revisions"}],"predecessor-version":[{"id":30644,"href":"https:\/\/www.ull.es\/portal\/noticias\/wp-json\/wp\/v2\/posts\/30626\/revisions\/30644"}],"wp:attachment":[{"href":"https:\/\/www.ull.es\/portal\/noticias\/wp-json\/wp\/v2\/media?parent=30626"}],"wp:term":[{"taxonomy":"category","embeddable":true,"href":"https:\/\/www.ull.es\/portal\/noticias\/wp-json\/wp\/v2\/categories?post=30626"},{"taxonomy":"post_tag","embeddable":true,"href":"https:\/\/www.ull.es\/portal\/noticias\/wp-json\/wp\/v2\/tags?post=30626"}],"curies":[{"name":"wp","href":"https:\/\/api.w.org\/{rel}","templated":true}]}}