{"id":30696,"date":"2017-03-17T16:07:02","date_gmt":"2017-03-17T16:07:02","guid":{"rendered":"https:\/\/www.ull.es\/portal\/noticias\/?p=30696"},"modified":"2020-12-18T10:40:36","modified_gmt":"2020-12-18T10:40:36","slug":"victoria-marzol-y-pino-caballero-premiadas-por-el-instituto-universitario-de-estudios-de-las-mujeres-de-la-ull","status":"publish","type":"post","link":"https:\/\/www.ull.es\/portal\/noticias\/2017\/victoria-marzol-y-pino-caballero-premiadas-por-el-instituto-universitario-de-estudios-de-las-mujeres-de-la-ull\/","title":{"rendered":"Las investigadoras Victoria Marzol y Pino Caballero, premiadas por el Instituto Universitario de Estudios de las Mujeres de la ULL"},"content":{"rendered":"<p>El Aula Magna de F\u00edsica y Matem\u00e1ticas acogi\u00f3 hoy viernes 17 de marzo la entrega de la tercera edici\u00f3n de premios anuales del Instituto Universitario de Estudios de las Mujeres de la Universidad de La Laguna, que ha reca\u00eddo en la catedr\u00e1tica de Computaci\u00f3n e Inteligencia Artificial Pino Caballero Gil y en la catedr\u00e1tica de Geograf\u00eda F\u00edsica Victoria Marzol Ja\u00e9n.<\/p>\n<p style=\"text-align: center;\"><a href=\"https:\/\/drive.google.com\/drive\/folders\/0Bxi8Rp1_THQzSEZTTHVtMlNtQmM?usp=sharing\" target=\"_blank\" rel=\"noopener\"><strong>Galer\u00eda de fotos<\/strong><\/a><\/p>\n<p>Se trata de una iniciativa que pretende vislumbrar la ciencia hecha por mujeres y hacer m\u00e1s evidente la actividad investigadora de las cient\u00edficas, que se enfrentan en multitud de ocasiones, como las propias premiadas reconocieron, con techos de cristal que les impiden mayor proyecci\u00f3n y el ascenso a puestos de direcci\u00f3n. En la velada se dieron cifras acerca de esta realidad, ya que el papel de la mujer en la ciencia espa\u00f1ola sigue estancado desde 2009 en un 3%, cifra que en Canarias es todav\u00eda mucho menor, cuando resulta que la presencia de mujeres en la universidad espa\u00f1ola es mayoritaria.<\/p>\n<p>Para el vicerrector de Investigaci\u00f3n, Francisco Almeida, reconocimientos de este tipo siguen siendo necesarios, y de hecho a\u00f1adi\u00f3 que ciertos autores vinculan el gran crecimiento de la econom\u00eda espa\u00f1ola en la segunda mitad del siglo XX a la incorporaci\u00f3n de la mujer al sector productivo. Con todo, la primera rectora de universidad no llega hasta 1982, en la UNED, y a d\u00eda de hoy solo hay tres en todo el pa\u00eds. Para Almeida, queda a\u00fan camino por recorrer, existen barreras infranqueables que hay que derribar y el mundo universitario deber\u00eda contribuir m\u00e1s a la consecuci\u00f3n de la igualdad.<\/p>\n<p>Sobre la oportunidad de estos galardones hubo m\u00e1s argumentos a favor. As\u00ed, la asesora del rector en materia de Igualdad Dulce Gonz\u00e1lez Doreste, se\u00f1al\u00f3 que la gran mayor\u00eda de premios de investigaci\u00f3n que se conceden dentro del \u00e1mbito nacional e internacional est\u00e1 casi \u00edntegramente destinada a los hombres. As\u00ed, cit\u00f3 que de los 876 premios Nobel concedidos, solo 44 han ido a parar a mujeres; de los Premios Pr\u00edncipes de Asturias de Investigaci\u00f3n Cient\u00edfica otorgados, 64 han sido para ellos y solo dos para ellas; de los Premios de la Fundaci\u00f3n BBVA Fronteras del Conocimiento, 43 han ido a parar a cient\u00edficos y solo tres a cient\u00edficas. Adem\u00e1s de ello, los nombres que se dan a los premios son en su abrumadora mayor\u00eda, de hombres nuevamente.<\/p>\n<p>La directora del instituto convocante de los premios, Inmaculada Perdomo, apunt\u00f3 que\u00a0 el Espacio Europeo de Investigaci\u00f3n se\u00f1ala en su hoja de ruta la necesidad de la integraci\u00f3n de la dimensi\u00f3n de g\u00e9nero en la investigaci\u00f3n, con el objetivo de que se tenga en cuenta en sus contenidos, procedimientos, etc., lo que redundar\u00eda en una ciencia de mayor calidad y excelencia, al tiempo que solicit\u00f3 que se valore tambi\u00e9n el impacto de sus resultados sobre las vidas de las mujeres. La responsable del centro investigador citr\u00f3 fuentes del documento Cient\u00edficas en Cifras 2015, donde se expone que el n\u00famero de mujeres en la investigaci\u00f3n en Espa\u00f1a es del 39%, mientras que en Europa la media es del 33%.<\/p>\n<p><strong>El mundo tecnol\u00f3gico, para las mujeres<\/strong><\/p>\n<p>La primera en recoger el galard\u00f3n fue Pino Caballero Gil, experta en criptograf\u00eda, catedr\u00e1tica desde 2015 y que cuenta con tres sexenios de investigaci\u00f3n. Sus colaboradores m\u00e1s cercanos la definen como trabajadora, tenaz, con capacidad de liderazgo y empat\u00eda, infatigable.<\/p>\n<p>Esta reputada investigadora, con 43 publicaciones indexadas y que ha participado en 47 proyectos nacionales e internaciones de investigaci\u00f3n, tiene un compromiso con la igualdad de g\u00e9nero desde siempre, y de hecho enfatiz\u00f3 que se trata de una lucha en su d\u00eda a d\u00eda, y por eso pidi\u00f3 al rector y vicerrectores presentes en la sala que promovieran las vocaciones cient\u00edficas entre mujeres.<\/p>\n<p>Su grupo de investigaci\u00f3n no se para, y de hecho son los organizadores del Women Techmakers Tenerife, una acci\u00f3n que promueve la visibilidad de las mujeres tecn\u00f3logas y su papel en el avance del conocimiento, y que se celebrar\u00e1 el 24 de marzo en la Escuela Superior de Ingenier\u00eda y Tecnolog\u00eda.<\/p>\n<p>En el mundo de las titulaciones tecnol\u00f3gicas la presencia femenina es escas\u00edsima. \u201cLas mujeres tenemos muchas capacidades para las tecnolog\u00edas y es muy triste encontrar en Inform\u00e1tica, en el primer a\u00f1o de carrera, tan solo a cinco alumnas\u201d.<\/p>\n<p><strong>Agua para pueblos sin recursos<\/strong><\/p>\n<p>Victoria Marzol, ge\u00f3grafa, est\u00e1 especializada en el an\u00e1lisis de la recogida de agua de lluvia a trav\u00e9s de la niebla. Esta investigadora genera informaci\u00f3n meteorol\u00f3gica <em>ex novo<\/em>, ya que las precipitaciones ocultas a trav\u00e9s de los captadores de niebla no se suelen contabilizar, y por ello sus publicaciones en este \u00e1mbito son un referente internacional.<\/p>\n<p>Fue calificada de cient\u00edfica modesta y paciente, amante del trabajo bien hecho. Recoge datos de varios captadores de agua provenientes de la niebla en varias zonas de la isla, y no tiene arrestos en colocar ella misma las mallas, arreglar los aparatos y tratar con forestales y vecinos de las zonas de campo que visita con frecuencia y que le ayudan en la recogida de datos.<\/p>\n<p>La propia ONU ha reconocido su trabajo, y de hecho fue invitada a una reuni\u00f3n paralela de la \u00faltima Cumbre del Clima para explicar el proyecto que lleva a cabo en Marruecos, donde ha conseguido que una poblaci\u00f3n cercana al Atlas y con limitad\u00edsimos recursos para subsistir, tenga a d\u00eda de hoy agua corriente. Se puede decir que le ha salvado la vida a los 400 habitantes de ese pueblo y a los animales dom\u00e9sticos de la zona. Gracias a estos avances, los ni\u00f1os ya pueden estar escolarizados porque la b\u00fasqueda de agua diaria ha dejado de ser uno de sus cometidos.<\/p>\n<p>Marzol agradeci\u00f3 igualmente el premio, que viene adem\u00e1s de sus propios compa\u00f1eros de universidad, donde el ambiente es sumamente competitivo. La climat\u00f3loga defendi\u00f3 su pasi\u00f3n por la docencia y la investigaci\u00f3n, dos vertientes indisociables de las que disfruta a diario, y recomend\u00f3 a la universidad la pertinencia de la entrada de investigadores j\u00f3venes que aporten savia nueva.<\/p>\n","protected":false},"excerpt":{"rendered":"<p>El Aula Magna de F\u00edsica y Matem\u00e1ticas acogi\u00f3 hoy viernes 17 de marzo la entrega de la tercera edici\u00f3n de&#8230;<\/p>\n","protected":false},"author":23,"featured_media":30697,"comment_status":"closed","ping_status":"closed","sticky":false,"template":"","format":"standard","meta":{"inline_featured_image":false,"footnotes":""},"categories":[345,6857,350,2767],"tags":[2847,1526,2846],"acf":[],"yoast_head":"<!-- This site is optimized with the Yoast SEO plugin v21.3 - https:\/\/yoast.com\/wordpress\/plugins\/seo\/ -->\n<title>Las investigadoras Victoria Marzol y Pino Caballero, premiadas por el Instituto Universitario de Estudios de las Mujeres de la ULL - ULL - Noticias<\/title>\n<meta name=\"description\" content=\"El Instituto Universitario de Estudios de las Mujeres de la ULL ha premiado a las investigadoras Victoria Marzol y Pino Caballero\" \/>\n<meta name=\"robots\" content=\"index, follow, max-snippet:-1, max-image-preview:large, max-video-preview:-1\" \/>\n<link rel=\"canonical\" href=\"https:\/\/www.ull.es\/portal\/noticias\/2017\/victoria-marzol-y-pino-caballero-premiadas-por-el-instituto-universitario-de-estudios-de-las-mujeres-de-la-ull\/\" \/>\n<meta property=\"og:locale\" content=\"es_ES\" \/>\n<meta property=\"og:type\" content=\"article\" \/>\n<meta property=\"og:title\" content=\"Las investigadoras Victoria Marzol y Pino Caballero, premiadas por el Instituto Universitario de Estudios de las Mujeres de la ULL - ULL - Noticias\" \/>\n<meta property=\"og:description\" content=\"El Instituto Universitario de Estudios de las Mujeres de la ULL ha premiado a las investigadoras Victoria Marzol y Pino Caballero\" \/>\n<meta property=\"og:url\" content=\"https:\/\/www.ull.es\/portal\/noticias\/2017\/victoria-marzol-y-pino-caballero-premiadas-por-el-instituto-universitario-de-estudios-de-las-mujeres-de-la-ull\/\" \/>\n<meta property=\"og:site_name\" content=\"ULL - Noticias\" \/>\n<meta property=\"article:publisher\" content=\"https:\/\/www.facebook.com\/universidaddelalaguna\/\" \/>\n<meta property=\"article:published_time\" content=\"2017-03-17T16:07:02+00:00\" \/>\n<meta property=\"article:modified_time\" content=\"2020-12-18T10:40:36+00:00\" \/>\n<meta property=\"og:image\" content=\"https:\/\/www.ull.es\/portal\/noticias\/wp-content\/uploads\/sites\/13\/2017\/03\/premiadas.jpg\" \/>\n\t<meta property=\"og:image:width\" content=\"1034\" \/>\n\t<meta property=\"og:image:height\" content=\"708\" \/>\n\t<meta property=\"og:image:type\" content=\"image\/jpeg\" \/>\n<meta name=\"author\" content=\"gaprsa\" \/>\n<meta name=\"twitter:card\" content=\"summary_large_image\" \/>\n<meta name=\"twitter:creator\" content=\"@CanalULL\" \/>\n<meta name=\"twitter:site\" content=\"@CanalULL\" \/>\n<meta name=\"twitter:label1\" content=\"Escrito por\" \/>\n\t<meta name=\"twitter:data1\" content=\"gaprsa\" \/>\n\t<meta name=\"twitter:label2\" content=\"Tiempo de lectura\" \/>\n\t<meta name=\"twitter:data2\" content=\"5 minutos\" \/>\n<script type=\"application\/ld+json\" class=\"yoast-schema-graph\">{\"@context\":\"https:\/\/schema.org\",\"@graph\":[{\"@type\":\"WebPage\",\"@id\":\"https:\/\/www.ull.es\/portal\/noticias\/2017\/victoria-marzol-y-pino-caballero-premiadas-por-el-instituto-universitario-de-estudios-de-las-mujeres-de-la-ull\/\",\"url\":\"https:\/\/www.ull.es\/portal\/noticias\/2017\/victoria-marzol-y-pino-caballero-premiadas-por-el-instituto-universitario-de-estudios-de-las-mujeres-de-la-ull\/\",\"name\":\"Las investigadoras Victoria Marzol y Pino Caballero, premiadas por el Instituto Universitario de Estudios de las Mujeres de la ULL - ULL - Noticias\",\"isPartOf\":{\"@id\":\"https:\/\/www.ull.es\/portal\/noticias\/#website\"},\"datePublished\":\"2017-03-17T16:07:02+00:00\",\"dateModified\":\"2020-12-18T10:40:36+00:00\",\"author\":{\"@id\":\"https:\/\/www.ull.es\/portal\/noticias\/#\/schema\/person\/b2b1a89d43ffa609e591f7df8ef3e817\"},\"description\":\"El Instituto Universitario de Estudios de las Mujeres de la ULL ha premiado a las investigadoras Victoria Marzol y Pino Caballero\",\"breadcrumb\":{\"@id\":\"https:\/\/www.ull.es\/portal\/noticias\/2017\/victoria-marzol-y-pino-caballero-premiadas-por-el-instituto-universitario-de-estudios-de-las-mujeres-de-la-ull\/#breadcrumb\"},\"inLanguage\":\"es\",\"potentialAction\":[{\"@type\":\"ReadAction\",\"target\":[\"https:\/\/www.ull.es\/portal\/noticias\/2017\/victoria-marzol-y-pino-caballero-premiadas-por-el-instituto-universitario-de-estudios-de-las-mujeres-de-la-ull\/\"]}]},{\"@type\":\"BreadcrumbList\",\"@id\":\"https:\/\/www.ull.es\/portal\/noticias\/2017\/victoria-marzol-y-pino-caballero-premiadas-por-el-instituto-universitario-de-estudios-de-las-mujeres-de-la-ull\/#breadcrumb\",\"itemListElement\":[{\"@type\":\"ListItem\",\"position\":1,\"name\":\"Portada\",\"item\":\"https:\/\/www.ull.es\/portal\/noticias\/\"},{\"@type\":\"ListItem\",\"position\":2,\"name\":\"Las investigadoras Victoria Marzol y Pino Caballero, premiadas por el Instituto Universitario de Estudios de las Mujeres de la ULL\"}]},{\"@type\":\"WebSite\",\"@id\":\"https:\/\/www.ull.es\/portal\/noticias\/#website\",\"url\":\"https:\/\/www.ull.es\/portal\/noticias\/\",\"name\":\"ULL - Noticias\",\"description\":\"\",\"potentialAction\":[{\"@type\":\"SearchAction\",\"target\":{\"@type\":\"EntryPoint\",\"urlTemplate\":\"https:\/\/www.ull.es\/portal\/noticias\/?s={search_term_string}\"},\"query-input\":\"required name=search_term_string\"}],\"inLanguage\":\"es\"},{\"@type\":\"Person\",\"@id\":\"https:\/\/www.ull.es\/portal\/noticias\/#\/schema\/person\/b2b1a89d43ffa609e591f7df8ef3e817\",\"name\":\"gaprsa\",\"image\":{\"@type\":\"ImageObject\",\"inLanguage\":\"es\",\"@id\":\"https:\/\/www.ull.es\/portal\/noticias\/#\/schema\/person\/image\/\",\"url\":\"https:\/\/secure.gravatar.com\/avatar\/443820550921091458b4823867723b3d?s=96&d=mm&r=g\",\"contentUrl\":\"https:\/\/secure.gravatar.com\/avatar\/443820550921091458b4823867723b3d?s=96&d=mm&r=g\",\"caption\":\"gaprsa\"},\"url\":\"https:\/\/www.ull.es\/portal\/noticias\/author\/gaprsa\/\"}]}<\/script>\n<!-- \/ Yoast SEO plugin. -->","yoast_head_json":{"title":"Las investigadoras Victoria Marzol y Pino Caballero, premiadas por el Instituto Universitario de Estudios de las Mujeres de la ULL - ULL - Noticias","description":"El Instituto Universitario de Estudios de las Mujeres de la ULL ha premiado a las investigadoras Victoria Marzol y Pino Caballero","robots":{"index":"index","follow":"follow","max-snippet":"max-snippet:-1","max-image-preview":"max-image-preview:large","max-video-preview":"max-video-preview:-1"},"canonical":"https:\/\/www.ull.es\/portal\/noticias\/2017\/victoria-marzol-y-pino-caballero-premiadas-por-el-instituto-universitario-de-estudios-de-las-mujeres-de-la-ull\/","og_locale":"es_ES","og_type":"article","og_title":"Las investigadoras Victoria Marzol y Pino Caballero, premiadas por el Instituto Universitario de Estudios de las Mujeres de la ULL - ULL - Noticias","og_description":"El Instituto Universitario de Estudios de las Mujeres de la ULL ha premiado a las investigadoras Victoria Marzol y Pino Caballero","og_url":"https:\/\/www.ull.es\/portal\/noticias\/2017\/victoria-marzol-y-pino-caballero-premiadas-por-el-instituto-universitario-de-estudios-de-las-mujeres-de-la-ull\/","og_site_name":"ULL - Noticias","article_publisher":"https:\/\/www.facebook.com\/universidaddelalaguna\/","article_published_time":"2017-03-17T16:07:02+00:00","article_modified_time":"2020-12-18T10:40:36+00:00","og_image":[{"width":1034,"height":708,"url":"https:\/\/www.ull.es\/portal\/noticias\/wp-content\/uploads\/sites\/13\/2017\/03\/premiadas.jpg","type":"image\/jpeg"}],"author":"gaprsa","twitter_card":"summary_large_image","twitter_creator":"@CanalULL","twitter_site":"@CanalULL","twitter_misc":{"Escrito por":"gaprsa","Tiempo de lectura":"5 minutos"},"schema":{"@context":"https:\/\/schema.org","@graph":[{"@type":"WebPage","@id":"https:\/\/www.ull.es\/portal\/noticias\/2017\/victoria-marzol-y-pino-caballero-premiadas-por-el-instituto-universitario-de-estudios-de-las-mujeres-de-la-ull\/","url":"https:\/\/www.ull.es\/portal\/noticias\/2017\/victoria-marzol-y-pino-caballero-premiadas-por-el-instituto-universitario-de-estudios-de-las-mujeres-de-la-ull\/","name":"Las investigadoras Victoria Marzol y Pino Caballero, premiadas por el Instituto Universitario de Estudios de las Mujeres de la ULL - ULL - Noticias","isPartOf":{"@id":"https:\/\/www.ull.es\/portal\/noticias\/#website"},"datePublished":"2017-03-17T16:07:02+00:00","dateModified":"2020-12-18T10:40:36+00:00","author":{"@id":"https:\/\/www.ull.es\/portal\/noticias\/#\/schema\/person\/b2b1a89d43ffa609e591f7df8ef3e817"},"description":"El Instituto Universitario de Estudios de las Mujeres de la ULL ha premiado a las investigadoras Victoria Marzol y Pino Caballero","breadcrumb":{"@id":"https:\/\/www.ull.es\/portal\/noticias\/2017\/victoria-marzol-y-pino-caballero-premiadas-por-el-instituto-universitario-de-estudios-de-las-mujeres-de-la-ull\/#breadcrumb"},"inLanguage":"es","potentialAction":[{"@type":"ReadAction","target":["https:\/\/www.ull.es\/portal\/noticias\/2017\/victoria-marzol-y-pino-caballero-premiadas-por-el-instituto-universitario-de-estudios-de-las-mujeres-de-la-ull\/"]}]},{"@type":"BreadcrumbList","@id":"https:\/\/www.ull.es\/portal\/noticias\/2017\/victoria-marzol-y-pino-caballero-premiadas-por-el-instituto-universitario-de-estudios-de-las-mujeres-de-la-ull\/#breadcrumb","itemListElement":[{"@type":"ListItem","position":1,"name":"Portada","item":"https:\/\/www.ull.es\/portal\/noticias\/"},{"@type":"ListItem","position":2,"name":"Las investigadoras Victoria Marzol y Pino Caballero, premiadas por el Instituto Universitario de Estudios de las Mujeres de la ULL"}]},{"@type":"WebSite","@id":"https:\/\/www.ull.es\/portal\/noticias\/#website","url":"https:\/\/www.ull.es\/portal\/noticias\/","name":"ULL - Noticias","description":"","potentialAction":[{"@type":"SearchAction","target":{"@type":"EntryPoint","urlTemplate":"https:\/\/www.ull.es\/portal\/noticias\/?s={search_term_string}"},"query-input":"required name=search_term_string"}],"inLanguage":"es"},{"@type":"Person","@id":"https:\/\/www.ull.es\/portal\/noticias\/#\/schema\/person\/b2b1a89d43ffa609e591f7df8ef3e817","name":"gaprsa","image":{"@type":"ImageObject","inLanguage":"es","@id":"https:\/\/www.ull.es\/portal\/noticias\/#\/schema\/person\/image\/","url":"https:\/\/secure.gravatar.com\/avatar\/443820550921091458b4823867723b3d?s=96&d=mm&r=g","contentUrl":"https:\/\/secure.gravatar.com\/avatar\/443820550921091458b4823867723b3d?s=96&d=mm&r=g","caption":"gaprsa"},"url":"https:\/\/www.ull.es\/portal\/noticias\/author\/gaprsa\/"}]}},"primary_category":{"id":345,"name":"Destacado","slug":"destacado","link":"https:\/\/www.ull.es\/portal\/noticias\/category\/destacado\/"},"featured_image_thumbnail_url":"https:\/\/www.ull.es\/portal\/noticias\/wp-content\/uploads\/sites\/13\/2017\/03\/premiadas-300x205.jpg","_links":{"self":[{"href":"https:\/\/www.ull.es\/portal\/noticias\/wp-json\/wp\/v2\/posts\/30696"}],"collection":[{"href":"https:\/\/www.ull.es\/portal\/noticias\/wp-json\/wp\/v2\/posts"}],"about":[{"href":"https:\/\/www.ull.es\/portal\/noticias\/wp-json\/wp\/v2\/types\/post"}],"author":[{"embeddable":true,"href":"https:\/\/www.ull.es\/portal\/noticias\/wp-json\/wp\/v2\/users\/23"}],"replies":[{"embeddable":true,"href":"https:\/\/www.ull.es\/portal\/noticias\/wp-json\/wp\/v2\/comments?post=30696"}],"version-history":[{"count":6,"href":"https:\/\/www.ull.es\/portal\/noticias\/wp-json\/wp\/v2\/posts\/30696\/revisions"}],"predecessor-version":[{"id":53827,"href":"https:\/\/www.ull.es\/portal\/noticias\/wp-json\/wp\/v2\/posts\/30696\/revisions\/53827"}],"wp:featuredmedia":[{"embeddable":true,"href":"https:\/\/www.ull.es\/portal\/noticias\/wp-json\/wp\/v2\/media\/30697"}],"wp:attachment":[{"href":"https:\/\/www.ull.es\/portal\/noticias\/wp-json\/wp\/v2\/media?parent=30696"}],"wp:term":[{"taxonomy":"category","embeddable":true,"href":"https:\/\/www.ull.es\/portal\/noticias\/wp-json\/wp\/v2\/categories?post=30696"},{"taxonomy":"post_tag","embeddable":true,"href":"https:\/\/www.ull.es\/portal\/noticias\/wp-json\/wp\/v2\/tags?post=30696"}],"curies":[{"name":"wp","href":"https:\/\/api.w.org\/{rel}","templated":true}]}}