{"id":30735,"date":"2017-03-21T15:18:36","date_gmt":"2017-03-21T15:18:36","guid":{"rendered":"https:\/\/www.ull.es\/portal\/noticias\/?p=30735"},"modified":"2017-03-21T15:21:54","modified_gmt":"2017-03-21T15:21:54","slug":"30735-2","status":"publish","type":"post","link":"https:\/\/www.ull.es\/portal\/noticias\/2017\/30735-2\/","title":{"rendered":"El Rectorado de la ULL acoge la toma de posesi\u00f3n de tres directores de secretariado"},"content":{"rendered":"<p>El Rectorado de la Universidad de La Laguna ha acogido hoy martes 21 de marzo el acto de toma de posesi\u00f3n de tres directores de secretariado con los que se completa el organigrama de direcci\u00f3n del centro acad\u00e9mico. Se trata de Desiderio Guti\u00e9rrez Ta\u00f1o, director de secretariado de Comunicaci\u00f3n; Carlos Trujillo Cabrera, director de secretariado de Convenios y Convocatorias Internacionales y, finalmente, Rafael Arnay del Arco, director de secretariado de Tecnolog\u00edas de la Informaci\u00f3n.<\/p>\n<p>El primero de ellos estar\u00e1 adscrito al Vicerrectorado de Relaciones con la Sociedad, el segundo lo har\u00e1 al Vicerrectorado de Internacionalizaci\u00f3n, mientras que el tercero depender\u00e1 del Vicerrectorado de Tecnolog\u00edas de la Informaci\u00f3n.<\/p>\n<p>El rector, Antonio Martin\u00f3n, agradeci\u00f3 a los tres la aceptaci\u00f3n del cargo y la asunci\u00f3n de responsabilidades en la direcci\u00f3n de la Universidad de La Laguna.<\/p>\n","protected":false},"excerpt":{"rendered":"<p>El Rectorado de la Universidad de La Laguna ha acogido hoy martes 21 de marzo el acto de toma de&#8230;<\/p>\n","protected":false},"author":23,"featured_media":30737,"comment_status":"closed","ping_status":"closed","sticky":false,"template":"","format":"standard","meta":{"inline_featured_image":false,"footnotes":""},"categories":[345,347,2765],"tags":[2857],"acf":[],"yoast_head":"<!-- This site is optimized with the Yoast SEO plugin v21.3 - https:\/\/yoast.com\/wordpress\/plugins\/seo\/ -->\n<title>El Rectorado de la ULL acoge la toma de posesi\u00f3n de tres directores de secretariado - ULL - Noticias<\/title>\n<meta name=\"description\" content=\"El Rectorado de la Universidad de La Laguna ha acogido hoy martes 21 de marzo el acto de toma de posesi\u00f3n de tres directores de secretariado\" \/>\n<meta name=\"robots\" content=\"index, follow, max-snippet:-1, max-image-preview:large, max-video-preview:-1\" \/>\n<link rel=\"canonical\" href=\"https:\/\/www.ull.es\/portal\/noticias\/2017\/30735-2\/\" \/>\n<meta property=\"og:locale\" content=\"es_ES\" \/>\n<meta property=\"og:type\" content=\"article\" \/>\n<meta property=\"og:title\" content=\"El Rectorado de la ULL acoge la toma de posesi\u00f3n de tres directores de secretariado - ULL - Noticias\" \/>\n<meta property=\"og:description\" content=\"El Rectorado de la Universidad de La Laguna ha acogido hoy martes 21 de marzo el acto de toma de posesi\u00f3n de tres directores de secretariado\" \/>\n<meta property=\"og:url\" content=\"https:\/\/www.ull.es\/portal\/noticias\/2017\/30735-2\/\" \/>\n<meta property=\"og:site_name\" content=\"ULL - Noticias\" \/>\n<meta property=\"article:publisher\" content=\"https:\/\/www.facebook.com\/universidaddelalaguna\/\" \/>\n<meta property=\"article:published_time\" content=\"2017-03-21T15:18:36+00:00\" \/>\n<meta property=\"article:modified_time\" content=\"2017-03-21T15:21:54+00:00\" \/>\n<meta property=\"og:image\" content=\"https:\/\/www.ull.es\/portal\/noticias\/wp-content\/uploads\/sites\/13\/2017\/03\/directores-secretariado.jpg\" \/>\n\t<meta property=\"og:image:width\" content=\"1024\" \/>\n\t<meta property=\"og:image:height\" content=\"683\" \/>\n\t<meta property=\"og:image:type\" content=\"image\/jpeg\" \/>\n<meta name=\"author\" content=\"gaprsa\" \/>\n<meta name=\"twitter:card\" content=\"summary_large_image\" \/>\n<meta name=\"twitter:creator\" content=\"@CanalULL\" \/>\n<meta name=\"twitter:site\" content=\"@CanalULL\" \/>\n<meta name=\"twitter:label1\" content=\"Escrito por\" \/>\n\t<meta name=\"twitter:data1\" content=\"gaprsa\" \/>\n\t<meta name=\"twitter:label2\" content=\"Tiempo de lectura\" \/>\n\t<meta name=\"twitter:data2\" content=\"1 minuto\" \/>\n<script type=\"application\/ld+json\" class=\"yoast-schema-graph\">{\"@context\":\"https:\/\/schema.org\",\"@graph\":[{\"@type\":\"WebPage\",\"@id\":\"https:\/\/www.ull.es\/portal\/noticias\/2017\/30735-2\/\",\"url\":\"https:\/\/www.ull.es\/portal\/noticias\/2017\/30735-2\/\",\"name\":\"El Rectorado de la ULL acoge la toma de posesi\u00f3n de tres directores de secretariado - ULL - Noticias\",\"isPartOf\":{\"@id\":\"https:\/\/www.ull.es\/portal\/noticias\/#website\"},\"datePublished\":\"2017-03-21T15:18:36+00:00\",\"dateModified\":\"2017-03-21T15:21:54+00:00\",\"author\":{\"@id\":\"https:\/\/www.ull.es\/portal\/noticias\/#\/schema\/person\/b2b1a89d43ffa609e591f7df8ef3e817\"},\"description\":\"El Rectorado de la Universidad de La Laguna ha acogido hoy martes 21 de marzo el acto de toma de posesi\u00f3n de tres directores de secretariado\",\"breadcrumb\":{\"@id\":\"https:\/\/www.ull.es\/portal\/noticias\/2017\/30735-2\/#breadcrumb\"},\"inLanguage\":\"es\",\"potentialAction\":[{\"@type\":\"ReadAction\",\"target\":[\"https:\/\/www.ull.es\/portal\/noticias\/2017\/30735-2\/\"]}]},{\"@type\":\"BreadcrumbList\",\"@id\":\"https:\/\/www.ull.es\/portal\/noticias\/2017\/30735-2\/#breadcrumb\",\"itemListElement\":[{\"@type\":\"ListItem\",\"position\":1,\"name\":\"Portada\",\"item\":\"https:\/\/www.ull.es\/portal\/noticias\/\"},{\"@type\":\"ListItem\",\"position\":2,\"name\":\"El Rectorado de la ULL acoge la toma de posesi\u00f3n de tres directores de secretariado\"}]},{\"@type\":\"WebSite\",\"@id\":\"https:\/\/www.ull.es\/portal\/noticias\/#website\",\"url\":\"https:\/\/www.ull.es\/portal\/noticias\/\",\"name\":\"ULL - Noticias\",\"description\":\"\",\"potentialAction\":[{\"@type\":\"SearchAction\",\"target\":{\"@type\":\"EntryPoint\",\"urlTemplate\":\"https:\/\/www.ull.es\/portal\/noticias\/?s={search_term_string}\"},\"query-input\":\"required name=search_term_string\"}],\"inLanguage\":\"es\"},{\"@type\":\"Person\",\"@id\":\"https:\/\/www.ull.es\/portal\/noticias\/#\/schema\/person\/b2b1a89d43ffa609e591f7df8ef3e817\",\"name\":\"gaprsa\",\"image\":{\"@type\":\"ImageObject\",\"inLanguage\":\"es\",\"@id\":\"https:\/\/www.ull.es\/portal\/noticias\/#\/schema\/person\/image\/\",\"url\":\"https:\/\/secure.gravatar.com\/avatar\/443820550921091458b4823867723b3d?s=96&d=mm&r=g\",\"contentUrl\":\"https:\/\/secure.gravatar.com\/avatar\/443820550921091458b4823867723b3d?s=96&d=mm&r=g\",\"caption\":\"gaprsa\"},\"url\":\"https:\/\/www.ull.es\/portal\/noticias\/author\/gaprsa\/\"}]}<\/script>\n<!-- \/ Yoast SEO plugin. -->","yoast_head_json":{"title":"El Rectorado de la ULL acoge la toma de posesi\u00f3n de tres directores de secretariado - ULL - Noticias","description":"El Rectorado de la Universidad de La Laguna ha acogido hoy martes 21 de marzo el acto de toma de posesi\u00f3n de tres directores de secretariado","robots":{"index":"index","follow":"follow","max-snippet":"max-snippet:-1","max-image-preview":"max-image-preview:large","max-video-preview":"max-video-preview:-1"},"canonical":"https:\/\/www.ull.es\/portal\/noticias\/2017\/30735-2\/","og_locale":"es_ES","og_type":"article","og_title":"El Rectorado de la ULL acoge la toma de posesi\u00f3n de tres directores de secretariado - ULL - Noticias","og_description":"El Rectorado de la Universidad de La Laguna ha acogido hoy martes 21 de marzo el acto de toma de posesi\u00f3n de tres directores de secretariado","og_url":"https:\/\/www.ull.es\/portal\/noticias\/2017\/30735-2\/","og_site_name":"ULL - Noticias","article_publisher":"https:\/\/www.facebook.com\/universidaddelalaguna\/","article_published_time":"2017-03-21T15:18:36+00:00","article_modified_time":"2017-03-21T15:21:54+00:00","og_image":[{"width":1024,"height":683,"url":"https:\/\/www.ull.es\/portal\/noticias\/wp-content\/uploads\/sites\/13\/2017\/03\/directores-secretariado.jpg","type":"image\/jpeg"}],"author":"gaprsa","twitter_card":"summary_large_image","twitter_creator":"@CanalULL","twitter_site":"@CanalULL","twitter_misc":{"Escrito por":"gaprsa","Tiempo de lectura":"1 minuto"},"schema":{"@context":"https:\/\/schema.org","@graph":[{"@type":"WebPage","@id":"https:\/\/www.ull.es\/portal\/noticias\/2017\/30735-2\/","url":"https:\/\/www.ull.es\/portal\/noticias\/2017\/30735-2\/","name":"El Rectorado de la ULL acoge la toma de posesi\u00f3n de tres directores de secretariado - ULL - Noticias","isPartOf":{"@id":"https:\/\/www.ull.es\/portal\/noticias\/#website"},"datePublished":"2017-03-21T15:18:36+00:00","dateModified":"2017-03-21T15:21:54+00:00","author":{"@id":"https:\/\/www.ull.es\/portal\/noticias\/#\/schema\/person\/b2b1a89d43ffa609e591f7df8ef3e817"},"description":"El Rectorado de la Universidad de La Laguna ha acogido hoy martes 21 de marzo el acto de toma de posesi\u00f3n de tres directores de secretariado","breadcrumb":{"@id":"https:\/\/www.ull.es\/portal\/noticias\/2017\/30735-2\/#breadcrumb"},"inLanguage":"es","potentialAction":[{"@type":"ReadAction","target":["https:\/\/www.ull.es\/portal\/noticias\/2017\/30735-2\/"]}]},{"@type":"BreadcrumbList","@id":"https:\/\/www.ull.es\/portal\/noticias\/2017\/30735-2\/#breadcrumb","itemListElement":[{"@type":"ListItem","position":1,"name":"Portada","item":"https:\/\/www.ull.es\/portal\/noticias\/"},{"@type":"ListItem","position":2,"name":"El Rectorado de la ULL acoge la toma de posesi\u00f3n de tres directores de secretariado"}]},{"@type":"WebSite","@id":"https:\/\/www.ull.es\/portal\/noticias\/#website","url":"https:\/\/www.ull.es\/portal\/noticias\/","name":"ULL - Noticias","description":"","potentialAction":[{"@type":"SearchAction","target":{"@type":"EntryPoint","urlTemplate":"https:\/\/www.ull.es\/portal\/noticias\/?s={search_term_string}"},"query-input":"required name=search_term_string"}],"inLanguage":"es"},{"@type":"Person","@id":"https:\/\/www.ull.es\/portal\/noticias\/#\/schema\/person\/b2b1a89d43ffa609e591f7df8ef3e817","name":"gaprsa","image":{"@type":"ImageObject","inLanguage":"es","@id":"https:\/\/www.ull.es\/portal\/noticias\/#\/schema\/person\/image\/","url":"https:\/\/secure.gravatar.com\/avatar\/443820550921091458b4823867723b3d?s=96&d=mm&r=g","contentUrl":"https:\/\/secure.gravatar.com\/avatar\/443820550921091458b4823867723b3d?s=96&d=mm&r=g","caption":"gaprsa"},"url":"https:\/\/www.ull.es\/portal\/noticias\/author\/gaprsa\/"}]}},"primary_category":{"id":345,"name":"Destacado","slug":"destacado","link":"https:\/\/www.ull.es\/portal\/noticias\/category\/destacado\/"},"featured_image_thumbnail_url":"https:\/\/www.ull.es\/portal\/noticias\/wp-content\/uploads\/sites\/13\/2017\/03\/directores-secretariado-300x200.jpg","_links":{"self":[{"href":"https:\/\/www.ull.es\/portal\/noticias\/wp-json\/wp\/v2\/posts\/30735"}],"collection":[{"href":"https:\/\/www.ull.es\/portal\/noticias\/wp-json\/wp\/v2\/posts"}],"about":[{"href":"https:\/\/www.ull.es\/portal\/noticias\/wp-json\/wp\/v2\/types\/post"}],"author":[{"embeddable":true,"href":"https:\/\/www.ull.es\/portal\/noticias\/wp-json\/wp\/v2\/users\/23"}],"replies":[{"embeddable":true,"href":"https:\/\/www.ull.es\/portal\/noticias\/wp-json\/wp\/v2\/comments?post=30735"}],"version-history":[{"count":2,"href":"https:\/\/www.ull.es\/portal\/noticias\/wp-json\/wp\/v2\/posts\/30735\/revisions"}],"predecessor-version":[{"id":30739,"href":"https:\/\/www.ull.es\/portal\/noticias\/wp-json\/wp\/v2\/posts\/30735\/revisions\/30739"}],"wp:featuredmedia":[{"embeddable":true,"href":"https:\/\/www.ull.es\/portal\/noticias\/wp-json\/wp\/v2\/media\/30737"}],"wp:attachment":[{"href":"https:\/\/www.ull.es\/portal\/noticias\/wp-json\/wp\/v2\/media?parent=30735"}],"wp:term":[{"taxonomy":"category","embeddable":true,"href":"https:\/\/www.ull.es\/portal\/noticias\/wp-json\/wp\/v2\/categories?post=30735"},{"taxonomy":"post_tag","embeddable":true,"href":"https:\/\/www.ull.es\/portal\/noticias\/wp-json\/wp\/v2\/tags?post=30735"}],"curies":[{"name":"wp","href":"https:\/\/api.w.org\/{rel}","templated":true}]}}