{"id":30782,"date":"2017-03-24T13:13:15","date_gmt":"2017-03-24T13:13:15","guid":{"rendered":"https:\/\/www.ull.es\/portal\/noticias\/?p=30782"},"modified":"2017-03-27T10:15:52","modified_gmt":"2017-03-27T10:15:52","slug":"enoturismo","status":"publish","type":"post","link":"https:\/\/www.ull.es\/portal\/noticias\/2017\/enoturismo\/","title":{"rendered":"La Universidad de La Laguna apuesta por el enoturismo para formar y potenciar la actividad en las islas"},"content":{"rendered":"<p>El pr\u00f3ximo 29 de marzo comenzar\u00e1 el tercer y \u00faltimo m\u00f3dulo del Curso de Especialista en Gesti\u00f3n Enotur\u00edstica y An\u00e1lisis Sensorial de Vinos de la instituci\u00f3n acad\u00e9mica, que abordar\u00e1 la actividad enotur\u00edstica con el fin de formar, y potenciar la actividad en el archipi\u00e9lago canario.<\/p>\n<p>El m\u00f3dulo, compuesto por un programa acad\u00e9mico de 50 horas de duraci\u00f3n, ser\u00e1 impartido por los docentes de la Universidad de La Laguna, entre los que se encuentran Vicente Zapata, Ricardo D\u00edaz, y Desiderio Guti\u00e9rrez, as\u00ed como profesionales y t\u00e9cnicos de reconocida trayectoria como Felipe Monje, Borja de Mesa, Agust\u00edn Dorta, A\u00edda Cedr\u00e9s, Irina Mart\u00edn, Valerio del Rosario, as\u00ed como el codirector del Aula Gabriel Santos.<\/p>\n<p>Las sesiones del curso se realizar\u00e1n todos los mi\u00e9rcoles, jueves, y viernes en horario de tarde, y los s\u00e1bados en horario de ma\u00f1ana en el aulario de la Fundaci\u00f3n General de la Universidad de La Laguna, y se combinar\u00e1n con salidas de campo.<\/p>\n<p>Las personas interesadas en participar podr\u00e1n inscribirse a trav\u00e9s de la web oficial del curso: <a href=\"http:\/\/www.gestionenoturistica.com\" target=\"_blank\" rel=\"noopener\">www.gestionenoturistica.com<\/a> o en la sede de la Fundaci\u00f3n General de la ULL.<\/p>\n<p><strong>II Jornadas Rewine<\/strong><\/p>\n<p>Dentro del m\u00f3dulo de la III Edici\u00f3n del Curso de Especialista en Gesti\u00f3n Enotur\u00edstica de la Universidad de La Laguna, el Aula Cultural de Enoturismo y Turismo Gastron\u00f3mico llevar\u00e1 a cabo paralelamente sus segundas jornadas Rewine que en esta ocasi\u00f3n llevan por t\u00edtulo \u201cEl enoturismo posibilidades que ofrece para el sector tur\u00edstico\u201d, que se celebrar\u00e1n en horario de ma\u00f1ana el pr\u00f3ximo 8 de abril en bodegas Presas Ocampo situada en el municipio de Tacoronte, y que cuentan con el apoyo de la DOP Islas Canarias, y la Fundaci\u00f3n Cajamar de Canarias.<\/p>\n<p>(Nota cedida)<\/p>\n","protected":false},"excerpt":{"rendered":"<p>El pr\u00f3ximo 29 de marzo comenzar\u00e1 el tercer y \u00faltimo m\u00f3dulo del Curso de Especialista en Gesti\u00f3n Enotur\u00edstica y An\u00e1lisis&#8230;<\/p>\n","protected":false},"author":20,"featured_media":30783,"comment_status":"closed","ping_status":"closed","sticky":false,"template":"","format":"standard","meta":{"inline_featured_image":false,"footnotes":""},"categories":[344,345,2765],"tags":[2871,1143,2872,2527,2560],"acf":[],"yoast_head":"<!-- This site is optimized with the Yoast SEO plugin v21.3 - https:\/\/yoast.com\/wordpress\/plugins\/seo\/ -->\n<title>La Universidad de La Laguna apuesta por el enoturismo para formar y potenciar la actividad en las islas - ULL - Noticias<\/title>\n<meta name=\"robots\" content=\"index, follow, max-snippet:-1, max-image-preview:large, max-video-preview:-1\" \/>\n<link rel=\"canonical\" href=\"https:\/\/www.ull.es\/portal\/noticias\/2017\/enoturismo\/\" \/>\n<meta property=\"og:locale\" content=\"es_ES\" \/>\n<meta property=\"og:type\" content=\"article\" \/>\n<meta property=\"og:title\" content=\"La Universidad de La Laguna apuesta por el enoturismo para formar y potenciar la actividad en las islas - ULL - Noticias\" \/>\n<meta property=\"og:description\" content=\"El pr\u00f3ximo 29 de marzo comenzar\u00e1 el tercer y \u00faltimo m\u00f3dulo del Curso de Especialista en Gesti\u00f3n Enotur\u00edstica y An\u00e1lisis...\" \/>\n<meta property=\"og:url\" content=\"https:\/\/www.ull.es\/portal\/noticias\/2017\/enoturismo\/\" \/>\n<meta property=\"og:site_name\" content=\"ULL - Noticias\" \/>\n<meta property=\"article:publisher\" content=\"https:\/\/www.facebook.com\/universidaddelalaguna\/\" \/>\n<meta property=\"article:published_time\" content=\"2017-03-24T13:13:15+00:00\" \/>\n<meta property=\"article:modified_time\" content=\"2017-03-27T10:15:52+00:00\" \/>\n<meta property=\"og:image\" content=\"https:\/\/www.ull.es\/portal\/noticias\/wp-content\/uploads\/sites\/13\/2017\/03\/gestion_enoturistica.jpg\" \/>\n\t<meta property=\"og:image:width\" content=\"570\" \/>\n\t<meta property=\"og:image:height\" content=\"818\" \/>\n\t<meta property=\"og:image:type\" content=\"image\/jpeg\" \/>\n<meta name=\"author\" content=\"prensa1\" \/>\n<meta name=\"twitter:card\" content=\"summary_large_image\" \/>\n<meta name=\"twitter:creator\" content=\"@CanalULL\" \/>\n<meta name=\"twitter:site\" content=\"@CanalULL\" \/>\n<meta name=\"twitter:label1\" content=\"Escrito por\" \/>\n\t<meta name=\"twitter:data1\" content=\"prensa1\" \/>\n\t<meta name=\"twitter:label2\" content=\"Tiempo de lectura\" \/>\n\t<meta name=\"twitter:data2\" content=\"2 minutos\" \/>\n<script type=\"application\/ld+json\" class=\"yoast-schema-graph\">{\"@context\":\"https:\/\/schema.org\",\"@graph\":[{\"@type\":\"WebPage\",\"@id\":\"https:\/\/www.ull.es\/portal\/noticias\/2017\/enoturismo\/\",\"url\":\"https:\/\/www.ull.es\/portal\/noticias\/2017\/enoturismo\/\",\"name\":\"La Universidad de La Laguna apuesta por el enoturismo para formar y potenciar la actividad en las islas - ULL - Noticias\",\"isPartOf\":{\"@id\":\"https:\/\/www.ull.es\/portal\/noticias\/#website\"},\"datePublished\":\"2017-03-24T13:13:15+00:00\",\"dateModified\":\"2017-03-27T10:15:52+00:00\",\"author\":{\"@id\":\"https:\/\/www.ull.es\/portal\/noticias\/#\/schema\/person\/ea9b721b26bc001d9f8820a760100f96\"},\"breadcrumb\":{\"@id\":\"https:\/\/www.ull.es\/portal\/noticias\/2017\/enoturismo\/#breadcrumb\"},\"inLanguage\":\"es\",\"potentialAction\":[{\"@type\":\"ReadAction\",\"target\":[\"https:\/\/www.ull.es\/portal\/noticias\/2017\/enoturismo\/\"]}]},{\"@type\":\"BreadcrumbList\",\"@id\":\"https:\/\/www.ull.es\/portal\/noticias\/2017\/enoturismo\/#breadcrumb\",\"itemListElement\":[{\"@type\":\"ListItem\",\"position\":1,\"name\":\"Portada\",\"item\":\"https:\/\/www.ull.es\/portal\/noticias\/\"},{\"@type\":\"ListItem\",\"position\":2,\"name\":\"La Universidad de La Laguna apuesta por el enoturismo para formar y potenciar la actividad en las islas\"}]},{\"@type\":\"WebSite\",\"@id\":\"https:\/\/www.ull.es\/portal\/noticias\/#website\",\"url\":\"https:\/\/www.ull.es\/portal\/noticias\/\",\"name\":\"ULL - Noticias\",\"description\":\"\",\"potentialAction\":[{\"@type\":\"SearchAction\",\"target\":{\"@type\":\"EntryPoint\",\"urlTemplate\":\"https:\/\/www.ull.es\/portal\/noticias\/?s={search_term_string}\"},\"query-input\":\"required name=search_term_string\"}],\"inLanguage\":\"es\"},{\"@type\":\"Person\",\"@id\":\"https:\/\/www.ull.es\/portal\/noticias\/#\/schema\/person\/ea9b721b26bc001d9f8820a760100f96\",\"name\":\"prensa1\",\"image\":{\"@type\":\"ImageObject\",\"inLanguage\":\"es\",\"@id\":\"https:\/\/www.ull.es\/portal\/noticias\/#\/schema\/person\/image\/\",\"url\":\"https:\/\/secure.gravatar.com\/avatar\/94b9dcabd35142d3e94c7343cd1c6ca0?s=96&d=mm&r=g\",\"contentUrl\":\"https:\/\/secure.gravatar.com\/avatar\/94b9dcabd35142d3e94c7343cd1c6ca0?s=96&d=mm&r=g\",\"caption\":\"prensa1\"},\"url\":\"https:\/\/www.ull.es\/portal\/noticias\/author\/prensa1\/\"}]}<\/script>\n<!-- \/ Yoast SEO plugin. -->","yoast_head_json":{"title":"La Universidad de La Laguna apuesta por el enoturismo para formar y potenciar la actividad en las islas - ULL - Noticias","robots":{"index":"index","follow":"follow","max-snippet":"max-snippet:-1","max-image-preview":"max-image-preview:large","max-video-preview":"max-video-preview:-1"},"canonical":"https:\/\/www.ull.es\/portal\/noticias\/2017\/enoturismo\/","og_locale":"es_ES","og_type":"article","og_title":"La Universidad de La Laguna apuesta por el enoturismo para formar y potenciar la actividad en las islas - ULL - Noticias","og_description":"El pr\u00f3ximo 29 de marzo comenzar\u00e1 el tercer y \u00faltimo m\u00f3dulo del Curso de Especialista en Gesti\u00f3n Enotur\u00edstica y An\u00e1lisis...","og_url":"https:\/\/www.ull.es\/portal\/noticias\/2017\/enoturismo\/","og_site_name":"ULL - Noticias","article_publisher":"https:\/\/www.facebook.com\/universidaddelalaguna\/","article_published_time":"2017-03-24T13:13:15+00:00","article_modified_time":"2017-03-27T10:15:52+00:00","og_image":[{"width":570,"height":818,"url":"https:\/\/www.ull.es\/portal\/noticias\/wp-content\/uploads\/sites\/13\/2017\/03\/gestion_enoturistica.jpg","type":"image\/jpeg"}],"author":"prensa1","twitter_card":"summary_large_image","twitter_creator":"@CanalULL","twitter_site":"@CanalULL","twitter_misc":{"Escrito por":"prensa1","Tiempo de lectura":"2 minutos"},"schema":{"@context":"https:\/\/schema.org","@graph":[{"@type":"WebPage","@id":"https:\/\/www.ull.es\/portal\/noticias\/2017\/enoturismo\/","url":"https:\/\/www.ull.es\/portal\/noticias\/2017\/enoturismo\/","name":"La Universidad de La Laguna apuesta por el enoturismo para formar y potenciar la actividad en las islas - ULL - Noticias","isPartOf":{"@id":"https:\/\/www.ull.es\/portal\/noticias\/#website"},"datePublished":"2017-03-24T13:13:15+00:00","dateModified":"2017-03-27T10:15:52+00:00","author":{"@id":"https:\/\/www.ull.es\/portal\/noticias\/#\/schema\/person\/ea9b721b26bc001d9f8820a760100f96"},"breadcrumb":{"@id":"https:\/\/www.ull.es\/portal\/noticias\/2017\/enoturismo\/#breadcrumb"},"inLanguage":"es","potentialAction":[{"@type":"ReadAction","target":["https:\/\/www.ull.es\/portal\/noticias\/2017\/enoturismo\/"]}]},{"@type":"BreadcrumbList","@id":"https:\/\/www.ull.es\/portal\/noticias\/2017\/enoturismo\/#breadcrumb","itemListElement":[{"@type":"ListItem","position":1,"name":"Portada","item":"https:\/\/www.ull.es\/portal\/noticias\/"},{"@type":"ListItem","position":2,"name":"La Universidad de La Laguna apuesta por el enoturismo para formar y potenciar la actividad en las islas"}]},{"@type":"WebSite","@id":"https:\/\/www.ull.es\/portal\/noticias\/#website","url":"https:\/\/www.ull.es\/portal\/noticias\/","name":"ULL - Noticias","description":"","potentialAction":[{"@type":"SearchAction","target":{"@type":"EntryPoint","urlTemplate":"https:\/\/www.ull.es\/portal\/noticias\/?s={search_term_string}"},"query-input":"required name=search_term_string"}],"inLanguage":"es"},{"@type":"Person","@id":"https:\/\/www.ull.es\/portal\/noticias\/#\/schema\/person\/ea9b721b26bc001d9f8820a760100f96","name":"prensa1","image":{"@type":"ImageObject","inLanguage":"es","@id":"https:\/\/www.ull.es\/portal\/noticias\/#\/schema\/person\/image\/","url":"https:\/\/secure.gravatar.com\/avatar\/94b9dcabd35142d3e94c7343cd1c6ca0?s=96&d=mm&r=g","contentUrl":"https:\/\/secure.gravatar.com\/avatar\/94b9dcabd35142d3e94c7343cd1c6ca0?s=96&d=mm&r=g","caption":"prensa1"},"url":"https:\/\/www.ull.es\/portal\/noticias\/author\/prensa1\/"}]}},"primary_category":{"id":344,"name":"Cultura","slug":"cultura","link":"https:\/\/www.ull.es\/portal\/noticias\/category\/cultura\/"},"featured_image_thumbnail_url":"https:\/\/www.ull.es\/portal\/noticias\/wp-content\/uploads\/sites\/13\/2017\/03\/gestion_enoturistica-209x300.jpg","_links":{"self":[{"href":"https:\/\/www.ull.es\/portal\/noticias\/wp-json\/wp\/v2\/posts\/30782"}],"collection":[{"href":"https:\/\/www.ull.es\/portal\/noticias\/wp-json\/wp\/v2\/posts"}],"about":[{"href":"https:\/\/www.ull.es\/portal\/noticias\/wp-json\/wp\/v2\/types\/post"}],"author":[{"embeddable":true,"href":"https:\/\/www.ull.es\/portal\/noticias\/wp-json\/wp\/v2\/users\/20"}],"replies":[{"embeddable":true,"href":"https:\/\/www.ull.es\/portal\/noticias\/wp-json\/wp\/v2\/comments?post=30782"}],"version-history":[{"count":1,"href":"https:\/\/www.ull.es\/portal\/noticias\/wp-json\/wp\/v2\/posts\/30782\/revisions"}],"predecessor-version":[{"id":30784,"href":"https:\/\/www.ull.es\/portal\/noticias\/wp-json\/wp\/v2\/posts\/30782\/revisions\/30784"}],"wp:featuredmedia":[{"embeddable":true,"href":"https:\/\/www.ull.es\/portal\/noticias\/wp-json\/wp\/v2\/media\/30783"}],"wp:attachment":[{"href":"https:\/\/www.ull.es\/portal\/noticias\/wp-json\/wp\/v2\/media?parent=30782"}],"wp:term":[{"taxonomy":"category","embeddable":true,"href":"https:\/\/www.ull.es\/portal\/noticias\/wp-json\/wp\/v2\/categories?post=30782"},{"taxonomy":"post_tag","embeddable":true,"href":"https:\/\/www.ull.es\/portal\/noticias\/wp-json\/wp\/v2\/tags?post=30782"}],"curies":[{"name":"wp","href":"https:\/\/api.w.org\/{rel}","templated":true}]}}