{"id":30854,"date":"2017-03-28T13:40:57","date_gmt":"2017-03-28T13:40:57","guid":{"rendered":"https:\/\/www.ull.es\/portal\/noticias\/?p=30854"},"modified":"2017-03-29T08:52:47","modified_gmt":"2017-03-29T08:52:47","slug":"red-reti-en-el-pais-nipon","status":"publish","type":"post","link":"https:\/\/www.ull.es\/portal\/noticias\/2017\/red-reti-en-el-pais-nipon\/","title":{"rendered":"Una delegaci\u00f3n japonesa invita a la ULL a asistir a la reuni\u00f3n mundial de la Red RETI en el pa\u00eds nip\u00f3n"},"content":{"rendered":"<p>Una delegaci\u00f3n de la Universidad de Ryukyus, en la regi\u00f3n japonesa de Okinawa, ha visitado hoy 28 de marzo el Rectorado de la Universidad de La Laguna, con el objeto de invitar a este centro acad\u00e9mico a participar en el foro de la Red RETI de universidades en islas, que tendr\u00e1 lugar en noviembre de 2017 en el pa\u00eds nip\u00f3n.<\/p>\n<p>El encuentro, promovido por el Vicerrectorado de Internacionalizaci\u00f3n, y auspiciado por el c\u00f3nsul de Jap\u00f3n en Canarias, Takeshi Nakajima, sirvi\u00f3 tambi\u00e9n para poner en com\u00fan l\u00edneas de investigaci\u00f3n en la que sendos centros acad\u00e9micos puedan colaborar no s\u00f3lo con esta universidad sino tambi\u00e9n con el Instituto de Ciencia y Tecnolog\u00eda de Okinawa.<\/p>\n<p>RETI es una red acad\u00e9mica y de investigaci\u00f3n de universidades situadas en contextos insulares de todo el mundo. Forman parte de ellas centros superiores de educaci\u00f3n de Cabo Verde y Madagascar por \u00c1frica; Canad\u00e1, Cuba y Puerto Rico por Am\u00e9rica; Chipre, Grecia, Italia, Malta, Portugal y Reino Unido, por Europa. Por Espa\u00f1a actuar\u00e1n las universidades canarias e Islas Baleares.<\/p>\n<p>Las Universidad de La Laguna\u00a0 ha acogido de buen grado esta invitaci\u00f3n, de tal modo que acudir\u00e1 a la cita nipona para presentar este centro acad\u00e9mico e identificar l\u00edneas de trabajo comunes con otras socias en las vertientes de cooperaci\u00f3n internacional, movilidad e investigaci\u00f3n.<\/p>\n<p>En el encuentro tambi\u00e9n se avanz\u00f3 en la r\u00fabrica de un convenio de colaboraci\u00f3n con el Instituto Internacional de Estudios de Okinawa, perteneciente a la Universidad de Ryukyus, donde existen \u00e1mbitos de inter\u00e9s com\u00fan en diversidad biol\u00f3gica, ciencias de la salud y longevidad, diversidad cultural e ingenier\u00eda tropical y subtropical.<\/p>\n<p>Por parte de la Universidad de La Laguna asistieron al encuentro el rector, Antonio Martin\u00f3n, los vicerrectores de Investigaci\u00f3n e Internacionalizaci\u00f3n, Francisco Almeida y Carmen Rubio, respectivamente, y el director de secretariado de convenios y convocatorias internacionales, Carlos Trujillo.<\/p>\n<p>Por la universidad nipona acudieron la directora del citado instituto, Yoko Fujita, el adjunto al presidente para Investigaci\u00f3n, Makoto Motomura, y la\u00a0 gestora de investigaci\u00f3n Soyo Takahashi.<\/p>\n<p>&nbsp;<\/p>\n","protected":false},"excerpt":{"rendered":"<p>Una delegaci\u00f3n de la Universidad de Ryukyus, en la regi\u00f3n japonesa de Okinawa, ha visitado hoy 28 de marzo el&#8230;<\/p>\n","protected":false},"author":23,"featured_media":30855,"comment_status":"closed","ping_status":"closed","sticky":false,"template":"","format":"standard","meta":{"inline_featured_image":false,"footnotes":""},"categories":[345,349,350,2754,2765],"tags":[2887,2886],"acf":[],"yoast_head":"<!-- This site is optimized with the Yoast SEO plugin v21.3 - https:\/\/yoast.com\/wordpress\/plugins\/seo\/ -->\n<title>Una delegaci\u00f3n japonesa invita a la ULL a asistir a la reuni\u00f3n mundial de la Red RETI en el pa\u00eds nip\u00f3n - ULL - Noticias<\/title>\n<meta name=\"description\" content=\"Una delegaci\u00f3n japonesa de la Universidad de Ryukyus ha invitado a la ULL a participar en la reuni\u00f3n de la Red RETI en noviembre en el pa\u00eds nip\u00f3n\" \/>\n<meta name=\"robots\" content=\"index, follow, max-snippet:-1, max-image-preview:large, max-video-preview:-1\" \/>\n<link rel=\"canonical\" href=\"https:\/\/www.ull.es\/portal\/noticias\/2017\/red-reti-en-el-pais-nipon\/\" \/>\n<meta property=\"og:locale\" content=\"es_ES\" \/>\n<meta property=\"og:type\" content=\"article\" \/>\n<meta property=\"og:title\" content=\"Una delegaci\u00f3n japonesa invita a la ULL a asistir a la reuni\u00f3n mundial de la Red RETI en el pa\u00eds nip\u00f3n - ULL - Noticias\" \/>\n<meta property=\"og:description\" content=\"Una delegaci\u00f3n japonesa de la Universidad de Ryukyus ha invitado a la ULL a participar en la reuni\u00f3n de la Red RETI en noviembre en el pa\u00eds nip\u00f3n\" \/>\n<meta property=\"og:url\" content=\"https:\/\/www.ull.es\/portal\/noticias\/2017\/red-reti-en-el-pais-nipon\/\" \/>\n<meta property=\"og:site_name\" content=\"ULL - Noticias\" \/>\n<meta property=\"article:publisher\" content=\"https:\/\/www.facebook.com\/universidaddelalaguna\/\" \/>\n<meta property=\"article:published_time\" content=\"2017-03-28T13:40:57+00:00\" \/>\n<meta property=\"article:modified_time\" content=\"2017-03-29T08:52:47+00:00\" \/>\n<meta property=\"og:image\" content=\"https:\/\/www.ull.es\/portal\/noticias\/wp-content\/uploads\/sites\/13\/2017\/03\/visita-japon.jpg\" \/>\n\t<meta property=\"og:image:width\" content=\"1034\" \/>\n\t<meta property=\"og:image:height\" content=\"708\" \/>\n\t<meta property=\"og:image:type\" content=\"image\/jpeg\" \/>\n<meta name=\"author\" content=\"gaprsa\" \/>\n<meta name=\"twitter:card\" content=\"summary_large_image\" \/>\n<meta name=\"twitter:creator\" content=\"@CanalULL\" \/>\n<meta name=\"twitter:site\" content=\"@CanalULL\" \/>\n<meta name=\"twitter:label1\" content=\"Escrito por\" \/>\n\t<meta name=\"twitter:data1\" content=\"gaprsa\" \/>\n\t<meta name=\"twitter:label2\" content=\"Tiempo de lectura\" \/>\n\t<meta name=\"twitter:data2\" content=\"2 minutos\" \/>\n<script type=\"application\/ld+json\" class=\"yoast-schema-graph\">{\"@context\":\"https:\/\/schema.org\",\"@graph\":[{\"@type\":\"WebPage\",\"@id\":\"https:\/\/www.ull.es\/portal\/noticias\/2017\/red-reti-en-el-pais-nipon\/\",\"url\":\"https:\/\/www.ull.es\/portal\/noticias\/2017\/red-reti-en-el-pais-nipon\/\",\"name\":\"Una delegaci\u00f3n japonesa invita a la ULL a asistir a la reuni\u00f3n mundial de la Red RETI en el pa\u00eds nip\u00f3n - ULL - Noticias\",\"isPartOf\":{\"@id\":\"https:\/\/www.ull.es\/portal\/noticias\/#website\"},\"datePublished\":\"2017-03-28T13:40:57+00:00\",\"dateModified\":\"2017-03-29T08:52:47+00:00\",\"author\":{\"@id\":\"https:\/\/www.ull.es\/portal\/noticias\/#\/schema\/person\/b2b1a89d43ffa609e591f7df8ef3e817\"},\"description\":\"Una delegaci\u00f3n japonesa de la Universidad de Ryukyus ha invitado a la ULL a participar en la reuni\u00f3n de la Red RETI en noviembre en el pa\u00eds nip\u00f3n\",\"breadcrumb\":{\"@id\":\"https:\/\/www.ull.es\/portal\/noticias\/2017\/red-reti-en-el-pais-nipon\/#breadcrumb\"},\"inLanguage\":\"es\",\"potentialAction\":[{\"@type\":\"ReadAction\",\"target\":[\"https:\/\/www.ull.es\/portal\/noticias\/2017\/red-reti-en-el-pais-nipon\/\"]}]},{\"@type\":\"BreadcrumbList\",\"@id\":\"https:\/\/www.ull.es\/portal\/noticias\/2017\/red-reti-en-el-pais-nipon\/#breadcrumb\",\"itemListElement\":[{\"@type\":\"ListItem\",\"position\":1,\"name\":\"Portada\",\"item\":\"https:\/\/www.ull.es\/portal\/noticias\/\"},{\"@type\":\"ListItem\",\"position\":2,\"name\":\"Una delegaci\u00f3n japonesa invita a la ULL a asistir a la reuni\u00f3n mundial de la Red RETI en el pa\u00eds nip\u00f3n\"}]},{\"@type\":\"WebSite\",\"@id\":\"https:\/\/www.ull.es\/portal\/noticias\/#website\",\"url\":\"https:\/\/www.ull.es\/portal\/noticias\/\",\"name\":\"ULL - Noticias\",\"description\":\"\",\"potentialAction\":[{\"@type\":\"SearchAction\",\"target\":{\"@type\":\"EntryPoint\",\"urlTemplate\":\"https:\/\/www.ull.es\/portal\/noticias\/?s={search_term_string}\"},\"query-input\":\"required name=search_term_string\"}],\"inLanguage\":\"es\"},{\"@type\":\"Person\",\"@id\":\"https:\/\/www.ull.es\/portal\/noticias\/#\/schema\/person\/b2b1a89d43ffa609e591f7df8ef3e817\",\"name\":\"gaprsa\",\"image\":{\"@type\":\"ImageObject\",\"inLanguage\":\"es\",\"@id\":\"https:\/\/www.ull.es\/portal\/noticias\/#\/schema\/person\/image\/\",\"url\":\"https:\/\/secure.gravatar.com\/avatar\/443820550921091458b4823867723b3d?s=96&d=mm&r=g\",\"contentUrl\":\"https:\/\/secure.gravatar.com\/avatar\/443820550921091458b4823867723b3d?s=96&d=mm&r=g\",\"caption\":\"gaprsa\"},\"url\":\"https:\/\/www.ull.es\/portal\/noticias\/author\/gaprsa\/\"}]}<\/script>\n<!-- \/ Yoast SEO plugin. -->","yoast_head_json":{"title":"Una delegaci\u00f3n japonesa invita a la ULL a asistir a la reuni\u00f3n mundial de la Red RETI en el pa\u00eds nip\u00f3n - ULL - Noticias","description":"Una delegaci\u00f3n japonesa de la Universidad de Ryukyus ha invitado a la ULL a participar en la reuni\u00f3n de la Red RETI en noviembre en el pa\u00eds nip\u00f3n","robots":{"index":"index","follow":"follow","max-snippet":"max-snippet:-1","max-image-preview":"max-image-preview:large","max-video-preview":"max-video-preview:-1"},"canonical":"https:\/\/www.ull.es\/portal\/noticias\/2017\/red-reti-en-el-pais-nipon\/","og_locale":"es_ES","og_type":"article","og_title":"Una delegaci\u00f3n japonesa invita a la ULL a asistir a la reuni\u00f3n mundial de la Red RETI en el pa\u00eds nip\u00f3n - ULL - Noticias","og_description":"Una delegaci\u00f3n japonesa de la Universidad de Ryukyus ha invitado a la ULL a participar en la reuni\u00f3n de la Red RETI en noviembre en el pa\u00eds nip\u00f3n","og_url":"https:\/\/www.ull.es\/portal\/noticias\/2017\/red-reti-en-el-pais-nipon\/","og_site_name":"ULL - Noticias","article_publisher":"https:\/\/www.facebook.com\/universidaddelalaguna\/","article_published_time":"2017-03-28T13:40:57+00:00","article_modified_time":"2017-03-29T08:52:47+00:00","og_image":[{"width":1034,"height":708,"url":"https:\/\/www.ull.es\/portal\/noticias\/wp-content\/uploads\/sites\/13\/2017\/03\/visita-japon.jpg","type":"image\/jpeg"}],"author":"gaprsa","twitter_card":"summary_large_image","twitter_creator":"@CanalULL","twitter_site":"@CanalULL","twitter_misc":{"Escrito por":"gaprsa","Tiempo de lectura":"2 minutos"},"schema":{"@context":"https:\/\/schema.org","@graph":[{"@type":"WebPage","@id":"https:\/\/www.ull.es\/portal\/noticias\/2017\/red-reti-en-el-pais-nipon\/","url":"https:\/\/www.ull.es\/portal\/noticias\/2017\/red-reti-en-el-pais-nipon\/","name":"Una delegaci\u00f3n japonesa invita a la ULL a asistir a la reuni\u00f3n mundial de la Red RETI en el pa\u00eds nip\u00f3n - ULL - Noticias","isPartOf":{"@id":"https:\/\/www.ull.es\/portal\/noticias\/#website"},"datePublished":"2017-03-28T13:40:57+00:00","dateModified":"2017-03-29T08:52:47+00:00","author":{"@id":"https:\/\/www.ull.es\/portal\/noticias\/#\/schema\/person\/b2b1a89d43ffa609e591f7df8ef3e817"},"description":"Una delegaci\u00f3n japonesa de la Universidad de Ryukyus ha invitado a la ULL a participar en la reuni\u00f3n de la Red RETI en noviembre en el pa\u00eds nip\u00f3n","breadcrumb":{"@id":"https:\/\/www.ull.es\/portal\/noticias\/2017\/red-reti-en-el-pais-nipon\/#breadcrumb"},"inLanguage":"es","potentialAction":[{"@type":"ReadAction","target":["https:\/\/www.ull.es\/portal\/noticias\/2017\/red-reti-en-el-pais-nipon\/"]}]},{"@type":"BreadcrumbList","@id":"https:\/\/www.ull.es\/portal\/noticias\/2017\/red-reti-en-el-pais-nipon\/#breadcrumb","itemListElement":[{"@type":"ListItem","position":1,"name":"Portada","item":"https:\/\/www.ull.es\/portal\/noticias\/"},{"@type":"ListItem","position":2,"name":"Una delegaci\u00f3n japonesa invita a la ULL a asistir a la reuni\u00f3n mundial de la Red RETI en el pa\u00eds nip\u00f3n"}]},{"@type":"WebSite","@id":"https:\/\/www.ull.es\/portal\/noticias\/#website","url":"https:\/\/www.ull.es\/portal\/noticias\/","name":"ULL - Noticias","description":"","potentialAction":[{"@type":"SearchAction","target":{"@type":"EntryPoint","urlTemplate":"https:\/\/www.ull.es\/portal\/noticias\/?s={search_term_string}"},"query-input":"required name=search_term_string"}],"inLanguage":"es"},{"@type":"Person","@id":"https:\/\/www.ull.es\/portal\/noticias\/#\/schema\/person\/b2b1a89d43ffa609e591f7df8ef3e817","name":"gaprsa","image":{"@type":"ImageObject","inLanguage":"es","@id":"https:\/\/www.ull.es\/portal\/noticias\/#\/schema\/person\/image\/","url":"https:\/\/secure.gravatar.com\/avatar\/443820550921091458b4823867723b3d?s=96&d=mm&r=g","contentUrl":"https:\/\/secure.gravatar.com\/avatar\/443820550921091458b4823867723b3d?s=96&d=mm&r=g","caption":"gaprsa"},"url":"https:\/\/www.ull.es\/portal\/noticias\/author\/gaprsa\/"}]}},"primary_category":{"id":349,"name":"Internacionalizaci\u00f3n","slug":"internacionalizacion","link":"https:\/\/www.ull.es\/portal\/noticias\/category\/internacionalizacion\/"},"featured_image_thumbnail_url":"https:\/\/www.ull.es\/portal\/noticias\/wp-content\/uploads\/sites\/13\/2017\/03\/visita-japon-300x205.jpg","_links":{"self":[{"href":"https:\/\/www.ull.es\/portal\/noticias\/wp-json\/wp\/v2\/posts\/30854"}],"collection":[{"href":"https:\/\/www.ull.es\/portal\/noticias\/wp-json\/wp\/v2\/posts"}],"about":[{"href":"https:\/\/www.ull.es\/portal\/noticias\/wp-json\/wp\/v2\/types\/post"}],"author":[{"embeddable":true,"href":"https:\/\/www.ull.es\/portal\/noticias\/wp-json\/wp\/v2\/users\/23"}],"replies":[{"embeddable":true,"href":"https:\/\/www.ull.es\/portal\/noticias\/wp-json\/wp\/v2\/comments?post=30854"}],"version-history":[{"count":4,"href":"https:\/\/www.ull.es\/portal\/noticias\/wp-json\/wp\/v2\/posts\/30854\/revisions"}],"predecessor-version":[{"id":30883,"href":"https:\/\/www.ull.es\/portal\/noticias\/wp-json\/wp\/v2\/posts\/30854\/revisions\/30883"}],"wp:featuredmedia":[{"embeddable":true,"href":"https:\/\/www.ull.es\/portal\/noticias\/wp-json\/wp\/v2\/media\/30855"}],"wp:attachment":[{"href":"https:\/\/www.ull.es\/portal\/noticias\/wp-json\/wp\/v2\/media?parent=30854"}],"wp:term":[{"taxonomy":"category","embeddable":true,"href":"https:\/\/www.ull.es\/portal\/noticias\/wp-json\/wp\/v2\/categories?post=30854"},{"taxonomy":"post_tag","embeddable":true,"href":"https:\/\/www.ull.es\/portal\/noticias\/wp-json\/wp\/v2\/tags?post=30854"}],"curies":[{"name":"wp","href":"https:\/\/api.w.org\/{rel}","templated":true}]}}