{"id":30896,"date":"2017-03-30T08:39:06","date_gmt":"2017-03-30T08:39:06","guid":{"rendered":"https:\/\/www.ull.es\/portal\/noticias\/?p=30896"},"modified":"2017-03-30T08:39:06","modified_gmt":"2017-03-30T08:39:06","slug":"ayudas-movilidad-estudiantes-programas-master-las-areas-del-campus-excelencia-internacional-la-ull","status":"publish","type":"post","link":"https:\/\/www.ull.es\/portal\/noticias\/2017\/ayudas-movilidad-estudiantes-programas-master-las-areas-del-campus-excelencia-internacional-la-ull\/","title":{"rendered":"Ayudas de movilidad de estudiantes de programas de m\u00e1ster en las \u00e1reas del Campus de Excelencia Internacional de la ULL"},"content":{"rendered":"<p><a href=\"http:\/\/sede.gobcan.es\/boc\/boc-a-2017-063-1518.pdf\" target=\"_blank\" target=\"_blank\" rel=\"noopener\">Resoluci\u00f3n de 21 de marzo de 2017, por la que se modifica la resoluci\u00f3n de 20 de febrero de 2017, que efect\u00faa la convocatoria para la adjudicaci\u00f3n de ayudas de movilidad de estudiantes de programas de m\u00e1ster en las \u00e1reas de Campus de Excelencia Internacional de la Universidad de La Laguna<\/a><\/p>\n","protected":false},"excerpt":{"rendered":"<p>Resoluci\u00f3n de 21 de marzo de 2017, por la que se modifica la resoluci\u00f3n de 20 de febrero de 2017,&#8230;<\/p>\n","protected":false},"author":20,"featured_media":0,"comment_status":"closed","ping_status":"closed","sticky":false,"template":"","format":"standard","meta":{"inline_featured_image":false,"footnotes":""},"categories":[2768],"tags":[],"acf":[],"yoast_head":"<!-- This site is optimized with the Yoast SEO plugin v21.3 - https:\/\/yoast.com\/wordpress\/plugins\/seo\/ -->\n<title>Ayudas de movilidad de estudiantes de programas de m\u00e1ster en las \u00e1reas del Campus de Excelencia Internacional de la ULL - ULL - Noticias<\/title>\n<meta name=\"robots\" content=\"index, follow, max-snippet:-1, max-image-preview:large, max-video-preview:-1\" \/>\n<link rel=\"canonical\" href=\"https:\/\/www.ull.es\/portal\/noticias\/2017\/ayudas-movilidad-estudiantes-programas-master-las-areas-del-campus-excelencia-internacional-la-ull\/\" \/>\n<meta property=\"og:locale\" content=\"es_ES\" \/>\n<meta property=\"og:type\" content=\"article\" \/>\n<meta property=\"og:title\" content=\"Ayudas de movilidad de estudiantes de programas de m\u00e1ster en las \u00e1reas del Campus de Excelencia Internacional de la ULL - ULL - Noticias\" \/>\n<meta property=\"og:description\" content=\"Resoluci\u00f3n de 21 de marzo de 2017, por la que se modifica la resoluci\u00f3n de 20 de febrero de 2017,...\" \/>\n<meta property=\"og:url\" content=\"https:\/\/www.ull.es\/portal\/noticias\/2017\/ayudas-movilidad-estudiantes-programas-master-las-areas-del-campus-excelencia-internacional-la-ull\/\" \/>\n<meta property=\"og:site_name\" content=\"ULL - Noticias\" \/>\n<meta property=\"article:publisher\" content=\"https:\/\/www.facebook.com\/universidaddelalaguna\/\" \/>\n<meta property=\"article:published_time\" content=\"2017-03-30T08:39:06+00:00\" \/>\n<meta property=\"og:image\" content=\"https:\/\/www.ull.es\/portal\/noticias\/wp-content\/uploads\/sites\/13\/2023\/06\/logo-redimensionado.png\" \/>\n\t<meta property=\"og:image:width\" content=\"1200\" \/>\n\t<meta property=\"og:image:height\" content=\"630\" \/>\n\t<meta property=\"og:image:type\" content=\"image\/png\" \/>\n<meta name=\"author\" content=\"prensa1\" \/>\n<meta name=\"twitter:card\" content=\"summary_large_image\" \/>\n<meta name=\"twitter:creator\" content=\"@CanalULL\" \/>\n<meta name=\"twitter:site\" content=\"@CanalULL\" \/>\n<meta name=\"twitter:label1\" content=\"Escrito por\" \/>\n\t<meta name=\"twitter:data1\" content=\"prensa1\" \/>\n<script type=\"application\/ld+json\" class=\"yoast-schema-graph\">{\"@context\":\"https:\/\/schema.org\",\"@graph\":[{\"@type\":\"WebPage\",\"@id\":\"https:\/\/www.ull.es\/portal\/noticias\/2017\/ayudas-movilidad-estudiantes-programas-master-las-areas-del-campus-excelencia-internacional-la-ull\/\",\"url\":\"https:\/\/www.ull.es\/portal\/noticias\/2017\/ayudas-movilidad-estudiantes-programas-master-las-areas-del-campus-excelencia-internacional-la-ull\/\",\"name\":\"Ayudas de movilidad de estudiantes de programas de m\u00e1ster en las \u00e1reas del Campus de Excelencia Internacional de la ULL - ULL - Noticias\",\"isPartOf\":{\"@id\":\"https:\/\/www.ull.es\/portal\/noticias\/#website\"},\"datePublished\":\"2017-03-30T08:39:06+00:00\",\"dateModified\":\"2017-03-30T08:39:06+00:00\",\"author\":{\"@id\":\"https:\/\/www.ull.es\/portal\/noticias\/#\/schema\/person\/ea9b721b26bc001d9f8820a760100f96\"},\"breadcrumb\":{\"@id\":\"https:\/\/www.ull.es\/portal\/noticias\/2017\/ayudas-movilidad-estudiantes-programas-master-las-areas-del-campus-excelencia-internacional-la-ull\/#breadcrumb\"},\"inLanguage\":\"es\",\"potentialAction\":[{\"@type\":\"ReadAction\",\"target\":[\"https:\/\/www.ull.es\/portal\/noticias\/2017\/ayudas-movilidad-estudiantes-programas-master-las-areas-del-campus-excelencia-internacional-la-ull\/\"]}]},{\"@type\":\"BreadcrumbList\",\"@id\":\"https:\/\/www.ull.es\/portal\/noticias\/2017\/ayudas-movilidad-estudiantes-programas-master-las-areas-del-campus-excelencia-internacional-la-ull\/#breadcrumb\",\"itemListElement\":[{\"@type\":\"ListItem\",\"position\":1,\"name\":\"Portada\",\"item\":\"https:\/\/www.ull.es\/portal\/noticias\/\"},{\"@type\":\"ListItem\",\"position\":2,\"name\":\"Ayudas de movilidad de estudiantes de programas de m\u00e1ster en las \u00e1reas del Campus de Excelencia Internacional de la ULL\"}]},{\"@type\":\"WebSite\",\"@id\":\"https:\/\/www.ull.es\/portal\/noticias\/#website\",\"url\":\"https:\/\/www.ull.es\/portal\/noticias\/\",\"name\":\"ULL - Noticias\",\"description\":\"\",\"potentialAction\":[{\"@type\":\"SearchAction\",\"target\":{\"@type\":\"EntryPoint\",\"urlTemplate\":\"https:\/\/www.ull.es\/portal\/noticias\/?s={search_term_string}\"},\"query-input\":\"required name=search_term_string\"}],\"inLanguage\":\"es\"},{\"@type\":\"Person\",\"@id\":\"https:\/\/www.ull.es\/portal\/noticias\/#\/schema\/person\/ea9b721b26bc001d9f8820a760100f96\",\"name\":\"prensa1\",\"image\":{\"@type\":\"ImageObject\",\"inLanguage\":\"es\",\"@id\":\"https:\/\/www.ull.es\/portal\/noticias\/#\/schema\/person\/image\/\",\"url\":\"https:\/\/secure.gravatar.com\/avatar\/94b9dcabd35142d3e94c7343cd1c6ca0?s=96&d=mm&r=g\",\"contentUrl\":\"https:\/\/secure.gravatar.com\/avatar\/94b9dcabd35142d3e94c7343cd1c6ca0?s=96&d=mm&r=g\",\"caption\":\"prensa1\"},\"url\":\"https:\/\/www.ull.es\/portal\/noticias\/author\/prensa1\/\"}]}<\/script>\n<!-- \/ Yoast SEO plugin. -->","yoast_head_json":{"title":"Ayudas de movilidad de estudiantes de programas de m\u00e1ster en las \u00e1reas del Campus de Excelencia Internacional de la ULL - ULL - Noticias","robots":{"index":"index","follow":"follow","max-snippet":"max-snippet:-1","max-image-preview":"max-image-preview:large","max-video-preview":"max-video-preview:-1"},"canonical":"https:\/\/www.ull.es\/portal\/noticias\/2017\/ayudas-movilidad-estudiantes-programas-master-las-areas-del-campus-excelencia-internacional-la-ull\/","og_locale":"es_ES","og_type":"article","og_title":"Ayudas de movilidad de estudiantes de programas de m\u00e1ster en las \u00e1reas del Campus de Excelencia Internacional de la ULL - ULL - Noticias","og_description":"Resoluci\u00f3n de 21 de marzo de 2017, por la que se modifica la resoluci\u00f3n de 20 de febrero de 2017,...","og_url":"https:\/\/www.ull.es\/portal\/noticias\/2017\/ayudas-movilidad-estudiantes-programas-master-las-areas-del-campus-excelencia-internacional-la-ull\/","og_site_name":"ULL - Noticias","article_publisher":"https:\/\/www.facebook.com\/universidaddelalaguna\/","article_published_time":"2017-03-30T08:39:06+00:00","og_image":[{"width":1200,"height":630,"url":"https:\/\/www.ull.es\/portal\/noticias\/wp-content\/uploads\/sites\/13\/2023\/06\/logo-redimensionado.png","type":"image\/png"}],"author":"prensa1","twitter_card":"summary_large_image","twitter_creator":"@CanalULL","twitter_site":"@CanalULL","twitter_misc":{"Escrito por":"prensa1"},"schema":{"@context":"https:\/\/schema.org","@graph":[{"@type":"WebPage","@id":"https:\/\/www.ull.es\/portal\/noticias\/2017\/ayudas-movilidad-estudiantes-programas-master-las-areas-del-campus-excelencia-internacional-la-ull\/","url":"https:\/\/www.ull.es\/portal\/noticias\/2017\/ayudas-movilidad-estudiantes-programas-master-las-areas-del-campus-excelencia-internacional-la-ull\/","name":"Ayudas de movilidad de estudiantes de programas de m\u00e1ster en las \u00e1reas del Campus de Excelencia Internacional de la ULL - ULL - Noticias","isPartOf":{"@id":"https:\/\/www.ull.es\/portal\/noticias\/#website"},"datePublished":"2017-03-30T08:39:06+00:00","dateModified":"2017-03-30T08:39:06+00:00","author":{"@id":"https:\/\/www.ull.es\/portal\/noticias\/#\/schema\/person\/ea9b721b26bc001d9f8820a760100f96"},"breadcrumb":{"@id":"https:\/\/www.ull.es\/portal\/noticias\/2017\/ayudas-movilidad-estudiantes-programas-master-las-areas-del-campus-excelencia-internacional-la-ull\/#breadcrumb"},"inLanguage":"es","potentialAction":[{"@type":"ReadAction","target":["https:\/\/www.ull.es\/portal\/noticias\/2017\/ayudas-movilidad-estudiantes-programas-master-las-areas-del-campus-excelencia-internacional-la-ull\/"]}]},{"@type":"BreadcrumbList","@id":"https:\/\/www.ull.es\/portal\/noticias\/2017\/ayudas-movilidad-estudiantes-programas-master-las-areas-del-campus-excelencia-internacional-la-ull\/#breadcrumb","itemListElement":[{"@type":"ListItem","position":1,"name":"Portada","item":"https:\/\/www.ull.es\/portal\/noticias\/"},{"@type":"ListItem","position":2,"name":"Ayudas de movilidad de estudiantes de programas de m\u00e1ster en las \u00e1reas del Campus de Excelencia Internacional de la ULL"}]},{"@type":"WebSite","@id":"https:\/\/www.ull.es\/portal\/noticias\/#website","url":"https:\/\/www.ull.es\/portal\/noticias\/","name":"ULL - Noticias","description":"","potentialAction":[{"@type":"SearchAction","target":{"@type":"EntryPoint","urlTemplate":"https:\/\/www.ull.es\/portal\/noticias\/?s={search_term_string}"},"query-input":"required name=search_term_string"}],"inLanguage":"es"},{"@type":"Person","@id":"https:\/\/www.ull.es\/portal\/noticias\/#\/schema\/person\/ea9b721b26bc001d9f8820a760100f96","name":"prensa1","image":{"@type":"ImageObject","inLanguage":"es","@id":"https:\/\/www.ull.es\/portal\/noticias\/#\/schema\/person\/image\/","url":"https:\/\/secure.gravatar.com\/avatar\/94b9dcabd35142d3e94c7343cd1c6ca0?s=96&d=mm&r=g","contentUrl":"https:\/\/secure.gravatar.com\/avatar\/94b9dcabd35142d3e94c7343cd1c6ca0?s=96&d=mm&r=g","caption":"prensa1"},"url":"https:\/\/www.ull.es\/portal\/noticias\/author\/prensa1\/"}]}},"primary_category":{"id":2768,"name":"Notificaciones Estudiantes","slug":"notificaciones-estudiantes","link":"https:\/\/www.ull.es\/portal\/noticias\/category\/notificaciones-ull\/notificaciones-estudiantes\/"},"featured_image_thumbnail_url":null,"_links":{"self":[{"href":"https:\/\/www.ull.es\/portal\/noticias\/wp-json\/wp\/v2\/posts\/30896"}],"collection":[{"href":"https:\/\/www.ull.es\/portal\/noticias\/wp-json\/wp\/v2\/posts"}],"about":[{"href":"https:\/\/www.ull.es\/portal\/noticias\/wp-json\/wp\/v2\/types\/post"}],"author":[{"embeddable":true,"href":"https:\/\/www.ull.es\/portal\/noticias\/wp-json\/wp\/v2\/users\/20"}],"replies":[{"embeddable":true,"href":"https:\/\/www.ull.es\/portal\/noticias\/wp-json\/wp\/v2\/comments?post=30896"}],"version-history":[{"count":1,"href":"https:\/\/www.ull.es\/portal\/noticias\/wp-json\/wp\/v2\/posts\/30896\/revisions"}],"predecessor-version":[{"id":30897,"href":"https:\/\/www.ull.es\/portal\/noticias\/wp-json\/wp\/v2\/posts\/30896\/revisions\/30897"}],"wp:attachment":[{"href":"https:\/\/www.ull.es\/portal\/noticias\/wp-json\/wp\/v2\/media?parent=30896"}],"wp:term":[{"taxonomy":"category","embeddable":true,"href":"https:\/\/www.ull.es\/portal\/noticias\/wp-json\/wp\/v2\/categories?post=30896"},{"taxonomy":"post_tag","embeddable":true,"href":"https:\/\/www.ull.es\/portal\/noticias\/wp-json\/wp\/v2\/tags?post=30896"}],"curies":[{"name":"wp","href":"https:\/\/api.w.org\/{rel}","templated":true}]}}