{"id":30989,"date":"2017-04-04T11:20:08","date_gmt":"2017-04-04T11:20:08","guid":{"rendered":"https:\/\/www.ull.es\/portal\/noticias\/?p=30989"},"modified":"2017-04-04T13:20:21","modified_gmt":"2017-04-04T13:20:21","slug":"la-camerata-lacunensis-la-ull-celebra-concierto-musica-sacra-hispana","status":"publish","type":"post","link":"https:\/\/www.ull.es\/portal\/noticias\/2017\/la-camerata-lacunensis-la-ull-celebra-concierto-musica-sacra-hispana\/","title":{"rendered":"La Camerata Lacunensis de la ULL celebra un concierto de m\u00fasica sacra hispana"},"content":{"rendered":"<p>Ma\u00f1ana mi\u00e9rcoles 5 de abril a las 20 horas las formaciones corales Capilla Nivariense y Camerata Lacunensis de la Universidad de La Laguna, dirigidos por Jose Herrero, realizar\u00e1n el Concierto \u00abIn Devotione. Hymnos et Cantica. M\u00fasica Sacra Hispana para el Corpus en la transici\u00f3n del siglo XVI al XVII\u00bb, que tendr\u00e1 lugar en la Iglesia de la Concepci\u00f3n de La Laguna. Esta audici\u00f3n supondr\u00e1 la clausura del Ciclo de M\u00fasica Antigua Sacra de La Laguna 2017, organizado por la Junta de Hermandades y Cofrad\u00edas de San Crist\u00f3bal de La Laguna.<\/p>\n<p>El concierto es una aproximaci\u00f3n, basada en las investigaciones del recientemente fallecido music\u00f3logo y maestro grancanario Lothar Siemens, a lo que pudo haber sido la celebraci\u00f3n del Corpus, musicalmente hablando, en Las Palmas de Gran Canaria o San Crist\u00f3bal de la Laguna hacia el primer cuarto del siglo XVII. Y en un a\u00f1o, adem\u00e1s, tan emblem\u00e1tico como \u00e9ste por celebrarse el 400 aniversario del fallecimiento de Alonso Lobo, acaecido justamente un 5 de abril de 1617. A la memoria de ambos ir\u00e1 dedicada la celebraci\u00f3n del concierto.<\/p>\n","protected":false},"excerpt":{"rendered":"<p>Ma\u00f1ana mi\u00e9rcoles 5 de abril a las 20 horas las formaciones corales Capilla Nivariense y Camerata Lacunensis de la Universidad&#8230;<\/p>\n","protected":false},"author":23,"featured_media":30992,"comment_status":"closed","ping_status":"closed","sticky":false,"template":"","format":"standard","meta":{"inline_featured_image":false,"footnotes":""},"categories":[344,345,2765],"tags":[2920,2921],"acf":[],"yoast_head":"<!-- This site is optimized with the Yoast SEO plugin v21.3 - https:\/\/yoast.com\/wordpress\/plugins\/seo\/ -->\n<title>La Camerata Lacunensis de la ULL celebra un concierto de m\u00fasica sacra hispana - ULL - Noticias<\/title>\n<meta name=\"robots\" content=\"index, follow, max-snippet:-1, max-image-preview:large, max-video-preview:-1\" \/>\n<link rel=\"canonical\" href=\"https:\/\/www.ull.es\/portal\/noticias\/2017\/la-camerata-lacunensis-la-ull-celebra-concierto-musica-sacra-hispana\/\" \/>\n<meta property=\"og:locale\" content=\"es_ES\" \/>\n<meta property=\"og:type\" content=\"article\" \/>\n<meta property=\"og:title\" content=\"La Camerata Lacunensis de la ULL celebra un concierto de m\u00fasica sacra hispana - ULL - Noticias\" \/>\n<meta property=\"og:description\" content=\"Ma\u00f1ana mi\u00e9rcoles 5 de abril a las 20 horas las formaciones corales Capilla Nivariense y Camerata Lacunensis de la Universidad...\" \/>\n<meta property=\"og:url\" content=\"https:\/\/www.ull.es\/portal\/noticias\/2017\/la-camerata-lacunensis-la-ull-celebra-concierto-musica-sacra-hispana\/\" \/>\n<meta property=\"og:site_name\" content=\"ULL - Noticias\" \/>\n<meta property=\"article:publisher\" content=\"https:\/\/www.facebook.com\/universidaddelalaguna\/\" \/>\n<meta property=\"article:published_time\" content=\"2017-04-04T11:20:08+00:00\" \/>\n<meta property=\"article:modified_time\" content=\"2017-04-04T13:20:21+00:00\" \/>\n<meta property=\"og:image\" content=\"https:\/\/www.ull.es\/portal\/noticias\/wp-content\/uploads\/sites\/13\/2017\/04\/Ciclo-Musica-Antigua-Sacra.jpg\" \/>\n\t<meta property=\"og:image:width\" content=\"851\" \/>\n\t<meta property=\"og:image:height\" content=\"315\" \/>\n\t<meta property=\"og:image:type\" content=\"image\/jpeg\" \/>\n<meta name=\"author\" content=\"gaprsa\" \/>\n<meta name=\"twitter:card\" content=\"summary_large_image\" \/>\n<meta name=\"twitter:creator\" content=\"@CanalULL\" \/>\n<meta name=\"twitter:site\" content=\"@CanalULL\" \/>\n<meta name=\"twitter:label1\" content=\"Escrito por\" \/>\n\t<meta name=\"twitter:data1\" content=\"gaprsa\" \/>\n\t<meta name=\"twitter:label2\" content=\"Tiempo de lectura\" \/>\n\t<meta name=\"twitter:data2\" content=\"1 minuto\" \/>\n<script type=\"application\/ld+json\" class=\"yoast-schema-graph\">{\"@context\":\"https:\/\/schema.org\",\"@graph\":[{\"@type\":\"WebPage\",\"@id\":\"https:\/\/www.ull.es\/portal\/noticias\/2017\/la-camerata-lacunensis-la-ull-celebra-concierto-musica-sacra-hispana\/\",\"url\":\"https:\/\/www.ull.es\/portal\/noticias\/2017\/la-camerata-lacunensis-la-ull-celebra-concierto-musica-sacra-hispana\/\",\"name\":\"La Camerata Lacunensis de la ULL celebra un concierto de m\u00fasica sacra hispana - ULL - Noticias\",\"isPartOf\":{\"@id\":\"https:\/\/www.ull.es\/portal\/noticias\/#website\"},\"datePublished\":\"2017-04-04T11:20:08+00:00\",\"dateModified\":\"2017-04-04T13:20:21+00:00\",\"author\":{\"@id\":\"https:\/\/www.ull.es\/portal\/noticias\/#\/schema\/person\/b2b1a89d43ffa609e591f7df8ef3e817\"},\"breadcrumb\":{\"@id\":\"https:\/\/www.ull.es\/portal\/noticias\/2017\/la-camerata-lacunensis-la-ull-celebra-concierto-musica-sacra-hispana\/#breadcrumb\"},\"inLanguage\":\"es\",\"potentialAction\":[{\"@type\":\"ReadAction\",\"target\":[\"https:\/\/www.ull.es\/portal\/noticias\/2017\/la-camerata-lacunensis-la-ull-celebra-concierto-musica-sacra-hispana\/\"]}]},{\"@type\":\"BreadcrumbList\",\"@id\":\"https:\/\/www.ull.es\/portal\/noticias\/2017\/la-camerata-lacunensis-la-ull-celebra-concierto-musica-sacra-hispana\/#breadcrumb\",\"itemListElement\":[{\"@type\":\"ListItem\",\"position\":1,\"name\":\"Portada\",\"item\":\"https:\/\/www.ull.es\/portal\/noticias\/\"},{\"@type\":\"ListItem\",\"position\":2,\"name\":\"La Camerata Lacunensis de la ULL celebra un concierto de m\u00fasica sacra hispana\"}]},{\"@type\":\"WebSite\",\"@id\":\"https:\/\/www.ull.es\/portal\/noticias\/#website\",\"url\":\"https:\/\/www.ull.es\/portal\/noticias\/\",\"name\":\"ULL - Noticias\",\"description\":\"\",\"potentialAction\":[{\"@type\":\"SearchAction\",\"target\":{\"@type\":\"EntryPoint\",\"urlTemplate\":\"https:\/\/www.ull.es\/portal\/noticias\/?s={search_term_string}\"},\"query-input\":\"required name=search_term_string\"}],\"inLanguage\":\"es\"},{\"@type\":\"Person\",\"@id\":\"https:\/\/www.ull.es\/portal\/noticias\/#\/schema\/person\/b2b1a89d43ffa609e591f7df8ef3e817\",\"name\":\"gaprsa\",\"image\":{\"@type\":\"ImageObject\",\"inLanguage\":\"es\",\"@id\":\"https:\/\/www.ull.es\/portal\/noticias\/#\/schema\/person\/image\/\",\"url\":\"https:\/\/secure.gravatar.com\/avatar\/443820550921091458b4823867723b3d?s=96&d=mm&r=g\",\"contentUrl\":\"https:\/\/secure.gravatar.com\/avatar\/443820550921091458b4823867723b3d?s=96&d=mm&r=g\",\"caption\":\"gaprsa\"},\"url\":\"https:\/\/www.ull.es\/portal\/noticias\/author\/gaprsa\/\"}]}<\/script>\n<!-- \/ Yoast SEO plugin. -->","yoast_head_json":{"title":"La Camerata Lacunensis de la ULL celebra un concierto de m\u00fasica sacra hispana - ULL - Noticias","robots":{"index":"index","follow":"follow","max-snippet":"max-snippet:-1","max-image-preview":"max-image-preview:large","max-video-preview":"max-video-preview:-1"},"canonical":"https:\/\/www.ull.es\/portal\/noticias\/2017\/la-camerata-lacunensis-la-ull-celebra-concierto-musica-sacra-hispana\/","og_locale":"es_ES","og_type":"article","og_title":"La Camerata Lacunensis de la ULL celebra un concierto de m\u00fasica sacra hispana - ULL - Noticias","og_description":"Ma\u00f1ana mi\u00e9rcoles 5 de abril a las 20 horas las formaciones corales Capilla Nivariense y Camerata Lacunensis de la Universidad...","og_url":"https:\/\/www.ull.es\/portal\/noticias\/2017\/la-camerata-lacunensis-la-ull-celebra-concierto-musica-sacra-hispana\/","og_site_name":"ULL - Noticias","article_publisher":"https:\/\/www.facebook.com\/universidaddelalaguna\/","article_published_time":"2017-04-04T11:20:08+00:00","article_modified_time":"2017-04-04T13:20:21+00:00","og_image":[{"width":851,"height":315,"url":"https:\/\/www.ull.es\/portal\/noticias\/wp-content\/uploads\/sites\/13\/2017\/04\/Ciclo-Musica-Antigua-Sacra.jpg","type":"image\/jpeg"}],"author":"gaprsa","twitter_card":"summary_large_image","twitter_creator":"@CanalULL","twitter_site":"@CanalULL","twitter_misc":{"Escrito por":"gaprsa","Tiempo de lectura":"1 minuto"},"schema":{"@context":"https:\/\/schema.org","@graph":[{"@type":"WebPage","@id":"https:\/\/www.ull.es\/portal\/noticias\/2017\/la-camerata-lacunensis-la-ull-celebra-concierto-musica-sacra-hispana\/","url":"https:\/\/www.ull.es\/portal\/noticias\/2017\/la-camerata-lacunensis-la-ull-celebra-concierto-musica-sacra-hispana\/","name":"La Camerata Lacunensis de la ULL celebra un concierto de m\u00fasica sacra hispana - ULL - Noticias","isPartOf":{"@id":"https:\/\/www.ull.es\/portal\/noticias\/#website"},"datePublished":"2017-04-04T11:20:08+00:00","dateModified":"2017-04-04T13:20:21+00:00","author":{"@id":"https:\/\/www.ull.es\/portal\/noticias\/#\/schema\/person\/b2b1a89d43ffa609e591f7df8ef3e817"},"breadcrumb":{"@id":"https:\/\/www.ull.es\/portal\/noticias\/2017\/la-camerata-lacunensis-la-ull-celebra-concierto-musica-sacra-hispana\/#breadcrumb"},"inLanguage":"es","potentialAction":[{"@type":"ReadAction","target":["https:\/\/www.ull.es\/portal\/noticias\/2017\/la-camerata-lacunensis-la-ull-celebra-concierto-musica-sacra-hispana\/"]}]},{"@type":"BreadcrumbList","@id":"https:\/\/www.ull.es\/portal\/noticias\/2017\/la-camerata-lacunensis-la-ull-celebra-concierto-musica-sacra-hispana\/#breadcrumb","itemListElement":[{"@type":"ListItem","position":1,"name":"Portada","item":"https:\/\/www.ull.es\/portal\/noticias\/"},{"@type":"ListItem","position":2,"name":"La Camerata Lacunensis de la ULL celebra un concierto de m\u00fasica sacra hispana"}]},{"@type":"WebSite","@id":"https:\/\/www.ull.es\/portal\/noticias\/#website","url":"https:\/\/www.ull.es\/portal\/noticias\/","name":"ULL - Noticias","description":"","potentialAction":[{"@type":"SearchAction","target":{"@type":"EntryPoint","urlTemplate":"https:\/\/www.ull.es\/portal\/noticias\/?s={search_term_string}"},"query-input":"required name=search_term_string"}],"inLanguage":"es"},{"@type":"Person","@id":"https:\/\/www.ull.es\/portal\/noticias\/#\/schema\/person\/b2b1a89d43ffa609e591f7df8ef3e817","name":"gaprsa","image":{"@type":"ImageObject","inLanguage":"es","@id":"https:\/\/www.ull.es\/portal\/noticias\/#\/schema\/person\/image\/","url":"https:\/\/secure.gravatar.com\/avatar\/443820550921091458b4823867723b3d?s=96&d=mm&r=g","contentUrl":"https:\/\/secure.gravatar.com\/avatar\/443820550921091458b4823867723b3d?s=96&d=mm&r=g","caption":"gaprsa"},"url":"https:\/\/www.ull.es\/portal\/noticias\/author\/gaprsa\/"}]}},"primary_category":{"id":344,"name":"Cultura","slug":"cultura","link":"https:\/\/www.ull.es\/portal\/noticias\/category\/cultura\/"},"featured_image_thumbnail_url":"https:\/\/www.ull.es\/portal\/noticias\/wp-content\/uploads\/sites\/13\/2017\/04\/Ciclo-Musica-Antigua-Sacra-300x111.jpg","_links":{"self":[{"href":"https:\/\/www.ull.es\/portal\/noticias\/wp-json\/wp\/v2\/posts\/30989"}],"collection":[{"href":"https:\/\/www.ull.es\/portal\/noticias\/wp-json\/wp\/v2\/posts"}],"about":[{"href":"https:\/\/www.ull.es\/portal\/noticias\/wp-json\/wp\/v2\/types\/post"}],"author":[{"embeddable":true,"href":"https:\/\/www.ull.es\/portal\/noticias\/wp-json\/wp\/v2\/users\/23"}],"replies":[{"embeddable":true,"href":"https:\/\/www.ull.es\/portal\/noticias\/wp-json\/wp\/v2\/comments?post=30989"}],"version-history":[{"count":1,"href":"https:\/\/www.ull.es\/portal\/noticias\/wp-json\/wp\/v2\/posts\/30989\/revisions"}],"predecessor-version":[{"id":30991,"href":"https:\/\/www.ull.es\/portal\/noticias\/wp-json\/wp\/v2\/posts\/30989\/revisions\/30991"}],"wp:featuredmedia":[{"embeddable":true,"href":"https:\/\/www.ull.es\/portal\/noticias\/wp-json\/wp\/v2\/media\/30992"}],"wp:attachment":[{"href":"https:\/\/www.ull.es\/portal\/noticias\/wp-json\/wp\/v2\/media?parent=30989"}],"wp:term":[{"taxonomy":"category","embeddable":true,"href":"https:\/\/www.ull.es\/portal\/noticias\/wp-json\/wp\/v2\/categories?post=30989"},{"taxonomy":"post_tag","embeddable":true,"href":"https:\/\/www.ull.es\/portal\/noticias\/wp-json\/wp\/v2\/tags?post=30989"}],"curies":[{"name":"wp","href":"https:\/\/api.w.org\/{rel}","templated":true}]}}