{"id":31035,"date":"2017-04-06T08:28:44","date_gmt":"2017-04-06T08:28:44","guid":{"rendered":"https:\/\/www.ull.es\/portal\/noticias\/?p=31035"},"modified":"2017-04-06T13:37:15","modified_gmt":"2017-04-06T13:37:15","slug":"patrulla-canina-ull","status":"publish","type":"post","link":"https:\/\/www.ull.es\/portal\/noticias\/2017\/patrulla-canina-ull\/","title":{"rendered":"Los personajes de la Patrulla Canina llegan al Paraninfo de la Universidad de La Laguna en una funci\u00f3n infantil"},"content":{"rendered":"<p>&nbsp;<\/p>\n<p>La Patrulla Canina regresa al Paraninfo de la Universidad de La Laguna ma\u00f1ana, viernes 7 de abril, a partir de las 19:00 horas con una nueva misi\u00f3n: rescatar al barco La Perla Azul que ha encallado en una isla de cocos. La productora Acelera Producciones ha conseguido reunir sobre el escenario universitario una vez m\u00e1s a estos conocidos personajes infantiles.<\/p>\n<p>En esta ocasi\u00f3n, la Perla Azul no puede salir de la isla y es atacado por el temido pirata Malos Pelos y su ayudante, que se adue\u00f1en del barco. Para que la capitana de la embarcaci\u00f3n la recupere, tendr\u00e1 que hacer un trato con el aprovechado pirata. Pero no podr\u00e1 hacerlo sin la ayuda de la Patrulla Canina.<\/p>\n<p>El esfuerzo y la valent\u00eda son los valores que transmite esta nueva aventura, que llega cargada de canciones y bailes. La funci\u00f3n, dirigida a los m\u00e1s peque\u00f1os de la familia, tendr\u00e1 una duraci\u00f3n de una hora con entradas al precio de 14 euros a partir de un a\u00f1o de edad.<\/p>\n<p>Las localidades est\u00e1n a la venta en <a href=\"http:\/\/www.tomaticket.es\/paraninfoull\" target=\"_blank\" rel=\"noopener\">www.tomaticket.es\/paraninfoull<\/a>; en la sede del Vicerrectorado de Relaciones con la Sociedad (C\/ Viana, 50 de La Laguna), de 9 a 14 horas; en el Edificio Central de la Universidad de La Laguna, de 8 a 19 horas; en la tienda Mr. Snack de La Laguna y en la taquilla del Paraninfo de la ULL, el mismo d\u00eda de la funci\u00f3n, a partir de las 18:00 horas.<\/p>\n<p>Los asistentes disponen de estacionamiento gratuito en el aparcamiento del Edificio Central de la Universidad de La Laguna, seg\u00fan plazas libres.<\/p>\n","protected":false},"excerpt":{"rendered":"<p>&nbsp; La Patrulla Canina regresa al Paraninfo de la Universidad de La Laguna ma\u00f1ana, viernes 7 de abril, a partir&#8230;<\/p>\n","protected":false},"author":21,"featured_media":31037,"comment_status":"closed","ping_status":"closed","sticky":false,"template":"","format":"standard","meta":{"inline_featured_image":false,"footnotes":""},"categories":[344,345,2765],"tags":[2047,2932],"acf":[],"yoast_head":"<!-- This site is optimized with the Yoast SEO plugin v21.3 - https:\/\/yoast.com\/wordpress\/plugins\/seo\/ -->\n<title>Los personajes de la Patrulla Canina llegan al Paraninfo de la Universidad de La Laguna en una funci\u00f3n infantil - ULL - Noticias<\/title>\n<meta name=\"description\" content=\"La productora Acelera Producciones ha conseguido reunir sobre el escenario universitario a los personajes de la Patrulla Canina.\" \/>\n<meta name=\"robots\" content=\"index, follow, max-snippet:-1, max-image-preview:large, max-video-preview:-1\" \/>\n<link rel=\"canonical\" href=\"https:\/\/www.ull.es\/portal\/noticias\/2017\/patrulla-canina-ull\/\" \/>\n<meta property=\"og:locale\" content=\"es_ES\" \/>\n<meta property=\"og:type\" content=\"article\" \/>\n<meta property=\"og:title\" content=\"Los personajes de la Patrulla Canina llegan al Paraninfo de la Universidad de La Laguna en una funci\u00f3n infantil - ULL - Noticias\" \/>\n<meta property=\"og:description\" content=\"La productora Acelera Producciones ha conseguido reunir sobre el escenario universitario a los personajes de la Patrulla Canina.\" \/>\n<meta property=\"og:url\" content=\"https:\/\/www.ull.es\/portal\/noticias\/2017\/patrulla-canina-ull\/\" \/>\n<meta property=\"og:site_name\" content=\"ULL - Noticias\" \/>\n<meta property=\"article:publisher\" content=\"https:\/\/www.facebook.com\/universidaddelalaguna\/\" \/>\n<meta property=\"article:published_time\" content=\"2017-04-06T08:28:44+00:00\" \/>\n<meta property=\"article:modified_time\" content=\"2017-04-06T13:37:15+00:00\" \/>\n<meta property=\"og:image\" content=\"https:\/\/www.ull.es\/portal\/noticias\/wp-content\/uploads\/sites\/13\/2017\/04\/patrulla-canina.jpg\" \/>\n\t<meta property=\"og:image:width\" content=\"634\" \/>\n\t<meta property=\"og:image:height\" content=\"1024\" \/>\n\t<meta property=\"og:image:type\" content=\"image\/jpeg\" \/>\n<meta name=\"author\" content=\"prensa2\" \/>\n<meta name=\"twitter:card\" content=\"summary_large_image\" \/>\n<meta name=\"twitter:creator\" content=\"@CanalULL\" \/>\n<meta name=\"twitter:site\" content=\"@CanalULL\" \/>\n<meta name=\"twitter:label1\" content=\"Escrito por\" \/>\n\t<meta name=\"twitter:data1\" content=\"prensa2\" \/>\n\t<meta name=\"twitter:label2\" content=\"Tiempo de lectura\" \/>\n\t<meta name=\"twitter:data2\" content=\"1 minuto\" \/>\n<script type=\"application\/ld+json\" class=\"yoast-schema-graph\">{\"@context\":\"https:\/\/schema.org\",\"@graph\":[{\"@type\":\"WebPage\",\"@id\":\"https:\/\/www.ull.es\/portal\/noticias\/2017\/patrulla-canina-ull\/\",\"url\":\"https:\/\/www.ull.es\/portal\/noticias\/2017\/patrulla-canina-ull\/\",\"name\":\"Los personajes de la Patrulla Canina llegan al Paraninfo de la Universidad de La Laguna en una funci\u00f3n infantil - ULL - Noticias\",\"isPartOf\":{\"@id\":\"https:\/\/www.ull.es\/portal\/noticias\/#website\"},\"datePublished\":\"2017-04-06T08:28:44+00:00\",\"dateModified\":\"2017-04-06T13:37:15+00:00\",\"author\":{\"@id\":\"https:\/\/www.ull.es\/portal\/noticias\/#\/schema\/person\/c3b2aa857797592927a03740d6664376\"},\"description\":\"La productora Acelera Producciones ha conseguido reunir sobre el escenario universitario a los personajes de la Patrulla Canina.\",\"breadcrumb\":{\"@id\":\"https:\/\/www.ull.es\/portal\/noticias\/2017\/patrulla-canina-ull\/#breadcrumb\"},\"inLanguage\":\"es\",\"potentialAction\":[{\"@type\":\"ReadAction\",\"target\":[\"https:\/\/www.ull.es\/portal\/noticias\/2017\/patrulla-canina-ull\/\"]}]},{\"@type\":\"BreadcrumbList\",\"@id\":\"https:\/\/www.ull.es\/portal\/noticias\/2017\/patrulla-canina-ull\/#breadcrumb\",\"itemListElement\":[{\"@type\":\"ListItem\",\"position\":1,\"name\":\"Portada\",\"item\":\"https:\/\/www.ull.es\/portal\/noticias\/\"},{\"@type\":\"ListItem\",\"position\":2,\"name\":\"Los personajes de la Patrulla Canina llegan al Paraninfo de la Universidad de La Laguna en una funci\u00f3n infantil\"}]},{\"@type\":\"WebSite\",\"@id\":\"https:\/\/www.ull.es\/portal\/noticias\/#website\",\"url\":\"https:\/\/www.ull.es\/portal\/noticias\/\",\"name\":\"ULL - Noticias\",\"description\":\"\",\"potentialAction\":[{\"@type\":\"SearchAction\",\"target\":{\"@type\":\"EntryPoint\",\"urlTemplate\":\"https:\/\/www.ull.es\/portal\/noticias\/?s={search_term_string}\"},\"query-input\":\"required name=search_term_string\"}],\"inLanguage\":\"es\"},{\"@type\":\"Person\",\"@id\":\"https:\/\/www.ull.es\/portal\/noticias\/#\/schema\/person\/c3b2aa857797592927a03740d6664376\",\"name\":\"prensa2\",\"image\":{\"@type\":\"ImageObject\",\"inLanguage\":\"es\",\"@id\":\"https:\/\/www.ull.es\/portal\/noticias\/#\/schema\/person\/image\/\",\"url\":\"https:\/\/secure.gravatar.com\/avatar\/b58f310a5de5feb33d1e026d2493f23c?s=96&d=mm&r=g\",\"contentUrl\":\"https:\/\/secure.gravatar.com\/avatar\/b58f310a5de5feb33d1e026d2493f23c?s=96&d=mm&r=g\",\"caption\":\"prensa2\"},\"url\":\"https:\/\/www.ull.es\/portal\/noticias\/author\/prensa2\/\"}]}<\/script>\n<!-- \/ Yoast SEO plugin. -->","yoast_head_json":{"title":"Los personajes de la Patrulla Canina llegan al Paraninfo de la Universidad de La Laguna en una funci\u00f3n infantil - ULL - Noticias","description":"La productora Acelera Producciones ha conseguido reunir sobre el escenario universitario a los personajes de la Patrulla Canina.","robots":{"index":"index","follow":"follow","max-snippet":"max-snippet:-1","max-image-preview":"max-image-preview:large","max-video-preview":"max-video-preview:-1"},"canonical":"https:\/\/www.ull.es\/portal\/noticias\/2017\/patrulla-canina-ull\/","og_locale":"es_ES","og_type":"article","og_title":"Los personajes de la Patrulla Canina llegan al Paraninfo de la Universidad de La Laguna en una funci\u00f3n infantil - ULL - Noticias","og_description":"La productora Acelera Producciones ha conseguido reunir sobre el escenario universitario a los personajes de la Patrulla Canina.","og_url":"https:\/\/www.ull.es\/portal\/noticias\/2017\/patrulla-canina-ull\/","og_site_name":"ULL - Noticias","article_publisher":"https:\/\/www.facebook.com\/universidaddelalaguna\/","article_published_time":"2017-04-06T08:28:44+00:00","article_modified_time":"2017-04-06T13:37:15+00:00","og_image":[{"width":634,"height":1024,"url":"https:\/\/www.ull.es\/portal\/noticias\/wp-content\/uploads\/sites\/13\/2017\/04\/patrulla-canina.jpg","type":"image\/jpeg"}],"author":"prensa2","twitter_card":"summary_large_image","twitter_creator":"@CanalULL","twitter_site":"@CanalULL","twitter_misc":{"Escrito por":"prensa2","Tiempo de lectura":"1 minuto"},"schema":{"@context":"https:\/\/schema.org","@graph":[{"@type":"WebPage","@id":"https:\/\/www.ull.es\/portal\/noticias\/2017\/patrulla-canina-ull\/","url":"https:\/\/www.ull.es\/portal\/noticias\/2017\/patrulla-canina-ull\/","name":"Los personajes de la Patrulla Canina llegan al Paraninfo de la Universidad de La Laguna en una funci\u00f3n infantil - ULL - Noticias","isPartOf":{"@id":"https:\/\/www.ull.es\/portal\/noticias\/#website"},"datePublished":"2017-04-06T08:28:44+00:00","dateModified":"2017-04-06T13:37:15+00:00","author":{"@id":"https:\/\/www.ull.es\/portal\/noticias\/#\/schema\/person\/c3b2aa857797592927a03740d6664376"},"description":"La productora Acelera Producciones ha conseguido reunir sobre el escenario universitario a los personajes de la Patrulla Canina.","breadcrumb":{"@id":"https:\/\/www.ull.es\/portal\/noticias\/2017\/patrulla-canina-ull\/#breadcrumb"},"inLanguage":"es","potentialAction":[{"@type":"ReadAction","target":["https:\/\/www.ull.es\/portal\/noticias\/2017\/patrulla-canina-ull\/"]}]},{"@type":"BreadcrumbList","@id":"https:\/\/www.ull.es\/portal\/noticias\/2017\/patrulla-canina-ull\/#breadcrumb","itemListElement":[{"@type":"ListItem","position":1,"name":"Portada","item":"https:\/\/www.ull.es\/portal\/noticias\/"},{"@type":"ListItem","position":2,"name":"Los personajes de la Patrulla Canina llegan al Paraninfo de la Universidad de La Laguna en una funci\u00f3n infantil"}]},{"@type":"WebSite","@id":"https:\/\/www.ull.es\/portal\/noticias\/#website","url":"https:\/\/www.ull.es\/portal\/noticias\/","name":"ULL - Noticias","description":"","potentialAction":[{"@type":"SearchAction","target":{"@type":"EntryPoint","urlTemplate":"https:\/\/www.ull.es\/portal\/noticias\/?s={search_term_string}"},"query-input":"required name=search_term_string"}],"inLanguage":"es"},{"@type":"Person","@id":"https:\/\/www.ull.es\/portal\/noticias\/#\/schema\/person\/c3b2aa857797592927a03740d6664376","name":"prensa2","image":{"@type":"ImageObject","inLanguage":"es","@id":"https:\/\/www.ull.es\/portal\/noticias\/#\/schema\/person\/image\/","url":"https:\/\/secure.gravatar.com\/avatar\/b58f310a5de5feb33d1e026d2493f23c?s=96&d=mm&r=g","contentUrl":"https:\/\/secure.gravatar.com\/avatar\/b58f310a5de5feb33d1e026d2493f23c?s=96&d=mm&r=g","caption":"prensa2"},"url":"https:\/\/www.ull.es\/portal\/noticias\/author\/prensa2\/"}]}},"primary_category":{"id":344,"name":"Cultura","slug":"cultura","link":"https:\/\/www.ull.es\/portal\/noticias\/category\/cultura\/"},"featured_image_thumbnail_url":"https:\/\/www.ull.es\/portal\/noticias\/wp-content\/uploads\/sites\/13\/2017\/04\/patrulla-canina-186x300.jpg","_links":{"self":[{"href":"https:\/\/www.ull.es\/portal\/noticias\/wp-json\/wp\/v2\/posts\/31035"}],"collection":[{"href":"https:\/\/www.ull.es\/portal\/noticias\/wp-json\/wp\/v2\/posts"}],"about":[{"href":"https:\/\/www.ull.es\/portal\/noticias\/wp-json\/wp\/v2\/types\/post"}],"author":[{"embeddable":true,"href":"https:\/\/www.ull.es\/portal\/noticias\/wp-json\/wp\/v2\/users\/21"}],"replies":[{"embeddable":true,"href":"https:\/\/www.ull.es\/portal\/noticias\/wp-json\/wp\/v2\/comments?post=31035"}],"version-history":[{"count":4,"href":"https:\/\/www.ull.es\/portal\/noticias\/wp-json\/wp\/v2\/posts\/31035\/revisions"}],"predecessor-version":[{"id":31040,"href":"https:\/\/www.ull.es\/portal\/noticias\/wp-json\/wp\/v2\/posts\/31035\/revisions\/31040"}],"wp:featuredmedia":[{"embeddable":true,"href":"https:\/\/www.ull.es\/portal\/noticias\/wp-json\/wp\/v2\/media\/31037"}],"wp:attachment":[{"href":"https:\/\/www.ull.es\/portal\/noticias\/wp-json\/wp\/v2\/media?parent=31035"}],"wp:term":[{"taxonomy":"category","embeddable":true,"href":"https:\/\/www.ull.es\/portal\/noticias\/wp-json\/wp\/v2\/categories?post=31035"},{"taxonomy":"post_tag","embeddable":true,"href":"https:\/\/www.ull.es\/portal\/noticias\/wp-json\/wp\/v2\/tags?post=31035"}],"curies":[{"name":"wp","href":"https:\/\/api.w.org\/{rel}","templated":true}]}}