{"id":31400,"date":"2017-05-11T13:07:30","date_gmt":"2017-05-11T13:07:30","guid":{"rendered":"https:\/\/www.ull.es\/portal\/noticias\/?p=31400"},"modified":"2017-05-11T18:47:21","modified_gmt":"2017-05-11T18:47:21","slug":"la-universidad-verano-adeje-cumple-25-anos-presenta-nuevo-programa-cursos","status":"publish","type":"post","link":"https:\/\/www.ull.es\/portal\/noticias\/2017\/la-universidad-verano-adeje-cumple-25-anos-presenta-nuevo-programa-cursos\/","title":{"rendered":"La Universidad de Verano de Adeje cumple 25 a\u00f1os y presenta su nuevo programa de cursos"},"content":{"rendered":"<p>El rector de la Universidad de La Laguna, Antonio Martin\u00f3n, y el alcalde de Adeje, Jos\u00e9 Miguel Rodr\u00edguez Fraga, presentaron hoy jueves 11 de mayo la programaci\u00f3n de la Universidad de Verano de Adeje, una iniciativa que cumple 25 a\u00f1os y que adem\u00e1s coincide con el 225 aniversario de fundaci\u00f3n de la instituci\u00f3n universitaria. Seis cursos y catorce talleres conformar\u00e1n la propuesta estival de este a\u00f1o, que se desarrollar\u00e1 del 17 al 21 de julio.<\/p>\n<p>\u201cSon 25 a\u00f1os de vida\u201d, recalc\u00f3 el alcalde, de difusi\u00f3n del conocimiento a trav\u00e9s de unos cursos que se han ido adaptando a las necesidades de cada momento y que, sobre todo, han sobrevivido a una dura crisis que asol\u00f3 el panorama cultural de las islas durante unos a\u00f1os, mientras que la Universidad de Verano de Adeje persisti\u00f3 en su af\u00e1n\u00a0 de extender el conocimiento universitario en el sur de la isla.<\/p>\n<p>Desde hace dos a\u00f1os, se ha optado por un nuevo formato, con cursos de ma\u00f1ana m\u00e1s cortos, de tres d\u00edas, complementados con talleres en horario vespertino, lo que ha permitido doblar la oferta de propuestas y pasar de algo m\u00e1s de doscientos alumnos a superar los cuatrocientos en una semana, explic\u00f3 el vicerrector de Relaciones con la Sociedad, Francisco Garc\u00eda.<\/p>\n<p>Las tarifas tambi\u00e9n han sufrido modificaciones, de tal forma que ahora un curso equivale 25 euros y un taller, diez, sin importar el lugar de procedencia de los estudiantes. La matr\u00edcula se abrir\u00e1 a partir de ma\u00f1ana viernes 12 de mayo y toda la informaci\u00f3n sobre esta propuesta se encuentra disponible en el enlace <a href=\"https:\/\/www.ull.es\/Private\/folder\/institucional\/ull\/wull\/cursosdeextension\/adeje.html\" target=\"_blank\" rel=\"noopener\">https:\/\/www.ull.es\/Private\/folder\/institucional\/ull\/wull\/cursosdeextension\/adeje.html<\/a><\/p>\n<p>Turismo, educaci\u00f3n, medicina, comunicaci\u00f3n, creatividad o deporte son las tem\u00e1ticas generales del cat\u00e1logo de este a\u00f1o, que pretende atraer a diferentes p\u00fablicos, y no solo a universitarios. De hecho, la propuesta de este a\u00f1o fue presentada en la feria de turismo FITUR, en la idea de ofrecer a visitantes de la isla la posibilidad de recibir una formaci\u00f3n actualizada y atractiva durante su estancia en la isla.<\/p>\n<p>El vicerrector destac\u00f3 que los temas de este a\u00f1o est\u00e1n alineados con las grandes tendencias. As\u00ed se hablar\u00e1 de econom\u00eda colaborativa, sobre el peligro de los nuevos populismos o sobre turismo y relaciones laborales, por ejemplo.<\/p>\n<p>El cartel promocional de este a\u00f1o ha corrido de la mano de la graduada en Bellas Artes por la Universidad de La Laguna Alba Gonz\u00e1lez, que ha querido mostrar en su obra la importancia de la cultura y del conocimiento como herramientas esenciales para la construcci\u00f3n una sociedad m\u00e1s abierta e inclusiva, que abandone los prejuicios y reciba con los brazos abiertos las diversidades neurol\u00f3gicas, sexuales, de g\u00e9nero, culturales.<\/p>\n<p>Por su parte, el rector del centro acad\u00e9mico, Antonio Martin\u00f3n, destac\u00f3 que la Universidad de Verano de Adeje ha consolidado y reforzado el concepto de extensi\u00f3n universitaria, de extender el conocimiento generado en las universidades en territorios ajenos a ella y en p\u00fablicos diferentes. \u201cLa Universidad de Verano de Adeje ha logrado el reconocimiento social de todos los canarios\u201d, agreg\u00f3.<\/p>\n<p>Aprovechando el vig\u00e9simo quinto aniversario de esta iniciativa, Adeje ha propuesto crear un panel de expertos universitarios que ayuden a configurar y a analizar cu\u00e1l ser\u00e1 el futuro y el devenir del sur de la isla, idea que fue muy bien acogida por el rector.<\/p>\n<p><strong>Cursos<\/strong><\/p>\n<p>&#8211;<a href=\"https:\/\/www.ull.es\/Private\/folder\/institucional\/ull\/extension5\/ene17\/populismo.pdf\" target=\"_blank\" rel=\"noopener\">Nuevos populismos. Comunicaci\u00f3n y democracia en la era digital<\/a><\/p>\n<h5><strong>&#8211;<a href=\"http:\/\/La econom\u00eda colaborativa: \u00bfes el fin del turismo tradicional tal y como lo conocemos? The Sharing Economy: Is this the end of tourism as we know it?\" target=\"_blank\" rel=\"noopener\">La econom\u00eda colaborativa: \u00bfes el fin del turismo tradicional tal y como lo conocemos? The Sharing Economy: Is this the end of tourism as we know it?<\/a><\/strong><\/h5>\n<h5><strong><a href=\"https:\/\/www.ull.es\/Private\/folder\/institucional\/ull\/extension5\/ene17\/vigilancia.pdf\" target=\"_blank\" rel=\"noopener\">Vigilancia y control de la prestaci\u00f3n laboral: atenci\u00f3n especial a las empresas del turismo<\/a><\/strong><\/h5>\n<h5><strong>&#8211;<a href=\"https:\/\/www.ull.es\/Private\/folder\/institucional\/ull\/extension5\/ene17\/arte.pdf\" target=\"_blank\" rel=\"noopener\">Arte, Cultura y Derecho<\/a><\/strong><\/h5>\n<h5><strong>&#8211;<a href=\"https:\/\/www.ull.es\/Private\/folder\/institucional\/ull\/extension5\/ene17\/managing.pdf\" target=\"_blank\" rel=\"noopener\">Managing the change in tourism: \u00abGovernance, finance and digital transformation<\/a><\/strong><\/h5>\n<h5><strong>&#8211;<a href=\"https:\/\/www.ull.es\/Private\/folder\/institucional\/ull\/extension5\/ene17\/autismo.pdf\" target=\"_blank\" rel=\"noopener\">Autismo, dificultades de aprendizaje y TDAH: Recursos para el profesorado y las familias<\/a><\/strong><\/h5>\n<p><strong>Talleres<\/strong><\/p>\n<h5>&#8211;<a href=\"https:\/\/sede.fg.ull.es\/es\/curso\/detalle\/a17020016\/estrategias-y-modelos-de-ense-anza-y-aprendizaje-para-alumnado-de-altas-capacidades-intelectuales\" target=\"_blank\" rel=\"noopener\">Estrategias y modelos de ense\u00f1anza y aprendizaje para alumnado de altas capacidades intelectuales<\/a><\/h5>\n<h5>&#8211;<a href=\"https:\/\/sede.fg.ull.es\/es\/curso\/detalle\/a17020015\/la-comunicacion-eficaz-habilidades-y-tecnicas-para-desenvolverse-de-forma-asertiva-en-publico\" target=\"_blank\" rel=\"noopener\">La comunicaci\u00f3n eficaz: habilidades y t\u00e9cnicas para desenvolverse de forma asertiva en p\u00fablico<\/a><\/h5>\n<h5>&#8211;<a href=\"https:\/\/sede.fg.ull.es\/es\/curso\/detalle\/a17020020\/dinamica-organizativa-de-actividades-fisicas-ludico-recreativas\" target=\"_blank\" rel=\"noopener\">Din\u00e1mica organizativa de actividades f\u00edsicas l\u00fadico-recreativas<\/a><\/h5>\n<h5>&#8211;<a href=\"https:\/\/sede.fg.ull.es\/es\/curso\/detalle\/a17020017\/turismo-2-0-planificacion-de-destinos-turisticos-mediante-herramientas-2-0\" target=\"_blank\" rel=\"noopener\">Turismo 2.0: Planificaci\u00f3n de destinos tur\u00edsticos mediante herramientas 2.0<\/a><\/h5>\n<h5>&#8211;<a href=\"https:\/\/sede.fg.ull.es\/es\/curso\/detalle\/a17020013\/transparencia-el-derecho-a-la-informacion\" target=\"_blank\" rel=\"noopener\">Transparencia: el derecho a la informaci\u00f3n<\/a><\/h5>\n<h5>&#8211;<a href=\"https:\/\/sede.fg.ull.es\/es\/curso\/detalle\/a17020021\/vinos-de-canarias-conocerlos-y-apreciarlos\" target=\"_blank\" rel=\"noopener\">Vinos de Canarias: Conocerlos y apreciarlos<\/a><\/h5>\n<h5>&#8211;<a href=\"https:\/\/sede.fg.ull.es\/es\/curso\/detalle\/a17020018\/repensar-y-redise-ar-la-experiencia-del-cliente-con-los-productos-turisticos\" target=\"_blank\" rel=\"noopener\">Repensar y redise\u00f1ar la experiencia del cliente con los productos tur\u00edsticos<\/a><\/h5>\n<h5>&#8211;<a href=\"https:\/\/sede.fg.ull.es\/es\/curso\/detalle\/a17020014\/en-busca-de-tu-yo-creativo-estrategias-minificcionales\" target=\"_blank\" rel=\"noopener\">En busca de tu yo creativo\u2026 Estrategias minificcionales<\/a><\/h5>\n<h5>&#8211;<a href=\"https:\/\/sede.fg.ull.es\/es\/curso\/detalle\/a17020022\/el-pensamiento-computacional-como-metodologia-fundamental-en-la-educacion-del-futuro\" target=\"_blank\" rel=\"noopener\">El pensamiento computacional como metodolog\u00eda fundamental en la educaci\u00f3n del futuro<\/a><\/h5>\n<h5>&#8211;<a href=\"https:\/\/sede.fg.ull.es\/es\/curso\/detalle\/a17020019\/inteligencia-emocional-en-las-organizaciones-academicas-y-laborales-como-gestionar-tu-talento-comunicador\" target=\"_blank\" rel=\"noopener\">Inteligencia emocional en las organizaciones acad\u00e9micas y laborales. C\u00f3mo gestionar tu talento<\/a><\/h5>\n<h5>&#8211;<a href=\"https:\/\/sede.fg.ull.es\/es\/curso\/detalle\/a17020062\/creatividad-design-thinking-para-crear-mil-ideas-para-tu-exito\" target=\"_blank\" rel=\"noopener\">Creatividad \u201cDesign thinking para crear mil ideas para tu \u00e9xito\u201d<\/a><\/h5>\n<h5>&#8211;<a href=\"https:\/\/sede.fg.ull.es\/es\/curso\/detalle\/a17020061\/creatividad-claves-para-crear-tu-propio-%C3%A9xito\" target=\"_blank\" rel=\"noopener\">Creatividad \u201cClaves para crear tu propio \u00e9xito\u201d<\/a><\/h5>\n<h5>&#8211;<a href=\"https:\/\/sede.fg.ull.es\/es\/curso\/detalle\/a17020051\/memorizar-con-dibujos\" target=\"_blank\" rel=\"noopener\">Memorizar con dibujos<\/a><\/h5>\n<h5>&#8211;<a href=\"https:\/\/sede.fg.ull.es\/es\/curso\/detalle\/a17020050\/canarias-a-traves-de-sus-pabellones-y-stands-como-construir-identidades-con-arquitecturas-efimeras\" target=\"_blank\" rel=\"noopener\">Canarias a trav\u00e9s de sus pabellones y stands. C\u00f3mo construir identidades con arquitecturas ef\u00edmeras<\/a><\/h5>\n<p>&nbsp;<\/p>\n<h5><\/h5>\n<p>&nbsp;<\/p>\n","protected":false},"excerpt":{"rendered":"<p>El rector de la Universidad de La Laguna, Antonio Martin\u00f3n, y el alcalde de Adeje, Jos\u00e9 Miguel Rodr\u00edguez Fraga, presentaron&#8230;<\/p>\n","protected":false},"author":23,"featured_media":31401,"comment_status":"closed","ping_status":"closed","sticky":false,"template":"","format":"standard","meta":{"inline_featured_image":false,"footnotes":""},"categories":[344,345,2753,2751,2765,1],"tags":[391,959,2598],"acf":[],"yoast_head":"<!-- This site is optimized with the Yoast SEO plugin v21.3 - https:\/\/yoast.com\/wordpress\/plugins\/seo\/ -->\n<title>La Universidad de Verano de Adeje cumple 25 a\u00f1os y presenta su nuevo programa de cursos - ULL - Noticias<\/title>\n<meta name=\"robots\" content=\"index, follow, max-snippet:-1, max-image-preview:large, max-video-preview:-1\" \/>\n<link rel=\"canonical\" href=\"https:\/\/www.ull.es\/portal\/noticias\/2017\/la-universidad-verano-adeje-cumple-25-anos-presenta-nuevo-programa-cursos\/\" \/>\n<meta property=\"og:locale\" content=\"es_ES\" \/>\n<meta property=\"og:type\" content=\"article\" \/>\n<meta property=\"og:title\" content=\"La Universidad de Verano de Adeje cumple 25 a\u00f1os y presenta su nuevo programa de cursos - ULL - Noticias\" \/>\n<meta property=\"og:description\" content=\"El rector de la Universidad de La Laguna, Antonio Martin\u00f3n, y el alcalde de Adeje, Jos\u00e9 Miguel Rodr\u00edguez Fraga, presentaron...\" \/>\n<meta property=\"og:url\" content=\"https:\/\/www.ull.es\/portal\/noticias\/2017\/la-universidad-verano-adeje-cumple-25-anos-presenta-nuevo-programa-cursos\/\" \/>\n<meta property=\"og:site_name\" content=\"ULL - Noticias\" \/>\n<meta property=\"article:publisher\" content=\"https:\/\/www.facebook.com\/universidaddelalaguna\/\" \/>\n<meta property=\"article:published_time\" content=\"2017-05-11T13:07:30+00:00\" \/>\n<meta property=\"article:modified_time\" content=\"2017-05-11T18:47:21+00:00\" \/>\n<meta property=\"og:image\" content=\"https:\/\/www.ull.es\/portal\/noticias\/wp-content\/uploads\/sites\/13\/2017\/05\/univ-verano-adeje-con-cartel.jpg\" \/>\n\t<meta property=\"og:image:width\" content=\"1034\" \/>\n\t<meta property=\"og:image:height\" content=\"708\" \/>\n\t<meta property=\"og:image:type\" content=\"image\/jpeg\" \/>\n<meta name=\"author\" content=\"gaprsa\" \/>\n<meta name=\"twitter:card\" content=\"summary_large_image\" \/>\n<meta name=\"twitter:creator\" content=\"@CanalULL\" \/>\n<meta name=\"twitter:site\" content=\"@CanalULL\" \/>\n<meta name=\"twitter:label1\" content=\"Escrito por\" \/>\n\t<meta name=\"twitter:data1\" content=\"gaprsa\" \/>\n\t<meta name=\"twitter:label2\" content=\"Tiempo de lectura\" \/>\n\t<meta name=\"twitter:data2\" content=\"4 minutos\" \/>\n<script type=\"application\/ld+json\" class=\"yoast-schema-graph\">{\"@context\":\"https:\/\/schema.org\",\"@graph\":[{\"@type\":\"WebPage\",\"@id\":\"https:\/\/www.ull.es\/portal\/noticias\/2017\/la-universidad-verano-adeje-cumple-25-anos-presenta-nuevo-programa-cursos\/\",\"url\":\"https:\/\/www.ull.es\/portal\/noticias\/2017\/la-universidad-verano-adeje-cumple-25-anos-presenta-nuevo-programa-cursos\/\",\"name\":\"La Universidad de Verano de Adeje cumple 25 a\u00f1os y presenta su nuevo programa de cursos - ULL - Noticias\",\"isPartOf\":{\"@id\":\"https:\/\/www.ull.es\/portal\/noticias\/#website\"},\"datePublished\":\"2017-05-11T13:07:30+00:00\",\"dateModified\":\"2017-05-11T18:47:21+00:00\",\"author\":{\"@id\":\"https:\/\/www.ull.es\/portal\/noticias\/#\/schema\/person\/b2b1a89d43ffa609e591f7df8ef3e817\"},\"breadcrumb\":{\"@id\":\"https:\/\/www.ull.es\/portal\/noticias\/2017\/la-universidad-verano-adeje-cumple-25-anos-presenta-nuevo-programa-cursos\/#breadcrumb\"},\"inLanguage\":\"es\",\"potentialAction\":[{\"@type\":\"ReadAction\",\"target\":[\"https:\/\/www.ull.es\/portal\/noticias\/2017\/la-universidad-verano-adeje-cumple-25-anos-presenta-nuevo-programa-cursos\/\"]}]},{\"@type\":\"BreadcrumbList\",\"@id\":\"https:\/\/www.ull.es\/portal\/noticias\/2017\/la-universidad-verano-adeje-cumple-25-anos-presenta-nuevo-programa-cursos\/#breadcrumb\",\"itemListElement\":[{\"@type\":\"ListItem\",\"position\":1,\"name\":\"Portada\",\"item\":\"https:\/\/www.ull.es\/portal\/noticias\/\"},{\"@type\":\"ListItem\",\"position\":2,\"name\":\"La Universidad de Verano de Adeje cumple 25 a\u00f1os y presenta su nuevo programa de cursos\"}]},{\"@type\":\"WebSite\",\"@id\":\"https:\/\/www.ull.es\/portal\/noticias\/#website\",\"url\":\"https:\/\/www.ull.es\/portal\/noticias\/\",\"name\":\"ULL - Noticias\",\"description\":\"\",\"potentialAction\":[{\"@type\":\"SearchAction\",\"target\":{\"@type\":\"EntryPoint\",\"urlTemplate\":\"https:\/\/www.ull.es\/portal\/noticias\/?s={search_term_string}\"},\"query-input\":\"required name=search_term_string\"}],\"inLanguage\":\"es\"},{\"@type\":\"Person\",\"@id\":\"https:\/\/www.ull.es\/portal\/noticias\/#\/schema\/person\/b2b1a89d43ffa609e591f7df8ef3e817\",\"name\":\"gaprsa\",\"image\":{\"@type\":\"ImageObject\",\"inLanguage\":\"es\",\"@id\":\"https:\/\/www.ull.es\/portal\/noticias\/#\/schema\/person\/image\/\",\"url\":\"https:\/\/secure.gravatar.com\/avatar\/443820550921091458b4823867723b3d?s=96&d=mm&r=g\",\"contentUrl\":\"https:\/\/secure.gravatar.com\/avatar\/443820550921091458b4823867723b3d?s=96&d=mm&r=g\",\"caption\":\"gaprsa\"},\"url\":\"https:\/\/www.ull.es\/portal\/noticias\/author\/gaprsa\/\"}]}<\/script>\n<!-- \/ Yoast SEO plugin. -->","yoast_head_json":{"title":"La Universidad de Verano de Adeje cumple 25 a\u00f1os y presenta su nuevo programa de cursos - ULL - Noticias","robots":{"index":"index","follow":"follow","max-snippet":"max-snippet:-1","max-image-preview":"max-image-preview:large","max-video-preview":"max-video-preview:-1"},"canonical":"https:\/\/www.ull.es\/portal\/noticias\/2017\/la-universidad-verano-adeje-cumple-25-anos-presenta-nuevo-programa-cursos\/","og_locale":"es_ES","og_type":"article","og_title":"La Universidad de Verano de Adeje cumple 25 a\u00f1os y presenta su nuevo programa de cursos - ULL - Noticias","og_description":"El rector de la Universidad de La Laguna, Antonio Martin\u00f3n, y el alcalde de Adeje, Jos\u00e9 Miguel Rodr\u00edguez Fraga, presentaron...","og_url":"https:\/\/www.ull.es\/portal\/noticias\/2017\/la-universidad-verano-adeje-cumple-25-anos-presenta-nuevo-programa-cursos\/","og_site_name":"ULL - Noticias","article_publisher":"https:\/\/www.facebook.com\/universidaddelalaguna\/","article_published_time":"2017-05-11T13:07:30+00:00","article_modified_time":"2017-05-11T18:47:21+00:00","og_image":[{"width":1034,"height":708,"url":"https:\/\/www.ull.es\/portal\/noticias\/wp-content\/uploads\/sites\/13\/2017\/05\/univ-verano-adeje-con-cartel.jpg","type":"image\/jpeg"}],"author":"gaprsa","twitter_card":"summary_large_image","twitter_creator":"@CanalULL","twitter_site":"@CanalULL","twitter_misc":{"Escrito por":"gaprsa","Tiempo de lectura":"4 minutos"},"schema":{"@context":"https:\/\/schema.org","@graph":[{"@type":"WebPage","@id":"https:\/\/www.ull.es\/portal\/noticias\/2017\/la-universidad-verano-adeje-cumple-25-anos-presenta-nuevo-programa-cursos\/","url":"https:\/\/www.ull.es\/portal\/noticias\/2017\/la-universidad-verano-adeje-cumple-25-anos-presenta-nuevo-programa-cursos\/","name":"La Universidad de Verano de Adeje cumple 25 a\u00f1os y presenta su nuevo programa de cursos - ULL - Noticias","isPartOf":{"@id":"https:\/\/www.ull.es\/portal\/noticias\/#website"},"datePublished":"2017-05-11T13:07:30+00:00","dateModified":"2017-05-11T18:47:21+00:00","author":{"@id":"https:\/\/www.ull.es\/portal\/noticias\/#\/schema\/person\/b2b1a89d43ffa609e591f7df8ef3e817"},"breadcrumb":{"@id":"https:\/\/www.ull.es\/portal\/noticias\/2017\/la-universidad-verano-adeje-cumple-25-anos-presenta-nuevo-programa-cursos\/#breadcrumb"},"inLanguage":"es","potentialAction":[{"@type":"ReadAction","target":["https:\/\/www.ull.es\/portal\/noticias\/2017\/la-universidad-verano-adeje-cumple-25-anos-presenta-nuevo-programa-cursos\/"]}]},{"@type":"BreadcrumbList","@id":"https:\/\/www.ull.es\/portal\/noticias\/2017\/la-universidad-verano-adeje-cumple-25-anos-presenta-nuevo-programa-cursos\/#breadcrumb","itemListElement":[{"@type":"ListItem","position":1,"name":"Portada","item":"https:\/\/www.ull.es\/portal\/noticias\/"},{"@type":"ListItem","position":2,"name":"La Universidad de Verano de Adeje cumple 25 a\u00f1os y presenta su nuevo programa de cursos"}]},{"@type":"WebSite","@id":"https:\/\/www.ull.es\/portal\/noticias\/#website","url":"https:\/\/www.ull.es\/portal\/noticias\/","name":"ULL - Noticias","description":"","potentialAction":[{"@type":"SearchAction","target":{"@type":"EntryPoint","urlTemplate":"https:\/\/www.ull.es\/portal\/noticias\/?s={search_term_string}"},"query-input":"required name=search_term_string"}],"inLanguage":"es"},{"@type":"Person","@id":"https:\/\/www.ull.es\/portal\/noticias\/#\/schema\/person\/b2b1a89d43ffa609e591f7df8ef3e817","name":"gaprsa","image":{"@type":"ImageObject","inLanguage":"es","@id":"https:\/\/www.ull.es\/portal\/noticias\/#\/schema\/person\/image\/","url":"https:\/\/secure.gravatar.com\/avatar\/443820550921091458b4823867723b3d?s=96&d=mm&r=g","contentUrl":"https:\/\/secure.gravatar.com\/avatar\/443820550921091458b4823867723b3d?s=96&d=mm&r=g","caption":"gaprsa"},"url":"https:\/\/www.ull.es\/portal\/noticias\/author\/gaprsa\/"}]}},"primary_category":{"id":1,"name":"ULL","slug":"ull","link":"https:\/\/www.ull.es\/portal\/noticias\/category\/ull\/"},"featured_image_thumbnail_url":"https:\/\/www.ull.es\/portal\/noticias\/wp-content\/uploads\/sites\/13\/2017\/05\/univ-verano-adeje-con-cartel-300x205.jpg","_links":{"self":[{"href":"https:\/\/www.ull.es\/portal\/noticias\/wp-json\/wp\/v2\/posts\/31400"}],"collection":[{"href":"https:\/\/www.ull.es\/portal\/noticias\/wp-json\/wp\/v2\/posts"}],"about":[{"href":"https:\/\/www.ull.es\/portal\/noticias\/wp-json\/wp\/v2\/types\/post"}],"author":[{"embeddable":true,"href":"https:\/\/www.ull.es\/portal\/noticias\/wp-json\/wp\/v2\/users\/23"}],"replies":[{"embeddable":true,"href":"https:\/\/www.ull.es\/portal\/noticias\/wp-json\/wp\/v2\/comments?post=31400"}],"version-history":[{"count":4,"href":"https:\/\/www.ull.es\/portal\/noticias\/wp-json\/wp\/v2\/posts\/31400\/revisions"}],"predecessor-version":[{"id":31412,"href":"https:\/\/www.ull.es\/portal\/noticias\/wp-json\/wp\/v2\/posts\/31400\/revisions\/31412"}],"wp:featuredmedia":[{"embeddable":true,"href":"https:\/\/www.ull.es\/portal\/noticias\/wp-json\/wp\/v2\/media\/31401"}],"wp:attachment":[{"href":"https:\/\/www.ull.es\/portal\/noticias\/wp-json\/wp\/v2\/media?parent=31400"}],"wp:term":[{"taxonomy":"category","embeddable":true,"href":"https:\/\/www.ull.es\/portal\/noticias\/wp-json\/wp\/v2\/categories?post=31400"},{"taxonomy":"post_tag","embeddable":true,"href":"https:\/\/www.ull.es\/portal\/noticias\/wp-json\/wp\/v2\/tags?post=31400"}],"curies":[{"name":"wp","href":"https:\/\/api.w.org\/{rel}","templated":true}]}}