{"id":31515,"date":"2017-05-18T13:36:42","date_gmt":"2017-05-18T13:36:42","guid":{"rendered":"https:\/\/www.ull.es\/portal\/noticias\/?p=31515"},"modified":"2017-05-18T13:44:28","modified_gmt":"2017-05-18T13:44:28","slug":"medicina-acoge-la-exposicion-fotoperiodismo-sin-permiso-derecho-sim-memoria","status":"publish","type":"post","link":"https:\/\/www.ull.es\/portal\/noticias\/2017\/medicina-acoge-la-exposicion-fotoperiodismo-sin-permiso-derecho-sim-memoria\/","title":{"rendered":"Medicina acoge la exposici\u00f3n de fotoperiodismo &#8216;Sin permiso, con derecho &#8230;y sin memoria&#8217;"},"content":{"rendered":"<p>La Secci\u00f3n de Medicina, Enfermer\u00eda y Fisioterapia de la Facultad de Ciencias de la Salud ha inaugurado hoy 18 de mayo la exposici\u00f3n itinerante &#8216;Sin permiso, con derecho&#8230;y sin memoria&#8217; de la Uni\u00f3n de Profesionales de la Comunicaci\u00f3n de Canarias (UPCC), cedida a la Universidad de La Laguna, y que muestra la cruda realidad de la llegada de inmigrantes en pateras a nuestras islas hace escasos a\u00f1os.<\/p>\n<p style=\"text-align: center\"><a href=\"https:\/\/drive.google.com\/drive\/folders\/0Bxi8Rp1_THQzUDhkcE5iMktFenc?usp=sharing\" target=\"_blank\" rel=\"noopener\"><strong>Galer\u00eda de fotos<\/strong><\/a><\/p>\n<p>La pasividad de los turistas y locales de algunas fotos contrasta con el auxilio de profesionales y de vecinos en otras im\u00e1genes, implicados en una tragedia que todav\u00eda no ha tocado fin y que se ha desplazado a otras costas del continente europeo. La muestra fotogr\u00e1fica, custodiada por el Vicerrectorado de Relaciones con la Sociedad, ya fue vista en la Secci\u00f3n de Ciencias de la Informaci\u00f3n, el pasado mes de diciembre, coincidiendo con la celebraci\u00f3n del congreso Latina de Comunicaci\u00f3n Social y de hecho uno de los profesores de ese centro, Samuel Toledano, es el coordinador de esta iniciativa, cuyo comisariado recae en el fot\u00f3grafo Crist\u00f3bal Garc\u00eda.<\/p>\n<p>Permanecer\u00e1 abierta hasta el 15 de septiembre, con obras de los fotoperiodistas Alex Rosa, Borja Su\u00e1rez, Carlos de Sa\u00e1, Carlos Gonz\u00e1lez, Esteban P\u00e9rez, Fran Pallero, Juan Medina, Manuel M\u00e9rida, Mar\u00eda Pisaca, Miguel Fagundo y Ram\u00f3n de la Rocha.<\/p>\n","protected":false},"excerpt":{"rendered":"<p>La Secci\u00f3n de Medicina, Enfermer\u00eda y Fisioterapia de la Facultad de Ciencias de la Salud ha inaugurado hoy 18 de&#8230;<\/p>\n","protected":false},"author":23,"featured_media":31528,"comment_status":"closed","ping_status":"closed","sticky":false,"template":"","format":"standard","meta":{"inline_featured_image":false,"footnotes":""},"categories":[344,345,2765],"tags":[1201,3042],"acf":[],"yoast_head":"<!-- This site is optimized with the Yoast SEO plugin v21.3 - https:\/\/yoast.com\/wordpress\/plugins\/seo\/ -->\n<title>Medicina acoge la exposici\u00f3n de fotoperiodismo &#039;Sin permiso, con derecho ...y sin memoria&#039; - ULL - Noticias<\/title>\n<meta name=\"robots\" content=\"index, follow, max-snippet:-1, max-image-preview:large, max-video-preview:-1\" \/>\n<link rel=\"canonical\" href=\"https:\/\/www.ull.es\/portal\/noticias\/2017\/medicina-acoge-la-exposicion-fotoperiodismo-sin-permiso-derecho-sim-memoria\/\" \/>\n<meta property=\"og:locale\" content=\"es_ES\" \/>\n<meta property=\"og:type\" content=\"article\" \/>\n<meta property=\"og:title\" content=\"Medicina acoge la exposici\u00f3n de fotoperiodismo &#039;Sin permiso, con derecho ...y sin memoria&#039; - ULL - Noticias\" \/>\n<meta property=\"og:description\" content=\"La Secci\u00f3n de Medicina, Enfermer\u00eda y Fisioterapia de la Facultad de Ciencias de la Salud ha inaugurado hoy 18 de...\" \/>\n<meta property=\"og:url\" content=\"https:\/\/www.ull.es\/portal\/noticias\/2017\/medicina-acoge-la-exposicion-fotoperiodismo-sin-permiso-derecho-sim-memoria\/\" \/>\n<meta property=\"og:site_name\" content=\"ULL - Noticias\" \/>\n<meta property=\"article:publisher\" content=\"https:\/\/www.facebook.com\/universidaddelalaguna\/\" \/>\n<meta property=\"article:published_time\" content=\"2017-05-18T13:36:42+00:00\" \/>\n<meta property=\"article:modified_time\" content=\"2017-05-18T13:44:28+00:00\" \/>\n<meta property=\"og:image\" content=\"https:\/\/www.ull.es\/portal\/noticias\/wp-content\/uploads\/sites\/13\/2017\/05\/expo-medicina.jpg\" \/>\n\t<meta property=\"og:image:width\" content=\"1024\" \/>\n\t<meta property=\"og:image:height\" content=\"683\" \/>\n\t<meta property=\"og:image:type\" content=\"image\/jpeg\" \/>\n<meta name=\"author\" content=\"gaprsa\" \/>\n<meta name=\"twitter:card\" content=\"summary_large_image\" \/>\n<meta name=\"twitter:creator\" content=\"@CanalULL\" \/>\n<meta name=\"twitter:site\" content=\"@CanalULL\" \/>\n<meta name=\"twitter:label1\" content=\"Escrito por\" \/>\n\t<meta name=\"twitter:data1\" content=\"gaprsa\" \/>\n\t<meta name=\"twitter:label2\" content=\"Tiempo de lectura\" \/>\n\t<meta name=\"twitter:data2\" content=\"1 minuto\" \/>\n<script type=\"application\/ld+json\" class=\"yoast-schema-graph\">{\"@context\":\"https:\/\/schema.org\",\"@graph\":[{\"@type\":\"WebPage\",\"@id\":\"https:\/\/www.ull.es\/portal\/noticias\/2017\/medicina-acoge-la-exposicion-fotoperiodismo-sin-permiso-derecho-sim-memoria\/\",\"url\":\"https:\/\/www.ull.es\/portal\/noticias\/2017\/medicina-acoge-la-exposicion-fotoperiodismo-sin-permiso-derecho-sim-memoria\/\",\"name\":\"Medicina acoge la exposici\u00f3n de fotoperiodismo 'Sin permiso, con derecho ...y sin memoria' - ULL - Noticias\",\"isPartOf\":{\"@id\":\"https:\/\/www.ull.es\/portal\/noticias\/#website\"},\"datePublished\":\"2017-05-18T13:36:42+00:00\",\"dateModified\":\"2017-05-18T13:44:28+00:00\",\"author\":{\"@id\":\"https:\/\/www.ull.es\/portal\/noticias\/#\/schema\/person\/b2b1a89d43ffa609e591f7df8ef3e817\"},\"breadcrumb\":{\"@id\":\"https:\/\/www.ull.es\/portal\/noticias\/2017\/medicina-acoge-la-exposicion-fotoperiodismo-sin-permiso-derecho-sim-memoria\/#breadcrumb\"},\"inLanguage\":\"es\",\"potentialAction\":[{\"@type\":\"ReadAction\",\"target\":[\"https:\/\/www.ull.es\/portal\/noticias\/2017\/medicina-acoge-la-exposicion-fotoperiodismo-sin-permiso-derecho-sim-memoria\/\"]}]},{\"@type\":\"BreadcrumbList\",\"@id\":\"https:\/\/www.ull.es\/portal\/noticias\/2017\/medicina-acoge-la-exposicion-fotoperiodismo-sin-permiso-derecho-sim-memoria\/#breadcrumb\",\"itemListElement\":[{\"@type\":\"ListItem\",\"position\":1,\"name\":\"Portada\",\"item\":\"https:\/\/www.ull.es\/portal\/noticias\/\"},{\"@type\":\"ListItem\",\"position\":2,\"name\":\"Medicina acoge la exposici\u00f3n de fotoperiodismo &#8216;Sin permiso, con derecho &#8230;y sin memoria&#8217;\"}]},{\"@type\":\"WebSite\",\"@id\":\"https:\/\/www.ull.es\/portal\/noticias\/#website\",\"url\":\"https:\/\/www.ull.es\/portal\/noticias\/\",\"name\":\"ULL - Noticias\",\"description\":\"\",\"potentialAction\":[{\"@type\":\"SearchAction\",\"target\":{\"@type\":\"EntryPoint\",\"urlTemplate\":\"https:\/\/www.ull.es\/portal\/noticias\/?s={search_term_string}\"},\"query-input\":\"required name=search_term_string\"}],\"inLanguage\":\"es\"},{\"@type\":\"Person\",\"@id\":\"https:\/\/www.ull.es\/portal\/noticias\/#\/schema\/person\/b2b1a89d43ffa609e591f7df8ef3e817\",\"name\":\"gaprsa\",\"image\":{\"@type\":\"ImageObject\",\"inLanguage\":\"es\",\"@id\":\"https:\/\/www.ull.es\/portal\/noticias\/#\/schema\/person\/image\/\",\"url\":\"https:\/\/secure.gravatar.com\/avatar\/443820550921091458b4823867723b3d?s=96&d=mm&r=g\",\"contentUrl\":\"https:\/\/secure.gravatar.com\/avatar\/443820550921091458b4823867723b3d?s=96&d=mm&r=g\",\"caption\":\"gaprsa\"},\"url\":\"https:\/\/www.ull.es\/portal\/noticias\/author\/gaprsa\/\"}]}<\/script>\n<!-- \/ Yoast SEO plugin. -->","yoast_head_json":{"title":"Medicina acoge la exposici\u00f3n de fotoperiodismo 'Sin permiso, con derecho ...y sin memoria' - ULL - Noticias","robots":{"index":"index","follow":"follow","max-snippet":"max-snippet:-1","max-image-preview":"max-image-preview:large","max-video-preview":"max-video-preview:-1"},"canonical":"https:\/\/www.ull.es\/portal\/noticias\/2017\/medicina-acoge-la-exposicion-fotoperiodismo-sin-permiso-derecho-sim-memoria\/","og_locale":"es_ES","og_type":"article","og_title":"Medicina acoge la exposici\u00f3n de fotoperiodismo 'Sin permiso, con derecho ...y sin memoria' - ULL - Noticias","og_description":"La Secci\u00f3n de Medicina, Enfermer\u00eda y Fisioterapia de la Facultad de Ciencias de la Salud ha inaugurado hoy 18 de...","og_url":"https:\/\/www.ull.es\/portal\/noticias\/2017\/medicina-acoge-la-exposicion-fotoperiodismo-sin-permiso-derecho-sim-memoria\/","og_site_name":"ULL - Noticias","article_publisher":"https:\/\/www.facebook.com\/universidaddelalaguna\/","article_published_time":"2017-05-18T13:36:42+00:00","article_modified_time":"2017-05-18T13:44:28+00:00","og_image":[{"width":1024,"height":683,"url":"https:\/\/www.ull.es\/portal\/noticias\/wp-content\/uploads\/sites\/13\/2017\/05\/expo-medicina.jpg","type":"image\/jpeg"}],"author":"gaprsa","twitter_card":"summary_large_image","twitter_creator":"@CanalULL","twitter_site":"@CanalULL","twitter_misc":{"Escrito por":"gaprsa","Tiempo de lectura":"1 minuto"},"schema":{"@context":"https:\/\/schema.org","@graph":[{"@type":"WebPage","@id":"https:\/\/www.ull.es\/portal\/noticias\/2017\/medicina-acoge-la-exposicion-fotoperiodismo-sin-permiso-derecho-sim-memoria\/","url":"https:\/\/www.ull.es\/portal\/noticias\/2017\/medicina-acoge-la-exposicion-fotoperiodismo-sin-permiso-derecho-sim-memoria\/","name":"Medicina acoge la exposici\u00f3n de fotoperiodismo 'Sin permiso, con derecho ...y sin memoria' - ULL - Noticias","isPartOf":{"@id":"https:\/\/www.ull.es\/portal\/noticias\/#website"},"datePublished":"2017-05-18T13:36:42+00:00","dateModified":"2017-05-18T13:44:28+00:00","author":{"@id":"https:\/\/www.ull.es\/portal\/noticias\/#\/schema\/person\/b2b1a89d43ffa609e591f7df8ef3e817"},"breadcrumb":{"@id":"https:\/\/www.ull.es\/portal\/noticias\/2017\/medicina-acoge-la-exposicion-fotoperiodismo-sin-permiso-derecho-sim-memoria\/#breadcrumb"},"inLanguage":"es","potentialAction":[{"@type":"ReadAction","target":["https:\/\/www.ull.es\/portal\/noticias\/2017\/medicina-acoge-la-exposicion-fotoperiodismo-sin-permiso-derecho-sim-memoria\/"]}]},{"@type":"BreadcrumbList","@id":"https:\/\/www.ull.es\/portal\/noticias\/2017\/medicina-acoge-la-exposicion-fotoperiodismo-sin-permiso-derecho-sim-memoria\/#breadcrumb","itemListElement":[{"@type":"ListItem","position":1,"name":"Portada","item":"https:\/\/www.ull.es\/portal\/noticias\/"},{"@type":"ListItem","position":2,"name":"Medicina acoge la exposici\u00f3n de fotoperiodismo &#8216;Sin permiso, con derecho &#8230;y sin memoria&#8217;"}]},{"@type":"WebSite","@id":"https:\/\/www.ull.es\/portal\/noticias\/#website","url":"https:\/\/www.ull.es\/portal\/noticias\/","name":"ULL - Noticias","description":"","potentialAction":[{"@type":"SearchAction","target":{"@type":"EntryPoint","urlTemplate":"https:\/\/www.ull.es\/portal\/noticias\/?s={search_term_string}"},"query-input":"required name=search_term_string"}],"inLanguage":"es"},{"@type":"Person","@id":"https:\/\/www.ull.es\/portal\/noticias\/#\/schema\/person\/b2b1a89d43ffa609e591f7df8ef3e817","name":"gaprsa","image":{"@type":"ImageObject","inLanguage":"es","@id":"https:\/\/www.ull.es\/portal\/noticias\/#\/schema\/person\/image\/","url":"https:\/\/secure.gravatar.com\/avatar\/443820550921091458b4823867723b3d?s=96&d=mm&r=g","contentUrl":"https:\/\/secure.gravatar.com\/avatar\/443820550921091458b4823867723b3d?s=96&d=mm&r=g","caption":"gaprsa"},"url":"https:\/\/www.ull.es\/portal\/noticias\/author\/gaprsa\/"}]}},"primary_category":{"id":344,"name":"Cultura","slug":"cultura","link":"https:\/\/www.ull.es\/portal\/noticias\/category\/cultura\/"},"featured_image_thumbnail_url":"https:\/\/www.ull.es\/portal\/noticias\/wp-content\/uploads\/sites\/13\/2017\/05\/expo-medicina-300x200.jpg","_links":{"self":[{"href":"https:\/\/www.ull.es\/portal\/noticias\/wp-json\/wp\/v2\/posts\/31515"}],"collection":[{"href":"https:\/\/www.ull.es\/portal\/noticias\/wp-json\/wp\/v2\/posts"}],"about":[{"href":"https:\/\/www.ull.es\/portal\/noticias\/wp-json\/wp\/v2\/types\/post"}],"author":[{"embeddable":true,"href":"https:\/\/www.ull.es\/portal\/noticias\/wp-json\/wp\/v2\/users\/23"}],"replies":[{"embeddable":true,"href":"https:\/\/www.ull.es\/portal\/noticias\/wp-json\/wp\/v2\/comments?post=31515"}],"version-history":[{"count":5,"href":"https:\/\/www.ull.es\/portal\/noticias\/wp-json\/wp\/v2\/posts\/31515\/revisions"}],"predecessor-version":[{"id":31532,"href":"https:\/\/www.ull.es\/portal\/noticias\/wp-json\/wp\/v2\/posts\/31515\/revisions\/31532"}],"wp:featuredmedia":[{"embeddable":true,"href":"https:\/\/www.ull.es\/portal\/noticias\/wp-json\/wp\/v2\/media\/31528"}],"wp:attachment":[{"href":"https:\/\/www.ull.es\/portal\/noticias\/wp-json\/wp\/v2\/media?parent=31515"}],"wp:term":[{"taxonomy":"category","embeddable":true,"href":"https:\/\/www.ull.es\/portal\/noticias\/wp-json\/wp\/v2\/categories?post=31515"},{"taxonomy":"post_tag","embeddable":true,"href":"https:\/\/www.ull.es\/portal\/noticias\/wp-json\/wp\/v2\/tags?post=31515"}],"curies":[{"name":"wp","href":"https:\/\/api.w.org\/{rel}","templated":true}]}}