{"id":31715,"date":"2017-06-02T11:43:42","date_gmt":"2017-06-02T11:43:42","guid":{"rendered":"https:\/\/www.ull.es\/portal\/noticias\/?p=31715"},"modified":"2017-06-02T11:43:42","modified_gmt":"2017-06-02T11:43:42","slug":"alumni-concede-victoria-marzol-premio-alonso-nava-grimon-trabajar-favor-comunidades-falta-acceso-al-agua","status":"publish","type":"post","link":"https:\/\/www.ull.es\/portal\/noticias\/2017\/alumni-concede-victoria-marzol-premio-alonso-nava-grimon-trabajar-favor-comunidades-falta-acceso-al-agua\/","title":{"rendered":"Alumni concede a Victoria Marzol el Premio Alonso de Nava y Grim\u00f3n por trabajar en favor de comunidades con falta de acceso al agua"},"content":{"rendered":"<p>La Asociaci\u00f3n Alumni ULL convoca cada a\u00f1o varios premios que destacan diferentes facetas de la comunidad universitaria. Uno de ellos es el VIII Premio Alonso de Nava y Grim\u00f3n, que distingue a alguna personalidad que haya estado o est\u00e9 relacionada con el centro acad\u00e9mico, cuyo trabajo favorezca el desarrollo de la comunidad. Este a\u00f1o \u00a0ha reca\u00eddo en M\u00aa Victoria Marzol Ja\u00e9n, catedr\u00e1tica de Geograf\u00eda F\u00edsica responsable de varias investigaciones sobre la captaci\u00f3n de agua de niebla gracias a las cuales varias comunidades rurales de Marruecos han solventado sus problemas de abastecimiento de este recurso vital.<\/p>\n<p>Otro de los premios que concede anualmente Alumni ULL es el Jos\u00e9 Luis Garc\u00eda P\u00e9rez a los Valores Humanos del Alumnado, que en esta su d\u00e9cimo cuarta edici\u00f3n ha sido concedido ex-aqueo al proyecto solidario \u201cInvisibles ULL\u201d, promovido por estudiantes de diversas titulaciones de la ULL y que se centra en la atenci\u00f3n y apoyo a las personas sin hogar; y a la Delegaci\u00f3n de Estudiantes de Medicina, que a lo largo del a\u00f1o promueve varias actividades de voluntariado y divulgaci\u00f3n cient\u00edfica y cultural.<\/p>\n<p>Estos galardones de Alumni, junto con el correspondiente al mejor expediente acad\u00e9mico, que fue anunciado hace unos d\u00edas y recay\u00f3 en el graduado en Espa\u00f1ol: Lengua y Literatura Nar\u00e9s Garc\u00eda, ser\u00e1n entregados durante la ceremonia que la ULL ha organizado el pr\u00f3ximo lunes 5 de junio, en la cual, adem\u00e1s de los correspondientes a estos cert\u00e1menes, ser\u00e1n entregados los premios institucionales del centro acad\u00e9mico a la investigaci\u00f3n y buenas pr\u00e1cticas en docencia y administraci\u00f3n y servicios y, adem\u00e1s, se homenajear\u00e1 al personal recientemente jubilado.<\/p>\n<p><strong>VIII Premio Alonso Nava y Grim\u00f3n<\/strong><\/p>\n<p>Este galard\u00f3n es de car\u00e1cter honor\u00edfico y no conlleva remuneraci\u00f3n econ\u00f3mica. Se concede a candidaturas presentadas por integrantes de la comunidad universitaria apoyadas por, al menos, diez personas, entre las que no puede estar la propia persona candidata. Por ello, la profesora Marzol ha manifestado su sorpresa al enterarse de este premio, pues ella desconoc\u00eda que era candidata. \u201cTras 38 a\u00f1os de carrera, es un honor y un orgullo que mis compa\u00f1eros me hayan premiado, y m\u00e1s en una instituci\u00f3n en la que hay 1.600 profesores\u201d.<\/p>\n<p>El jurado, presidido por la presidenta de Alumni ULL Carmen Pitti Garc\u00eda, acord\u00f3 por unanimidad concederle este galard\u00f3n \u201cpor su quehacer acad\u00e9mico y por llevar a la pr\u00e1ctica, de manera solidaria, sus conocimientos profesionales, ayudando a comunidades con problemas de acceso al agua\u201d, en referencia a los trabajos de Marzol en el campo del an\u00e1lisis de la recogida de agua de lluvia a trav\u00e9s de la niebla.<\/p>\n<p>La propia ONU ha reconocido su trabajo, ya que colabora desde el 2002 con la ONG marroqu\u00ed Dar Si Hmad en un proyecto para abastecer de agua potable a poblaciones rurales ubicadas en el \u00e1rea alrededor del monte Boutmezguida, en la regi\u00f3n de A\u00eft Ma\u00e2mrane, a trav\u00e9s de la recolecci\u00f3n de agua de niebla. Este proyecto es una de las trece iniciativas de todo el mundo que han sido premiadas con el galard\u00f3n Momentum for Change, convocado por la Convenci\u00f3n Marco de Naciones Unidas para el Cambio Clim\u00e1tico (UNFCCC en sus siglas inglesas).<\/p>\n<p><strong>XIV Premio a los Valores Humanos en el Alumnado Jos\u00e9 Luis Garc\u00eda P\u00e9rez<\/strong><\/p>\n<p>Este galard\u00f3n conlleva una dotaci\u00f3n econ\u00f3mica de 1.500 euros que deber\u00e1n dedicarse a financiar actividades solidarias o a apoyar a alguna ONG. Dado que ese a\u00f1o se ha concedido a dos proyectos, la cuant\u00eda se dividir\u00e1 en partes iguales.<\/p>\n<p>Jes\u00fas Socas es estudiante del Grado en Contabilidad y Finanzas y promotor del proyecto Invisibles ULL. Comenta que es un orgullo recibir este premio, que supone \u201cun chute de energ\u00eda para seguir adelante\u201d con una iniciativa que ya tiene tres a\u00f1os, dos de ellos en el seno de la ULL. Dentro de la instituci\u00f3n colaboran en ella como voluntarios una treintena de estudiantes de diferentes titulaciones. El dinero del premio les va a resultar muy \u00fatil para poner en marcha nuevas campa\u00f1as y realizar carteler\u00eda para promocionar su actividad.<\/p>\n<p>La actividad de Invisibles ULL est\u00e1 en estos momentos parada por los ex\u00e1menes, pero se retomar\u00e1 en septiembre con nuevas actividades. A lo largo de este curso han desarrollado varias campa\u00f1as, como el intercambio solidario en las bibliotecas universitarias, mediante el cual los usuarios cambian un libro por art\u00edculos de higiene personal y alimentos no perecederos, que se donan a ONG; la recogida de art\u00edculos de higiene femenina para el colectivo al que dirigen su atenci\u00f3n; o, simplemente, la labor de acompa\u00f1amiento y ayuda que los voluntarios prestan de manera directa a las personas sin hogar que encuentran en la calle, entre otras. Para contactar con este proyecto, pueden visitar sus perfiles en Facebook (<a href=\"https:\/\/www.facebook.com\/InvisiblesULL\/\" target=\"_blank\" rel=\"noopener\">https:\/\/www.facebook.com\/InvisiblesULL\/<\/a>) y Twitter (@invisiblestnf).<\/p>\n<p>Por su parte, la Delegaci\u00f3n de Estudiantes de Medicina lleva m\u00e1s de diez a\u00f1os promoviendo actividades que generen inter\u00e9s cultural y que faciliten el voluntariado. En los \u00faltimos tiempos se han focalizado la atenci\u00f3n en romper las limitaciones contextuales y estructurales asociadas a los distintos grados y estamentos de la Universidad (PAS, PDI y estudiantes), elaborando proyectos inclusivos y plurales que intentan atender y responder a las distintas necesidades sociales y formativas.<\/p>\n<p>En la pr\u00e1ctica, este objetivo se traduce en iniciativas de los m\u00e1s diverso: voluntariado en la asociaci\u00f3n FRATER para personas con diferentes capacidades f\u00edsicas y psicol\u00f3gicas; el certamen de fotograf\u00eda Fotolog\u00eda abierto a toda la comunidad; la Gymkana solidaria universitaria \u201cEn busca del t\u00edtulo perdido\u201d para apoyar a iniciativas como la Asociaci\u00f3n para la Inclusi\u00f3n Social y Laboral de personas con Diferentes Capacidades (ASINLADI); o las Jornadas Anti-estr\u00e9s, con diferentes actividades que permiten afrontar mejor el periodo de ex\u00e1menes.<\/p>\n<p><strong>\u00a0<\/strong><\/p>\n<p><strong>\u00a0<\/strong><\/p>\n","protected":false},"excerpt":{"rendered":"<p>La Asociaci\u00f3n Alumni ULL convoca cada a\u00f1o varios premios que destacan diferentes facetas de la comunidad universitaria. Uno de ellos&#8230;<\/p>\n","protected":false},"author":23,"featured_media":31717,"comment_status":"closed","ping_status":"closed","sticky":false,"template":"","format":"standard","meta":{"inline_featured_image":false,"footnotes":""},"categories":[345,348,2765],"tags":[464,3090,3091],"acf":[],"yoast_head":"<!-- This site is optimized with the Yoast SEO plugin v21.3 - https:\/\/yoast.com\/wordpress\/plugins\/seo\/ -->\n<title>Alumni concede a Victoria Marzol el Premio Alonso de Nava y Grim\u00f3n por trabajar en favor de comunidades con falta de acceso al agua - ULL - Noticias<\/title>\n<meta name=\"robots\" content=\"index, follow, max-snippet:-1, max-image-preview:large, max-video-preview:-1\" \/>\n<link rel=\"canonical\" href=\"https:\/\/www.ull.es\/portal\/noticias\/2017\/alumni-concede-victoria-marzol-premio-alonso-nava-grimon-trabajar-favor-comunidades-falta-acceso-al-agua\/\" \/>\n<meta property=\"og:locale\" content=\"es_ES\" \/>\n<meta property=\"og:type\" content=\"article\" \/>\n<meta property=\"og:title\" content=\"Alumni concede a Victoria Marzol el Premio Alonso de Nava y Grim\u00f3n por trabajar en favor de comunidades con falta de acceso al agua - ULL - Noticias\" \/>\n<meta property=\"og:description\" content=\"La Asociaci\u00f3n Alumni ULL convoca cada a\u00f1o varios premios que destacan diferentes facetas de la comunidad universitaria. Uno de ellos...\" \/>\n<meta property=\"og:url\" content=\"https:\/\/www.ull.es\/portal\/noticias\/2017\/alumni-concede-victoria-marzol-premio-alonso-nava-grimon-trabajar-favor-comunidades-falta-acceso-al-agua\/\" \/>\n<meta property=\"og:site_name\" content=\"ULL - Noticias\" \/>\n<meta property=\"article:publisher\" content=\"https:\/\/www.facebook.com\/universidaddelalaguna\/\" \/>\n<meta property=\"article:published_time\" content=\"2017-06-02T11:43:42+00:00\" \/>\n<meta property=\"og:image\" content=\"https:\/\/www.ull.es\/portal\/noticias\/wp-content\/uploads\/sites\/13\/2017\/06\/victoria-marzol.jpg\" \/>\n\t<meta property=\"og:image:width\" content=\"1034\" \/>\n\t<meta property=\"og:image:height\" content=\"708\" \/>\n\t<meta property=\"og:image:type\" content=\"image\/jpeg\" \/>\n<meta name=\"author\" content=\"gaprsa\" \/>\n<meta name=\"twitter:card\" content=\"summary_large_image\" \/>\n<meta name=\"twitter:creator\" content=\"@CanalULL\" \/>\n<meta name=\"twitter:site\" content=\"@CanalULL\" \/>\n<meta name=\"twitter:label1\" content=\"Escrito por\" \/>\n\t<meta name=\"twitter:data1\" content=\"gaprsa\" \/>\n\t<meta name=\"twitter:label2\" content=\"Tiempo de lectura\" \/>\n\t<meta name=\"twitter:data2\" content=\"5 minutos\" \/>\n<script type=\"application\/ld+json\" class=\"yoast-schema-graph\">{\"@context\":\"https:\/\/schema.org\",\"@graph\":[{\"@type\":\"WebPage\",\"@id\":\"https:\/\/www.ull.es\/portal\/noticias\/2017\/alumni-concede-victoria-marzol-premio-alonso-nava-grimon-trabajar-favor-comunidades-falta-acceso-al-agua\/\",\"url\":\"https:\/\/www.ull.es\/portal\/noticias\/2017\/alumni-concede-victoria-marzol-premio-alonso-nava-grimon-trabajar-favor-comunidades-falta-acceso-al-agua\/\",\"name\":\"Alumni concede a Victoria Marzol el Premio Alonso de Nava y Grim\u00f3n por trabajar en favor de comunidades con falta de acceso al agua - ULL - Noticias\",\"isPartOf\":{\"@id\":\"https:\/\/www.ull.es\/portal\/noticias\/#website\"},\"datePublished\":\"2017-06-02T11:43:42+00:00\",\"dateModified\":\"2017-06-02T11:43:42+00:00\",\"author\":{\"@id\":\"https:\/\/www.ull.es\/portal\/noticias\/#\/schema\/person\/b2b1a89d43ffa609e591f7df8ef3e817\"},\"breadcrumb\":{\"@id\":\"https:\/\/www.ull.es\/portal\/noticias\/2017\/alumni-concede-victoria-marzol-premio-alonso-nava-grimon-trabajar-favor-comunidades-falta-acceso-al-agua\/#breadcrumb\"},\"inLanguage\":\"es\",\"potentialAction\":[{\"@type\":\"ReadAction\",\"target\":[\"https:\/\/www.ull.es\/portal\/noticias\/2017\/alumni-concede-victoria-marzol-premio-alonso-nava-grimon-trabajar-favor-comunidades-falta-acceso-al-agua\/\"]}]},{\"@type\":\"BreadcrumbList\",\"@id\":\"https:\/\/www.ull.es\/portal\/noticias\/2017\/alumni-concede-victoria-marzol-premio-alonso-nava-grimon-trabajar-favor-comunidades-falta-acceso-al-agua\/#breadcrumb\",\"itemListElement\":[{\"@type\":\"ListItem\",\"position\":1,\"name\":\"Portada\",\"item\":\"https:\/\/www.ull.es\/portal\/noticias\/\"},{\"@type\":\"ListItem\",\"position\":2,\"name\":\"Alumni concede a Victoria Marzol el Premio Alonso de Nava y Grim\u00f3n por trabajar en favor de comunidades con falta de acceso al agua\"}]},{\"@type\":\"WebSite\",\"@id\":\"https:\/\/www.ull.es\/portal\/noticias\/#website\",\"url\":\"https:\/\/www.ull.es\/portal\/noticias\/\",\"name\":\"ULL - Noticias\",\"description\":\"\",\"potentialAction\":[{\"@type\":\"SearchAction\",\"target\":{\"@type\":\"EntryPoint\",\"urlTemplate\":\"https:\/\/www.ull.es\/portal\/noticias\/?s={search_term_string}\"},\"query-input\":\"required name=search_term_string\"}],\"inLanguage\":\"es\"},{\"@type\":\"Person\",\"@id\":\"https:\/\/www.ull.es\/portal\/noticias\/#\/schema\/person\/b2b1a89d43ffa609e591f7df8ef3e817\",\"name\":\"gaprsa\",\"image\":{\"@type\":\"ImageObject\",\"inLanguage\":\"es\",\"@id\":\"https:\/\/www.ull.es\/portal\/noticias\/#\/schema\/person\/image\/\",\"url\":\"https:\/\/secure.gravatar.com\/avatar\/443820550921091458b4823867723b3d?s=96&d=mm&r=g\",\"contentUrl\":\"https:\/\/secure.gravatar.com\/avatar\/443820550921091458b4823867723b3d?s=96&d=mm&r=g\",\"caption\":\"gaprsa\"},\"url\":\"https:\/\/www.ull.es\/portal\/noticias\/author\/gaprsa\/\"}]}<\/script>\n<!-- \/ Yoast SEO plugin. -->","yoast_head_json":{"title":"Alumni concede a Victoria Marzol el Premio Alonso de Nava y Grim\u00f3n por trabajar en favor de comunidades con falta de acceso al agua - ULL - Noticias","robots":{"index":"index","follow":"follow","max-snippet":"max-snippet:-1","max-image-preview":"max-image-preview:large","max-video-preview":"max-video-preview:-1"},"canonical":"https:\/\/www.ull.es\/portal\/noticias\/2017\/alumni-concede-victoria-marzol-premio-alonso-nava-grimon-trabajar-favor-comunidades-falta-acceso-al-agua\/","og_locale":"es_ES","og_type":"article","og_title":"Alumni concede a Victoria Marzol el Premio Alonso de Nava y Grim\u00f3n por trabajar en favor de comunidades con falta de acceso al agua - ULL - Noticias","og_description":"La Asociaci\u00f3n Alumni ULL convoca cada a\u00f1o varios premios que destacan diferentes facetas de la comunidad universitaria. Uno de ellos...","og_url":"https:\/\/www.ull.es\/portal\/noticias\/2017\/alumni-concede-victoria-marzol-premio-alonso-nava-grimon-trabajar-favor-comunidades-falta-acceso-al-agua\/","og_site_name":"ULL - Noticias","article_publisher":"https:\/\/www.facebook.com\/universidaddelalaguna\/","article_published_time":"2017-06-02T11:43:42+00:00","og_image":[{"width":1034,"height":708,"url":"https:\/\/www.ull.es\/portal\/noticias\/wp-content\/uploads\/sites\/13\/2017\/06\/victoria-marzol.jpg","type":"image\/jpeg"}],"author":"gaprsa","twitter_card":"summary_large_image","twitter_creator":"@CanalULL","twitter_site":"@CanalULL","twitter_misc":{"Escrito por":"gaprsa","Tiempo de lectura":"5 minutos"},"schema":{"@context":"https:\/\/schema.org","@graph":[{"@type":"WebPage","@id":"https:\/\/www.ull.es\/portal\/noticias\/2017\/alumni-concede-victoria-marzol-premio-alonso-nava-grimon-trabajar-favor-comunidades-falta-acceso-al-agua\/","url":"https:\/\/www.ull.es\/portal\/noticias\/2017\/alumni-concede-victoria-marzol-premio-alonso-nava-grimon-trabajar-favor-comunidades-falta-acceso-al-agua\/","name":"Alumni concede a Victoria Marzol el Premio Alonso de Nava y Grim\u00f3n por trabajar en favor de comunidades con falta de acceso al agua - ULL - Noticias","isPartOf":{"@id":"https:\/\/www.ull.es\/portal\/noticias\/#website"},"datePublished":"2017-06-02T11:43:42+00:00","dateModified":"2017-06-02T11:43:42+00:00","author":{"@id":"https:\/\/www.ull.es\/portal\/noticias\/#\/schema\/person\/b2b1a89d43ffa609e591f7df8ef3e817"},"breadcrumb":{"@id":"https:\/\/www.ull.es\/portal\/noticias\/2017\/alumni-concede-victoria-marzol-premio-alonso-nava-grimon-trabajar-favor-comunidades-falta-acceso-al-agua\/#breadcrumb"},"inLanguage":"es","potentialAction":[{"@type":"ReadAction","target":["https:\/\/www.ull.es\/portal\/noticias\/2017\/alumni-concede-victoria-marzol-premio-alonso-nava-grimon-trabajar-favor-comunidades-falta-acceso-al-agua\/"]}]},{"@type":"BreadcrumbList","@id":"https:\/\/www.ull.es\/portal\/noticias\/2017\/alumni-concede-victoria-marzol-premio-alonso-nava-grimon-trabajar-favor-comunidades-falta-acceso-al-agua\/#breadcrumb","itemListElement":[{"@type":"ListItem","position":1,"name":"Portada","item":"https:\/\/www.ull.es\/portal\/noticias\/"},{"@type":"ListItem","position":2,"name":"Alumni concede a Victoria Marzol el Premio Alonso de Nava y Grim\u00f3n por trabajar en favor de comunidades con falta de acceso al agua"}]},{"@type":"WebSite","@id":"https:\/\/www.ull.es\/portal\/noticias\/#website","url":"https:\/\/www.ull.es\/portal\/noticias\/","name":"ULL - Noticias","description":"","potentialAction":[{"@type":"SearchAction","target":{"@type":"EntryPoint","urlTemplate":"https:\/\/www.ull.es\/portal\/noticias\/?s={search_term_string}"},"query-input":"required name=search_term_string"}],"inLanguage":"es"},{"@type":"Person","@id":"https:\/\/www.ull.es\/portal\/noticias\/#\/schema\/person\/b2b1a89d43ffa609e591f7df8ef3e817","name":"gaprsa","image":{"@type":"ImageObject","inLanguage":"es","@id":"https:\/\/www.ull.es\/portal\/noticias\/#\/schema\/person\/image\/","url":"https:\/\/secure.gravatar.com\/avatar\/443820550921091458b4823867723b3d?s=96&d=mm&r=g","contentUrl":"https:\/\/secure.gravatar.com\/avatar\/443820550921091458b4823867723b3d?s=96&d=mm&r=g","caption":"gaprsa"},"url":"https:\/\/www.ull.es\/portal\/noticias\/author\/gaprsa\/"}]}},"primary_category":{"id":345,"name":"Destacado","slug":"destacado","link":"https:\/\/www.ull.es\/portal\/noticias\/category\/destacado\/"},"featured_image_thumbnail_url":"https:\/\/www.ull.es\/portal\/noticias\/wp-content\/uploads\/sites\/13\/2017\/06\/victoria-marzol-300x205.jpg","_links":{"self":[{"href":"https:\/\/www.ull.es\/portal\/noticias\/wp-json\/wp\/v2\/posts\/31715"}],"collection":[{"href":"https:\/\/www.ull.es\/portal\/noticias\/wp-json\/wp\/v2\/posts"}],"about":[{"href":"https:\/\/www.ull.es\/portal\/noticias\/wp-json\/wp\/v2\/types\/post"}],"author":[{"embeddable":true,"href":"https:\/\/www.ull.es\/portal\/noticias\/wp-json\/wp\/v2\/users\/23"}],"replies":[{"embeddable":true,"href":"https:\/\/www.ull.es\/portal\/noticias\/wp-json\/wp\/v2\/comments?post=31715"}],"version-history":[{"count":1,"href":"https:\/\/www.ull.es\/portal\/noticias\/wp-json\/wp\/v2\/posts\/31715\/revisions"}],"predecessor-version":[{"id":31716,"href":"https:\/\/www.ull.es\/portal\/noticias\/wp-json\/wp\/v2\/posts\/31715\/revisions\/31716"}],"wp:featuredmedia":[{"embeddable":true,"href":"https:\/\/www.ull.es\/portal\/noticias\/wp-json\/wp\/v2\/media\/31717"}],"wp:attachment":[{"href":"https:\/\/www.ull.es\/portal\/noticias\/wp-json\/wp\/v2\/media?parent=31715"}],"wp:term":[{"taxonomy":"category","embeddable":true,"href":"https:\/\/www.ull.es\/portal\/noticias\/wp-json\/wp\/v2\/categories?post=31715"},{"taxonomy":"post_tag","embeddable":true,"href":"https:\/\/www.ull.es\/portal\/noticias\/wp-json\/wp\/v2\/tags?post=31715"}],"curies":[{"name":"wp","href":"https:\/\/api.w.org\/{rel}","templated":true}]}}