{"id":31774,"date":"2017-06-06T10:07:18","date_gmt":"2017-06-06T10:07:18","guid":{"rendered":"https:\/\/www.ull.es\/portal\/noticias\/?p=31774"},"modified":"2017-06-06T10:07:18","modified_gmt":"2017-06-06T10:07:18","slug":"comienzan-las-proyecciones-cortos-la-midec-2017-la-universidad-la-laguna","status":"publish","type":"post","link":"https:\/\/www.ull.es\/portal\/noticias\/2017\/comienzan-las-proyecciones-cortos-la-midec-2017-la-universidad-la-laguna\/","title":{"rendered":"Comienzan las proyecciones de cortos de la MIDEC 2017 de la Universidad de La Laguna"},"content":{"rendered":"<p>La edici\u00f3n n\u00famero 14 de la Muestra Internacional de Cortometrajes de la Universidad de La Laguna, MIDEC, celebra ma\u00f1ana, 7 de junio, su segunda jornada, primera dedicada a la proyecci\u00f3n de los trabajos finalistas del Premio de Cortometrajes de la ULL, tras una jornada inaugural especial dedicada al cineasta Juan Cavestany. Los asistentes podr\u00e1n participar con su voto en la elecci\u00f3n del Premio del P\u00fablico que se proclamar\u00e1 al final de la \u00faltima jornada, el viernes 9. La sesi\u00f3n dar\u00e1 comienzo a las 20.30 y tiene entrada libre hasta completar aforo. La MIDEC est\u00e1 organizada por el Vicerrectorado de Relaciones Universidad y Sociedad de la Universidad de La Laguna y producida por Digital 104.<\/p>\n<p>La jornada se abre con &#8216;LA 1991&#8217;, cortometraje de Zacar\u00edas &amp; MacGregor sobre la violencia y el odio racial en EEUU. De su treintena de premios internacionales destacan los de mejor corto de ficci\u00f3n en el Falcon International Film Festival (Reino Unido); mejor corto de acci\u00f3n en el San Francisco Black Film Festival (EEUU); el Premio del P\u00fablico en el Festival Ib\u00e9rico de Cinema de Badajoz; o el de mejor fotograf\u00eda en el Festival de Cortos Villa de La Orotava (Tenerife).<\/p>\n<p>La sesi\u00f3n contin\u00faa con &#8216;Se\u00f1or o se\u00f1orito&#8217;, codirigido por Cristina Piernas y Victoria Ruiz, en el que se da la vuelta a los estereotipos sociales a partir de una situaci\u00f3n tan cotidiana como una entrevista de trabajo.<\/p>\n<p>&#8216;Am\u00e9n&#8217; ser\u00e1 el tercer cortometraje de la noche. Dirigido por Antonio Naharro, (&#8216;Yo, tambi\u00e9n&#8217;), cuenta con un reparto de lujo en el que sobresalen Ana Gracia, Manuel Mor\u00f3n, Mar\u00eda Morales o Emilio Buale. La historia nos acerca al velatorio en la casa familiar de una anciana, mostrando la verdad que se esconde detr\u00e1s de las relaciones de sus tres hijos. En su exitosa distribuci\u00f3n por festivales ha conseguido galardones como el Premio del P\u00fablico en Abycine o el <em>Primer Premio en la Semana del Cortometraje de la Comunidad de Madrid.<\/em><\/p>\n<p>A continuaci\u00f3n, podremos ver &#8216;Nadie&#8217;<em>, <\/em>escrito y dirigido por el grancanario Daniel Le\u00f3n Lacave, merecedor de la menci\u00f3n del jurado del Premio de la ULL como mejor cortometraje canario. Uno de sus actores protagonistas, Lamberto Guerra, estar\u00e1 en la sala para presentarlo.<\/p>\n<p><em>&#8216;<\/em>The Darkness Keeper&#8217;, de Rodrigo Ati\u00e9nzar, ser\u00e1 el siguiente cortometraje en proyectarse. Protagonizado por la jovenc\u00edsima actriz Noa S\u00e1nchez, cuya interpretaci\u00f3n le ha valido premios en varios festivales internacionales, se acerca a la historia de May, una ni\u00f1a con miedo a la oscuridad y su plan para atraparla.<\/p>\n<p>Prosigue la proyecci\u00f3n con &#8216;Cenizo&#8217;, de Jon Mikel Caballero, un original cortometraje merecedor del Premio al Lenguaje Cinematogr\u00e1fico m\u00e1s Innovador que concede el jurado de la ULL. &#8216;Cenizo&#8217; cuenta la historia de Ash, un padre que se enfrenta al reto de cumplir la promesa que le hizo a su mujer: proteger a su hija Emma y a la casa familiar. En el palmar\u00e9s del cortometraje, destaca su victoria en Fantasporto, el Festival de Cine Fant\u00e1stico de Oporto, uno de los m\u00e1s importantes del g\u00e9nero.<\/p>\n<p>La sesi\u00f3n se cierra con \u2018No me quites\u2019, escrito y dirigido por Laura Jou, un intenso duelo interpretativo entre Laia Costa y Hammudi Al-Rahmoun Font. Laura quiere volver con Luis, su ex y est\u00e1 dispuesta a todo para convencerlo. La pel\u00edcula cuenta con un extenso palmar\u00e9s que incluye los premios a mejor cortometraje de ficci\u00f3n, actor y actriz en el Festival de Cine de M\u00e1laga.<\/p>\n","protected":false},"excerpt":{"rendered":"<p>La edici\u00f3n n\u00famero 14 de la Muestra Internacional de Cortometrajes de la Universidad de La Laguna, MIDEC, celebra ma\u00f1ana, 7&#8230;<\/p>\n","protected":false},"author":23,"featured_media":31776,"comment_status":"closed","ping_status":"closed","sticky":false,"template":"","format":"standard","meta":{"inline_featured_image":false,"footnotes":""},"categories":[344,345,2765],"tags":[3104,1896],"acf":[],"yoast_head":"<!-- This site is optimized with the Yoast SEO plugin v21.3 - https:\/\/yoast.com\/wordpress\/plugins\/seo\/ -->\n<title>Comienzan las proyecciones de cortos de la MIDEC 2017 de la Universidad de La Laguna - ULL - Noticias<\/title>\n<meta name=\"robots\" content=\"index, follow, max-snippet:-1, max-image-preview:large, max-video-preview:-1\" \/>\n<link rel=\"canonical\" href=\"https:\/\/www.ull.es\/portal\/noticias\/2017\/comienzan-las-proyecciones-cortos-la-midec-2017-la-universidad-la-laguna\/\" \/>\n<meta property=\"og:locale\" content=\"es_ES\" \/>\n<meta property=\"og:type\" content=\"article\" \/>\n<meta property=\"og:title\" content=\"Comienzan las proyecciones de cortos de la MIDEC 2017 de la Universidad de La Laguna - ULL - Noticias\" \/>\n<meta property=\"og:description\" content=\"La edici\u00f3n n\u00famero 14 de la Muestra Internacional de Cortometrajes de la Universidad de La Laguna, MIDEC, celebra ma\u00f1ana, 7...\" \/>\n<meta property=\"og:url\" content=\"https:\/\/www.ull.es\/portal\/noticias\/2017\/comienzan-las-proyecciones-cortos-la-midec-2017-la-universidad-la-laguna\/\" \/>\n<meta property=\"og:site_name\" content=\"ULL - Noticias\" \/>\n<meta property=\"article:publisher\" content=\"https:\/\/www.facebook.com\/universidaddelalaguna\/\" \/>\n<meta property=\"article:published_time\" content=\"2017-06-06T10:07:18+00:00\" \/>\n<meta property=\"og:image\" content=\"https:\/\/www.ull.es\/portal\/noticias\/wp-content\/uploads\/sites\/13\/2017\/06\/Dia2_cenizo.jpg\" \/>\n\t<meta property=\"og:image:width\" content=\"1600\" \/>\n\t<meta property=\"og:image:height\" content=\"676\" \/>\n\t<meta property=\"og:image:type\" content=\"image\/jpeg\" \/>\n<meta name=\"author\" content=\"gaprsa\" \/>\n<meta name=\"twitter:card\" content=\"summary_large_image\" \/>\n<meta name=\"twitter:creator\" content=\"@CanalULL\" \/>\n<meta name=\"twitter:site\" content=\"@CanalULL\" \/>\n<meta name=\"twitter:label1\" content=\"Escrito por\" \/>\n\t<meta name=\"twitter:data1\" content=\"gaprsa\" \/>\n\t<meta name=\"twitter:label2\" content=\"Tiempo de lectura\" \/>\n\t<meta name=\"twitter:data2\" content=\"3 minutos\" \/>\n<script type=\"application\/ld+json\" class=\"yoast-schema-graph\">{\"@context\":\"https:\/\/schema.org\",\"@graph\":[{\"@type\":\"WebPage\",\"@id\":\"https:\/\/www.ull.es\/portal\/noticias\/2017\/comienzan-las-proyecciones-cortos-la-midec-2017-la-universidad-la-laguna\/\",\"url\":\"https:\/\/www.ull.es\/portal\/noticias\/2017\/comienzan-las-proyecciones-cortos-la-midec-2017-la-universidad-la-laguna\/\",\"name\":\"Comienzan las proyecciones de cortos de la MIDEC 2017 de la Universidad de La Laguna - ULL - Noticias\",\"isPartOf\":{\"@id\":\"https:\/\/www.ull.es\/portal\/noticias\/#website\"},\"datePublished\":\"2017-06-06T10:07:18+00:00\",\"dateModified\":\"2017-06-06T10:07:18+00:00\",\"author\":{\"@id\":\"https:\/\/www.ull.es\/portal\/noticias\/#\/schema\/person\/b2b1a89d43ffa609e591f7df8ef3e817\"},\"breadcrumb\":{\"@id\":\"https:\/\/www.ull.es\/portal\/noticias\/2017\/comienzan-las-proyecciones-cortos-la-midec-2017-la-universidad-la-laguna\/#breadcrumb\"},\"inLanguage\":\"es\",\"potentialAction\":[{\"@type\":\"ReadAction\",\"target\":[\"https:\/\/www.ull.es\/portal\/noticias\/2017\/comienzan-las-proyecciones-cortos-la-midec-2017-la-universidad-la-laguna\/\"]}]},{\"@type\":\"BreadcrumbList\",\"@id\":\"https:\/\/www.ull.es\/portal\/noticias\/2017\/comienzan-las-proyecciones-cortos-la-midec-2017-la-universidad-la-laguna\/#breadcrumb\",\"itemListElement\":[{\"@type\":\"ListItem\",\"position\":1,\"name\":\"Portada\",\"item\":\"https:\/\/www.ull.es\/portal\/noticias\/\"},{\"@type\":\"ListItem\",\"position\":2,\"name\":\"Comienzan las proyecciones de cortos de la MIDEC 2017 de la Universidad de La Laguna\"}]},{\"@type\":\"WebSite\",\"@id\":\"https:\/\/www.ull.es\/portal\/noticias\/#website\",\"url\":\"https:\/\/www.ull.es\/portal\/noticias\/\",\"name\":\"ULL - Noticias\",\"description\":\"\",\"potentialAction\":[{\"@type\":\"SearchAction\",\"target\":{\"@type\":\"EntryPoint\",\"urlTemplate\":\"https:\/\/www.ull.es\/portal\/noticias\/?s={search_term_string}\"},\"query-input\":\"required name=search_term_string\"}],\"inLanguage\":\"es\"},{\"@type\":\"Person\",\"@id\":\"https:\/\/www.ull.es\/portal\/noticias\/#\/schema\/person\/b2b1a89d43ffa609e591f7df8ef3e817\",\"name\":\"gaprsa\",\"image\":{\"@type\":\"ImageObject\",\"inLanguage\":\"es\",\"@id\":\"https:\/\/www.ull.es\/portal\/noticias\/#\/schema\/person\/image\/\",\"url\":\"https:\/\/secure.gravatar.com\/avatar\/443820550921091458b4823867723b3d?s=96&d=mm&r=g\",\"contentUrl\":\"https:\/\/secure.gravatar.com\/avatar\/443820550921091458b4823867723b3d?s=96&d=mm&r=g\",\"caption\":\"gaprsa\"},\"url\":\"https:\/\/www.ull.es\/portal\/noticias\/author\/gaprsa\/\"}]}<\/script>\n<!-- \/ Yoast SEO plugin. -->","yoast_head_json":{"title":"Comienzan las proyecciones de cortos de la MIDEC 2017 de la Universidad de La Laguna - ULL - Noticias","robots":{"index":"index","follow":"follow","max-snippet":"max-snippet:-1","max-image-preview":"max-image-preview:large","max-video-preview":"max-video-preview:-1"},"canonical":"https:\/\/www.ull.es\/portal\/noticias\/2017\/comienzan-las-proyecciones-cortos-la-midec-2017-la-universidad-la-laguna\/","og_locale":"es_ES","og_type":"article","og_title":"Comienzan las proyecciones de cortos de la MIDEC 2017 de la Universidad de La Laguna - ULL - Noticias","og_description":"La edici\u00f3n n\u00famero 14 de la Muestra Internacional de Cortometrajes de la Universidad de La Laguna, MIDEC, celebra ma\u00f1ana, 7...","og_url":"https:\/\/www.ull.es\/portal\/noticias\/2017\/comienzan-las-proyecciones-cortos-la-midec-2017-la-universidad-la-laguna\/","og_site_name":"ULL - Noticias","article_publisher":"https:\/\/www.facebook.com\/universidaddelalaguna\/","article_published_time":"2017-06-06T10:07:18+00:00","og_image":[{"width":1600,"height":676,"url":"https:\/\/www.ull.es\/portal\/noticias\/wp-content\/uploads\/sites\/13\/2017\/06\/Dia2_cenizo.jpg","type":"image\/jpeg"}],"author":"gaprsa","twitter_card":"summary_large_image","twitter_creator":"@CanalULL","twitter_site":"@CanalULL","twitter_misc":{"Escrito por":"gaprsa","Tiempo de lectura":"3 minutos"},"schema":{"@context":"https:\/\/schema.org","@graph":[{"@type":"WebPage","@id":"https:\/\/www.ull.es\/portal\/noticias\/2017\/comienzan-las-proyecciones-cortos-la-midec-2017-la-universidad-la-laguna\/","url":"https:\/\/www.ull.es\/portal\/noticias\/2017\/comienzan-las-proyecciones-cortos-la-midec-2017-la-universidad-la-laguna\/","name":"Comienzan las proyecciones de cortos de la MIDEC 2017 de la Universidad de La Laguna - ULL - Noticias","isPartOf":{"@id":"https:\/\/www.ull.es\/portal\/noticias\/#website"},"datePublished":"2017-06-06T10:07:18+00:00","dateModified":"2017-06-06T10:07:18+00:00","author":{"@id":"https:\/\/www.ull.es\/portal\/noticias\/#\/schema\/person\/b2b1a89d43ffa609e591f7df8ef3e817"},"breadcrumb":{"@id":"https:\/\/www.ull.es\/portal\/noticias\/2017\/comienzan-las-proyecciones-cortos-la-midec-2017-la-universidad-la-laguna\/#breadcrumb"},"inLanguage":"es","potentialAction":[{"@type":"ReadAction","target":["https:\/\/www.ull.es\/portal\/noticias\/2017\/comienzan-las-proyecciones-cortos-la-midec-2017-la-universidad-la-laguna\/"]}]},{"@type":"BreadcrumbList","@id":"https:\/\/www.ull.es\/portal\/noticias\/2017\/comienzan-las-proyecciones-cortos-la-midec-2017-la-universidad-la-laguna\/#breadcrumb","itemListElement":[{"@type":"ListItem","position":1,"name":"Portada","item":"https:\/\/www.ull.es\/portal\/noticias\/"},{"@type":"ListItem","position":2,"name":"Comienzan las proyecciones de cortos de la MIDEC 2017 de la Universidad de La Laguna"}]},{"@type":"WebSite","@id":"https:\/\/www.ull.es\/portal\/noticias\/#website","url":"https:\/\/www.ull.es\/portal\/noticias\/","name":"ULL - Noticias","description":"","potentialAction":[{"@type":"SearchAction","target":{"@type":"EntryPoint","urlTemplate":"https:\/\/www.ull.es\/portal\/noticias\/?s={search_term_string}"},"query-input":"required name=search_term_string"}],"inLanguage":"es"},{"@type":"Person","@id":"https:\/\/www.ull.es\/portal\/noticias\/#\/schema\/person\/b2b1a89d43ffa609e591f7df8ef3e817","name":"gaprsa","image":{"@type":"ImageObject","inLanguage":"es","@id":"https:\/\/www.ull.es\/portal\/noticias\/#\/schema\/person\/image\/","url":"https:\/\/secure.gravatar.com\/avatar\/443820550921091458b4823867723b3d?s=96&d=mm&r=g","contentUrl":"https:\/\/secure.gravatar.com\/avatar\/443820550921091458b4823867723b3d?s=96&d=mm&r=g","caption":"gaprsa"},"url":"https:\/\/www.ull.es\/portal\/noticias\/author\/gaprsa\/"}]}},"primary_category":{"id":344,"name":"Cultura","slug":"cultura","link":"https:\/\/www.ull.es\/portal\/noticias\/category\/cultura\/"},"featured_image_thumbnail_url":"https:\/\/www.ull.es\/portal\/noticias\/wp-content\/uploads\/sites\/13\/2017\/06\/Dia2_cenizo-300x127.jpg","_links":{"self":[{"href":"https:\/\/www.ull.es\/portal\/noticias\/wp-json\/wp\/v2\/posts\/31774"}],"collection":[{"href":"https:\/\/www.ull.es\/portal\/noticias\/wp-json\/wp\/v2\/posts"}],"about":[{"href":"https:\/\/www.ull.es\/portal\/noticias\/wp-json\/wp\/v2\/types\/post"}],"author":[{"embeddable":true,"href":"https:\/\/www.ull.es\/portal\/noticias\/wp-json\/wp\/v2\/users\/23"}],"replies":[{"embeddable":true,"href":"https:\/\/www.ull.es\/portal\/noticias\/wp-json\/wp\/v2\/comments?post=31774"}],"version-history":[{"count":1,"href":"https:\/\/www.ull.es\/portal\/noticias\/wp-json\/wp\/v2\/posts\/31774\/revisions"}],"predecessor-version":[{"id":31775,"href":"https:\/\/www.ull.es\/portal\/noticias\/wp-json\/wp\/v2\/posts\/31774\/revisions\/31775"}],"wp:featuredmedia":[{"embeddable":true,"href":"https:\/\/www.ull.es\/portal\/noticias\/wp-json\/wp\/v2\/media\/31776"}],"wp:attachment":[{"href":"https:\/\/www.ull.es\/portal\/noticias\/wp-json\/wp\/v2\/media?parent=31774"}],"wp:term":[{"taxonomy":"category","embeddable":true,"href":"https:\/\/www.ull.es\/portal\/noticias\/wp-json\/wp\/v2\/categories?post=31774"},{"taxonomy":"post_tag","embeddable":true,"href":"https:\/\/www.ull.es\/portal\/noticias\/wp-json\/wp\/v2\/tags?post=31774"}],"curies":[{"name":"wp","href":"https:\/\/api.w.org\/{rel}","templated":true}]}}