{"id":31777,"date":"2017-06-06T13:40:04","date_gmt":"2017-06-06T13:40:04","guid":{"rendered":"https:\/\/www.ull.es\/portal\/noticias\/?p=31777"},"modified":"2017-06-06T13:40:04","modified_gmt":"2017-06-06T13:40:04","slug":"comienza-ebau-ull","status":"publish","type":"post","link":"https:\/\/www.ull.es\/portal\/noticias\/2017\/comienza-ebau-ull\/","title":{"rendered":"Ma\u00f1ana comienza la primera jornada de ex\u00e1menes de la EBAU, nueva prueba de acceso a la universidad que sustituye a la PAU"},"content":{"rendered":"<p>Con la implantaci\u00f3n de la Ley Org\u00e1nica para la Mejora de la Calidad Educativa (LOMCE) la Prueba de Acceso a la Universidad (PAU) ha sido sustituida por un nuevo procedimiento denominado Evaluaci\u00f3n de Bachillerato para el Acceso a la Universidad (EBAU), cuya primera edici\u00f3n comenzar\u00e1 en Canarias ma\u00f1ana, mi\u00e9rcoles 7 de junio, y se prolongar\u00e1 hasta el viernes d\u00eda 9.<\/p>\n<p>En la provincia de Santa Cruz de Tenerife, los ex\u00e1menes se desarrollar\u00e1n a partir de las 9:00, en el Campus de Guajara en el caso de Tenerife, el IES Virgen de las Nieves en La Palma, el IES San Sebasti\u00e1n de La Gomera en La Gomera y el IES Garo\u00e9 en El Hierro. Al igual que suced\u00eda con la PAU, se realizar\u00e1n los mismos ex\u00e1menes con el mismo horario en toda la comunidad aut\u00f3noma, por lo cual se ha mantenido la coordinaci\u00f3n entre las dos universidades p\u00fablica canarias y la Consejer\u00eda de Educaci\u00f3n del ejecutivo regional que era habitual en el anterior procedimiento de acceso.<\/p>\n<p>Esta jornada inicial estar\u00e1 compuesta por asignaturas obligatorias para todo el alumnado, independientemente de cual haya sido su opci\u00f3n de Bachillerato. Dar\u00e1 comienzo a las 9:00 con una presentaci\u00f3n a la que seguir\u00e1, a las 9:30, el primer examen, correspondiente a la materia Lengua Castellana y Literatura II. A las 12:00 se realizar\u00e1 el segundo, de Lengua Extranjera a elegir entre ingl\u00e9s, franc\u00e9s, italiano o alem\u00e1n y, para finalizar, a las 16:00 se desarrollar\u00e1 el tercer examen, de Historia de Espa\u00f1a.<\/p>\n<p>La primera tanda de ex\u00e1menes del jueves 8 comenzar\u00e1 a las 9:30, pues abarca las materias obligatorias de modalidad, que cada estudiante deber\u00e1 realizar de manera ineludible seg\u00fan haya sido su opci\u00f3n de Bachillerato, y que abarca las materias Matem\u00e1ticas II para el alumnado de la opci\u00f3n de Ciencias, Matem\u00e1ticas Aplicadas a las Ciencias Sociales para el itinerario de Ciencias Sociales de la modalidad de Humanidades y Ciencias Sociales; Lat\u00edn II para quienes cursaron el itinerario de Humanidades de la modalidad de Humanidades y Ciencias Sociales, y Fundamentos del Arte II para el alumnado de la modalidad de Artes.<\/p>\n<p>A partir de aqu\u00ed, el resto de ex\u00e1menes disponibles corresponden a la fase de opci\u00f3n de la EBAU, y ser\u00e1 de car\u00e1cter voluntario. Cada estudiante podr\u00e1 presentarse como m\u00e1ximo a cuatro asignaturas, independientemente de si lleg\u00f3 a cursarlas no.<\/p>\n<p><strong>La nueva prueba<\/strong><\/p>\n<p>Por tanto, la mec\u00e1nica de la EBAU no dista mucho de la anterior PAU: la nota de acceso se obtendr\u00e1 ponderando la media obtenida en el Bachillerato, que equivale al 60 % de la nota, y la fase obligatoria de la EBAU, que supones el 40 % restante. La calificaci\u00f3n m\u00e1xima que se puede obtener es de 10. Mediante los ex\u00e1menes de la fase de opci\u00f3n, el estudiante podr\u00e1 incrementar su nota de admisi\u00f3n en 4 puntos m\u00e1s atendiendo al grado solicitado.<\/p>\n<p>El cambio m\u00e1s sustancial consiste en que en la fase general de la PAU, cada estudiante pod\u00eda elegir la cuarta asignatura de la que se examinaba, cursada o no. Con la EBAU est\u00e1n predefinidas, por lo que en esta fase todas las asignaturas son obligatorias. Por otro lado, en la fase de opci\u00f3n el cambio consiste en que disminuye el n\u00famero de asignaturas a elegir, que actualmente asciende a trece atendiendo al nuevo curr\u00edculo de Bachillerato LOMCE.<\/p>\n<p><strong>Inscripciones<\/strong><\/p>\n<p>Esta primera convocatoria de la EBAU ha registrado en la provincia occidental 4.478 estudiantes matriculados, de los cuales 4.478 se presentar\u00e1n a la fase general y 340 \u00fanicamente a la fase de opci\u00f3n. Por islas, en la fase general se presentan 3.677 en Tenerife, 368 en La Palma, 55 en La Gomera y 38 en El Hierro, 38. Por modalidad, 142 han optado por Artes; 2.244 por Ciencias; 1.130 por Humanidades y Ciencias Sociales, itinerario Ciencias Sociales; y 622 por Humanidades y Ciencias Sociales, itinerario Humanidades.<\/p>\n<p>En cuanto a las 340 personas que solo realizar\u00e1n la fase de opci\u00f3n, 310 lo har\u00e1n en Tenerife, 27 en La Palma, 2 en La Gomera y 1 en El Hierro. Por procedencia, 211 son estudiantes de Bachillerato y los 129 restantes, titulados superiores de FP.<\/p>\n","protected":false},"excerpt":{"rendered":"<p>Con la implantaci\u00f3n de la Ley Org\u00e1nica para la Mejora de la Calidad Educativa (LOMCE) la Prueba de Acceso a&#8230;<\/p>\n","protected":false},"author":21,"featured_media":31778,"comment_status":"closed","ping_status":"closed","sticky":false,"template":"","format":"standard","meta":{"inline_featured_image":false,"footnotes":""},"categories":[343,345,2753,2755,2754,2765],"tags":[370,3105],"acf":[],"yoast_head":"<!-- This site is optimized with the Yoast SEO plugin v21.3 - https:\/\/yoast.com\/wordpress\/plugins\/seo\/ -->\n<title>Ma\u00f1ana comienza la primera jornada de ex\u00e1menes de la EBAU, nueva prueba de acceso a la universidad que sustituye a la PAU - ULL - Noticias<\/title>\n<meta name=\"description\" content=\"La Evaluaci\u00f3n de Bachillerato para el Acceso a la Universidad (EBAU) sustituye a la PAU y se desarrollar\u00e1 entre el 7 y el 9 de junio de 2017.\" \/>\n<meta name=\"robots\" content=\"index, follow, max-snippet:-1, max-image-preview:large, max-video-preview:-1\" \/>\n<link rel=\"canonical\" href=\"https:\/\/www.ull.es\/portal\/noticias\/2017\/comienza-ebau-ull\/\" \/>\n<meta property=\"og:locale\" content=\"es_ES\" \/>\n<meta property=\"og:type\" content=\"article\" \/>\n<meta property=\"og:title\" content=\"Ma\u00f1ana comienza la primera jornada de ex\u00e1menes de la EBAU, nueva prueba de acceso a la universidad que sustituye a la PAU - ULL - Noticias\" \/>\n<meta property=\"og:description\" content=\"La Evaluaci\u00f3n de Bachillerato para el Acceso a la Universidad (EBAU) sustituye a la PAU y se desarrollar\u00e1 entre el 7 y el 9 de junio de 2017.\" \/>\n<meta property=\"og:url\" content=\"https:\/\/www.ull.es\/portal\/noticias\/2017\/comienza-ebau-ull\/\" \/>\n<meta property=\"og:site_name\" content=\"ULL - Noticias\" \/>\n<meta property=\"article:publisher\" content=\"https:\/\/www.facebook.com\/universidaddelalaguna\/\" \/>\n<meta property=\"article:published_time\" content=\"2017-06-06T13:40:04+00:00\" \/>\n<meta property=\"og:image\" content=\"https:\/\/www.ull.es\/portal\/noticias\/wp-content\/uploads\/sites\/13\/2017\/06\/Selectividad-PAU-Jun16-09.jpg\" \/>\n\t<meta property=\"og:image:width\" content=\"1034\" \/>\n\t<meta property=\"og:image:height\" content=\"708\" \/>\n\t<meta property=\"og:image:type\" content=\"image\/jpeg\" \/>\n<meta name=\"author\" content=\"prensa2\" \/>\n<meta name=\"twitter:card\" content=\"summary_large_image\" \/>\n<meta name=\"twitter:creator\" content=\"@CanalULL\" \/>\n<meta name=\"twitter:site\" content=\"@CanalULL\" \/>\n<meta name=\"twitter:label1\" content=\"Escrito por\" \/>\n\t<meta name=\"twitter:data1\" content=\"prensa2\" \/>\n\t<meta name=\"twitter:label2\" content=\"Tiempo de lectura\" \/>\n\t<meta name=\"twitter:data2\" content=\"3 minutos\" \/>\n<script type=\"application\/ld+json\" class=\"yoast-schema-graph\">{\"@context\":\"https:\/\/schema.org\",\"@graph\":[{\"@type\":\"WebPage\",\"@id\":\"https:\/\/www.ull.es\/portal\/noticias\/2017\/comienza-ebau-ull\/\",\"url\":\"https:\/\/www.ull.es\/portal\/noticias\/2017\/comienza-ebau-ull\/\",\"name\":\"Ma\u00f1ana comienza la primera jornada de ex\u00e1menes de la EBAU, nueva prueba de acceso a la universidad que sustituye a la PAU - ULL - Noticias\",\"isPartOf\":{\"@id\":\"https:\/\/www.ull.es\/portal\/noticias\/#website\"},\"datePublished\":\"2017-06-06T13:40:04+00:00\",\"dateModified\":\"2017-06-06T13:40:04+00:00\",\"author\":{\"@id\":\"https:\/\/www.ull.es\/portal\/noticias\/#\/schema\/person\/c3b2aa857797592927a03740d6664376\"},\"description\":\"La Evaluaci\u00f3n de Bachillerato para el Acceso a la Universidad (EBAU) sustituye a la PAU y se desarrollar\u00e1 entre el 7 y el 9 de junio de 2017.\",\"breadcrumb\":{\"@id\":\"https:\/\/www.ull.es\/portal\/noticias\/2017\/comienza-ebau-ull\/#breadcrumb\"},\"inLanguage\":\"es\",\"potentialAction\":[{\"@type\":\"ReadAction\",\"target\":[\"https:\/\/www.ull.es\/portal\/noticias\/2017\/comienza-ebau-ull\/\"]}]},{\"@type\":\"BreadcrumbList\",\"@id\":\"https:\/\/www.ull.es\/portal\/noticias\/2017\/comienza-ebau-ull\/#breadcrumb\",\"itemListElement\":[{\"@type\":\"ListItem\",\"position\":1,\"name\":\"Portada\",\"item\":\"https:\/\/www.ull.es\/portal\/noticias\/\"},{\"@type\":\"ListItem\",\"position\":2,\"name\":\"Ma\u00f1ana comienza la primera jornada de ex\u00e1menes de la EBAU, nueva prueba de acceso a la universidad que sustituye a la PAU\"}]},{\"@type\":\"WebSite\",\"@id\":\"https:\/\/www.ull.es\/portal\/noticias\/#website\",\"url\":\"https:\/\/www.ull.es\/portal\/noticias\/\",\"name\":\"ULL - Noticias\",\"description\":\"\",\"potentialAction\":[{\"@type\":\"SearchAction\",\"target\":{\"@type\":\"EntryPoint\",\"urlTemplate\":\"https:\/\/www.ull.es\/portal\/noticias\/?s={search_term_string}\"},\"query-input\":\"required name=search_term_string\"}],\"inLanguage\":\"es\"},{\"@type\":\"Person\",\"@id\":\"https:\/\/www.ull.es\/portal\/noticias\/#\/schema\/person\/c3b2aa857797592927a03740d6664376\",\"name\":\"prensa2\",\"image\":{\"@type\":\"ImageObject\",\"inLanguage\":\"es\",\"@id\":\"https:\/\/www.ull.es\/portal\/noticias\/#\/schema\/person\/image\/\",\"url\":\"https:\/\/secure.gravatar.com\/avatar\/b58f310a5de5feb33d1e026d2493f23c?s=96&d=mm&r=g\",\"contentUrl\":\"https:\/\/secure.gravatar.com\/avatar\/b58f310a5de5feb33d1e026d2493f23c?s=96&d=mm&r=g\",\"caption\":\"prensa2\"},\"url\":\"https:\/\/www.ull.es\/portal\/noticias\/author\/prensa2\/\"}]}<\/script>\n<!-- \/ Yoast SEO plugin. -->","yoast_head_json":{"title":"Ma\u00f1ana comienza la primera jornada de ex\u00e1menes de la EBAU, nueva prueba de acceso a la universidad que sustituye a la PAU - ULL - Noticias","description":"La Evaluaci\u00f3n de Bachillerato para el Acceso a la Universidad (EBAU) sustituye a la PAU y se desarrollar\u00e1 entre el 7 y el 9 de junio de 2017.","robots":{"index":"index","follow":"follow","max-snippet":"max-snippet:-1","max-image-preview":"max-image-preview:large","max-video-preview":"max-video-preview:-1"},"canonical":"https:\/\/www.ull.es\/portal\/noticias\/2017\/comienza-ebau-ull\/","og_locale":"es_ES","og_type":"article","og_title":"Ma\u00f1ana comienza la primera jornada de ex\u00e1menes de la EBAU, nueva prueba de acceso a la universidad que sustituye a la PAU - ULL - Noticias","og_description":"La Evaluaci\u00f3n de Bachillerato para el Acceso a la Universidad (EBAU) sustituye a la PAU y se desarrollar\u00e1 entre el 7 y el 9 de junio de 2017.","og_url":"https:\/\/www.ull.es\/portal\/noticias\/2017\/comienza-ebau-ull\/","og_site_name":"ULL - Noticias","article_publisher":"https:\/\/www.facebook.com\/universidaddelalaguna\/","article_published_time":"2017-06-06T13:40:04+00:00","og_image":[{"width":1034,"height":708,"url":"https:\/\/www.ull.es\/portal\/noticias\/wp-content\/uploads\/sites\/13\/2017\/06\/Selectividad-PAU-Jun16-09.jpg","type":"image\/jpeg"}],"author":"prensa2","twitter_card":"summary_large_image","twitter_creator":"@CanalULL","twitter_site":"@CanalULL","twitter_misc":{"Escrito por":"prensa2","Tiempo de lectura":"3 minutos"},"schema":{"@context":"https:\/\/schema.org","@graph":[{"@type":"WebPage","@id":"https:\/\/www.ull.es\/portal\/noticias\/2017\/comienza-ebau-ull\/","url":"https:\/\/www.ull.es\/portal\/noticias\/2017\/comienza-ebau-ull\/","name":"Ma\u00f1ana comienza la primera jornada de ex\u00e1menes de la EBAU, nueva prueba de acceso a la universidad que sustituye a la PAU - ULL - Noticias","isPartOf":{"@id":"https:\/\/www.ull.es\/portal\/noticias\/#website"},"datePublished":"2017-06-06T13:40:04+00:00","dateModified":"2017-06-06T13:40:04+00:00","author":{"@id":"https:\/\/www.ull.es\/portal\/noticias\/#\/schema\/person\/c3b2aa857797592927a03740d6664376"},"description":"La Evaluaci\u00f3n de Bachillerato para el Acceso a la Universidad (EBAU) sustituye a la PAU y se desarrollar\u00e1 entre el 7 y el 9 de junio de 2017.","breadcrumb":{"@id":"https:\/\/www.ull.es\/portal\/noticias\/2017\/comienza-ebau-ull\/#breadcrumb"},"inLanguage":"es","potentialAction":[{"@type":"ReadAction","target":["https:\/\/www.ull.es\/portal\/noticias\/2017\/comienza-ebau-ull\/"]}]},{"@type":"BreadcrumbList","@id":"https:\/\/www.ull.es\/portal\/noticias\/2017\/comienza-ebau-ull\/#breadcrumb","itemListElement":[{"@type":"ListItem","position":1,"name":"Portada","item":"https:\/\/www.ull.es\/portal\/noticias\/"},{"@type":"ListItem","position":2,"name":"Ma\u00f1ana comienza la primera jornada de ex\u00e1menes de la EBAU, nueva prueba de acceso a la universidad que sustituye a la PAU"}]},{"@type":"WebSite","@id":"https:\/\/www.ull.es\/portal\/noticias\/#website","url":"https:\/\/www.ull.es\/portal\/noticias\/","name":"ULL - Noticias","description":"","potentialAction":[{"@type":"SearchAction","target":{"@type":"EntryPoint","urlTemplate":"https:\/\/www.ull.es\/portal\/noticias\/?s={search_term_string}"},"query-input":"required name=search_term_string"}],"inLanguage":"es"},{"@type":"Person","@id":"https:\/\/www.ull.es\/portal\/noticias\/#\/schema\/person\/c3b2aa857797592927a03740d6664376","name":"prensa2","image":{"@type":"ImageObject","inLanguage":"es","@id":"https:\/\/www.ull.es\/portal\/noticias\/#\/schema\/person\/image\/","url":"https:\/\/secure.gravatar.com\/avatar\/b58f310a5de5feb33d1e026d2493f23c?s=96&d=mm&r=g","contentUrl":"https:\/\/secure.gravatar.com\/avatar\/b58f310a5de5feb33d1e026d2493f23c?s=96&d=mm&r=g","caption":"prensa2"},"url":"https:\/\/www.ull.es\/portal\/noticias\/author\/prensa2\/"}]}},"primary_category":{"id":343,"name":"Alumnado","slug":"alumnado","link":"https:\/\/www.ull.es\/portal\/noticias\/category\/alumnado\/"},"featured_image_thumbnail_url":"https:\/\/www.ull.es\/portal\/noticias\/wp-content\/uploads\/sites\/13\/2017\/06\/Selectividad-PAU-Jun16-09-300x205.jpg","_links":{"self":[{"href":"https:\/\/www.ull.es\/portal\/noticias\/wp-json\/wp\/v2\/posts\/31777"}],"collection":[{"href":"https:\/\/www.ull.es\/portal\/noticias\/wp-json\/wp\/v2\/posts"}],"about":[{"href":"https:\/\/www.ull.es\/portal\/noticias\/wp-json\/wp\/v2\/types\/post"}],"author":[{"embeddable":true,"href":"https:\/\/www.ull.es\/portal\/noticias\/wp-json\/wp\/v2\/users\/21"}],"replies":[{"embeddable":true,"href":"https:\/\/www.ull.es\/portal\/noticias\/wp-json\/wp\/v2\/comments?post=31777"}],"version-history":[{"count":1,"href":"https:\/\/www.ull.es\/portal\/noticias\/wp-json\/wp\/v2\/posts\/31777\/revisions"}],"predecessor-version":[{"id":31779,"href":"https:\/\/www.ull.es\/portal\/noticias\/wp-json\/wp\/v2\/posts\/31777\/revisions\/31779"}],"wp:featuredmedia":[{"embeddable":true,"href":"https:\/\/www.ull.es\/portal\/noticias\/wp-json\/wp\/v2\/media\/31778"}],"wp:attachment":[{"href":"https:\/\/www.ull.es\/portal\/noticias\/wp-json\/wp\/v2\/media?parent=31777"}],"wp:term":[{"taxonomy":"category","embeddable":true,"href":"https:\/\/www.ull.es\/portal\/noticias\/wp-json\/wp\/v2\/categories?post=31777"},{"taxonomy":"post_tag","embeddable":true,"href":"https:\/\/www.ull.es\/portal\/noticias\/wp-json\/wp\/v2\/tags?post=31777"}],"curies":[{"name":"wp","href":"https:\/\/api.w.org\/{rel}","templated":true}]}}