{"id":31874,"date":"2017-06-14T11:22:35","date_gmt":"2017-06-14T11:22:35","guid":{"rendered":"https:\/\/www.ull.es\/portal\/noticias\/?p=31874"},"modified":"2017-06-14T11:22:35","modified_gmt":"2017-06-14T11:22:35","slug":"los-presidentes-los-consejos-sociales-cinco-universidades-abriran-la-ull-encuentro-asociaciones-alumni","status":"publish","type":"post","link":"https:\/\/www.ull.es\/portal\/noticias\/2017\/los-presidentes-los-consejos-sociales-cinco-universidades-abriran-la-ull-encuentro-asociaciones-alumni\/","title":{"rendered":"Los presidentes de los Consejos Sociales de cinco universidades abrir\u00e1n en la ULL el encuentro de asociaciones Alumni"},"content":{"rendered":"<p>La asociaci\u00f3n Alumni de la Universidad de La Laguna organiza el XXI encuentro que congregar\u00e1 a los representantes de entidades dedicadas a las actividades de antiguos alumnos y simpatizantes de 29 instituciones acad\u00e9micas nacionales. Comenzar\u00e1 ma\u00f1ana, jueves 15 de junio, y se prolongar\u00e1 hasta el d\u00eda siguiente. La primera sesi\u00f3n del encuentro se desarrollar\u00e1 en el Aula Magna de las Secciones de F\u00edsica y Matem\u00e1ticas a partir de las 17:30 horas y, tras la apertura protocolaria, su acto principal ser\u00e1 una mesa redonda en la que participar\u00e1n los presidentes de los consejos sociales de cinco universidades.<\/p>\n<p>El acto inaugural estar\u00e1 presidido por el rector de la ULL, Antonio Martin\u00f3n Cejas, y tambi\u00e9n estar\u00e1n presentes el presidente del Cabildo Insular de Tenerife, Carlos Alonso Rodr\u00edguez; el alcalde de San Crist\u00f3bal de La Laguna, Jos\u00e9 Alberto D\u00edaz Dom\u00ednguez; el presidente de Consejo Social de la ULL, Raimundo Baroja Rieu; el presidente de la Federaci\u00f3n Alumni Espa\u00f1a, Antonio Jos\u00e9 Redondo Garc\u00eda; y la presidenta de Alumni ULL, Carmen Pitti Garc\u00eda.<\/p>\n<p>Seguidamente, a las 18:00 comenzar\u00e1 la mesa redonda en la que participar\u00e1n los presidentes de los consejos sociales de cinco instituciones acad\u00e9micas. Concretamente, Ladislao Azcona, por la Universidad de Oviedo; \u00c1ngel Trist\u00e1n Pimienta, por la Universidad de Las Palmas de Gran Canaria; Ernesto Pedrosa Silva, por la Universidad de Vigo; Prudencio Escamilla Tera, por la Universidad de C\u00e1diz; y Raimundo Baroja Rieu, por la ULL. Moderar\u00e1 el debate Jes\u00fas Mart\u00edn Sanz, miembro del consejo asesor de Alumni Espa\u00f1a. La primera sesi\u00f3n de este encuentro culminar\u00e1 con una visita por el casco antiguo de La Laguna, guiada por el profesor de Geograf\u00eda de la ULL Constantino Criado.<\/p>\n<p>La jornada del d\u00eda siguiente, viernes 16 de junio, se desarrollar\u00e1 en el sal\u00f3n del Hotel Nivaria desde las 9:30 hasta las 19:00, y durante esta sesi\u00f3n intensiva se desarrollar\u00e1, entre otras actividades, una segunda mesa redonda con los responsables de las asociaciones y programas de antiguo alumnado de las universidades de Barcelona, Deusto, Salamanca y Zaragoza; la asamblea anual de la Federaci\u00f3n Alumni Espa\u00f1a; y un taller sobre redes sociales enfocadas a las asociaciones de antiguos estudiantes.<\/p>\n<p>Han confirmado su asistencia a este encuentro 74 personas, entre inscritos y ponentes, de 29 universidades: A Coru\u00f1a, Aut\u00f3noma de Madrid, Alcal\u00e1 de Henares, Almer\u00eda, Burgos, C\u00e1diz, Cantabria, Castilla-La Mancha, Complutense de Madrid, Deusto, Huelva, Islas Baleares, Jaume I de Castell\u00f3n, La Rioja, Las Palmas de Gran Canaria, Le\u00f3n, M\u00e1laga, Murcia, Oviedo, Pa\u00eds Vasco, P\u00fablica de Navarra, Rovira i Virgili, Salamanca, Santiago de Compostela, Valencia, Valladolid, Vigo, Zaragoza y la propia ULL, como anfitriona.<\/p>\n","protected":false},"excerpt":{"rendered":"<p>La asociaci\u00f3n Alumni de la Universidad de La Laguna organiza el XXI encuentro que congregar\u00e1 a los representantes de entidades&#8230;<\/p>\n","protected":false},"author":23,"featured_media":31875,"comment_status":"closed","ping_status":"closed","sticky":false,"template":"","format":"standard","meta":{"inline_featured_image":false,"footnotes":""},"categories":[2811,345,348,2765],"tags":[464,465],"acf":[],"yoast_head":"<!-- This site is optimized with the Yoast SEO plugin v21.3 - https:\/\/yoast.com\/wordpress\/plugins\/seo\/ -->\n<title>Los presidentes de los Consejos Sociales de cinco universidades abrir\u00e1n en la ULL el encuentro de asociaciones Alumni - ULL - Noticias<\/title>\n<meta name=\"robots\" content=\"index, follow, max-snippet:-1, max-image-preview:large, max-video-preview:-1\" \/>\n<link rel=\"canonical\" href=\"https:\/\/www.ull.es\/portal\/noticias\/2017\/los-presidentes-los-consejos-sociales-cinco-universidades-abriran-la-ull-encuentro-asociaciones-alumni\/\" \/>\n<meta property=\"og:locale\" content=\"es_ES\" \/>\n<meta property=\"og:type\" content=\"article\" \/>\n<meta property=\"og:title\" content=\"Los presidentes de los Consejos Sociales de cinco universidades abrir\u00e1n en la ULL el encuentro de asociaciones Alumni - ULL - Noticias\" \/>\n<meta property=\"og:description\" content=\"La asociaci\u00f3n Alumni de la Universidad de La Laguna organiza el XXI encuentro que congregar\u00e1 a los representantes de entidades...\" \/>\n<meta property=\"og:url\" content=\"https:\/\/www.ull.es\/portal\/noticias\/2017\/los-presidentes-los-consejos-sociales-cinco-universidades-abriran-la-ull-encuentro-asociaciones-alumni\/\" \/>\n<meta property=\"og:site_name\" content=\"ULL - Noticias\" \/>\n<meta property=\"article:publisher\" content=\"https:\/\/www.facebook.com\/universidaddelalaguna\/\" \/>\n<meta property=\"article:published_time\" content=\"2017-06-14T11:22:35+00:00\" \/>\n<meta property=\"og:image\" content=\"https:\/\/www.ull.es\/portal\/noticias\/wp-content\/uploads\/sites\/13\/2017\/06\/fisica_matematicas_ing_industrial.jpg\" \/>\n\t<meta property=\"og:image:width\" content=\"260\" \/>\n\t<meta property=\"og:image:height\" content=\"173\" \/>\n\t<meta property=\"og:image:type\" content=\"image\/jpeg\" \/>\n<meta name=\"author\" content=\"gaprsa\" \/>\n<meta name=\"twitter:card\" content=\"summary_large_image\" \/>\n<meta name=\"twitter:creator\" content=\"@CanalULL\" \/>\n<meta name=\"twitter:site\" content=\"@CanalULL\" \/>\n<meta name=\"twitter:label1\" content=\"Escrito por\" \/>\n\t<meta name=\"twitter:data1\" content=\"gaprsa\" \/>\n\t<meta name=\"twitter:label2\" content=\"Tiempo de lectura\" \/>\n\t<meta name=\"twitter:data2\" content=\"2 minutos\" \/>\n<script type=\"application\/ld+json\" class=\"yoast-schema-graph\">{\"@context\":\"https:\/\/schema.org\",\"@graph\":[{\"@type\":\"WebPage\",\"@id\":\"https:\/\/www.ull.es\/portal\/noticias\/2017\/los-presidentes-los-consejos-sociales-cinco-universidades-abriran-la-ull-encuentro-asociaciones-alumni\/\",\"url\":\"https:\/\/www.ull.es\/portal\/noticias\/2017\/los-presidentes-los-consejos-sociales-cinco-universidades-abriran-la-ull-encuentro-asociaciones-alumni\/\",\"name\":\"Los presidentes de los Consejos Sociales de cinco universidades abrir\u00e1n en la ULL el encuentro de asociaciones Alumni - ULL - Noticias\",\"isPartOf\":{\"@id\":\"https:\/\/www.ull.es\/portal\/noticias\/#website\"},\"datePublished\":\"2017-06-14T11:22:35+00:00\",\"dateModified\":\"2017-06-14T11:22:35+00:00\",\"author\":{\"@id\":\"https:\/\/www.ull.es\/portal\/noticias\/#\/schema\/person\/b2b1a89d43ffa609e591f7df8ef3e817\"},\"breadcrumb\":{\"@id\":\"https:\/\/www.ull.es\/portal\/noticias\/2017\/los-presidentes-los-consejos-sociales-cinco-universidades-abriran-la-ull-encuentro-asociaciones-alumni\/#breadcrumb\"},\"inLanguage\":\"es\",\"potentialAction\":[{\"@type\":\"ReadAction\",\"target\":[\"https:\/\/www.ull.es\/portal\/noticias\/2017\/los-presidentes-los-consejos-sociales-cinco-universidades-abriran-la-ull-encuentro-asociaciones-alumni\/\"]}]},{\"@type\":\"BreadcrumbList\",\"@id\":\"https:\/\/www.ull.es\/portal\/noticias\/2017\/los-presidentes-los-consejos-sociales-cinco-universidades-abriran-la-ull-encuentro-asociaciones-alumni\/#breadcrumb\",\"itemListElement\":[{\"@type\":\"ListItem\",\"position\":1,\"name\":\"Portada\",\"item\":\"https:\/\/www.ull.es\/portal\/noticias\/\"},{\"@type\":\"ListItem\",\"position\":2,\"name\":\"Los presidentes de los Consejos Sociales de cinco universidades abrir\u00e1n en la ULL el encuentro de asociaciones Alumni\"}]},{\"@type\":\"WebSite\",\"@id\":\"https:\/\/www.ull.es\/portal\/noticias\/#website\",\"url\":\"https:\/\/www.ull.es\/portal\/noticias\/\",\"name\":\"ULL - Noticias\",\"description\":\"\",\"potentialAction\":[{\"@type\":\"SearchAction\",\"target\":{\"@type\":\"EntryPoint\",\"urlTemplate\":\"https:\/\/www.ull.es\/portal\/noticias\/?s={search_term_string}\"},\"query-input\":\"required name=search_term_string\"}],\"inLanguage\":\"es\"},{\"@type\":\"Person\",\"@id\":\"https:\/\/www.ull.es\/portal\/noticias\/#\/schema\/person\/b2b1a89d43ffa609e591f7df8ef3e817\",\"name\":\"gaprsa\",\"image\":{\"@type\":\"ImageObject\",\"inLanguage\":\"es\",\"@id\":\"https:\/\/www.ull.es\/portal\/noticias\/#\/schema\/person\/image\/\",\"url\":\"https:\/\/secure.gravatar.com\/avatar\/443820550921091458b4823867723b3d?s=96&d=mm&r=g\",\"contentUrl\":\"https:\/\/secure.gravatar.com\/avatar\/443820550921091458b4823867723b3d?s=96&d=mm&r=g\",\"caption\":\"gaprsa\"},\"url\":\"https:\/\/www.ull.es\/portal\/noticias\/author\/gaprsa\/\"}]}<\/script>\n<!-- \/ Yoast SEO plugin. -->","yoast_head_json":{"title":"Los presidentes de los Consejos Sociales de cinco universidades abrir\u00e1n en la ULL el encuentro de asociaciones Alumni - ULL - Noticias","robots":{"index":"index","follow":"follow","max-snippet":"max-snippet:-1","max-image-preview":"max-image-preview:large","max-video-preview":"max-video-preview:-1"},"canonical":"https:\/\/www.ull.es\/portal\/noticias\/2017\/los-presidentes-los-consejos-sociales-cinco-universidades-abriran-la-ull-encuentro-asociaciones-alumni\/","og_locale":"es_ES","og_type":"article","og_title":"Los presidentes de los Consejos Sociales de cinco universidades abrir\u00e1n en la ULL el encuentro de asociaciones Alumni - ULL - Noticias","og_description":"La asociaci\u00f3n Alumni de la Universidad de La Laguna organiza el XXI encuentro que congregar\u00e1 a los representantes de entidades...","og_url":"https:\/\/www.ull.es\/portal\/noticias\/2017\/los-presidentes-los-consejos-sociales-cinco-universidades-abriran-la-ull-encuentro-asociaciones-alumni\/","og_site_name":"ULL - Noticias","article_publisher":"https:\/\/www.facebook.com\/universidaddelalaguna\/","article_published_time":"2017-06-14T11:22:35+00:00","og_image":[{"width":260,"height":173,"url":"https:\/\/www.ull.es\/portal\/noticias\/wp-content\/uploads\/sites\/13\/2017\/06\/fisica_matematicas_ing_industrial.jpg","type":"image\/jpeg"}],"author":"gaprsa","twitter_card":"summary_large_image","twitter_creator":"@CanalULL","twitter_site":"@CanalULL","twitter_misc":{"Escrito por":"gaprsa","Tiempo de lectura":"2 minutos"},"schema":{"@context":"https:\/\/schema.org","@graph":[{"@type":"WebPage","@id":"https:\/\/www.ull.es\/portal\/noticias\/2017\/los-presidentes-los-consejos-sociales-cinco-universidades-abriran-la-ull-encuentro-asociaciones-alumni\/","url":"https:\/\/www.ull.es\/portal\/noticias\/2017\/los-presidentes-los-consejos-sociales-cinco-universidades-abriran-la-ull-encuentro-asociaciones-alumni\/","name":"Los presidentes de los Consejos Sociales de cinco universidades abrir\u00e1n en la ULL el encuentro de asociaciones Alumni - ULL - Noticias","isPartOf":{"@id":"https:\/\/www.ull.es\/portal\/noticias\/#website"},"datePublished":"2017-06-14T11:22:35+00:00","dateModified":"2017-06-14T11:22:35+00:00","author":{"@id":"https:\/\/www.ull.es\/portal\/noticias\/#\/schema\/person\/b2b1a89d43ffa609e591f7df8ef3e817"},"breadcrumb":{"@id":"https:\/\/www.ull.es\/portal\/noticias\/2017\/los-presidentes-los-consejos-sociales-cinco-universidades-abriran-la-ull-encuentro-asociaciones-alumni\/#breadcrumb"},"inLanguage":"es","potentialAction":[{"@type":"ReadAction","target":["https:\/\/www.ull.es\/portal\/noticias\/2017\/los-presidentes-los-consejos-sociales-cinco-universidades-abriran-la-ull-encuentro-asociaciones-alumni\/"]}]},{"@type":"BreadcrumbList","@id":"https:\/\/www.ull.es\/portal\/noticias\/2017\/los-presidentes-los-consejos-sociales-cinco-universidades-abriran-la-ull-encuentro-asociaciones-alumni\/#breadcrumb","itemListElement":[{"@type":"ListItem","position":1,"name":"Portada","item":"https:\/\/www.ull.es\/portal\/noticias\/"},{"@type":"ListItem","position":2,"name":"Los presidentes de los Consejos Sociales de cinco universidades abrir\u00e1n en la ULL el encuentro de asociaciones Alumni"}]},{"@type":"WebSite","@id":"https:\/\/www.ull.es\/portal\/noticias\/#website","url":"https:\/\/www.ull.es\/portal\/noticias\/","name":"ULL - Noticias","description":"","potentialAction":[{"@type":"SearchAction","target":{"@type":"EntryPoint","urlTemplate":"https:\/\/www.ull.es\/portal\/noticias\/?s={search_term_string}"},"query-input":"required name=search_term_string"}],"inLanguage":"es"},{"@type":"Person","@id":"https:\/\/www.ull.es\/portal\/noticias\/#\/schema\/person\/b2b1a89d43ffa609e591f7df8ef3e817","name":"gaprsa","image":{"@type":"ImageObject","inLanguage":"es","@id":"https:\/\/www.ull.es\/portal\/noticias\/#\/schema\/person\/image\/","url":"https:\/\/secure.gravatar.com\/avatar\/443820550921091458b4823867723b3d?s=96&d=mm&r=g","contentUrl":"https:\/\/secure.gravatar.com\/avatar\/443820550921091458b4823867723b3d?s=96&d=mm&r=g","caption":"gaprsa"},"url":"https:\/\/www.ull.es\/portal\/noticias\/author\/gaprsa\/"}]}},"primary_category":{"id":2811,"name":"225 Aniversario","slug":"aniversario","link":"https:\/\/www.ull.es\/portal\/noticias\/category\/aniversario\/"},"featured_image_thumbnail_url":"https:\/\/www.ull.es\/portal\/noticias\/wp-content\/uploads\/sites\/13\/2017\/06\/fisica_matematicas_ing_industrial.jpg","_links":{"self":[{"href":"https:\/\/www.ull.es\/portal\/noticias\/wp-json\/wp\/v2\/posts\/31874"}],"collection":[{"href":"https:\/\/www.ull.es\/portal\/noticias\/wp-json\/wp\/v2\/posts"}],"about":[{"href":"https:\/\/www.ull.es\/portal\/noticias\/wp-json\/wp\/v2\/types\/post"}],"author":[{"embeddable":true,"href":"https:\/\/www.ull.es\/portal\/noticias\/wp-json\/wp\/v2\/users\/23"}],"replies":[{"embeddable":true,"href":"https:\/\/www.ull.es\/portal\/noticias\/wp-json\/wp\/v2\/comments?post=31874"}],"version-history":[{"count":1,"href":"https:\/\/www.ull.es\/portal\/noticias\/wp-json\/wp\/v2\/posts\/31874\/revisions"}],"predecessor-version":[{"id":31876,"href":"https:\/\/www.ull.es\/portal\/noticias\/wp-json\/wp\/v2\/posts\/31874\/revisions\/31876"}],"wp:featuredmedia":[{"embeddable":true,"href":"https:\/\/www.ull.es\/portal\/noticias\/wp-json\/wp\/v2\/media\/31875"}],"wp:attachment":[{"href":"https:\/\/www.ull.es\/portal\/noticias\/wp-json\/wp\/v2\/media?parent=31874"}],"wp:term":[{"taxonomy":"category","embeddable":true,"href":"https:\/\/www.ull.es\/portal\/noticias\/wp-json\/wp\/v2\/categories?post=31874"},{"taxonomy":"post_tag","embeddable":true,"href":"https:\/\/www.ull.es\/portal\/noticias\/wp-json\/wp\/v2\/tags?post=31874"}],"curies":[{"name":"wp","href":"https:\/\/api.w.org\/{rel}","templated":true}]}}