{"id":31983,"date":"2017-06-20T14:24:34","date_gmt":"2017-06-20T14:24:34","guid":{"rendered":"https:\/\/www.ull.es\/portal\/noticias\/?p=31983"},"modified":"2017-06-20T14:50:36","modified_gmt":"2017-06-20T14:50:36","slug":"ull-cursos-verano-islas","status":"publish","type":"post","link":"https:\/\/www.ull.es\/portal\/noticias\/2017\/ull-cursos-verano-islas\/","title":{"rendered":"La Universidad de La Laguna impartir\u00e1 este verano 33 cursos en la mayor\u00eda de las islas"},"content":{"rendered":"<p>Un total de 33 cursos conforman este a\u00f1o la propuesta formativa que la Universidad de La Laguna impartir\u00e1 este verano en la mayor\u00eda de las islas del archipi\u00e9lago canario. La oferta de la presente edici\u00f3n, que coincide con el 225 aniversario de la fundaci\u00f3n de esta instituci\u00f3n acad\u00e9mica, se desarrollar\u00e1 en su mayor\u00eda en Tenerife, adem\u00e1s de en las islas de La Palma, La Gomera, El Hierro y Gran Canaria.<\/p>\n<p>El nuevo programa estival, organizado por el Vicerrectorado de Relaciones con la Sociedad en colaboraci\u00f3n los respectivos cabildos y ayuntamientos en su caso, comprende la realizaci\u00f3n de 19 cursos y 14 talleres que se desarrollar\u00e1n desde el 12 de julio hasta finales de agosto, y que abordar\u00e1n tem\u00e1ticas tan actuales e interesantes como las nuevas tendencias tur\u00edsticas, la vigilancia en el trabajo, el acoso escolar, la Ley del suelo, la comunicaci\u00f3n en la era digital, el aprovechamiento de los recursos h\u00eddricos o el derecho a la informaci\u00f3n, entre otros asuntos.<\/p>\n<p>El grueso de la programaci\u00f3n corresponde a la vig\u00e9simo quinta edici\u00f3n de la Universidad de Verano de Adeje, que se desarrollar\u00e1 desde el 17 al 21 de julio, periodo en el que se impartir\u00e1n siete cursos y catorce talleres. Como en las dos ediciones anteriores, se trata de seminarios cortos, de tres d\u00edas duraci\u00f3n, que se complementan con talleres pr\u00e1cticos impartidos en horario de tarde, y cuyos precios oscilan entre los 10 y los 25 euros.<\/p>\n<p>Este a\u00f1o, la <a href=\"https:\/\/www.ull.es\/portal\/cursosextension\/universidad-de-verano-de-adeje\/\" target=\"_blank\" rel=\"noopener\">Universidad de Verano de Adeje<\/a>, organizada por la propia ULL y la corporaci\u00f3n municipal, desarrollar\u00e1 siete cursos, entre los que destacan \u2018La econom\u00eda colaborativa: \u00bfes el fin del turismo tradicional tal y como lo conocemos?\u2019, que se impartir\u00e1 del 17 al 19 de julio, o la \u2018Vigilancia y control de la prestaci\u00f3n laboral: atenci\u00f3n especial a las empresas del turismo\u2019, as\u00ed como \u2018Novedades en cirug\u00eda. Atenci\u00f3n al politraumatizado y medicina hiperb\u00e1rica\u2019, ambos del 19 al 21 de julio.<\/p>\n<p>Otros de los cursos que propone Adeje abordar\u00e1n el autismo y las dificultades en el aprendizaje, los nuevos populismos, o el arte y la cultura. Los 14 talleres, por su parte, ahondar\u00e1n tambi\u00e9n en la tem\u00e1tica tur\u00edstica, en concreto en las nuevas exigencias de los clientes, y dar\u00e1n las claves para crear con \u00e9xito, comunicar con habilidad, desarrollar la memoria a trav\u00e9s del dibujo, o para saber reconocer y apreciar los vinos de Canarias.<\/p>\n<p><strong>Universidades Insulares <\/strong><\/p>\n<p>En las islas de La Palma, La Gomera, El Hierro y Gran Canaria, la ULL ha programado 12 cursos que se desarrollar\u00e1n desde el 12 de julio hasta finales de agosto. La Palma es la isla que mayor n\u00famero de seminarios ofertar\u00e1, en concreto siete, que se impartir\u00e1n del 12 al 28 de julio, y entre los que destacan los que abordan el turismo rural, el aprovechamiento de las aguas subterr\u00e1neas o el cambio\u00a0 clim\u00e1tico. La oferta formativa en La Gomera comprende tres cursos que tratar\u00e1n asuntos tan candentes como el \u2018bullying\u2019 o la legislaci\u00f3n sobre el suelo, mientras que en El Hierro y Gran Canaria (Universidad N\u00e9stor \u00c1lamo) se impartir\u00e1n ponencias sobre la programaci\u00f3n de aplicaciones para m\u00f3viles y el \u2018ciberacoso\u2019, respectivamente.<\/p>\n<p>El periodo de matr\u00edcula permanece abierto, tanto para los interesados en inscribirse en los cursos de verano Adeje, como para los que deseen asistir a las conferencias programadas en las <a href=\"https:\/\/www.ull.es\/portal\/cursosextension\/universidades-insulares-verano\" target=\"_blank\" rel=\"noopener noreferrer\" target=\"_blank\" rel=\"noopener\">Universidades Insulares de Verano<\/a>.<\/p>\n","protected":false},"excerpt":{"rendered":"<p>Un total de 33 cursos conforman este a\u00f1o la propuesta formativa que la Universidad de La Laguna impartir\u00e1 este verano&#8230;<\/p>\n","protected":false},"author":21,"featured_media":31984,"comment_status":"closed","ping_status":"closed","sticky":false,"template":"","format":"standard","meta":{"inline_featured_image":false,"footnotes":""},"categories":[345,346,2753,2755,2754,2765],"tags":[959,3176,2614],"acf":[],"yoast_head":"<!-- This site is optimized with the Yoast SEO plugin v21.3 - https:\/\/yoast.com\/wordpress\/plugins\/seo\/ -->\n<title>La Universidad de La Laguna impartir\u00e1 este verano 33 cursos en la mayor\u00eda de las islas - ULL - Noticias<\/title>\n<meta name=\"description\" content=\"un total de 33 cursos conforman este a\u00f1o la propuesta formativa que la ULL impartir\u00e1 este verano en la mayor\u00eda de las islas del archipi\u00e9lago canario.\" \/>\n<meta name=\"robots\" content=\"index, follow, max-snippet:-1, max-image-preview:large, max-video-preview:-1\" \/>\n<link rel=\"canonical\" href=\"https:\/\/www.ull.es\/portal\/noticias\/2017\/ull-cursos-verano-islas\/\" \/>\n<meta property=\"og:locale\" content=\"es_ES\" \/>\n<meta property=\"og:type\" content=\"article\" \/>\n<meta property=\"og:title\" content=\"La Universidad de La Laguna impartir\u00e1 este verano 33 cursos en la mayor\u00eda de las islas - ULL - Noticias\" \/>\n<meta property=\"og:description\" content=\"un total de 33 cursos conforman este a\u00f1o la propuesta formativa que la ULL impartir\u00e1 este verano en la mayor\u00eda de las islas del archipi\u00e9lago canario.\" \/>\n<meta property=\"og:url\" content=\"https:\/\/www.ull.es\/portal\/noticias\/2017\/ull-cursos-verano-islas\/\" \/>\n<meta property=\"og:site_name\" content=\"ULL - Noticias\" \/>\n<meta property=\"article:publisher\" content=\"https:\/\/www.facebook.com\/universidaddelalaguna\/\" \/>\n<meta property=\"article:published_time\" content=\"2017-06-20T14:24:34+00:00\" \/>\n<meta property=\"article:modified_time\" content=\"2017-06-20T14:50:36+00:00\" \/>\n<meta property=\"og:image\" content=\"https:\/\/www.ull.es\/portal\/noticias\/wp-content\/uploads\/sites\/13\/2017\/06\/header-insulares.jpg\" \/>\n\t<meta property=\"og:image:width\" content=\"1170\" \/>\n\t<meta property=\"og:image:height\" content=\"335\" \/>\n\t<meta property=\"og:image:type\" content=\"image\/jpeg\" \/>\n<meta name=\"author\" content=\"prensa2\" \/>\n<meta name=\"twitter:card\" content=\"summary_large_image\" \/>\n<meta name=\"twitter:creator\" content=\"@CanalULL\" \/>\n<meta name=\"twitter:site\" content=\"@CanalULL\" \/>\n<meta name=\"twitter:label1\" content=\"Escrito por\" \/>\n\t<meta name=\"twitter:data1\" content=\"prensa2\" \/>\n\t<meta name=\"twitter:label2\" content=\"Tiempo de lectura\" \/>\n\t<meta name=\"twitter:data2\" content=\"3 minutos\" \/>\n<script type=\"application\/ld+json\" class=\"yoast-schema-graph\">{\"@context\":\"https:\/\/schema.org\",\"@graph\":[{\"@type\":\"WebPage\",\"@id\":\"https:\/\/www.ull.es\/portal\/noticias\/2017\/ull-cursos-verano-islas\/\",\"url\":\"https:\/\/www.ull.es\/portal\/noticias\/2017\/ull-cursos-verano-islas\/\",\"name\":\"La Universidad de La Laguna impartir\u00e1 este verano 33 cursos en la mayor\u00eda de las islas - ULL - Noticias\",\"isPartOf\":{\"@id\":\"https:\/\/www.ull.es\/portal\/noticias\/#website\"},\"datePublished\":\"2017-06-20T14:24:34+00:00\",\"dateModified\":\"2017-06-20T14:50:36+00:00\",\"author\":{\"@id\":\"https:\/\/www.ull.es\/portal\/noticias\/#\/schema\/person\/c3b2aa857797592927a03740d6664376\"},\"description\":\"un total de 33 cursos conforman este a\u00f1o la propuesta formativa que la ULL impartir\u00e1 este verano en la mayor\u00eda de las islas del archipi\u00e9lago canario.\",\"breadcrumb\":{\"@id\":\"https:\/\/www.ull.es\/portal\/noticias\/2017\/ull-cursos-verano-islas\/#breadcrumb\"},\"inLanguage\":\"es\",\"potentialAction\":[{\"@type\":\"ReadAction\",\"target\":[\"https:\/\/www.ull.es\/portal\/noticias\/2017\/ull-cursos-verano-islas\/\"]}]},{\"@type\":\"BreadcrumbList\",\"@id\":\"https:\/\/www.ull.es\/portal\/noticias\/2017\/ull-cursos-verano-islas\/#breadcrumb\",\"itemListElement\":[{\"@type\":\"ListItem\",\"position\":1,\"name\":\"Portada\",\"item\":\"https:\/\/www.ull.es\/portal\/noticias\/\"},{\"@type\":\"ListItem\",\"position\":2,\"name\":\"La Universidad de La Laguna impartir\u00e1 este verano 33 cursos en la mayor\u00eda de las islas\"}]},{\"@type\":\"WebSite\",\"@id\":\"https:\/\/www.ull.es\/portal\/noticias\/#website\",\"url\":\"https:\/\/www.ull.es\/portal\/noticias\/\",\"name\":\"ULL - Noticias\",\"description\":\"\",\"potentialAction\":[{\"@type\":\"SearchAction\",\"target\":{\"@type\":\"EntryPoint\",\"urlTemplate\":\"https:\/\/www.ull.es\/portal\/noticias\/?s={search_term_string}\"},\"query-input\":\"required name=search_term_string\"}],\"inLanguage\":\"es\"},{\"@type\":\"Person\",\"@id\":\"https:\/\/www.ull.es\/portal\/noticias\/#\/schema\/person\/c3b2aa857797592927a03740d6664376\",\"name\":\"prensa2\",\"image\":{\"@type\":\"ImageObject\",\"inLanguage\":\"es\",\"@id\":\"https:\/\/www.ull.es\/portal\/noticias\/#\/schema\/person\/image\/\",\"url\":\"https:\/\/secure.gravatar.com\/avatar\/b58f310a5de5feb33d1e026d2493f23c?s=96&d=mm&r=g\",\"contentUrl\":\"https:\/\/secure.gravatar.com\/avatar\/b58f310a5de5feb33d1e026d2493f23c?s=96&d=mm&r=g\",\"caption\":\"prensa2\"},\"url\":\"https:\/\/www.ull.es\/portal\/noticias\/author\/prensa2\/\"}]}<\/script>\n<!-- \/ Yoast SEO plugin. -->","yoast_head_json":{"title":"La Universidad de La Laguna impartir\u00e1 este verano 33 cursos en la mayor\u00eda de las islas - ULL - Noticias","description":"un total de 33 cursos conforman este a\u00f1o la propuesta formativa que la ULL impartir\u00e1 este verano en la mayor\u00eda de las islas del archipi\u00e9lago canario.","robots":{"index":"index","follow":"follow","max-snippet":"max-snippet:-1","max-image-preview":"max-image-preview:large","max-video-preview":"max-video-preview:-1"},"canonical":"https:\/\/www.ull.es\/portal\/noticias\/2017\/ull-cursos-verano-islas\/","og_locale":"es_ES","og_type":"article","og_title":"La Universidad de La Laguna impartir\u00e1 este verano 33 cursos en la mayor\u00eda de las islas - ULL - Noticias","og_description":"un total de 33 cursos conforman este a\u00f1o la propuesta formativa que la ULL impartir\u00e1 este verano en la mayor\u00eda de las islas del archipi\u00e9lago canario.","og_url":"https:\/\/www.ull.es\/portal\/noticias\/2017\/ull-cursos-verano-islas\/","og_site_name":"ULL - Noticias","article_publisher":"https:\/\/www.facebook.com\/universidaddelalaguna\/","article_published_time":"2017-06-20T14:24:34+00:00","article_modified_time":"2017-06-20T14:50:36+00:00","og_image":[{"width":1170,"height":335,"url":"https:\/\/www.ull.es\/portal\/noticias\/wp-content\/uploads\/sites\/13\/2017\/06\/header-insulares.jpg","type":"image\/jpeg"}],"author":"prensa2","twitter_card":"summary_large_image","twitter_creator":"@CanalULL","twitter_site":"@CanalULL","twitter_misc":{"Escrito por":"prensa2","Tiempo de lectura":"3 minutos"},"schema":{"@context":"https:\/\/schema.org","@graph":[{"@type":"WebPage","@id":"https:\/\/www.ull.es\/portal\/noticias\/2017\/ull-cursos-verano-islas\/","url":"https:\/\/www.ull.es\/portal\/noticias\/2017\/ull-cursos-verano-islas\/","name":"La Universidad de La Laguna impartir\u00e1 este verano 33 cursos en la mayor\u00eda de las islas - ULL - Noticias","isPartOf":{"@id":"https:\/\/www.ull.es\/portal\/noticias\/#website"},"datePublished":"2017-06-20T14:24:34+00:00","dateModified":"2017-06-20T14:50:36+00:00","author":{"@id":"https:\/\/www.ull.es\/portal\/noticias\/#\/schema\/person\/c3b2aa857797592927a03740d6664376"},"description":"un total de 33 cursos conforman este a\u00f1o la propuesta formativa que la ULL impartir\u00e1 este verano en la mayor\u00eda de las islas del archipi\u00e9lago canario.","breadcrumb":{"@id":"https:\/\/www.ull.es\/portal\/noticias\/2017\/ull-cursos-verano-islas\/#breadcrumb"},"inLanguage":"es","potentialAction":[{"@type":"ReadAction","target":["https:\/\/www.ull.es\/portal\/noticias\/2017\/ull-cursos-verano-islas\/"]}]},{"@type":"BreadcrumbList","@id":"https:\/\/www.ull.es\/portal\/noticias\/2017\/ull-cursos-verano-islas\/#breadcrumb","itemListElement":[{"@type":"ListItem","position":1,"name":"Portada","item":"https:\/\/www.ull.es\/portal\/noticias\/"},{"@type":"ListItem","position":2,"name":"La Universidad de La Laguna impartir\u00e1 este verano 33 cursos en la mayor\u00eda de las islas"}]},{"@type":"WebSite","@id":"https:\/\/www.ull.es\/portal\/noticias\/#website","url":"https:\/\/www.ull.es\/portal\/noticias\/","name":"ULL - Noticias","description":"","potentialAction":[{"@type":"SearchAction","target":{"@type":"EntryPoint","urlTemplate":"https:\/\/www.ull.es\/portal\/noticias\/?s={search_term_string}"},"query-input":"required name=search_term_string"}],"inLanguage":"es"},{"@type":"Person","@id":"https:\/\/www.ull.es\/portal\/noticias\/#\/schema\/person\/c3b2aa857797592927a03740d6664376","name":"prensa2","image":{"@type":"ImageObject","inLanguage":"es","@id":"https:\/\/www.ull.es\/portal\/noticias\/#\/schema\/person\/image\/","url":"https:\/\/secure.gravatar.com\/avatar\/b58f310a5de5feb33d1e026d2493f23c?s=96&d=mm&r=g","contentUrl":"https:\/\/secure.gravatar.com\/avatar\/b58f310a5de5feb33d1e026d2493f23c?s=96&d=mm&r=g","caption":"prensa2"},"url":"https:\/\/www.ull.es\/portal\/noticias\/author\/prensa2\/"}]}},"primary_category":{"id":346,"name":"Docencia","slug":"docencia","link":"https:\/\/www.ull.es\/portal\/noticias\/category\/docencia\/"},"featured_image_thumbnail_url":"https:\/\/www.ull.es\/portal\/noticias\/wp-content\/uploads\/sites\/13\/2017\/06\/header-insulares-300x86.jpg","_links":{"self":[{"href":"https:\/\/www.ull.es\/portal\/noticias\/wp-json\/wp\/v2\/posts\/31983"}],"collection":[{"href":"https:\/\/www.ull.es\/portal\/noticias\/wp-json\/wp\/v2\/posts"}],"about":[{"href":"https:\/\/www.ull.es\/portal\/noticias\/wp-json\/wp\/v2\/types\/post"}],"author":[{"embeddable":true,"href":"https:\/\/www.ull.es\/portal\/noticias\/wp-json\/wp\/v2\/users\/21"}],"replies":[{"embeddable":true,"href":"https:\/\/www.ull.es\/portal\/noticias\/wp-json\/wp\/v2\/comments?post=31983"}],"version-history":[{"count":2,"href":"https:\/\/www.ull.es\/portal\/noticias\/wp-json\/wp\/v2\/posts\/31983\/revisions"}],"predecessor-version":[{"id":31992,"href":"https:\/\/www.ull.es\/portal\/noticias\/wp-json\/wp\/v2\/posts\/31983\/revisions\/31992"}],"wp:featuredmedia":[{"embeddable":true,"href":"https:\/\/www.ull.es\/portal\/noticias\/wp-json\/wp\/v2\/media\/31984"}],"wp:attachment":[{"href":"https:\/\/www.ull.es\/portal\/noticias\/wp-json\/wp\/v2\/media?parent=31983"}],"wp:term":[{"taxonomy":"category","embeddable":true,"href":"https:\/\/www.ull.es\/portal\/noticias\/wp-json\/wp\/v2\/categories?post=31983"},{"taxonomy":"post_tag","embeddable":true,"href":"https:\/\/www.ull.es\/portal\/noticias\/wp-json\/wp\/v2\/tags?post=31983"}],"curies":[{"name":"wp","href":"https:\/\/api.w.org\/{rel}","templated":true}]}}