{"id":32025,"date":"2017-06-22T11:01:40","date_gmt":"2017-06-22T11:01:40","guid":{"rendered":"https:\/\/www.ull.es\/portal\/noticias\/?p=32025"},"modified":"2017-06-22T11:01:40","modified_gmt":"2017-06-22T11:01:40","slug":"las-escuelas-teatro-insulares-concluyen-actividad-esta-temporada-representacion-paraninfo","status":"publish","type":"post","link":"https:\/\/www.ull.es\/portal\/noticias\/2017\/las-escuelas-teatro-insulares-concluyen-actividad-esta-temporada-representacion-paraninfo\/","title":{"rendered":"Las Escuelas de Teatro Insulares concluyen su actividad esta temporada con representaci\u00f3n en el Paraninfo"},"content":{"rendered":"<p>El Paraninfo de la Universidad de La Laguna acoge ma\u00f1ana, viernes 23 de junio, desde las 18:30 el cierre de curso de las Escuelas de Teatro Insulares con la representaci\u00f3n de tres obras por parte del alumnado infantil, juvenil y adulto que est\u00e1n bajo la direcci\u00f3n de Miguel \u00c1ngel Batista.<\/p>\n<p>La entrada a estas funciones ser\u00e1 gratuita hasta completar aforo, con acceso al aparcamiento del Edificio Central de la ULL, seg\u00fan la disponibilidad de plazas. Los primeros en subir al escenario universitario ser\u00e1n el grupo infantil, formado por un grupo de ni\u00f1os y ni\u00f1as de entre 7 y 11 a\u00f1os, que representar\u00e1 \u201cLa mu\u00f1equita de papel\u201d. A continuaci\u00f3n el grupo juvenil pondr\u00e1 en escena \u201cJulieta\u201d y a las 21:30 horas, el grupo de adulto formado por estudiantes de la Escuela de Teatro Insular representar\u00e1 \u201cUsted tiene ojos de mujer fatal\u201d, de Jardiel Poncela.<\/p>\n<p>Las Escuelas de Teatro son centros educativos y culturales que imparten ense\u00f1anzas teatrales destinadas a ni\u00f1os, j\u00f3venes y adultos con el fin de potenciar una afici\u00f3n art\u00edstica de calidad y colaborar con el desarrollo cultural de su entorno. En ellas, adem\u00e1s, el estudiante con especial talento y aptitud podr\u00e1 prepararse para el acceso a ense\u00f1anzas superiores de Arte Dram\u00e1tico.<\/p>\n<p>Los municipios que participan en las Escuelas de Teatro Insulares son Adeje, Arona, Candelaria, El Rosario, El Sauzal, Granadilla de Abona, Gu\u00eda de Isora, La Orotava, Santa \u00darsula, Santiago del Teide, Tegueste y La Laguna. A partir de julio se abre el proceso de matriculaci\u00f3n para el pr\u00f3ximo curso, que comenzar\u00e1 a partir de octubre en los distintos municipios.<\/p>\n<p>&nbsp;<\/p>\n<p>&nbsp;<\/p>\n","protected":false},"excerpt":{"rendered":"<p>El Paraninfo de la Universidad de La Laguna acoge ma\u00f1ana, viernes 23 de junio, desde las 18:30 el cierre de&#8230;<\/p>\n","protected":false},"author":23,"featured_media":32027,"comment_status":"closed","ping_status":"closed","sticky":false,"template":"","format":"standard","meta":{"inline_featured_image":false,"footnotes":""},"categories":[344,345,2765],"tags":[3184,3185,2047,2452],"acf":[],"yoast_head":"<!-- This site is optimized with the Yoast SEO plugin v21.3 - https:\/\/yoast.com\/wordpress\/plugins\/seo\/ -->\n<title>Las Escuelas de Teatro Insulares concluyen su actividad esta temporada con representaci\u00f3n en el Paraninfo - ULL - Noticias<\/title>\n<meta name=\"robots\" content=\"index, follow, max-snippet:-1, max-image-preview:large, max-video-preview:-1\" \/>\n<link rel=\"canonical\" href=\"https:\/\/www.ull.es\/portal\/noticias\/2017\/las-escuelas-teatro-insulares-concluyen-actividad-esta-temporada-representacion-paraninfo\/\" \/>\n<meta property=\"og:locale\" content=\"es_ES\" \/>\n<meta property=\"og:type\" content=\"article\" \/>\n<meta property=\"og:title\" content=\"Las Escuelas de Teatro Insulares concluyen su actividad esta temporada con representaci\u00f3n en el Paraninfo - ULL - Noticias\" \/>\n<meta property=\"og:description\" content=\"El Paraninfo de la Universidad de La Laguna acoge ma\u00f1ana, viernes 23 de junio, desde las 18:30 el cierre de...\" \/>\n<meta property=\"og:url\" content=\"https:\/\/www.ull.es\/portal\/noticias\/2017\/las-escuelas-teatro-insulares-concluyen-actividad-esta-temporada-representacion-paraninfo\/\" \/>\n<meta property=\"og:site_name\" content=\"ULL - Noticias\" \/>\n<meta property=\"article:publisher\" content=\"https:\/\/www.facebook.com\/universidaddelalaguna\/\" \/>\n<meta property=\"article:published_time\" content=\"2017-06-22T11:01:40+00:00\" \/>\n<meta property=\"og:image\" content=\"https:\/\/www.ull.es\/portal\/noticias\/wp-content\/uploads\/sites\/13\/2017\/06\/Escuelas-de-teatro-1.jpg\" \/>\n\t<meta property=\"og:image:width\" content=\"1600\" \/>\n\t<meta property=\"og:image:height\" content=\"900\" \/>\n\t<meta property=\"og:image:type\" content=\"image\/jpeg\" \/>\n<meta name=\"author\" content=\"gaprsa\" \/>\n<meta name=\"twitter:card\" content=\"summary_large_image\" \/>\n<meta name=\"twitter:creator\" content=\"@CanalULL\" \/>\n<meta name=\"twitter:site\" content=\"@CanalULL\" \/>\n<meta name=\"twitter:label1\" content=\"Escrito por\" \/>\n\t<meta name=\"twitter:data1\" content=\"gaprsa\" \/>\n\t<meta name=\"twitter:label2\" content=\"Tiempo de lectura\" \/>\n\t<meta name=\"twitter:data2\" content=\"1 minuto\" \/>\n<script type=\"application\/ld+json\" class=\"yoast-schema-graph\">{\"@context\":\"https:\/\/schema.org\",\"@graph\":[{\"@type\":\"WebPage\",\"@id\":\"https:\/\/www.ull.es\/portal\/noticias\/2017\/las-escuelas-teatro-insulares-concluyen-actividad-esta-temporada-representacion-paraninfo\/\",\"url\":\"https:\/\/www.ull.es\/portal\/noticias\/2017\/las-escuelas-teatro-insulares-concluyen-actividad-esta-temporada-representacion-paraninfo\/\",\"name\":\"Las Escuelas de Teatro Insulares concluyen su actividad esta temporada con representaci\u00f3n en el Paraninfo - ULL - Noticias\",\"isPartOf\":{\"@id\":\"https:\/\/www.ull.es\/portal\/noticias\/#website\"},\"datePublished\":\"2017-06-22T11:01:40+00:00\",\"dateModified\":\"2017-06-22T11:01:40+00:00\",\"author\":{\"@id\":\"https:\/\/www.ull.es\/portal\/noticias\/#\/schema\/person\/b2b1a89d43ffa609e591f7df8ef3e817\"},\"breadcrumb\":{\"@id\":\"https:\/\/www.ull.es\/portal\/noticias\/2017\/las-escuelas-teatro-insulares-concluyen-actividad-esta-temporada-representacion-paraninfo\/#breadcrumb\"},\"inLanguage\":\"es\",\"potentialAction\":[{\"@type\":\"ReadAction\",\"target\":[\"https:\/\/www.ull.es\/portal\/noticias\/2017\/las-escuelas-teatro-insulares-concluyen-actividad-esta-temporada-representacion-paraninfo\/\"]}]},{\"@type\":\"BreadcrumbList\",\"@id\":\"https:\/\/www.ull.es\/portal\/noticias\/2017\/las-escuelas-teatro-insulares-concluyen-actividad-esta-temporada-representacion-paraninfo\/#breadcrumb\",\"itemListElement\":[{\"@type\":\"ListItem\",\"position\":1,\"name\":\"Portada\",\"item\":\"https:\/\/www.ull.es\/portal\/noticias\/\"},{\"@type\":\"ListItem\",\"position\":2,\"name\":\"Las Escuelas de Teatro Insulares concluyen su actividad esta temporada con representaci\u00f3n en el Paraninfo\"}]},{\"@type\":\"WebSite\",\"@id\":\"https:\/\/www.ull.es\/portal\/noticias\/#website\",\"url\":\"https:\/\/www.ull.es\/portal\/noticias\/\",\"name\":\"ULL - Noticias\",\"description\":\"\",\"potentialAction\":[{\"@type\":\"SearchAction\",\"target\":{\"@type\":\"EntryPoint\",\"urlTemplate\":\"https:\/\/www.ull.es\/portal\/noticias\/?s={search_term_string}\"},\"query-input\":\"required name=search_term_string\"}],\"inLanguage\":\"es\"},{\"@type\":\"Person\",\"@id\":\"https:\/\/www.ull.es\/portal\/noticias\/#\/schema\/person\/b2b1a89d43ffa609e591f7df8ef3e817\",\"name\":\"gaprsa\",\"image\":{\"@type\":\"ImageObject\",\"inLanguage\":\"es\",\"@id\":\"https:\/\/www.ull.es\/portal\/noticias\/#\/schema\/person\/image\/\",\"url\":\"https:\/\/secure.gravatar.com\/avatar\/443820550921091458b4823867723b3d?s=96&d=mm&r=g\",\"contentUrl\":\"https:\/\/secure.gravatar.com\/avatar\/443820550921091458b4823867723b3d?s=96&d=mm&r=g\",\"caption\":\"gaprsa\"},\"url\":\"https:\/\/www.ull.es\/portal\/noticias\/author\/gaprsa\/\"}]}<\/script>\n<!-- \/ Yoast SEO plugin. -->","yoast_head_json":{"title":"Las Escuelas de Teatro Insulares concluyen su actividad esta temporada con representaci\u00f3n en el Paraninfo - ULL - Noticias","robots":{"index":"index","follow":"follow","max-snippet":"max-snippet:-1","max-image-preview":"max-image-preview:large","max-video-preview":"max-video-preview:-1"},"canonical":"https:\/\/www.ull.es\/portal\/noticias\/2017\/las-escuelas-teatro-insulares-concluyen-actividad-esta-temporada-representacion-paraninfo\/","og_locale":"es_ES","og_type":"article","og_title":"Las Escuelas de Teatro Insulares concluyen su actividad esta temporada con representaci\u00f3n en el Paraninfo - ULL - Noticias","og_description":"El Paraninfo de la Universidad de La Laguna acoge ma\u00f1ana, viernes 23 de junio, desde las 18:30 el cierre de...","og_url":"https:\/\/www.ull.es\/portal\/noticias\/2017\/las-escuelas-teatro-insulares-concluyen-actividad-esta-temporada-representacion-paraninfo\/","og_site_name":"ULL - Noticias","article_publisher":"https:\/\/www.facebook.com\/universidaddelalaguna\/","article_published_time":"2017-06-22T11:01:40+00:00","og_image":[{"width":1600,"height":900,"url":"https:\/\/www.ull.es\/portal\/noticias\/wp-content\/uploads\/sites\/13\/2017\/06\/Escuelas-de-teatro-1.jpg","type":"image\/jpeg"}],"author":"gaprsa","twitter_card":"summary_large_image","twitter_creator":"@CanalULL","twitter_site":"@CanalULL","twitter_misc":{"Escrito por":"gaprsa","Tiempo de lectura":"1 minuto"},"schema":{"@context":"https:\/\/schema.org","@graph":[{"@type":"WebPage","@id":"https:\/\/www.ull.es\/portal\/noticias\/2017\/las-escuelas-teatro-insulares-concluyen-actividad-esta-temporada-representacion-paraninfo\/","url":"https:\/\/www.ull.es\/portal\/noticias\/2017\/las-escuelas-teatro-insulares-concluyen-actividad-esta-temporada-representacion-paraninfo\/","name":"Las Escuelas de Teatro Insulares concluyen su actividad esta temporada con representaci\u00f3n en el Paraninfo - ULL - Noticias","isPartOf":{"@id":"https:\/\/www.ull.es\/portal\/noticias\/#website"},"datePublished":"2017-06-22T11:01:40+00:00","dateModified":"2017-06-22T11:01:40+00:00","author":{"@id":"https:\/\/www.ull.es\/portal\/noticias\/#\/schema\/person\/b2b1a89d43ffa609e591f7df8ef3e817"},"breadcrumb":{"@id":"https:\/\/www.ull.es\/portal\/noticias\/2017\/las-escuelas-teatro-insulares-concluyen-actividad-esta-temporada-representacion-paraninfo\/#breadcrumb"},"inLanguage":"es","potentialAction":[{"@type":"ReadAction","target":["https:\/\/www.ull.es\/portal\/noticias\/2017\/las-escuelas-teatro-insulares-concluyen-actividad-esta-temporada-representacion-paraninfo\/"]}]},{"@type":"BreadcrumbList","@id":"https:\/\/www.ull.es\/portal\/noticias\/2017\/las-escuelas-teatro-insulares-concluyen-actividad-esta-temporada-representacion-paraninfo\/#breadcrumb","itemListElement":[{"@type":"ListItem","position":1,"name":"Portada","item":"https:\/\/www.ull.es\/portal\/noticias\/"},{"@type":"ListItem","position":2,"name":"Las Escuelas de Teatro Insulares concluyen su actividad esta temporada con representaci\u00f3n en el Paraninfo"}]},{"@type":"WebSite","@id":"https:\/\/www.ull.es\/portal\/noticias\/#website","url":"https:\/\/www.ull.es\/portal\/noticias\/","name":"ULL - Noticias","description":"","potentialAction":[{"@type":"SearchAction","target":{"@type":"EntryPoint","urlTemplate":"https:\/\/www.ull.es\/portal\/noticias\/?s={search_term_string}"},"query-input":"required name=search_term_string"}],"inLanguage":"es"},{"@type":"Person","@id":"https:\/\/www.ull.es\/portal\/noticias\/#\/schema\/person\/b2b1a89d43ffa609e591f7df8ef3e817","name":"gaprsa","image":{"@type":"ImageObject","inLanguage":"es","@id":"https:\/\/www.ull.es\/portal\/noticias\/#\/schema\/person\/image\/","url":"https:\/\/secure.gravatar.com\/avatar\/443820550921091458b4823867723b3d?s=96&d=mm&r=g","contentUrl":"https:\/\/secure.gravatar.com\/avatar\/443820550921091458b4823867723b3d?s=96&d=mm&r=g","caption":"gaprsa"},"url":"https:\/\/www.ull.es\/portal\/noticias\/author\/gaprsa\/"}]}},"primary_category":{"id":344,"name":"Cultura","slug":"cultura","link":"https:\/\/www.ull.es\/portal\/noticias\/category\/cultura\/"},"featured_image_thumbnail_url":"https:\/\/www.ull.es\/portal\/noticias\/wp-content\/uploads\/sites\/13\/2017\/06\/Escuelas-de-teatro-1-300x169.jpg","_links":{"self":[{"href":"https:\/\/www.ull.es\/portal\/noticias\/wp-json\/wp\/v2\/posts\/32025"}],"collection":[{"href":"https:\/\/www.ull.es\/portal\/noticias\/wp-json\/wp\/v2\/posts"}],"about":[{"href":"https:\/\/www.ull.es\/portal\/noticias\/wp-json\/wp\/v2\/types\/post"}],"author":[{"embeddable":true,"href":"https:\/\/www.ull.es\/portal\/noticias\/wp-json\/wp\/v2\/users\/23"}],"replies":[{"embeddable":true,"href":"https:\/\/www.ull.es\/portal\/noticias\/wp-json\/wp\/v2\/comments?post=32025"}],"version-history":[{"count":1,"href":"https:\/\/www.ull.es\/portal\/noticias\/wp-json\/wp\/v2\/posts\/32025\/revisions"}],"predecessor-version":[{"id":32026,"href":"https:\/\/www.ull.es\/portal\/noticias\/wp-json\/wp\/v2\/posts\/32025\/revisions\/32026"}],"wp:featuredmedia":[{"embeddable":true,"href":"https:\/\/www.ull.es\/portal\/noticias\/wp-json\/wp\/v2\/media\/32027"}],"wp:attachment":[{"href":"https:\/\/www.ull.es\/portal\/noticias\/wp-json\/wp\/v2\/media?parent=32025"}],"wp:term":[{"taxonomy":"category","embeddable":true,"href":"https:\/\/www.ull.es\/portal\/noticias\/wp-json\/wp\/v2\/categories?post=32025"},{"taxonomy":"post_tag","embeddable":true,"href":"https:\/\/www.ull.es\/portal\/noticias\/wp-json\/wp\/v2\/tags?post=32025"}],"curies":[{"name":"wp","href":"https:\/\/api.w.org\/{rel}","templated":true}]}}