{"id":32125,"date":"2017-06-29T14:03:41","date_gmt":"2017-06-29T14:03:41","guid":{"rendered":"https:\/\/www.ull.es\/portal\/noticias\/?p=32125"},"modified":"2017-06-29T14:03:41","modified_gmt":"2017-06-29T14:03:41","slug":"servicio-idiomas-la-ull-acoge-segundo-ciclo-cursos-verano","status":"publish","type":"post","link":"https:\/\/www.ull.es\/portal\/noticias\/2017\/servicio-idiomas-la-ull-acoge-segundo-ciclo-cursos-verano\/","title":{"rendered":"El Servicio de Idiomas de la ULL acoge el segundo ciclo de cursos de verano"},"content":{"rendered":"<p>Tras desarrollarse los primeros cursos de verano durante todo el mes de junio, el Servicio de Idiomas de la Universidad de La Laguna continuar\u00e1 con la docencia intensiva de lenguas modernas durante el mes de julio. Las clases comenzar\u00e1n a partir del d\u00eda 5 de julio y se podr\u00e1 optar a formaci\u00f3n en alem\u00e1n, franc\u00e9s, italiano, portugu\u00e9s, ingl\u00e9s, espa\u00f1ol para extranjeros y lengua de signos. Las clases se desarrollan en las instalaciones de la Universidad de La Laguna y la inscripci\u00f3n est\u00e1 actualmente habilitada.<\/p>\n<p>Los cursos se organizan en diferentes modalidades, aunque la mayor\u00eda de ellos son intensivos, con lo que el alumnado podr\u00e1 avanzar de nivel r\u00e1pidamente. Se emplea una \u201cmetodolog\u00eda comunicativa\u201d, considerando la comunicaci\u00f3n como un fen\u00f3meno que implica mucho m\u00e1s que la mera correcci\u00f3n gramatical y el aula es entendida como un espacio de comunicaci\u00f3n. Se busca dotar al alumnado de la capacidad de desenvolverse en situaciones reales buscando su progresi\u00f3n a trav\u00e9s de actividades pr\u00e1cticas y din\u00e1micas.<\/p>\n<p>Las personas interesadas en sumarse a la docencia de julio a\u00fan pueden hacerlo formalizando su matr\u00edcula a trav\u00e9s de la sede electr\u00f3nica de la Fundaci\u00f3n General de la ULL ,y el estudiantado podr\u00e1 presentarse gratuitamente a las pruebas que ofrece el centro para determinar el nivel m\u00e1s adecuado.<\/p>\n<p>Toda la informaci\u00f3n se encuentra disponible en la web <a href=\"http:\/\/www.fg.ull.es\/idiomas\" target=\"_blank\" rel=\"noopener\">www.fg.ull.es\/idiomas<\/a><\/p>\n<p>(Nota de prensa y foto cedida).<\/p>\n","protected":false},"excerpt":{"rendered":"<p>Tras desarrollarse los primeros cursos de verano durante todo el mes de junio, el Servicio de Idiomas de la Universidad&#8230;<\/p>\n","protected":false},"author":23,"featured_media":32127,"comment_status":"closed","ping_status":"closed","sticky":false,"template":"","format":"standard","meta":{"inline_featured_image":false,"footnotes":""},"categories":[343,345,346,2753,2765],"tags":[959,1465,2598],"acf":[],"yoast_head":"<!-- This site is optimized with the Yoast SEO plugin v21.3 - https:\/\/yoast.com\/wordpress\/plugins\/seo\/ -->\n<title>El Servicio de Idiomas de la ULL acoge el segundo ciclo de cursos de verano - ULL - Noticias<\/title>\n<meta name=\"robots\" content=\"index, follow, max-snippet:-1, max-image-preview:large, max-video-preview:-1\" \/>\n<link rel=\"canonical\" href=\"https:\/\/www.ull.es\/portal\/noticias\/2017\/servicio-idiomas-la-ull-acoge-segundo-ciclo-cursos-verano\/\" \/>\n<meta property=\"og:locale\" content=\"es_ES\" \/>\n<meta property=\"og:type\" content=\"article\" \/>\n<meta property=\"og:title\" content=\"El Servicio de Idiomas de la ULL acoge el segundo ciclo de cursos de verano - ULL - Noticias\" \/>\n<meta property=\"og:description\" content=\"Tras desarrollarse los primeros cursos de verano durante todo el mes de junio, el Servicio de Idiomas de la Universidad...\" \/>\n<meta property=\"og:url\" content=\"https:\/\/www.ull.es\/portal\/noticias\/2017\/servicio-idiomas-la-ull-acoge-segundo-ciclo-cursos-verano\/\" \/>\n<meta property=\"og:site_name\" content=\"ULL - Noticias\" \/>\n<meta property=\"article:publisher\" content=\"https:\/\/www.facebook.com\/universidaddelalaguna\/\" \/>\n<meta property=\"article:published_time\" content=\"2017-06-29T14:03:41+00:00\" \/>\n<meta property=\"og:image\" content=\"https:\/\/www.ull.es\/portal\/noticias\/wp-content\/uploads\/sites\/13\/2017\/06\/Clase-Serv-Idiomas-07.jpg\" \/>\n\t<meta property=\"og:image:width\" content=\"1024\" \/>\n\t<meta property=\"og:image:height\" content=\"683\" \/>\n\t<meta property=\"og:image:type\" content=\"image\/jpeg\" \/>\n<meta name=\"author\" content=\"gaprsa\" \/>\n<meta name=\"twitter:card\" content=\"summary_large_image\" \/>\n<meta name=\"twitter:creator\" content=\"@CanalULL\" \/>\n<meta name=\"twitter:site\" content=\"@CanalULL\" \/>\n<meta name=\"twitter:label1\" content=\"Escrito por\" \/>\n\t<meta name=\"twitter:data1\" content=\"gaprsa\" \/>\n\t<meta name=\"twitter:label2\" content=\"Tiempo de lectura\" \/>\n\t<meta name=\"twitter:data2\" content=\"1 minuto\" \/>\n<script type=\"application\/ld+json\" class=\"yoast-schema-graph\">{\"@context\":\"https:\/\/schema.org\",\"@graph\":[{\"@type\":\"WebPage\",\"@id\":\"https:\/\/www.ull.es\/portal\/noticias\/2017\/servicio-idiomas-la-ull-acoge-segundo-ciclo-cursos-verano\/\",\"url\":\"https:\/\/www.ull.es\/portal\/noticias\/2017\/servicio-idiomas-la-ull-acoge-segundo-ciclo-cursos-verano\/\",\"name\":\"El Servicio de Idiomas de la ULL acoge el segundo ciclo de cursos de verano - ULL - Noticias\",\"isPartOf\":{\"@id\":\"https:\/\/www.ull.es\/portal\/noticias\/#website\"},\"datePublished\":\"2017-06-29T14:03:41+00:00\",\"dateModified\":\"2017-06-29T14:03:41+00:00\",\"author\":{\"@id\":\"https:\/\/www.ull.es\/portal\/noticias\/#\/schema\/person\/b2b1a89d43ffa609e591f7df8ef3e817\"},\"breadcrumb\":{\"@id\":\"https:\/\/www.ull.es\/portal\/noticias\/2017\/servicio-idiomas-la-ull-acoge-segundo-ciclo-cursos-verano\/#breadcrumb\"},\"inLanguage\":\"es\",\"potentialAction\":[{\"@type\":\"ReadAction\",\"target\":[\"https:\/\/www.ull.es\/portal\/noticias\/2017\/servicio-idiomas-la-ull-acoge-segundo-ciclo-cursos-verano\/\"]}]},{\"@type\":\"BreadcrumbList\",\"@id\":\"https:\/\/www.ull.es\/portal\/noticias\/2017\/servicio-idiomas-la-ull-acoge-segundo-ciclo-cursos-verano\/#breadcrumb\",\"itemListElement\":[{\"@type\":\"ListItem\",\"position\":1,\"name\":\"Portada\",\"item\":\"https:\/\/www.ull.es\/portal\/noticias\/\"},{\"@type\":\"ListItem\",\"position\":2,\"name\":\"El Servicio de Idiomas de la ULL acoge el segundo ciclo de cursos de verano\"}]},{\"@type\":\"WebSite\",\"@id\":\"https:\/\/www.ull.es\/portal\/noticias\/#website\",\"url\":\"https:\/\/www.ull.es\/portal\/noticias\/\",\"name\":\"ULL - Noticias\",\"description\":\"\",\"potentialAction\":[{\"@type\":\"SearchAction\",\"target\":{\"@type\":\"EntryPoint\",\"urlTemplate\":\"https:\/\/www.ull.es\/portal\/noticias\/?s={search_term_string}\"},\"query-input\":\"required name=search_term_string\"}],\"inLanguage\":\"es\"},{\"@type\":\"Person\",\"@id\":\"https:\/\/www.ull.es\/portal\/noticias\/#\/schema\/person\/b2b1a89d43ffa609e591f7df8ef3e817\",\"name\":\"gaprsa\",\"image\":{\"@type\":\"ImageObject\",\"inLanguage\":\"es\",\"@id\":\"https:\/\/www.ull.es\/portal\/noticias\/#\/schema\/person\/image\/\",\"url\":\"https:\/\/secure.gravatar.com\/avatar\/443820550921091458b4823867723b3d?s=96&d=mm&r=g\",\"contentUrl\":\"https:\/\/secure.gravatar.com\/avatar\/443820550921091458b4823867723b3d?s=96&d=mm&r=g\",\"caption\":\"gaprsa\"},\"url\":\"https:\/\/www.ull.es\/portal\/noticias\/author\/gaprsa\/\"}]}<\/script>\n<!-- \/ Yoast SEO plugin. -->","yoast_head_json":{"title":"El Servicio de Idiomas de la ULL acoge el segundo ciclo de cursos de verano - ULL - Noticias","robots":{"index":"index","follow":"follow","max-snippet":"max-snippet:-1","max-image-preview":"max-image-preview:large","max-video-preview":"max-video-preview:-1"},"canonical":"https:\/\/www.ull.es\/portal\/noticias\/2017\/servicio-idiomas-la-ull-acoge-segundo-ciclo-cursos-verano\/","og_locale":"es_ES","og_type":"article","og_title":"El Servicio de Idiomas de la ULL acoge el segundo ciclo de cursos de verano - ULL - Noticias","og_description":"Tras desarrollarse los primeros cursos de verano durante todo el mes de junio, el Servicio de Idiomas de la Universidad...","og_url":"https:\/\/www.ull.es\/portal\/noticias\/2017\/servicio-idiomas-la-ull-acoge-segundo-ciclo-cursos-verano\/","og_site_name":"ULL - Noticias","article_publisher":"https:\/\/www.facebook.com\/universidaddelalaguna\/","article_published_time":"2017-06-29T14:03:41+00:00","og_image":[{"width":1024,"height":683,"url":"https:\/\/www.ull.es\/portal\/noticias\/wp-content\/uploads\/sites\/13\/2017\/06\/Clase-Serv-Idiomas-07.jpg","type":"image\/jpeg"}],"author":"gaprsa","twitter_card":"summary_large_image","twitter_creator":"@CanalULL","twitter_site":"@CanalULL","twitter_misc":{"Escrito por":"gaprsa","Tiempo de lectura":"1 minuto"},"schema":{"@context":"https:\/\/schema.org","@graph":[{"@type":"WebPage","@id":"https:\/\/www.ull.es\/portal\/noticias\/2017\/servicio-idiomas-la-ull-acoge-segundo-ciclo-cursos-verano\/","url":"https:\/\/www.ull.es\/portal\/noticias\/2017\/servicio-idiomas-la-ull-acoge-segundo-ciclo-cursos-verano\/","name":"El Servicio de Idiomas de la ULL acoge el segundo ciclo de cursos de verano - ULL - Noticias","isPartOf":{"@id":"https:\/\/www.ull.es\/portal\/noticias\/#website"},"datePublished":"2017-06-29T14:03:41+00:00","dateModified":"2017-06-29T14:03:41+00:00","author":{"@id":"https:\/\/www.ull.es\/portal\/noticias\/#\/schema\/person\/b2b1a89d43ffa609e591f7df8ef3e817"},"breadcrumb":{"@id":"https:\/\/www.ull.es\/portal\/noticias\/2017\/servicio-idiomas-la-ull-acoge-segundo-ciclo-cursos-verano\/#breadcrumb"},"inLanguage":"es","potentialAction":[{"@type":"ReadAction","target":["https:\/\/www.ull.es\/portal\/noticias\/2017\/servicio-idiomas-la-ull-acoge-segundo-ciclo-cursos-verano\/"]}]},{"@type":"BreadcrumbList","@id":"https:\/\/www.ull.es\/portal\/noticias\/2017\/servicio-idiomas-la-ull-acoge-segundo-ciclo-cursos-verano\/#breadcrumb","itemListElement":[{"@type":"ListItem","position":1,"name":"Portada","item":"https:\/\/www.ull.es\/portal\/noticias\/"},{"@type":"ListItem","position":2,"name":"El Servicio de Idiomas de la ULL acoge el segundo ciclo de cursos de verano"}]},{"@type":"WebSite","@id":"https:\/\/www.ull.es\/portal\/noticias\/#website","url":"https:\/\/www.ull.es\/portal\/noticias\/","name":"ULL - Noticias","description":"","potentialAction":[{"@type":"SearchAction","target":{"@type":"EntryPoint","urlTemplate":"https:\/\/www.ull.es\/portal\/noticias\/?s={search_term_string}"},"query-input":"required name=search_term_string"}],"inLanguage":"es"},{"@type":"Person","@id":"https:\/\/www.ull.es\/portal\/noticias\/#\/schema\/person\/b2b1a89d43ffa609e591f7df8ef3e817","name":"gaprsa","image":{"@type":"ImageObject","inLanguage":"es","@id":"https:\/\/www.ull.es\/portal\/noticias\/#\/schema\/person\/image\/","url":"https:\/\/secure.gravatar.com\/avatar\/443820550921091458b4823867723b3d?s=96&d=mm&r=g","contentUrl":"https:\/\/secure.gravatar.com\/avatar\/443820550921091458b4823867723b3d?s=96&d=mm&r=g","caption":"gaprsa"},"url":"https:\/\/www.ull.es\/portal\/noticias\/author\/gaprsa\/"}]}},"primary_category":{"id":343,"name":"Alumnado","slug":"alumnado","link":"https:\/\/www.ull.es\/portal\/noticias\/category\/alumnado\/"},"featured_image_thumbnail_url":"https:\/\/www.ull.es\/portal\/noticias\/wp-content\/uploads\/sites\/13\/2017\/06\/Clase-Serv-Idiomas-07-300x200.jpg","_links":{"self":[{"href":"https:\/\/www.ull.es\/portal\/noticias\/wp-json\/wp\/v2\/posts\/32125"}],"collection":[{"href":"https:\/\/www.ull.es\/portal\/noticias\/wp-json\/wp\/v2\/posts"}],"about":[{"href":"https:\/\/www.ull.es\/portal\/noticias\/wp-json\/wp\/v2\/types\/post"}],"author":[{"embeddable":true,"href":"https:\/\/www.ull.es\/portal\/noticias\/wp-json\/wp\/v2\/users\/23"}],"replies":[{"embeddable":true,"href":"https:\/\/www.ull.es\/portal\/noticias\/wp-json\/wp\/v2\/comments?post=32125"}],"version-history":[{"count":2,"href":"https:\/\/www.ull.es\/portal\/noticias\/wp-json\/wp\/v2\/posts\/32125\/revisions"}],"predecessor-version":[{"id":32128,"href":"https:\/\/www.ull.es\/portal\/noticias\/wp-json\/wp\/v2\/posts\/32125\/revisions\/32128"}],"wp:featuredmedia":[{"embeddable":true,"href":"https:\/\/www.ull.es\/portal\/noticias\/wp-json\/wp\/v2\/media\/32127"}],"wp:attachment":[{"href":"https:\/\/www.ull.es\/portal\/noticias\/wp-json\/wp\/v2\/media?parent=32125"}],"wp:term":[{"taxonomy":"category","embeddable":true,"href":"https:\/\/www.ull.es\/portal\/noticias\/wp-json\/wp\/v2\/categories?post=32125"},{"taxonomy":"post_tag","embeddable":true,"href":"https:\/\/www.ull.es\/portal\/noticias\/wp-json\/wp\/v2\/tags?post=32125"}],"curies":[{"name":"wp","href":"https:\/\/api.w.org\/{rel}","templated":true}]}}