{"id":32150,"date":"2017-07-03T13:29:33","date_gmt":"2017-07-03T13:29:33","guid":{"rendered":"https:\/\/www.ull.es\/portal\/noticias\/?p=32150"},"modified":"2020-12-18T10:40:06","modified_gmt":"2020-12-18T10:40:06","slug":"instituto-estudios-las-mujeres-la-ull-analiza-la-integracion-genero-la-politica-cientifica-europea","status":"publish","type":"post","link":"https:\/\/www.ull.es\/portal\/noticias\/2017\/instituto-estudios-las-mujeres-la-ull-analiza-la-integracion-genero-la-politica-cientifica-europea\/","title":{"rendered":"El Instituto de Estudios de las Mujeres de la ULL analiza la integraci\u00f3n de g\u00e9nero en la pol\u00edtica cient\u00edfica europea"},"content":{"rendered":"<div id=\"attachment_32153\" style=\"width: 221px\" class=\"wp-caption alignleft\"><img aria-describedby=\"caption-attachment-32153\" decoding=\"async\" loading=\"lazy\" class=\"size-medium wp-image-32153\" src=\"https:\/\/www.ull.es\/portal\/noticias\/wp-content\/uploads\/sites\/13\/2017\/07\/seminario-investigacion-2017-211x300.jpg\" alt=\"\" width=\"211\" height=\"300\" srcset=\"https:\/\/www.ull.es\/portal\/noticias\/wp-content\/uploads\/sites\/13\/2017\/07\/seminario-investigacion-2017-211x300.jpg 211w, https:\/\/www.ull.es\/portal\/noticias\/wp-content\/uploads\/sites\/13\/2017\/07\/seminario-investigacion-2017-375x534.jpg 375w, https:\/\/www.ull.es\/portal\/noticias\/wp-content\/uploads\/sites\/13\/2017\/07\/seminario-investigacion-2017.jpg 620w\" sizes=\"(max-width: 211px) 100vw, 211px\" \/><p id=\"caption-attachment-32153\" class=\"wp-caption-text\">Cartel promocional<\/p><\/div>\n<p>El Instituto Universitario de Estudios de las Mujeres de la Universidad de La Laguna celebra ma\u00f1ana martes 4 de julio a las 11.30 horas un\u00a0seminario de investigaci\u00f3n en<strong>\u00a0<\/strong>el\u00a0sal\u00f3n de audiovisuales de la Secci\u00f3n de Filolog\u00eda acerca de la integraci\u00f3n del an\u00e1lisis de g\u00e9nero en la pol\u00edtica cient\u00edfica europea.<\/p>\n<p>La ponente principal ser\u00e1 Ana Puy Rodr\u00edguez, directora de la Unidad de Mujeres y Ciencia del Ministerio de Econom\u00eda, Industria y Competitividad, quien hablar\u00e1 de la integraci\u00f3n del an\u00e1lisis de g\u00e9nero en el marco del ERA (European Research Area) de H2020, y avanzar\u00e1 lo previsto para el pr\u00f3ximo programa marco.<\/p>\n<p>En 2012 la Comisi\u00f3n Europea se comprometi\u00f3 a promover la igualdad de g\u00e9nero y la integraci\u00f3n de la dimensi\u00f3n de g\u00e9nero en los programas y proyectos del Espacio Europeo de Investigaci\u00f3n. As\u00ed, Horizonte 2020 garantiza la promoci\u00f3n eficaz de la igualdad de hombres y mujeres y de la dimensi\u00f3n de g\u00e9nero en el contenido de la investigaci\u00f3n y la innovaci\u00f3n. Y m\u00e1s all\u00e1 de las medidas ya establecidas en H2020, en 2015 el ERA redacta su hoja de ruta 2015-2020, y establece que la\u00a0igualdad de g\u00e9nero y transversalidad de g\u00e9nero en la investigaci\u00f3n\u00a0es una de las seis prioridades del Espacio Europeo de Investigaci\u00f3n.<\/p>\n<p>Y para cumplir este objetivo, la l\u00ednea principal de actuaci\u00f3n para la prioridad 4 del ERA es la actuaci\u00f3n efectiva en los diferentes niveles de la pol\u00edtica cient\u00edfica para corregir estas situaciones (traducida en cambios legislativos europeos y nacionales). Adem\u00e1s, los diferentes organismos europeos y nacionales instan a las entidades que financian la investigaci\u00f3n a\u00a0ofrecer incentivos\u00a0para animar a los centros de investigaci\u00f3n, incluidas las universidades, a que revisen e impulsen estrategias de integraci\u00f3n de la perspectiva o dimensi\u00f3n de g\u00e9nero en los contenidos y programas de I+I y a movilizar los recursos adecuados para garantizar su aplicaci\u00f3n.<\/p>\n<p>Participan tambi\u00e9n en esta acci\u00f3n la directora del instituto anfitri\u00f3n, Inmaculada Perdomo, y la investigadora tambi\u00e9n de la ULL Sara Cuesta.<\/p>\n","protected":false},"excerpt":{"rendered":"<p>El Instituto Universitario de Estudios de las Mujeres de la Universidad de La Laguna celebra ma\u00f1ana martes 4 de julio&#8230;<\/p>\n","protected":false},"author":23,"featured_media":32153,"comment_status":"closed","ping_status":"closed","sticky":false,"template":"","format":"image","meta":{"inline_featured_image":false,"footnotes":""},"categories":[345,6857,350,2765],"tags":[3209,1422,1526],"acf":[],"yoast_head":"<!-- This site is optimized with the Yoast SEO plugin v21.3 - https:\/\/yoast.com\/wordpress\/plugins\/seo\/ -->\n<title>El Instituto de Estudios de las Mujeres de la ULL analiza la integraci\u00f3n de g\u00e9nero en la pol\u00edtica cient\u00edfica europea - ULL - Noticias<\/title>\n<meta name=\"description\" content=\"El Instituto Universitario de Estudios de las Mujeres de la ULL analiza en un seminario la integraci\u00f3n de g\u00e9nero en la pol\u00edtica cient\u00edfica europea\" \/>\n<meta name=\"robots\" content=\"index, follow, max-snippet:-1, max-image-preview:large, max-video-preview:-1\" \/>\n<link rel=\"canonical\" href=\"https:\/\/www.ull.es\/portal\/noticias\/2017\/instituto-estudios-las-mujeres-la-ull-analiza-la-integracion-genero-la-politica-cientifica-europea\/\" \/>\n<meta property=\"og:locale\" content=\"es_ES\" \/>\n<meta property=\"og:type\" content=\"article\" \/>\n<meta property=\"og:title\" content=\"El Instituto de Estudios de las Mujeres de la ULL analiza la integraci\u00f3n de g\u00e9nero en la pol\u00edtica cient\u00edfica europea - ULL - Noticias\" \/>\n<meta property=\"og:description\" content=\"El Instituto Universitario de Estudios de las Mujeres de la ULL analiza en un seminario la integraci\u00f3n de g\u00e9nero en la pol\u00edtica cient\u00edfica europea\" \/>\n<meta property=\"og:url\" content=\"https:\/\/www.ull.es\/portal\/noticias\/2017\/instituto-estudios-las-mujeres-la-ull-analiza-la-integracion-genero-la-politica-cientifica-europea\/\" \/>\n<meta property=\"og:site_name\" content=\"ULL - Noticias\" \/>\n<meta property=\"article:publisher\" content=\"https:\/\/www.facebook.com\/universidaddelalaguna\/\" \/>\n<meta property=\"article:published_time\" content=\"2017-07-03T13:29:33+00:00\" \/>\n<meta property=\"article:modified_time\" content=\"2020-12-18T10:40:06+00:00\" \/>\n<meta property=\"og:image\" content=\"https:\/\/www.ull.es\/portal\/noticias\/wp-content\/uploads\/sites\/13\/2017\/07\/seminario-investigacion-2017.jpg\" \/>\n\t<meta property=\"og:image:width\" content=\"620\" \/>\n\t<meta property=\"og:image:height\" content=\"883\" \/>\n\t<meta property=\"og:image:type\" content=\"image\/jpeg\" \/>\n<meta name=\"author\" content=\"gaprsa\" \/>\n<meta name=\"twitter:card\" content=\"summary_large_image\" \/>\n<meta name=\"twitter:creator\" content=\"@CanalULL\" \/>\n<meta name=\"twitter:site\" content=\"@CanalULL\" \/>\n<meta name=\"twitter:label1\" content=\"Escrito por\" \/>\n\t<meta name=\"twitter:data1\" content=\"gaprsa\" \/>\n\t<meta name=\"twitter:label2\" content=\"Tiempo de lectura\" \/>\n\t<meta name=\"twitter:data2\" content=\"2 minutos\" \/>\n<script type=\"application\/ld+json\" class=\"yoast-schema-graph\">{\"@context\":\"https:\/\/schema.org\",\"@graph\":[{\"@type\":\"WebPage\",\"@id\":\"https:\/\/www.ull.es\/portal\/noticias\/2017\/instituto-estudios-las-mujeres-la-ull-analiza-la-integracion-genero-la-politica-cientifica-europea\/\",\"url\":\"https:\/\/www.ull.es\/portal\/noticias\/2017\/instituto-estudios-las-mujeres-la-ull-analiza-la-integracion-genero-la-politica-cientifica-europea\/\",\"name\":\"El Instituto de Estudios de las Mujeres de la ULL analiza la integraci\u00f3n de g\u00e9nero en la pol\u00edtica cient\u00edfica europea - ULL - Noticias\",\"isPartOf\":{\"@id\":\"https:\/\/www.ull.es\/portal\/noticias\/#website\"},\"datePublished\":\"2017-07-03T13:29:33+00:00\",\"dateModified\":\"2020-12-18T10:40:06+00:00\",\"author\":{\"@id\":\"https:\/\/www.ull.es\/portal\/noticias\/#\/schema\/person\/b2b1a89d43ffa609e591f7df8ef3e817\"},\"description\":\"El Instituto Universitario de Estudios de las Mujeres de la ULL analiza en un seminario la integraci\u00f3n de g\u00e9nero en la pol\u00edtica cient\u00edfica europea\",\"breadcrumb\":{\"@id\":\"https:\/\/www.ull.es\/portal\/noticias\/2017\/instituto-estudios-las-mujeres-la-ull-analiza-la-integracion-genero-la-politica-cientifica-europea\/#breadcrumb\"},\"inLanguage\":\"es\",\"potentialAction\":[{\"@type\":\"ReadAction\",\"target\":[\"https:\/\/www.ull.es\/portal\/noticias\/2017\/instituto-estudios-las-mujeres-la-ull-analiza-la-integracion-genero-la-politica-cientifica-europea\/\"]}]},{\"@type\":\"BreadcrumbList\",\"@id\":\"https:\/\/www.ull.es\/portal\/noticias\/2017\/instituto-estudios-las-mujeres-la-ull-analiza-la-integracion-genero-la-politica-cientifica-europea\/#breadcrumb\",\"itemListElement\":[{\"@type\":\"ListItem\",\"position\":1,\"name\":\"Portada\",\"item\":\"https:\/\/www.ull.es\/portal\/noticias\/\"},{\"@type\":\"ListItem\",\"position\":2,\"name\":\"El Instituto de Estudios de las Mujeres de la ULL analiza la integraci\u00f3n de g\u00e9nero en la pol\u00edtica cient\u00edfica europea\"}]},{\"@type\":\"WebSite\",\"@id\":\"https:\/\/www.ull.es\/portal\/noticias\/#website\",\"url\":\"https:\/\/www.ull.es\/portal\/noticias\/\",\"name\":\"ULL - Noticias\",\"description\":\"\",\"potentialAction\":[{\"@type\":\"SearchAction\",\"target\":{\"@type\":\"EntryPoint\",\"urlTemplate\":\"https:\/\/www.ull.es\/portal\/noticias\/?s={search_term_string}\"},\"query-input\":\"required name=search_term_string\"}],\"inLanguage\":\"es\"},{\"@type\":\"Person\",\"@id\":\"https:\/\/www.ull.es\/portal\/noticias\/#\/schema\/person\/b2b1a89d43ffa609e591f7df8ef3e817\",\"name\":\"gaprsa\",\"image\":{\"@type\":\"ImageObject\",\"inLanguage\":\"es\",\"@id\":\"https:\/\/www.ull.es\/portal\/noticias\/#\/schema\/person\/image\/\",\"url\":\"https:\/\/secure.gravatar.com\/avatar\/443820550921091458b4823867723b3d?s=96&d=mm&r=g\",\"contentUrl\":\"https:\/\/secure.gravatar.com\/avatar\/443820550921091458b4823867723b3d?s=96&d=mm&r=g\",\"caption\":\"gaprsa\"},\"url\":\"https:\/\/www.ull.es\/portal\/noticias\/author\/gaprsa\/\"}]}<\/script>\n<!-- \/ Yoast SEO plugin. -->","yoast_head_json":{"title":"El Instituto de Estudios de las Mujeres de la ULL analiza la integraci\u00f3n de g\u00e9nero en la pol\u00edtica cient\u00edfica europea - ULL - Noticias","description":"El Instituto Universitario de Estudios de las Mujeres de la ULL analiza en un seminario la integraci\u00f3n de g\u00e9nero en la pol\u00edtica cient\u00edfica europea","robots":{"index":"index","follow":"follow","max-snippet":"max-snippet:-1","max-image-preview":"max-image-preview:large","max-video-preview":"max-video-preview:-1"},"canonical":"https:\/\/www.ull.es\/portal\/noticias\/2017\/instituto-estudios-las-mujeres-la-ull-analiza-la-integracion-genero-la-politica-cientifica-europea\/","og_locale":"es_ES","og_type":"article","og_title":"El Instituto de Estudios de las Mujeres de la ULL analiza la integraci\u00f3n de g\u00e9nero en la pol\u00edtica cient\u00edfica europea - ULL - Noticias","og_description":"El Instituto Universitario de Estudios de las Mujeres de la ULL analiza en un seminario la integraci\u00f3n de g\u00e9nero en la pol\u00edtica cient\u00edfica europea","og_url":"https:\/\/www.ull.es\/portal\/noticias\/2017\/instituto-estudios-las-mujeres-la-ull-analiza-la-integracion-genero-la-politica-cientifica-europea\/","og_site_name":"ULL - Noticias","article_publisher":"https:\/\/www.facebook.com\/universidaddelalaguna\/","article_published_time":"2017-07-03T13:29:33+00:00","article_modified_time":"2020-12-18T10:40:06+00:00","og_image":[{"width":620,"height":883,"url":"https:\/\/www.ull.es\/portal\/noticias\/wp-content\/uploads\/sites\/13\/2017\/07\/seminario-investigacion-2017.jpg","type":"image\/jpeg"}],"author":"gaprsa","twitter_card":"summary_large_image","twitter_creator":"@CanalULL","twitter_site":"@CanalULL","twitter_misc":{"Escrito por":"gaprsa","Tiempo de lectura":"2 minutos"},"schema":{"@context":"https:\/\/schema.org","@graph":[{"@type":"WebPage","@id":"https:\/\/www.ull.es\/portal\/noticias\/2017\/instituto-estudios-las-mujeres-la-ull-analiza-la-integracion-genero-la-politica-cientifica-europea\/","url":"https:\/\/www.ull.es\/portal\/noticias\/2017\/instituto-estudios-las-mujeres-la-ull-analiza-la-integracion-genero-la-politica-cientifica-europea\/","name":"El Instituto de Estudios de las Mujeres de la ULL analiza la integraci\u00f3n de g\u00e9nero en la pol\u00edtica cient\u00edfica europea - ULL - Noticias","isPartOf":{"@id":"https:\/\/www.ull.es\/portal\/noticias\/#website"},"datePublished":"2017-07-03T13:29:33+00:00","dateModified":"2020-12-18T10:40:06+00:00","author":{"@id":"https:\/\/www.ull.es\/portal\/noticias\/#\/schema\/person\/b2b1a89d43ffa609e591f7df8ef3e817"},"description":"El Instituto Universitario de Estudios de las Mujeres de la ULL analiza en un seminario la integraci\u00f3n de g\u00e9nero en la pol\u00edtica cient\u00edfica europea","breadcrumb":{"@id":"https:\/\/www.ull.es\/portal\/noticias\/2017\/instituto-estudios-las-mujeres-la-ull-analiza-la-integracion-genero-la-politica-cientifica-europea\/#breadcrumb"},"inLanguage":"es","potentialAction":[{"@type":"ReadAction","target":["https:\/\/www.ull.es\/portal\/noticias\/2017\/instituto-estudios-las-mujeres-la-ull-analiza-la-integracion-genero-la-politica-cientifica-europea\/"]}]},{"@type":"BreadcrumbList","@id":"https:\/\/www.ull.es\/portal\/noticias\/2017\/instituto-estudios-las-mujeres-la-ull-analiza-la-integracion-genero-la-politica-cientifica-europea\/#breadcrumb","itemListElement":[{"@type":"ListItem","position":1,"name":"Portada","item":"https:\/\/www.ull.es\/portal\/noticias\/"},{"@type":"ListItem","position":2,"name":"El Instituto de Estudios de las Mujeres de la ULL analiza la integraci\u00f3n de g\u00e9nero en la pol\u00edtica cient\u00edfica europea"}]},{"@type":"WebSite","@id":"https:\/\/www.ull.es\/portal\/noticias\/#website","url":"https:\/\/www.ull.es\/portal\/noticias\/","name":"ULL - Noticias","description":"","potentialAction":[{"@type":"SearchAction","target":{"@type":"EntryPoint","urlTemplate":"https:\/\/www.ull.es\/portal\/noticias\/?s={search_term_string}"},"query-input":"required name=search_term_string"}],"inLanguage":"es"},{"@type":"Person","@id":"https:\/\/www.ull.es\/portal\/noticias\/#\/schema\/person\/b2b1a89d43ffa609e591f7df8ef3e817","name":"gaprsa","image":{"@type":"ImageObject","inLanguage":"es","@id":"https:\/\/www.ull.es\/portal\/noticias\/#\/schema\/person\/image\/","url":"https:\/\/secure.gravatar.com\/avatar\/443820550921091458b4823867723b3d?s=96&d=mm&r=g","contentUrl":"https:\/\/secure.gravatar.com\/avatar\/443820550921091458b4823867723b3d?s=96&d=mm&r=g","caption":"gaprsa"},"url":"https:\/\/www.ull.es\/portal\/noticias\/author\/gaprsa\/"}]}},"primary_category":{"id":345,"name":"Destacado","slug":"destacado","link":"https:\/\/www.ull.es\/portal\/noticias\/category\/destacado\/"},"featured_image_thumbnail_url":"https:\/\/www.ull.es\/portal\/noticias\/wp-content\/uploads\/sites\/13\/2017\/07\/seminario-investigacion-2017-211x300.jpg","_links":{"self":[{"href":"https:\/\/www.ull.es\/portal\/noticias\/wp-json\/wp\/v2\/posts\/32150"}],"collection":[{"href":"https:\/\/www.ull.es\/portal\/noticias\/wp-json\/wp\/v2\/posts"}],"about":[{"href":"https:\/\/www.ull.es\/portal\/noticias\/wp-json\/wp\/v2\/types\/post"}],"author":[{"embeddable":true,"href":"https:\/\/www.ull.es\/portal\/noticias\/wp-json\/wp\/v2\/users\/23"}],"replies":[{"embeddable":true,"href":"https:\/\/www.ull.es\/portal\/noticias\/wp-json\/wp\/v2\/comments?post=32150"}],"version-history":[{"count":2,"href":"https:\/\/www.ull.es\/portal\/noticias\/wp-json\/wp\/v2\/posts\/32150\/revisions"}],"predecessor-version":[{"id":32154,"href":"https:\/\/www.ull.es\/portal\/noticias\/wp-json\/wp\/v2\/posts\/32150\/revisions\/32154"}],"wp:featuredmedia":[{"embeddable":true,"href":"https:\/\/www.ull.es\/portal\/noticias\/wp-json\/wp\/v2\/media\/32153"}],"wp:attachment":[{"href":"https:\/\/www.ull.es\/portal\/noticias\/wp-json\/wp\/v2\/media?parent=32150"}],"wp:term":[{"taxonomy":"category","embeddable":true,"href":"https:\/\/www.ull.es\/portal\/noticias\/wp-json\/wp\/v2\/categories?post=32150"},{"taxonomy":"post_tag","embeddable":true,"href":"https:\/\/www.ull.es\/portal\/noticias\/wp-json\/wp\/v2\/tags?post=32150"}],"curies":[{"name":"wp","href":"https:\/\/api.w.org\/{rel}","templated":true}]}}