{"id":32301,"date":"2017-07-11T11:51:35","date_gmt":"2017-07-11T11:51:35","guid":{"rendered":"https:\/\/www.ull.es\/portal\/noticias\/?p=32301"},"modified":"2017-07-11T11:51:35","modified_gmt":"2017-07-11T11:51:35","slug":"la-universidad-verano-adeje-profundizara-control-la-empresa-trabajador","status":"publish","type":"post","link":"https:\/\/www.ull.es\/portal\/noticias\/2017\/la-universidad-verano-adeje-profundizara-control-la-empresa-trabajador\/","title":{"rendered":"La Universidad de Verano de Adeje profundizar\u00e1 en el control de la empresa sobre el trabajador"},"content":{"rendered":"<p>Conocer los l\u00edmites que tienen las empresas en el control de sus trabajadores, analizar si los m\u00e9todos de vigilancia empleados por los empresarios respetan los derechos fundamentales del trabajador, y aclarar si estos pueden llegar a da\u00f1ar su salud son algunos de los asuntos que varios expertos y profesionales en la materia abordar\u00e1n del 19 al 21 de julio en la presente edici\u00f3n de la Universidad de Verano de Adeje.<\/p>\n<p><a href=\"http:\/\/www.adeje.es\/uva\/cursos-y-talleres\/3762-vigilancia-y-control-de-la-prestacin-laboral-atencin-especial-a-las-empresas-del-turismo\" target=\"_blank\" rel=\"noopener\">\u2018Vigilancia y control de la prestaci\u00f3n laboral: atenci\u00f3n especial a las empresas del turismo\u2019<\/a>, que forma parte de la programaci\u00f3n de la vig\u00e9simo quinta edici\u00f3n de la Universidad de Verano de Adeje, organizada por el Vicerrectorado de Relaciones con la Sociedad de la Universidad de La Laguna y el ayuntamiento adejero, abordar\u00e1 estas cuestiones centr\u00e1ndose en las empresas del sector tur\u00edstico.<\/p>\n<p>El seminario, que se dirige a estudiantes de Turismo, Derecho y Empresariales, se plantea como objetivo difundir cu\u00e1les son las implicaciones del uso de los m\u00e9todos de vigilancia sobre los trabajadores, especialmente en lo que respecta a la prevenci\u00f3n de posibles riesgos que pudieran afectar a la salud e integridad de las personas. En este sentido, es b\u00e1sico conocer el \u201cpapel limitador\u201d que puede ejercer el empresario sobre los derechos inalienables de los trabajadores y, sobre todo, las particularidades que tiene el trabajo que se realiza en las empresas del sector turismo.<\/p>\n<p>Dirigido por Sarai Rodr\u00edguez Gonz\u00e1lez, doctora en Derecho del Trabajo por la Universidad de La Laguna, el curso se desarrollar\u00e1 del 19 al 21 de julio en horario de ma\u00f1ana, y contar\u00e1 con especialistas que abordar\u00e1n estos asuntos desde un punto de vista jur\u00eddico, social, psicol\u00f3gico y pr\u00e1ctico, con ejemplos actuales que permitan al alumnado realizar an\u00e1lisis y diagn\u00f3sticos sobre los sistemas de vigilancia y control de la actividad laboral en las empresas.<\/p>\n<p><strong>\u00a0<\/strong><strong>Programa<\/strong><\/p>\n<p>La primera jornada comienza el mi\u00e9rcoles 19 de julio, a partir de las de 09.00 horas, con la charla \u00abLos distintos instrumentos de vigilancia y control de la actividad laboral de los trabajadores: ordenador, c\u00e1maras, telefon\u00eda m\u00f3vil\u2026\u00bb, impartida por la directora, Sarai Rodr\u00edguez Gonz\u00e1lez, para continuar con \u00abLos riesgos psicosociales derivados de la vigilancia y control empresariales\u00bb, a cargo de Luc\u00eda Dans \u00c1lvarez de Sotomayor, doctora en Derecho del Trabajo por la ULL.<\/p>\n<p>El jueves 20 de julio, de 09.00 a 12.00 horas, Juan Miguel D\u00edaz Rodr\u00edguez, profesor del Departamento de Derecho P\u00fablico y Privado de la ULL, abordar\u00e1 \u00abLa actuaci\u00f3n inspectora sobre los poderes empresariales de vigilancia y control\u00bb. De 12.00 a 14.00 horas, Pablo Segado Rodr\u00edguez, profesor de Derecho del Trabajo de la ULL, analizar\u00e1 \u00abLa vigilancia y control empresariales en el turismo: examen de la realidad del sector\u00bb.<\/p>\n<p>Las \u00faltimas ponencias, el viernes 21 de julio, se centrar\u00e1n en la prevenci\u00f3n de riesgos y en los derechos de los trabajadores. A las 09.00 horas, Sandra Fumero Dios, profesora de Derecho de la ULL, disertar\u00e1 sobre \u00abLa prevenci\u00f3n en el ejercicio de los poderes empresariales de vigilancia y control dirigida a evitar riesgos sobre la salud de los trabajadores\u00bb. A partir de las 12.00, Jos\u00e9 Luis Go\u00f1i Sein, catedr\u00e1tico del Derecho del Trabajo de la Universidad P\u00fablica de Navarra, cerrar\u00e1 el curso con su charla \u00abLos derechos inalienables del trabajador como l\u00edmite al control empresarial de la actividad laboral\u00bb.<\/p>\n<p>El seminario <a href=\"http:\/\/www.adeje.es\/uva\/cursos-y-talleres\/3762-vigilancia-y-control-de-la-prestacin-laboral-atencin-especial-a-las-empresas-del-turismo\" target=\"_blank\" rel=\"noopener\">\u2018Vigilancia y control de la prestaci\u00f3n laboral: atenci\u00f3n especial a las empresas del turismo\u2019<\/a> se enmarca en la programaci\u00f3n que la Universidad de Verano de Adeje ofrecer\u00e1 este a\u00f1o: un total de ocho cursos y catorce talleres cuyo periodo de matr\u00edcula contin\u00faa abierto.<\/p>\n","protected":false},"excerpt":{"rendered":"<p>Conocer los l\u00edmites que tienen las empresas en el control de sus trabajadores, analizar si los m\u00e9todos de vigilancia empleados&#8230;<\/p>\n","protected":false},"author":23,"featured_media":32213,"comment_status":"closed","ping_status":"closed","sticky":false,"template":"","format":"standard","meta":{"inline_featured_image":false,"footnotes":""},"categories":[344,345,2765],"tags":[],"acf":[],"yoast_head":"<!-- This site is optimized with the Yoast SEO plugin v21.3 - https:\/\/yoast.com\/wordpress\/plugins\/seo\/ -->\n<title>La Universidad de Verano de Adeje profundizar\u00e1 en el control de la empresa sobre el trabajador - ULL - Noticias<\/title>\n<meta name=\"robots\" content=\"index, follow, max-snippet:-1, max-image-preview:large, max-video-preview:-1\" \/>\n<link rel=\"canonical\" href=\"https:\/\/www.ull.es\/portal\/noticias\/2017\/la-universidad-verano-adeje-profundizara-control-la-empresa-trabajador\/\" \/>\n<meta property=\"og:locale\" content=\"es_ES\" \/>\n<meta property=\"og:type\" content=\"article\" \/>\n<meta property=\"og:title\" content=\"La Universidad de Verano de Adeje profundizar\u00e1 en el control de la empresa sobre el trabajador - ULL - Noticias\" \/>\n<meta property=\"og:description\" content=\"Conocer los l\u00edmites que tienen las empresas en el control de sus trabajadores, analizar si los m\u00e9todos de vigilancia empleados...\" \/>\n<meta property=\"og:url\" content=\"https:\/\/www.ull.es\/portal\/noticias\/2017\/la-universidad-verano-adeje-profundizara-control-la-empresa-trabajador\/\" \/>\n<meta property=\"og:site_name\" content=\"ULL - Noticias\" \/>\n<meta property=\"article:publisher\" content=\"https:\/\/www.facebook.com\/universidaddelalaguna\/\" \/>\n<meta property=\"article:published_time\" content=\"2017-07-11T11:51:35+00:00\" \/>\n<meta property=\"og:image\" content=\"https:\/\/www.ull.es\/portal\/noticias\/wp-content\/uploads\/sites\/13\/2017\/07\/adeje2.jpg\" \/>\n\t<meta property=\"og:image:width\" content=\"400\" \/>\n\t<meta property=\"og:image:height\" content=\"286\" \/>\n\t<meta property=\"og:image:type\" content=\"image\/jpeg\" \/>\n<meta name=\"author\" content=\"gaprsa\" \/>\n<meta name=\"twitter:card\" content=\"summary_large_image\" \/>\n<meta name=\"twitter:creator\" content=\"@CanalULL\" \/>\n<meta name=\"twitter:site\" content=\"@CanalULL\" \/>\n<meta name=\"twitter:label1\" content=\"Escrito por\" \/>\n\t<meta name=\"twitter:data1\" content=\"gaprsa\" \/>\n\t<meta name=\"twitter:label2\" content=\"Tiempo de lectura\" \/>\n\t<meta name=\"twitter:data2\" content=\"3 minutos\" \/>\n<script type=\"application\/ld+json\" class=\"yoast-schema-graph\">{\"@context\":\"https:\/\/schema.org\",\"@graph\":[{\"@type\":\"WebPage\",\"@id\":\"https:\/\/www.ull.es\/portal\/noticias\/2017\/la-universidad-verano-adeje-profundizara-control-la-empresa-trabajador\/\",\"url\":\"https:\/\/www.ull.es\/portal\/noticias\/2017\/la-universidad-verano-adeje-profundizara-control-la-empresa-trabajador\/\",\"name\":\"La Universidad de Verano de Adeje profundizar\u00e1 en el control de la empresa sobre el trabajador - ULL - Noticias\",\"isPartOf\":{\"@id\":\"https:\/\/www.ull.es\/portal\/noticias\/#website\"},\"datePublished\":\"2017-07-11T11:51:35+00:00\",\"dateModified\":\"2017-07-11T11:51:35+00:00\",\"author\":{\"@id\":\"https:\/\/www.ull.es\/portal\/noticias\/#\/schema\/person\/b2b1a89d43ffa609e591f7df8ef3e817\"},\"breadcrumb\":{\"@id\":\"https:\/\/www.ull.es\/portal\/noticias\/2017\/la-universidad-verano-adeje-profundizara-control-la-empresa-trabajador\/#breadcrumb\"},\"inLanguage\":\"es\",\"potentialAction\":[{\"@type\":\"ReadAction\",\"target\":[\"https:\/\/www.ull.es\/portal\/noticias\/2017\/la-universidad-verano-adeje-profundizara-control-la-empresa-trabajador\/\"]}]},{\"@type\":\"BreadcrumbList\",\"@id\":\"https:\/\/www.ull.es\/portal\/noticias\/2017\/la-universidad-verano-adeje-profundizara-control-la-empresa-trabajador\/#breadcrumb\",\"itemListElement\":[{\"@type\":\"ListItem\",\"position\":1,\"name\":\"Portada\",\"item\":\"https:\/\/www.ull.es\/portal\/noticias\/\"},{\"@type\":\"ListItem\",\"position\":2,\"name\":\"La Universidad de Verano de Adeje profundizar\u00e1 en el control de la empresa sobre el trabajador\"}]},{\"@type\":\"WebSite\",\"@id\":\"https:\/\/www.ull.es\/portal\/noticias\/#website\",\"url\":\"https:\/\/www.ull.es\/portal\/noticias\/\",\"name\":\"ULL - Noticias\",\"description\":\"\",\"potentialAction\":[{\"@type\":\"SearchAction\",\"target\":{\"@type\":\"EntryPoint\",\"urlTemplate\":\"https:\/\/www.ull.es\/portal\/noticias\/?s={search_term_string}\"},\"query-input\":\"required name=search_term_string\"}],\"inLanguage\":\"es\"},{\"@type\":\"Person\",\"@id\":\"https:\/\/www.ull.es\/portal\/noticias\/#\/schema\/person\/b2b1a89d43ffa609e591f7df8ef3e817\",\"name\":\"gaprsa\",\"image\":{\"@type\":\"ImageObject\",\"inLanguage\":\"es\",\"@id\":\"https:\/\/www.ull.es\/portal\/noticias\/#\/schema\/person\/image\/\",\"url\":\"https:\/\/secure.gravatar.com\/avatar\/443820550921091458b4823867723b3d?s=96&d=mm&r=g\",\"contentUrl\":\"https:\/\/secure.gravatar.com\/avatar\/443820550921091458b4823867723b3d?s=96&d=mm&r=g\",\"caption\":\"gaprsa\"},\"url\":\"https:\/\/www.ull.es\/portal\/noticias\/author\/gaprsa\/\"}]}<\/script>\n<!-- \/ Yoast SEO plugin. -->","yoast_head_json":{"title":"La Universidad de Verano de Adeje profundizar\u00e1 en el control de la empresa sobre el trabajador - ULL - Noticias","robots":{"index":"index","follow":"follow","max-snippet":"max-snippet:-1","max-image-preview":"max-image-preview:large","max-video-preview":"max-video-preview:-1"},"canonical":"https:\/\/www.ull.es\/portal\/noticias\/2017\/la-universidad-verano-adeje-profundizara-control-la-empresa-trabajador\/","og_locale":"es_ES","og_type":"article","og_title":"La Universidad de Verano de Adeje profundizar\u00e1 en el control de la empresa sobre el trabajador - ULL - Noticias","og_description":"Conocer los l\u00edmites que tienen las empresas en el control de sus trabajadores, analizar si los m\u00e9todos de vigilancia empleados...","og_url":"https:\/\/www.ull.es\/portal\/noticias\/2017\/la-universidad-verano-adeje-profundizara-control-la-empresa-trabajador\/","og_site_name":"ULL - Noticias","article_publisher":"https:\/\/www.facebook.com\/universidaddelalaguna\/","article_published_time":"2017-07-11T11:51:35+00:00","og_image":[{"width":400,"height":286,"url":"https:\/\/www.ull.es\/portal\/noticias\/wp-content\/uploads\/sites\/13\/2017\/07\/adeje2.jpg","type":"image\/jpeg"}],"author":"gaprsa","twitter_card":"summary_large_image","twitter_creator":"@CanalULL","twitter_site":"@CanalULL","twitter_misc":{"Escrito por":"gaprsa","Tiempo de lectura":"3 minutos"},"schema":{"@context":"https:\/\/schema.org","@graph":[{"@type":"WebPage","@id":"https:\/\/www.ull.es\/portal\/noticias\/2017\/la-universidad-verano-adeje-profundizara-control-la-empresa-trabajador\/","url":"https:\/\/www.ull.es\/portal\/noticias\/2017\/la-universidad-verano-adeje-profundizara-control-la-empresa-trabajador\/","name":"La Universidad de Verano de Adeje profundizar\u00e1 en el control de la empresa sobre el trabajador - ULL - Noticias","isPartOf":{"@id":"https:\/\/www.ull.es\/portal\/noticias\/#website"},"datePublished":"2017-07-11T11:51:35+00:00","dateModified":"2017-07-11T11:51:35+00:00","author":{"@id":"https:\/\/www.ull.es\/portal\/noticias\/#\/schema\/person\/b2b1a89d43ffa609e591f7df8ef3e817"},"breadcrumb":{"@id":"https:\/\/www.ull.es\/portal\/noticias\/2017\/la-universidad-verano-adeje-profundizara-control-la-empresa-trabajador\/#breadcrumb"},"inLanguage":"es","potentialAction":[{"@type":"ReadAction","target":["https:\/\/www.ull.es\/portal\/noticias\/2017\/la-universidad-verano-adeje-profundizara-control-la-empresa-trabajador\/"]}]},{"@type":"BreadcrumbList","@id":"https:\/\/www.ull.es\/portal\/noticias\/2017\/la-universidad-verano-adeje-profundizara-control-la-empresa-trabajador\/#breadcrumb","itemListElement":[{"@type":"ListItem","position":1,"name":"Portada","item":"https:\/\/www.ull.es\/portal\/noticias\/"},{"@type":"ListItem","position":2,"name":"La Universidad de Verano de Adeje profundizar\u00e1 en el control de la empresa sobre el trabajador"}]},{"@type":"WebSite","@id":"https:\/\/www.ull.es\/portal\/noticias\/#website","url":"https:\/\/www.ull.es\/portal\/noticias\/","name":"ULL - Noticias","description":"","potentialAction":[{"@type":"SearchAction","target":{"@type":"EntryPoint","urlTemplate":"https:\/\/www.ull.es\/portal\/noticias\/?s={search_term_string}"},"query-input":"required name=search_term_string"}],"inLanguage":"es"},{"@type":"Person","@id":"https:\/\/www.ull.es\/portal\/noticias\/#\/schema\/person\/b2b1a89d43ffa609e591f7df8ef3e817","name":"gaprsa","image":{"@type":"ImageObject","inLanguage":"es","@id":"https:\/\/www.ull.es\/portal\/noticias\/#\/schema\/person\/image\/","url":"https:\/\/secure.gravatar.com\/avatar\/443820550921091458b4823867723b3d?s=96&d=mm&r=g","contentUrl":"https:\/\/secure.gravatar.com\/avatar\/443820550921091458b4823867723b3d?s=96&d=mm&r=g","caption":"gaprsa"},"url":"https:\/\/www.ull.es\/portal\/noticias\/author\/gaprsa\/"}]}},"primary_category":{"id":345,"name":"Destacado","slug":"destacado","link":"https:\/\/www.ull.es\/portal\/noticias\/category\/destacado\/"},"featured_image_thumbnail_url":"https:\/\/www.ull.es\/portal\/noticias\/wp-content\/uploads\/sites\/13\/2017\/07\/adeje2-300x215.jpg","_links":{"self":[{"href":"https:\/\/www.ull.es\/portal\/noticias\/wp-json\/wp\/v2\/posts\/32301"}],"collection":[{"href":"https:\/\/www.ull.es\/portal\/noticias\/wp-json\/wp\/v2\/posts"}],"about":[{"href":"https:\/\/www.ull.es\/portal\/noticias\/wp-json\/wp\/v2\/types\/post"}],"author":[{"embeddable":true,"href":"https:\/\/www.ull.es\/portal\/noticias\/wp-json\/wp\/v2\/users\/23"}],"replies":[{"embeddable":true,"href":"https:\/\/www.ull.es\/portal\/noticias\/wp-json\/wp\/v2\/comments?post=32301"}],"version-history":[{"count":1,"href":"https:\/\/www.ull.es\/portal\/noticias\/wp-json\/wp\/v2\/posts\/32301\/revisions"}],"predecessor-version":[{"id":32302,"href":"https:\/\/www.ull.es\/portal\/noticias\/wp-json\/wp\/v2\/posts\/32301\/revisions\/32302"}],"wp:featuredmedia":[{"embeddable":true,"href":"https:\/\/www.ull.es\/portal\/noticias\/wp-json\/wp\/v2\/media\/32213"}],"wp:attachment":[{"href":"https:\/\/www.ull.es\/portal\/noticias\/wp-json\/wp\/v2\/media?parent=32301"}],"wp:term":[{"taxonomy":"category","embeddable":true,"href":"https:\/\/www.ull.es\/portal\/noticias\/wp-json\/wp\/v2\/categories?post=32301"},{"taxonomy":"post_tag","embeddable":true,"href":"https:\/\/www.ull.es\/portal\/noticias\/wp-json\/wp\/v2\/tags?post=32301"}],"curies":[{"name":"wp","href":"https:\/\/api.w.org\/{rel}","templated":true}]}}