{"id":32339,"date":"2017-07-12T12:13:23","date_gmt":"2017-07-12T12:13:23","guid":{"rendered":"https:\/\/www.ull.es\/portal\/noticias\/?p=32339"},"modified":"2017-07-12T13:58:30","modified_gmt":"2017-07-12T13:58:30","slug":"la-ull-acoge-la-clausura-la-cuarta-temporada-demola-canarias-tenerife","status":"publish","type":"post","link":"https:\/\/www.ull.es\/portal\/noticias\/2017\/la-ull-acoge-la-clausura-la-cuarta-temporada-demola-canarias-tenerife\/","title":{"rendered":"La ULL acoge la clausura de la cuarta temporada de DEMOLA Canarias en Tenerife"},"content":{"rendered":"<p><strong><img decoding=\"async\" loading=\"lazy\" class=\" wp-image-32340 alignleft\" src=\"https:\/\/www.ull.es\/portal\/noticias\/wp-content\/uploads\/sites\/13\/2017\/07\/demola-300x211.png\" alt=\"Demola\" width=\"382\" height=\"269\" srcset=\"https:\/\/www.ull.es\/portal\/noticias\/wp-content\/uploads\/sites\/13\/2017\/07\/demola-300x211.png 300w, https:\/\/www.ull.es\/portal\/noticias\/wp-content\/uploads\/sites\/13\/2017\/07\/demola-375x264.png 375w, https:\/\/www.ull.es\/portal\/noticias\/wp-content\/uploads\/sites\/13\/2017\/07\/demola.png 480w\" sizes=\"(max-width: 382px) 100vw, 382px\" \/><\/strong>El director de la Agencia Canaria de Investigaci\u00f3n, Innovaci\u00f3n y Sociedad de la Informaci\u00f3n del Gobierno de Canarias, Manuel Miranda, acompa\u00f1ado del subdirector de Posgrado de la Universidad de La Laguna, Francisco Javier Ramos, clausuran ma\u00f1ana, jueves 13 de julio, la cuarta temporada de DEMOLA Canarias en la jornada denominada \u2018DEMOLA Final Pitch\u2019. El evento reunir\u00e1 a los equipos de universitarios que han desarrollado las innovaciones junto a los responsables de las entidades que formularon los siete retos abordados en esta edici\u00f3n.<\/p>\n<p>Tras la sesi\u00f3n de apertura, que tendr\u00e1 lugar a las\u00a012 horas, el programa del acto prev\u00e9 una\u00a0presentaci\u00f3n\u00a0de DEMOLA Canarias\u00a0a cargo del director de la ACIISI,\u00a0Manuel Miranda, y a continuaci\u00f3n, las\u00a0presentaciones de los siete proyectos desarrollados\u00a0por los alumnos; y posteriormente se proceder\u00e1 a la\u00a0entrega de los diplomas\u00a0y a la\u00a0clausura\u00a0de esta 4\u00aa edici\u00f3n de la iniciativa DEMOLA.\u00a0El evento ser\u00e1 retransmitido en directo -v\u00eda streaming- a trav\u00e9s de la web <a href=\"http:\/\/ullmedia.ull.es\/servicios\/streaming\/\" target=\"_blank\" rel=\"noopener\">http:\/\/ullmedia.ull.es\/servicios\/streaming\/<\/a>.<\/p>\n<p>Los grupos multidisciplinares de estudiantes de la ULL participantes en esta convocatoria, expondr\u00e1n sus \u2018demos\u2019 en presentaciones cortas de tres minutos de duraci\u00f3n. Los retos han sido planteados por las empresas Atecresa (Community 360\u00ba), Celg\u00e1n y Brinergy (Objetivo Vertido Cero), TITSA (Infoparadas y Educando sobre ruedas), Ecobertura\u00a0(Naturalmente atrapado. Agricultura sostenible del siglo XXI), Hotel Jard\u00edn Tecina (Clientes felices las 24 horas en La Gomera) e ITOP (No s\u00f3lo trabajo).<\/p>\n<p>DEMOLA Canarias\u00a0funciona desde el 2015 con un formato colaborativo entre universidad y empresa para fomentar un ecosistema de innovaci\u00f3n eficiente en las Islas, y est\u00e1 promovido por la Consejer\u00eda de Econom\u00eda, Industria, Comercio y Conocimiento del Gobierno de Canarias -a trav\u00e9s de la Agencia Canaria de Investigaci\u00f3n, Innovaci\u00f3n y Sociedad de la Informaci\u00f3n (ACIISI)-, con la colaboraci\u00f3n de las dos universidades p\u00fablicas de Canarias, ULL y ULPGC, con el objetivo de resolver problemas reales aprovechando el talento acad\u00e9mico.<\/p>\n<p>DEMOLA opera a trav\u00e9s de una red internacional de operadores que se extiende a lo largo de 14 pa\u00edses de Europa, \u00c1frica y Latinoam\u00e9rica, y aplica una metodolog\u00eda de innovaci\u00f3n abierta surgida en el seno de centros universitarios de Tampere, en Finlandia.<\/p>\n<p>(Nota cedida por la ACIISI)<\/p>\n","protected":false},"excerpt":{"rendered":"<p>El director de la Agencia Canaria de Investigaci\u00f3n, Innovaci\u00f3n y Sociedad de la Informaci\u00f3n del Gobierno de Canarias, Manuel Miranda,&#8230;<\/p>\n","protected":false},"author":21,"featured_media":32340,"comment_status":"closed","ping_status":"closed","sticky":false,"template":"","format":"image","meta":{"inline_featured_image":false,"footnotes":""},"categories":[345,348,2752,2753,2754,2765],"tags":[376,994],"acf":[],"yoast_head":"<!-- This site is optimized with the Yoast SEO plugin v21.3 - https:\/\/yoast.com\/wordpress\/plugins\/seo\/ -->\n<title>La ULL acoge la clausura de la cuarta temporada de DEMOLA Canarias en Tenerife - ULL - Noticias<\/title>\n<meta name=\"description\" content=\"La clausura re\u00fane a los equipos de universitarios que desarrollaron las innovaciones junto a las entidades que formularon los siete retos abordados.\" \/>\n<meta name=\"robots\" content=\"index, follow, max-snippet:-1, max-image-preview:large, max-video-preview:-1\" \/>\n<link rel=\"canonical\" href=\"https:\/\/www.ull.es\/portal\/noticias\/2017\/la-ull-acoge-la-clausura-la-cuarta-temporada-demola-canarias-tenerife\/\" \/>\n<meta property=\"og:locale\" content=\"es_ES\" \/>\n<meta property=\"og:type\" content=\"article\" \/>\n<meta property=\"og:title\" content=\"La ULL acoge la clausura de la cuarta temporada de DEMOLA Canarias en Tenerife - ULL - Noticias\" \/>\n<meta property=\"og:description\" content=\"La clausura re\u00fane a los equipos de universitarios que desarrollaron las innovaciones junto a las entidades que formularon los siete retos abordados.\" \/>\n<meta property=\"og:url\" content=\"https:\/\/www.ull.es\/portal\/noticias\/2017\/la-ull-acoge-la-clausura-la-cuarta-temporada-demola-canarias-tenerife\/\" \/>\n<meta property=\"og:site_name\" content=\"ULL - Noticias\" \/>\n<meta property=\"article:publisher\" content=\"https:\/\/www.facebook.com\/universidaddelalaguna\/\" \/>\n<meta property=\"article:published_time\" content=\"2017-07-12T12:13:23+00:00\" \/>\n<meta property=\"article:modified_time\" content=\"2017-07-12T13:58:30+00:00\" \/>\n<meta property=\"og:image\" content=\"https:\/\/www.ull.es\/portal\/noticias\/wp-content\/uploads\/sites\/13\/2017\/07\/demola.png\" \/>\n\t<meta property=\"og:image:width\" content=\"480\" \/>\n\t<meta property=\"og:image:height\" content=\"338\" \/>\n\t<meta property=\"og:image:type\" content=\"image\/png\" \/>\n<meta name=\"author\" content=\"prensa2\" \/>\n<meta name=\"twitter:card\" content=\"summary_large_image\" \/>\n<meta name=\"twitter:creator\" content=\"@CanalULL\" \/>\n<meta name=\"twitter:site\" content=\"@CanalULL\" \/>\n<meta name=\"twitter:label1\" content=\"Escrito por\" \/>\n\t<meta name=\"twitter:data1\" content=\"prensa2\" \/>\n\t<meta name=\"twitter:label2\" content=\"Tiempo de lectura\" \/>\n\t<meta name=\"twitter:data2\" content=\"2 minutos\" \/>\n<script type=\"application\/ld+json\" class=\"yoast-schema-graph\">{\"@context\":\"https:\/\/schema.org\",\"@graph\":[{\"@type\":\"WebPage\",\"@id\":\"https:\/\/www.ull.es\/portal\/noticias\/2017\/la-ull-acoge-la-clausura-la-cuarta-temporada-demola-canarias-tenerife\/\",\"url\":\"https:\/\/www.ull.es\/portal\/noticias\/2017\/la-ull-acoge-la-clausura-la-cuarta-temporada-demola-canarias-tenerife\/\",\"name\":\"La ULL acoge la clausura de la cuarta temporada de DEMOLA Canarias en Tenerife - ULL - Noticias\",\"isPartOf\":{\"@id\":\"https:\/\/www.ull.es\/portal\/noticias\/#website\"},\"datePublished\":\"2017-07-12T12:13:23+00:00\",\"dateModified\":\"2017-07-12T13:58:30+00:00\",\"author\":{\"@id\":\"https:\/\/www.ull.es\/portal\/noticias\/#\/schema\/person\/c3b2aa857797592927a03740d6664376\"},\"description\":\"La clausura re\u00fane a los equipos de universitarios que desarrollaron las innovaciones junto a las entidades que formularon los siete retos abordados.\",\"breadcrumb\":{\"@id\":\"https:\/\/www.ull.es\/portal\/noticias\/2017\/la-ull-acoge-la-clausura-la-cuarta-temporada-demola-canarias-tenerife\/#breadcrumb\"},\"inLanguage\":\"es\",\"potentialAction\":[{\"@type\":\"ReadAction\",\"target\":[\"https:\/\/www.ull.es\/portal\/noticias\/2017\/la-ull-acoge-la-clausura-la-cuarta-temporada-demola-canarias-tenerife\/\"]}]},{\"@type\":\"BreadcrumbList\",\"@id\":\"https:\/\/www.ull.es\/portal\/noticias\/2017\/la-ull-acoge-la-clausura-la-cuarta-temporada-demola-canarias-tenerife\/#breadcrumb\",\"itemListElement\":[{\"@type\":\"ListItem\",\"position\":1,\"name\":\"Portada\",\"item\":\"https:\/\/www.ull.es\/portal\/noticias\/\"},{\"@type\":\"ListItem\",\"position\":2,\"name\":\"La ULL acoge la clausura de la cuarta temporada de DEMOLA Canarias en Tenerife\"}]},{\"@type\":\"WebSite\",\"@id\":\"https:\/\/www.ull.es\/portal\/noticias\/#website\",\"url\":\"https:\/\/www.ull.es\/portal\/noticias\/\",\"name\":\"ULL - Noticias\",\"description\":\"\",\"potentialAction\":[{\"@type\":\"SearchAction\",\"target\":{\"@type\":\"EntryPoint\",\"urlTemplate\":\"https:\/\/www.ull.es\/portal\/noticias\/?s={search_term_string}\"},\"query-input\":\"required name=search_term_string\"}],\"inLanguage\":\"es\"},{\"@type\":\"Person\",\"@id\":\"https:\/\/www.ull.es\/portal\/noticias\/#\/schema\/person\/c3b2aa857797592927a03740d6664376\",\"name\":\"prensa2\",\"image\":{\"@type\":\"ImageObject\",\"inLanguage\":\"es\",\"@id\":\"https:\/\/www.ull.es\/portal\/noticias\/#\/schema\/person\/image\/\",\"url\":\"https:\/\/secure.gravatar.com\/avatar\/b58f310a5de5feb33d1e026d2493f23c?s=96&d=mm&r=g\",\"contentUrl\":\"https:\/\/secure.gravatar.com\/avatar\/b58f310a5de5feb33d1e026d2493f23c?s=96&d=mm&r=g\",\"caption\":\"prensa2\"},\"url\":\"https:\/\/www.ull.es\/portal\/noticias\/author\/prensa2\/\"}]}<\/script>\n<!-- \/ Yoast SEO plugin. -->","yoast_head_json":{"title":"La ULL acoge la clausura de la cuarta temporada de DEMOLA Canarias en Tenerife - ULL - Noticias","description":"La clausura re\u00fane a los equipos de universitarios que desarrollaron las innovaciones junto a las entidades que formularon los siete retos abordados.","robots":{"index":"index","follow":"follow","max-snippet":"max-snippet:-1","max-image-preview":"max-image-preview:large","max-video-preview":"max-video-preview:-1"},"canonical":"https:\/\/www.ull.es\/portal\/noticias\/2017\/la-ull-acoge-la-clausura-la-cuarta-temporada-demola-canarias-tenerife\/","og_locale":"es_ES","og_type":"article","og_title":"La ULL acoge la clausura de la cuarta temporada de DEMOLA Canarias en Tenerife - ULL - Noticias","og_description":"La clausura re\u00fane a los equipos de universitarios que desarrollaron las innovaciones junto a las entidades que formularon los siete retos abordados.","og_url":"https:\/\/www.ull.es\/portal\/noticias\/2017\/la-ull-acoge-la-clausura-la-cuarta-temporada-demola-canarias-tenerife\/","og_site_name":"ULL - Noticias","article_publisher":"https:\/\/www.facebook.com\/universidaddelalaguna\/","article_published_time":"2017-07-12T12:13:23+00:00","article_modified_time":"2017-07-12T13:58:30+00:00","og_image":[{"width":480,"height":338,"url":"https:\/\/www.ull.es\/portal\/noticias\/wp-content\/uploads\/sites\/13\/2017\/07\/demola.png","type":"image\/png"}],"author":"prensa2","twitter_card":"summary_large_image","twitter_creator":"@CanalULL","twitter_site":"@CanalULL","twitter_misc":{"Escrito por":"prensa2","Tiempo de lectura":"2 minutos"},"schema":{"@context":"https:\/\/schema.org","@graph":[{"@type":"WebPage","@id":"https:\/\/www.ull.es\/portal\/noticias\/2017\/la-ull-acoge-la-clausura-la-cuarta-temporada-demola-canarias-tenerife\/","url":"https:\/\/www.ull.es\/portal\/noticias\/2017\/la-ull-acoge-la-clausura-la-cuarta-temporada-demola-canarias-tenerife\/","name":"La ULL acoge la clausura de la cuarta temporada de DEMOLA Canarias en Tenerife - ULL - Noticias","isPartOf":{"@id":"https:\/\/www.ull.es\/portal\/noticias\/#website"},"datePublished":"2017-07-12T12:13:23+00:00","dateModified":"2017-07-12T13:58:30+00:00","author":{"@id":"https:\/\/www.ull.es\/portal\/noticias\/#\/schema\/person\/c3b2aa857797592927a03740d6664376"},"description":"La clausura re\u00fane a los equipos de universitarios que desarrollaron las innovaciones junto a las entidades que formularon los siete retos abordados.","breadcrumb":{"@id":"https:\/\/www.ull.es\/portal\/noticias\/2017\/la-ull-acoge-la-clausura-la-cuarta-temporada-demola-canarias-tenerife\/#breadcrumb"},"inLanguage":"es","potentialAction":[{"@type":"ReadAction","target":["https:\/\/www.ull.es\/portal\/noticias\/2017\/la-ull-acoge-la-clausura-la-cuarta-temporada-demola-canarias-tenerife\/"]}]},{"@type":"BreadcrumbList","@id":"https:\/\/www.ull.es\/portal\/noticias\/2017\/la-ull-acoge-la-clausura-la-cuarta-temporada-demola-canarias-tenerife\/#breadcrumb","itemListElement":[{"@type":"ListItem","position":1,"name":"Portada","item":"https:\/\/www.ull.es\/portal\/noticias\/"},{"@type":"ListItem","position":2,"name":"La ULL acoge la clausura de la cuarta temporada de DEMOLA Canarias en Tenerife"}]},{"@type":"WebSite","@id":"https:\/\/www.ull.es\/portal\/noticias\/#website","url":"https:\/\/www.ull.es\/portal\/noticias\/","name":"ULL - Noticias","description":"","potentialAction":[{"@type":"SearchAction","target":{"@type":"EntryPoint","urlTemplate":"https:\/\/www.ull.es\/portal\/noticias\/?s={search_term_string}"},"query-input":"required name=search_term_string"}],"inLanguage":"es"},{"@type":"Person","@id":"https:\/\/www.ull.es\/portal\/noticias\/#\/schema\/person\/c3b2aa857797592927a03740d6664376","name":"prensa2","image":{"@type":"ImageObject","inLanguage":"es","@id":"https:\/\/www.ull.es\/portal\/noticias\/#\/schema\/person\/image\/","url":"https:\/\/secure.gravatar.com\/avatar\/b58f310a5de5feb33d1e026d2493f23c?s=96&d=mm&r=g","contentUrl":"https:\/\/secure.gravatar.com\/avatar\/b58f310a5de5feb33d1e026d2493f23c?s=96&d=mm&r=g","caption":"prensa2"},"url":"https:\/\/www.ull.es\/portal\/noticias\/author\/prensa2\/"}]}},"primary_category":{"id":348,"name":"Instituci\u00f3n","slug":"institucion","link":"https:\/\/www.ull.es\/portal\/noticias\/category\/institucion\/"},"featured_image_thumbnail_url":"https:\/\/www.ull.es\/portal\/noticias\/wp-content\/uploads\/sites\/13\/2017\/07\/demola-300x211.png","_links":{"self":[{"href":"https:\/\/www.ull.es\/portal\/noticias\/wp-json\/wp\/v2\/posts\/32339"}],"collection":[{"href":"https:\/\/www.ull.es\/portal\/noticias\/wp-json\/wp\/v2\/posts"}],"about":[{"href":"https:\/\/www.ull.es\/portal\/noticias\/wp-json\/wp\/v2\/types\/post"}],"author":[{"embeddable":true,"href":"https:\/\/www.ull.es\/portal\/noticias\/wp-json\/wp\/v2\/users\/21"}],"replies":[{"embeddable":true,"href":"https:\/\/www.ull.es\/portal\/noticias\/wp-json\/wp\/v2\/comments?post=32339"}],"version-history":[{"count":1,"href":"https:\/\/www.ull.es\/portal\/noticias\/wp-json\/wp\/v2\/posts\/32339\/revisions"}],"predecessor-version":[{"id":32341,"href":"https:\/\/www.ull.es\/portal\/noticias\/wp-json\/wp\/v2\/posts\/32339\/revisions\/32341"}],"wp:featuredmedia":[{"embeddable":true,"href":"https:\/\/www.ull.es\/portal\/noticias\/wp-json\/wp\/v2\/media\/32340"}],"wp:attachment":[{"href":"https:\/\/www.ull.es\/portal\/noticias\/wp-json\/wp\/v2\/media?parent=32339"}],"wp:term":[{"taxonomy":"category","embeddable":true,"href":"https:\/\/www.ull.es\/portal\/noticias\/wp-json\/wp\/v2\/categories?post=32339"},{"taxonomy":"post_tag","embeddable":true,"href":"https:\/\/www.ull.es\/portal\/noticias\/wp-json\/wp\/v2\/tags?post=32339"}],"curies":[{"name":"wp","href":"https:\/\/api.w.org\/{rel}","templated":true}]}}