{"id":32359,"date":"2017-07-13T13:45:53","date_gmt":"2017-07-13T13:45:53","guid":{"rendered":"https:\/\/www.ull.es\/portal\/noticias\/?p=32359"},"modified":"2017-07-13T13:45:53","modified_gmt":"2017-07-13T13:45:53","slug":"cierre-demola-canarias-ull","status":"publish","type":"post","link":"https:\/\/www.ull.es\/portal\/noticias\/2017\/cierre-demola-canarias-ull\/","title":{"rendered":"Culmina con \u00e9xito la cuarta temporada de DEMOLA Canarias en la Universidad de La Laguna"},"content":{"rendered":"<p>Este jueves, 13 de julio, el director de la Agencia Canaria de Investigaci\u00f3n, Innovaci\u00f3n y Sociedad de la Informaci\u00f3n, Manuel Miranda, clausur\u00f3 junto con el subdirector de Posgrado de la Universidad de La Laguna, Francisco Javier Ramos, la Cuarta Temporada de DEMOLA Canarias, una iniciativa promovida por la Consejer\u00eda de Econom\u00eda, Industria, Comercio y Conocimiento del Gobierno de Canarias que fomenta la innovaci\u00f3n colaborativa entre la universidad y el mundo laboral.<\/p>\n<p style=\"text-align: center\">(<a href=\"https:\/\/drive.google.com\/drive\/folders\/0ByhUAssUPg43eEZvLW9kM2NWYlk?usp=sharing\" target=\"_blank\" rel=\"noopener\" target=\"_blank\" rel=\"noopener\"><strong>Ver galer\u00eda de im\u00e1genes<\/strong><\/a>)<\/p>\n<p>Este programa conecta el talento universitario con el mundo empresarial favoreciendo un proceso colaborativo que impulsa la innovaci\u00f3n a trav\u00e9s de la co-creaci\u00f3n de soluciones \u2018a medida ante demandas concretas. En este sentido, Manuel Mirada manifest\u00f3 que \u00abDEMOLA Canarias refuerza la alianza por la innovaci\u00f3n entre universidad y empresa en el Archipi\u00e9lago y se presenta como un programa impulsor del ecosistema innovador que se consolida en Canarias\u00bb.<\/p>\n<p>\u00abDEMOLA Canarias sigue creciendo en n\u00famero de retos abordados y alumnos participantes en cada edici\u00f3n, alcanzando un total de 46 proyectos y cerca de doscientos universitarios implicados a lo largo de sus cuatro convocatorias en el conjunto de la regi\u00f3n. En la edici\u00f3n que nos ocupa, la m\u00e1s fruct\u00edfera de todas, se han atendido 15 retos -6 en Tenerife, 8 en Gran Canaria y 1 en La Gomera- y han participado 66 universitarios de diferentes disciplinas de la Universidad de La Laguna (ULL) y de la Universidad de Las Palmas de Gran Canaria (ULPGC)\u00bb, especific\u00f3 el director de la Agencia Canaria de Investigaci\u00f3n, Innovaci\u00f3n y Sociedad de la Informaci\u00f3n, Manuel Miranda.<\/p>\n<p>El subdirector de Posgrado de la Universidad de La Laguna, Francisco Javier Ramos Real, alab\u00f3 el sistema de trabajo propuesto por DEMOLA Canarias porque, por un lado, fomenta la innovaci\u00f3n del alumnado al obligarle a afrontar un problema real y, por otro, propicia el trabajo interdisciplinar, dado que la resoluci\u00f3n de los desaf\u00edos planteados requiere la colaboraci\u00f3n coordinada de personas de diferentes disciplinas. Adem\u00e1s, consider\u00f3 muy positivo el hecho de que este programa favorezca el trabajo en grupo y, en su opini\u00f3n, servir\u00e1 para afianzar las dotes de liderazgo de los estudiantes participantes.<\/p>\n<p>En el acto de clausura de la cuarta temporada DEMOLA en la provincia de Santa Cruz de Tenerife, celebrado en la Facultad de Econom\u00eda, Empresa y Turismo de la ULL, los grupos de universitarios expusieron las \u2018demos\u2019 de las innovaciones que han desarrollado para los siete retos propuestos por las empresas Atecresa\u00a0(comunidad de usuarios del software), Celg\u00e1n y Brinergy (valorizaci\u00f3n de vertidos producidos en la industria l\u00e1ctea), TITSA (sistema de informaci\u00f3n del servicio y paradas; soluci\u00f3n para concienciaci\u00f3n y fomento del uso del transporte p\u00fablico), Ecobertura\u00a0(alternativas sostenibles al uso de fitosanitarios en la agricultura), ITOP (retenci\u00f3n y atracci\u00f3n de talento en Canarias) y Hotel Jard\u00edn Tecina (Clientes felices las 24 horas en La Gomera).<\/p>\n<p>Estos proyectos son el resultado de la actividad de difusi\u00f3n y facilitadora realizada por los profesionales del Instituto Tecnol\u00f3gico de Canarias que act\u00faa como operador DEMOLA por encomienda de la ACIISI, en las Islas. En esta temporada que ahora finaliza -marzo a julio de 2017- se ha contactado a m\u00e1s de 25 empresas y organizaciones y se han impartido alrededor de unas 30 charlas para la captaci\u00f3n de alumnos en las aulas, alcanzando cerca de medio centenar de alumnos registrados, 30 de los cuales pasaron a formar parte de los equipos multidisciplinares en esta edici\u00f3n.<\/p>\n<p><strong>DEMOLA Canarias<\/strong><\/p>\n<p>DEMOLA es un modelo de innovaci\u00f3n abierta nacido en Finlandia y extendido a 14 pa\u00edses de Europa, \u00c1frica y Lationam\u00e9rica a trav\u00e9s de una red internacional de operadores. Implantado en Canarias desde 2015, el programa tiene el objetivo de fomentar la cultura innovadora en el Archipi\u00e9lago, conectando la Universidad, principal centro de conocimiento, con los sectores productivos de las Islas, para desarrollar soluciones a medida de las necesidades de empresas y organizaciones, y tambi\u00e9n instituciones p\u00fablicas, que deseen explorar nuevas oportunidades de mejora junto con un equipo multidisciplinar de j\u00f3venes talentos.<\/p>\n<p>La Consejer\u00eda de Econom\u00eda, Industria, Comercio y Conocimiento -a trav\u00e9s de la Agencia Canaria de Investigaci\u00f3n, Innovaci\u00f3n y Sociedad de la Informaci\u00f3n- persigue afianzar el ecosistema innovador en las Islas y, para ello, apuesta por la consolidaci\u00f3n de DEMOLA como instrumento para alcanzar ese fin.<\/p>\n<p>La presentaci\u00f3n final de resultados y clausura de la cuarta temporada de DEMOLA Canarias en la provincia de Las Palmas tendr\u00e1 lugar el viernes, 21 de julio, a las 12:00 horas, en el Aula de Piedra de la Universidad de Las Palmas de Gran Canaria (ULPGC). En esta ocasi\u00f3n, los alumnos de la ULPGC presentar\u00e1n las &#8216;demo&#8217; que han trabajado para dar respuesta a los retos de Canaragua, Viajes Insular, Cornisa del Suroeste, AEI Turismo Innova Gran Canaria, Fundaci\u00f3n Mapfre Guanarteme, Velorcios, Capross y Demoliciones, Desamiantados y Descontaminaci\u00f3n-3D.<\/p>\n<p>(Nota cedida por la ACIISI)<\/p>\n","protected":false},"excerpt":{"rendered":"<p>Siete equipos de estudiantes de la ULL expusieron las soluciones a los retos propuestos por Celg\u00e1n, Brinergy, Ecobertura, Atecresa, TITSA, Itop y Hotel Jard\u00edn Tecina.<\/p>\n","protected":false},"author":21,"featured_media":32360,"comment_status":"closed","ping_status":"closed","sticky":false,"template":"","format":"standard","meta":{"inline_featured_image":false,"footnotes":""},"categories":[345,350,2753,2755,2754,2765],"tags":[376,994],"acf":[],"yoast_head":"<!-- This site is optimized with the Yoast SEO plugin v21.3 - https:\/\/yoast.com\/wordpress\/plugins\/seo\/ -->\n<title>Culmina con \u00e9xito la cuarta temporada de DEMOLA Canarias en la Universidad de La Laguna - ULL - Noticias<\/title>\n<meta name=\"description\" content=\"En la clausura de DEMOLA en la ULL los grupos de universitarios expusieron las demos de las innovaciones desarrolladas para los siete retos propuestos.\" \/>\n<meta name=\"robots\" content=\"index, follow, max-snippet:-1, max-image-preview:large, max-video-preview:-1\" \/>\n<link rel=\"canonical\" href=\"https:\/\/www.ull.es\/portal\/noticias\/2017\/cierre-demola-canarias-ull\/\" \/>\n<meta property=\"og:locale\" content=\"es_ES\" \/>\n<meta property=\"og:type\" content=\"article\" \/>\n<meta property=\"og:title\" content=\"Culmina con \u00e9xito la cuarta temporada de DEMOLA Canarias en la Universidad de La Laguna - ULL - Noticias\" \/>\n<meta property=\"og:description\" content=\"En la clausura de DEMOLA en la ULL los grupos de universitarios expusieron las demos de las innovaciones desarrolladas para los siete retos propuestos.\" \/>\n<meta property=\"og:url\" content=\"https:\/\/www.ull.es\/portal\/noticias\/2017\/cierre-demola-canarias-ull\/\" \/>\n<meta property=\"og:site_name\" content=\"ULL - Noticias\" \/>\n<meta property=\"article:publisher\" content=\"https:\/\/www.facebook.com\/universidaddelalaguna\/\" \/>\n<meta property=\"article:published_time\" content=\"2017-07-13T13:45:53+00:00\" \/>\n<meta property=\"og:image\" content=\"https:\/\/www.ull.es\/portal\/noticias\/wp-content\/uploads\/sites\/13\/2017\/07\/Final-pitch-DEMOLA-03.jpg\" \/>\n\t<meta property=\"og:image:width\" content=\"1024\" \/>\n\t<meta property=\"og:image:height\" content=\"683\" \/>\n\t<meta property=\"og:image:type\" content=\"image\/jpeg\" \/>\n<meta name=\"author\" content=\"prensa2\" \/>\n<meta name=\"twitter:card\" content=\"summary_large_image\" \/>\n<meta name=\"twitter:creator\" content=\"@CanalULL\" \/>\n<meta name=\"twitter:site\" content=\"@CanalULL\" \/>\n<meta name=\"twitter:label1\" content=\"Escrito por\" \/>\n\t<meta name=\"twitter:data1\" content=\"prensa2\" \/>\n\t<meta name=\"twitter:label2\" content=\"Tiempo de lectura\" \/>\n\t<meta name=\"twitter:data2\" content=\"4 minutos\" \/>\n<script type=\"application\/ld+json\" class=\"yoast-schema-graph\">{\"@context\":\"https:\/\/schema.org\",\"@graph\":[{\"@type\":\"WebPage\",\"@id\":\"https:\/\/www.ull.es\/portal\/noticias\/2017\/cierre-demola-canarias-ull\/\",\"url\":\"https:\/\/www.ull.es\/portal\/noticias\/2017\/cierre-demola-canarias-ull\/\",\"name\":\"Culmina con \u00e9xito la cuarta temporada de DEMOLA Canarias en la Universidad de La Laguna - ULL - Noticias\",\"isPartOf\":{\"@id\":\"https:\/\/www.ull.es\/portal\/noticias\/#website\"},\"datePublished\":\"2017-07-13T13:45:53+00:00\",\"dateModified\":\"2017-07-13T13:45:53+00:00\",\"author\":{\"@id\":\"https:\/\/www.ull.es\/portal\/noticias\/#\/schema\/person\/c3b2aa857797592927a03740d6664376\"},\"description\":\"En la clausura de DEMOLA en la ULL los grupos de universitarios expusieron las demos de las innovaciones desarrolladas para los siete retos propuestos.\",\"breadcrumb\":{\"@id\":\"https:\/\/www.ull.es\/portal\/noticias\/2017\/cierre-demola-canarias-ull\/#breadcrumb\"},\"inLanguage\":\"es\",\"potentialAction\":[{\"@type\":\"ReadAction\",\"target\":[\"https:\/\/www.ull.es\/portal\/noticias\/2017\/cierre-demola-canarias-ull\/\"]}]},{\"@type\":\"BreadcrumbList\",\"@id\":\"https:\/\/www.ull.es\/portal\/noticias\/2017\/cierre-demola-canarias-ull\/#breadcrumb\",\"itemListElement\":[{\"@type\":\"ListItem\",\"position\":1,\"name\":\"Portada\",\"item\":\"https:\/\/www.ull.es\/portal\/noticias\/\"},{\"@type\":\"ListItem\",\"position\":2,\"name\":\"Culmina con \u00e9xito la cuarta temporada de DEMOLA Canarias en la Universidad de La Laguna\"}]},{\"@type\":\"WebSite\",\"@id\":\"https:\/\/www.ull.es\/portal\/noticias\/#website\",\"url\":\"https:\/\/www.ull.es\/portal\/noticias\/\",\"name\":\"ULL - Noticias\",\"description\":\"\",\"potentialAction\":[{\"@type\":\"SearchAction\",\"target\":{\"@type\":\"EntryPoint\",\"urlTemplate\":\"https:\/\/www.ull.es\/portal\/noticias\/?s={search_term_string}\"},\"query-input\":\"required name=search_term_string\"}],\"inLanguage\":\"es\"},{\"@type\":\"Person\",\"@id\":\"https:\/\/www.ull.es\/portal\/noticias\/#\/schema\/person\/c3b2aa857797592927a03740d6664376\",\"name\":\"prensa2\",\"image\":{\"@type\":\"ImageObject\",\"inLanguage\":\"es\",\"@id\":\"https:\/\/www.ull.es\/portal\/noticias\/#\/schema\/person\/image\/\",\"url\":\"https:\/\/secure.gravatar.com\/avatar\/b58f310a5de5feb33d1e026d2493f23c?s=96&d=mm&r=g\",\"contentUrl\":\"https:\/\/secure.gravatar.com\/avatar\/b58f310a5de5feb33d1e026d2493f23c?s=96&d=mm&r=g\",\"caption\":\"prensa2\"},\"url\":\"https:\/\/www.ull.es\/portal\/noticias\/author\/prensa2\/\"}]}<\/script>\n<!-- \/ Yoast SEO plugin. -->","yoast_head_json":{"title":"Culmina con \u00e9xito la cuarta temporada de DEMOLA Canarias en la Universidad de La Laguna - ULL - Noticias","description":"En la clausura de DEMOLA en la ULL los grupos de universitarios expusieron las demos de las innovaciones desarrolladas para los siete retos propuestos.","robots":{"index":"index","follow":"follow","max-snippet":"max-snippet:-1","max-image-preview":"max-image-preview:large","max-video-preview":"max-video-preview:-1"},"canonical":"https:\/\/www.ull.es\/portal\/noticias\/2017\/cierre-demola-canarias-ull\/","og_locale":"es_ES","og_type":"article","og_title":"Culmina con \u00e9xito la cuarta temporada de DEMOLA Canarias en la Universidad de La Laguna - ULL - Noticias","og_description":"En la clausura de DEMOLA en la ULL los grupos de universitarios expusieron las demos de las innovaciones desarrolladas para los siete retos propuestos.","og_url":"https:\/\/www.ull.es\/portal\/noticias\/2017\/cierre-demola-canarias-ull\/","og_site_name":"ULL - Noticias","article_publisher":"https:\/\/www.facebook.com\/universidaddelalaguna\/","article_published_time":"2017-07-13T13:45:53+00:00","og_image":[{"width":1024,"height":683,"url":"https:\/\/www.ull.es\/portal\/noticias\/wp-content\/uploads\/sites\/13\/2017\/07\/Final-pitch-DEMOLA-03.jpg","type":"image\/jpeg"}],"author":"prensa2","twitter_card":"summary_large_image","twitter_creator":"@CanalULL","twitter_site":"@CanalULL","twitter_misc":{"Escrito por":"prensa2","Tiempo de lectura":"4 minutos"},"schema":{"@context":"https:\/\/schema.org","@graph":[{"@type":"WebPage","@id":"https:\/\/www.ull.es\/portal\/noticias\/2017\/cierre-demola-canarias-ull\/","url":"https:\/\/www.ull.es\/portal\/noticias\/2017\/cierre-demola-canarias-ull\/","name":"Culmina con \u00e9xito la cuarta temporada de DEMOLA Canarias en la Universidad de La Laguna - ULL - Noticias","isPartOf":{"@id":"https:\/\/www.ull.es\/portal\/noticias\/#website"},"datePublished":"2017-07-13T13:45:53+00:00","dateModified":"2017-07-13T13:45:53+00:00","author":{"@id":"https:\/\/www.ull.es\/portal\/noticias\/#\/schema\/person\/c3b2aa857797592927a03740d6664376"},"description":"En la clausura de DEMOLA en la ULL los grupos de universitarios expusieron las demos de las innovaciones desarrolladas para los siete retos propuestos.","breadcrumb":{"@id":"https:\/\/www.ull.es\/portal\/noticias\/2017\/cierre-demola-canarias-ull\/#breadcrumb"},"inLanguage":"es","potentialAction":[{"@type":"ReadAction","target":["https:\/\/www.ull.es\/portal\/noticias\/2017\/cierre-demola-canarias-ull\/"]}]},{"@type":"BreadcrumbList","@id":"https:\/\/www.ull.es\/portal\/noticias\/2017\/cierre-demola-canarias-ull\/#breadcrumb","itemListElement":[{"@type":"ListItem","position":1,"name":"Portada","item":"https:\/\/www.ull.es\/portal\/noticias\/"},{"@type":"ListItem","position":2,"name":"Culmina con \u00e9xito la cuarta temporada de DEMOLA Canarias en la Universidad de La Laguna"}]},{"@type":"WebSite","@id":"https:\/\/www.ull.es\/portal\/noticias\/#website","url":"https:\/\/www.ull.es\/portal\/noticias\/","name":"ULL - Noticias","description":"","potentialAction":[{"@type":"SearchAction","target":{"@type":"EntryPoint","urlTemplate":"https:\/\/www.ull.es\/portal\/noticias\/?s={search_term_string}"},"query-input":"required name=search_term_string"}],"inLanguage":"es"},{"@type":"Person","@id":"https:\/\/www.ull.es\/portal\/noticias\/#\/schema\/person\/c3b2aa857797592927a03740d6664376","name":"prensa2","image":{"@type":"ImageObject","inLanguage":"es","@id":"https:\/\/www.ull.es\/portal\/noticias\/#\/schema\/person\/image\/","url":"https:\/\/secure.gravatar.com\/avatar\/b58f310a5de5feb33d1e026d2493f23c?s=96&d=mm&r=g","contentUrl":"https:\/\/secure.gravatar.com\/avatar\/b58f310a5de5feb33d1e026d2493f23c?s=96&d=mm&r=g","caption":"prensa2"},"url":"https:\/\/www.ull.es\/portal\/noticias\/author\/prensa2\/"}]}},"primary_category":{"id":350,"name":"Investigaci\u00f3n","slug":"investigacion","link":"https:\/\/www.ull.es\/portal\/noticias\/category\/investigacion\/"},"featured_image_thumbnail_url":"https:\/\/www.ull.es\/portal\/noticias\/wp-content\/uploads\/sites\/13\/2017\/07\/Final-pitch-DEMOLA-03-300x200.jpg","_links":{"self":[{"href":"https:\/\/www.ull.es\/portal\/noticias\/wp-json\/wp\/v2\/posts\/32359"}],"collection":[{"href":"https:\/\/www.ull.es\/portal\/noticias\/wp-json\/wp\/v2\/posts"}],"about":[{"href":"https:\/\/www.ull.es\/portal\/noticias\/wp-json\/wp\/v2\/types\/post"}],"author":[{"embeddable":true,"href":"https:\/\/www.ull.es\/portal\/noticias\/wp-json\/wp\/v2\/users\/21"}],"replies":[{"embeddable":true,"href":"https:\/\/www.ull.es\/portal\/noticias\/wp-json\/wp\/v2\/comments?post=32359"}],"version-history":[{"count":1,"href":"https:\/\/www.ull.es\/portal\/noticias\/wp-json\/wp\/v2\/posts\/32359\/revisions"}],"predecessor-version":[{"id":32361,"href":"https:\/\/www.ull.es\/portal\/noticias\/wp-json\/wp\/v2\/posts\/32359\/revisions\/32361"}],"wp:featuredmedia":[{"embeddable":true,"href":"https:\/\/www.ull.es\/portal\/noticias\/wp-json\/wp\/v2\/media\/32360"}],"wp:attachment":[{"href":"https:\/\/www.ull.es\/portal\/noticias\/wp-json\/wp\/v2\/media?parent=32359"}],"wp:term":[{"taxonomy":"category","embeddable":true,"href":"https:\/\/www.ull.es\/portal\/noticias\/wp-json\/wp\/v2\/categories?post=32359"},{"taxonomy":"post_tag","embeddable":true,"href":"https:\/\/www.ull.es\/portal\/noticias\/wp-json\/wp\/v2\/tags?post=32359"}],"curies":[{"name":"wp","href":"https:\/\/api.w.org\/{rel}","templated":true}]}}