{"id":32483,"date":"2017-07-21T13:25:37","date_gmt":"2017-07-21T13:25:37","guid":{"rendered":"https:\/\/www.ull.es\/portal\/noticias\/?p=32483"},"modified":"2017-07-21T13:25:37","modified_gmt":"2017-07-21T13:25:37","slug":"correccion-errores-la-resolucion-convoco-concurso-traslado-cubrir-puestos-trabajo-personal-laboral-vacantes","status":"publish","type":"post","link":"https:\/\/www.ull.es\/portal\/noticias\/2017\/correccion-errores-la-resolucion-convoco-concurso-traslado-cubrir-puestos-trabajo-personal-laboral-vacantes\/","title":{"rendered":"Correcci\u00f3n de errores de la resoluci\u00f3n que convoc\u00f3 concurso de traslado para cubrir puestos de trabajo de personal laboral vacantes"},"content":{"rendered":"<p><a href=\"http:\/\/sede.gobcan.es\/boc\/boc-a-2017-139-3538.pdf\" target=\"_blank\" rel=\"noopener\" target=\"_blank\" rel=\"noopener\">Resoluci\u00f3n de 17 de julio de 2017, por la que se procede a la correcci\u00f3n de errores en la resoluci\u00f3n de 7 de julio de 2017, que convoc\u00f3 concurso de traslado para cubrir puestos de trabajo de personal laboral vacantes, encuadrados en los grupos profesionales de Titulado Superior, Titulado Medio, T\u00e9cnico de Mantenimiento, T\u00e9cnico Especialista y T\u00e9cnico de Laboratorio, en la relaci\u00f3n de puestos de trabajo del personal de administraci\u00f3n y servicios de esta Universidad (BOC n\u00ba 134, de 13.7.17)<\/a><\/p>\n<p>&nbsp;<\/p>\n","protected":false},"excerpt":{"rendered":"<p>Resoluci\u00f3n de 17 de julio de 2017, por la que se procede a la correcci\u00f3n de errores en la resoluci\u00f3n&#8230;<\/p>\n","protected":false},"author":20,"featured_media":0,"comment_status":"closed","ping_status":"closed","sticky":false,"template":"","format":"standard","meta":{"inline_featured_image":false,"footnotes":""},"categories":[2769],"tags":[],"acf":[],"yoast_head":"<!-- This site is optimized with the Yoast SEO plugin v21.3 - https:\/\/yoast.com\/wordpress\/plugins\/seo\/ -->\n<title>Correcci\u00f3n de errores de la resoluci\u00f3n que convoc\u00f3 concurso de traslado para cubrir puestos de trabajo de personal laboral vacantes - ULL - Noticias<\/title>\n<meta name=\"robots\" content=\"index, follow, max-snippet:-1, max-image-preview:large, max-video-preview:-1\" \/>\n<link rel=\"canonical\" href=\"https:\/\/www.ull.es\/portal\/noticias\/2017\/correccion-errores-la-resolucion-convoco-concurso-traslado-cubrir-puestos-trabajo-personal-laboral-vacantes\/\" \/>\n<meta property=\"og:locale\" content=\"es_ES\" \/>\n<meta property=\"og:type\" content=\"article\" \/>\n<meta property=\"og:title\" content=\"Correcci\u00f3n de errores de la resoluci\u00f3n que convoc\u00f3 concurso de traslado para cubrir puestos de trabajo de personal laboral vacantes - ULL - Noticias\" \/>\n<meta property=\"og:description\" content=\"Resoluci\u00f3n de 17 de julio de 2017, por la que se procede a la correcci\u00f3n de errores en la resoluci\u00f3n...\" \/>\n<meta property=\"og:url\" content=\"https:\/\/www.ull.es\/portal\/noticias\/2017\/correccion-errores-la-resolucion-convoco-concurso-traslado-cubrir-puestos-trabajo-personal-laboral-vacantes\/\" \/>\n<meta property=\"og:site_name\" content=\"ULL - Noticias\" \/>\n<meta property=\"article:publisher\" content=\"https:\/\/www.facebook.com\/universidaddelalaguna\/\" \/>\n<meta property=\"article:published_time\" content=\"2017-07-21T13:25:37+00:00\" \/>\n<meta property=\"og:image\" content=\"https:\/\/www.ull.es\/portal\/noticias\/wp-content\/uploads\/sites\/13\/2023\/06\/logo-redimensionado.png\" \/>\n\t<meta property=\"og:image:width\" content=\"1200\" \/>\n\t<meta property=\"og:image:height\" content=\"630\" \/>\n\t<meta property=\"og:image:type\" content=\"image\/png\" \/>\n<meta name=\"author\" content=\"prensa1\" \/>\n<meta name=\"twitter:card\" content=\"summary_large_image\" \/>\n<meta name=\"twitter:creator\" content=\"@CanalULL\" \/>\n<meta name=\"twitter:site\" content=\"@CanalULL\" \/>\n<meta name=\"twitter:label1\" content=\"Escrito por\" \/>\n\t<meta name=\"twitter:data1\" content=\"prensa1\" \/>\n<script type=\"application\/ld+json\" class=\"yoast-schema-graph\">{\"@context\":\"https:\/\/schema.org\",\"@graph\":[{\"@type\":\"WebPage\",\"@id\":\"https:\/\/www.ull.es\/portal\/noticias\/2017\/correccion-errores-la-resolucion-convoco-concurso-traslado-cubrir-puestos-trabajo-personal-laboral-vacantes\/\",\"url\":\"https:\/\/www.ull.es\/portal\/noticias\/2017\/correccion-errores-la-resolucion-convoco-concurso-traslado-cubrir-puestos-trabajo-personal-laboral-vacantes\/\",\"name\":\"Correcci\u00f3n de errores de la resoluci\u00f3n que convoc\u00f3 concurso de traslado para cubrir puestos de trabajo de personal laboral vacantes - ULL - Noticias\",\"isPartOf\":{\"@id\":\"https:\/\/www.ull.es\/portal\/noticias\/#website\"},\"datePublished\":\"2017-07-21T13:25:37+00:00\",\"dateModified\":\"2017-07-21T13:25:37+00:00\",\"author\":{\"@id\":\"https:\/\/www.ull.es\/portal\/noticias\/#\/schema\/person\/ea9b721b26bc001d9f8820a760100f96\"},\"breadcrumb\":{\"@id\":\"https:\/\/www.ull.es\/portal\/noticias\/2017\/correccion-errores-la-resolucion-convoco-concurso-traslado-cubrir-puestos-trabajo-personal-laboral-vacantes\/#breadcrumb\"},\"inLanguage\":\"es\",\"potentialAction\":[{\"@type\":\"ReadAction\",\"target\":[\"https:\/\/www.ull.es\/portal\/noticias\/2017\/correccion-errores-la-resolucion-convoco-concurso-traslado-cubrir-puestos-trabajo-personal-laboral-vacantes\/\"]}]},{\"@type\":\"BreadcrumbList\",\"@id\":\"https:\/\/www.ull.es\/portal\/noticias\/2017\/correccion-errores-la-resolucion-convoco-concurso-traslado-cubrir-puestos-trabajo-personal-laboral-vacantes\/#breadcrumb\",\"itemListElement\":[{\"@type\":\"ListItem\",\"position\":1,\"name\":\"Portada\",\"item\":\"https:\/\/www.ull.es\/portal\/noticias\/\"},{\"@type\":\"ListItem\",\"position\":2,\"name\":\"Correcci\u00f3n de errores de la resoluci\u00f3n que convoc\u00f3 concurso de traslado para cubrir puestos de trabajo de personal laboral vacantes\"}]},{\"@type\":\"WebSite\",\"@id\":\"https:\/\/www.ull.es\/portal\/noticias\/#website\",\"url\":\"https:\/\/www.ull.es\/portal\/noticias\/\",\"name\":\"ULL - Noticias\",\"description\":\"\",\"potentialAction\":[{\"@type\":\"SearchAction\",\"target\":{\"@type\":\"EntryPoint\",\"urlTemplate\":\"https:\/\/www.ull.es\/portal\/noticias\/?s={search_term_string}\"},\"query-input\":\"required name=search_term_string\"}],\"inLanguage\":\"es\"},{\"@type\":\"Person\",\"@id\":\"https:\/\/www.ull.es\/portal\/noticias\/#\/schema\/person\/ea9b721b26bc001d9f8820a760100f96\",\"name\":\"prensa1\",\"image\":{\"@type\":\"ImageObject\",\"inLanguage\":\"es\",\"@id\":\"https:\/\/www.ull.es\/portal\/noticias\/#\/schema\/person\/image\/\",\"url\":\"https:\/\/secure.gravatar.com\/avatar\/94b9dcabd35142d3e94c7343cd1c6ca0?s=96&d=mm&r=g\",\"contentUrl\":\"https:\/\/secure.gravatar.com\/avatar\/94b9dcabd35142d3e94c7343cd1c6ca0?s=96&d=mm&r=g\",\"caption\":\"prensa1\"},\"url\":\"https:\/\/www.ull.es\/portal\/noticias\/author\/prensa1\/\"}]}<\/script>\n<!-- \/ Yoast SEO plugin. -->","yoast_head_json":{"title":"Correcci\u00f3n de errores de la resoluci\u00f3n que convoc\u00f3 concurso de traslado para cubrir puestos de trabajo de personal laboral vacantes - ULL - Noticias","robots":{"index":"index","follow":"follow","max-snippet":"max-snippet:-1","max-image-preview":"max-image-preview:large","max-video-preview":"max-video-preview:-1"},"canonical":"https:\/\/www.ull.es\/portal\/noticias\/2017\/correccion-errores-la-resolucion-convoco-concurso-traslado-cubrir-puestos-trabajo-personal-laboral-vacantes\/","og_locale":"es_ES","og_type":"article","og_title":"Correcci\u00f3n de errores de la resoluci\u00f3n que convoc\u00f3 concurso de traslado para cubrir puestos de trabajo de personal laboral vacantes - ULL - Noticias","og_description":"Resoluci\u00f3n de 17 de julio de 2017, por la que se procede a la correcci\u00f3n de errores en la resoluci\u00f3n...","og_url":"https:\/\/www.ull.es\/portal\/noticias\/2017\/correccion-errores-la-resolucion-convoco-concurso-traslado-cubrir-puestos-trabajo-personal-laboral-vacantes\/","og_site_name":"ULL - Noticias","article_publisher":"https:\/\/www.facebook.com\/universidaddelalaguna\/","article_published_time":"2017-07-21T13:25:37+00:00","og_image":[{"width":1200,"height":630,"url":"https:\/\/www.ull.es\/portal\/noticias\/wp-content\/uploads\/sites\/13\/2023\/06\/logo-redimensionado.png","type":"image\/png"}],"author":"prensa1","twitter_card":"summary_large_image","twitter_creator":"@CanalULL","twitter_site":"@CanalULL","twitter_misc":{"Escrito por":"prensa1"},"schema":{"@context":"https:\/\/schema.org","@graph":[{"@type":"WebPage","@id":"https:\/\/www.ull.es\/portal\/noticias\/2017\/correccion-errores-la-resolucion-convoco-concurso-traslado-cubrir-puestos-trabajo-personal-laboral-vacantes\/","url":"https:\/\/www.ull.es\/portal\/noticias\/2017\/correccion-errores-la-resolucion-convoco-concurso-traslado-cubrir-puestos-trabajo-personal-laboral-vacantes\/","name":"Correcci\u00f3n de errores de la resoluci\u00f3n que convoc\u00f3 concurso de traslado para cubrir puestos de trabajo de personal laboral vacantes - ULL - Noticias","isPartOf":{"@id":"https:\/\/www.ull.es\/portal\/noticias\/#website"},"datePublished":"2017-07-21T13:25:37+00:00","dateModified":"2017-07-21T13:25:37+00:00","author":{"@id":"https:\/\/www.ull.es\/portal\/noticias\/#\/schema\/person\/ea9b721b26bc001d9f8820a760100f96"},"breadcrumb":{"@id":"https:\/\/www.ull.es\/portal\/noticias\/2017\/correccion-errores-la-resolucion-convoco-concurso-traslado-cubrir-puestos-trabajo-personal-laboral-vacantes\/#breadcrumb"},"inLanguage":"es","potentialAction":[{"@type":"ReadAction","target":["https:\/\/www.ull.es\/portal\/noticias\/2017\/correccion-errores-la-resolucion-convoco-concurso-traslado-cubrir-puestos-trabajo-personal-laboral-vacantes\/"]}]},{"@type":"BreadcrumbList","@id":"https:\/\/www.ull.es\/portal\/noticias\/2017\/correccion-errores-la-resolucion-convoco-concurso-traslado-cubrir-puestos-trabajo-personal-laboral-vacantes\/#breadcrumb","itemListElement":[{"@type":"ListItem","position":1,"name":"Portada","item":"https:\/\/www.ull.es\/portal\/noticias\/"},{"@type":"ListItem","position":2,"name":"Correcci\u00f3n de errores de la resoluci\u00f3n que convoc\u00f3 concurso de traslado para cubrir puestos de trabajo de personal laboral vacantes"}]},{"@type":"WebSite","@id":"https:\/\/www.ull.es\/portal\/noticias\/#website","url":"https:\/\/www.ull.es\/portal\/noticias\/","name":"ULL - Noticias","description":"","potentialAction":[{"@type":"SearchAction","target":{"@type":"EntryPoint","urlTemplate":"https:\/\/www.ull.es\/portal\/noticias\/?s={search_term_string}"},"query-input":"required name=search_term_string"}],"inLanguage":"es"},{"@type":"Person","@id":"https:\/\/www.ull.es\/portal\/noticias\/#\/schema\/person\/ea9b721b26bc001d9f8820a760100f96","name":"prensa1","image":{"@type":"ImageObject","inLanguage":"es","@id":"https:\/\/www.ull.es\/portal\/noticias\/#\/schema\/person\/image\/","url":"https:\/\/secure.gravatar.com\/avatar\/94b9dcabd35142d3e94c7343cd1c6ca0?s=96&d=mm&r=g","contentUrl":"https:\/\/secure.gravatar.com\/avatar\/94b9dcabd35142d3e94c7343cd1c6ca0?s=96&d=mm&r=g","caption":"prensa1"},"url":"https:\/\/www.ull.es\/portal\/noticias\/author\/prensa1\/"}]}},"primary_category":{"id":2769,"name":"Notificaciones PAS","slug":"notificaciones-pas","link":"https:\/\/www.ull.es\/portal\/noticias\/category\/notificaciones-ull\/notificaciones-pas\/"},"featured_image_thumbnail_url":null,"_links":{"self":[{"href":"https:\/\/www.ull.es\/portal\/noticias\/wp-json\/wp\/v2\/posts\/32483"}],"collection":[{"href":"https:\/\/www.ull.es\/portal\/noticias\/wp-json\/wp\/v2\/posts"}],"about":[{"href":"https:\/\/www.ull.es\/portal\/noticias\/wp-json\/wp\/v2\/types\/post"}],"author":[{"embeddable":true,"href":"https:\/\/www.ull.es\/portal\/noticias\/wp-json\/wp\/v2\/users\/20"}],"replies":[{"embeddable":true,"href":"https:\/\/www.ull.es\/portal\/noticias\/wp-json\/wp\/v2\/comments?post=32483"}],"version-history":[{"count":1,"href":"https:\/\/www.ull.es\/portal\/noticias\/wp-json\/wp\/v2\/posts\/32483\/revisions"}],"predecessor-version":[{"id":32484,"href":"https:\/\/www.ull.es\/portal\/noticias\/wp-json\/wp\/v2\/posts\/32483\/revisions\/32484"}],"wp:attachment":[{"href":"https:\/\/www.ull.es\/portal\/noticias\/wp-json\/wp\/v2\/media?parent=32483"}],"wp:term":[{"taxonomy":"category","embeddable":true,"href":"https:\/\/www.ull.es\/portal\/noticias\/wp-json\/wp\/v2\/categories?post=32483"},{"taxonomy":"post_tag","embeddable":true,"href":"https:\/\/www.ull.es\/portal\/noticias\/wp-json\/wp\/v2\/tags?post=32483"}],"curies":[{"name":"wp","href":"https:\/\/api.w.org\/{rel}","templated":true}]}}