{"id":32592,"date":"2017-07-28T12:52:23","date_gmt":"2017-07-28T12:52:23","guid":{"rendered":"https:\/\/www.ull.es\/portal\/noticias\/?p=32592"},"modified":"2017-07-28T12:52:23","modified_gmt":"2017-07-28T12:52:23","slug":"convocatoria-buddy-program-aegee-ull","status":"publish","type":"post","link":"https:\/\/www.ull.es\/portal\/noticias\/2017\/convocatoria-buddy-program-aegee-ull\/","title":{"rendered":"El Foro de Estudiantes Europeos abre el plazo para postularse como contacto local en la ULL para estudiantes Erasmus"},"content":{"rendered":"<p><a href=\"https:\/\/www.ull.es\/portal\/noticias\/wp-content\/uploads\/sites\/13\/2017\/07\/buddy-program.jpg\" target=\"_blank\" rel=\"noopener\"><img decoding=\"async\" loading=\"lazy\" class=\"alignleft size-medium wp-image-32593\" src=\"https:\/\/www.ull.es\/portal\/noticias\/wp-content\/uploads\/sites\/13\/2017\/07\/buddy-program-246x300.jpg\" alt=\"\" width=\"246\" height=\"300\" srcset=\"https:\/\/www.ull.es\/portal\/noticias\/wp-content\/uploads\/sites\/13\/2017\/07\/buddy-program-246x300.jpg 246w, https:\/\/www.ull.es\/portal\/noticias\/wp-content\/uploads\/sites\/13\/2017\/07\/buddy-program-768x936.jpg 768w, https:\/\/www.ull.es\/portal\/noticias\/wp-content\/uploads\/sites\/13\/2017\/07\/buddy-program-375x457.jpg 375w, https:\/\/www.ull.es\/portal\/noticias\/wp-content\/uploads\/sites\/13\/2017\/07\/buddy-program-750x914.jpg 750w, https:\/\/www.ull.es\/portal\/noticias\/wp-content\/uploads\/sites\/13\/2017\/07\/buddy-program.jpg 786w\" sizes=\"(max-width: 246px) 100vw, 246px\" \/><\/a>La <a href=\"http:\/\/www.aegee.org\/\" target=\"_blank\" rel=\"noopener\" target=\"_blank\" rel=\"noopener\">Association des \u00c9tats G\u00e9n\u00e9raux des \u00c9tudiants de l\u2019Europe (AEGEE)<\/a>, tambi\u00e9n conocida como Foro de Estudiantes Europeos ha abierto el plazo para que los estudiantes de la Universidad de La Laguna presenten su candidatura para convertirse en contactos locales de los estudiantes del programa Erasmus + de pa\u00edses extranjeros que llegar\u00e1n a la instituci\u00f3n acad\u00e9mica a partir de septiembre.<\/p>\n<p>Esta iniciativa, denominada \u201cBuddy Program\u201d, est\u00e1 promovida por la secci\u00f3n tinerfe\u00f1a de AEGEE, en colaboraci\u00f3n con el Vicerrectorado de Internacionalizaci\u00f3n y ya es habitual en otras universidades europeas. Consiste en que estudiantes del centro local (en este caso la ULL) se conviertan en mentores del alumnado for\u00e1neo durante su estancia, para ayudarle en su adaptaci\u00f3n acad\u00e9mica, cultural y ling\u00fc\u00edstica dentro y fuera del \u00e1mbito universitario.<\/p>\n<p>Ser \u00abLocal Buddy\u00bb, que as\u00ed es como se denomina a la figura central de este programa, tambi\u00e9n es enriquecedor para el propio mentor o mentora, pues supone una oportunidad para conocer otras culturas y mejorar el conocimiento de idiomas. Adem\u00e1s, la participaci\u00f3n en esta iniciativa puede ser convalidada por un cr\u00e9dito ECTS, gracias al convenio que AEGEE Tenerife ha firmado con el centro acad\u00e9mico a trav\u00e9s de la iniciativa institucional ULL Solidaria.<\/p>\n<p>Las personas interesadas en postularse como mentores dentro del Buddy Program pueden hacerlo hasta el pr\u00f3ximo s\u00e1bado 5 de agosto a trav\u00e9s de <a href=\"https:\/\/goo.gl\/4ygyPB\" target=\"_blank\" rel=\"noopener\" target=\"_blank\" rel=\"noopener\">este formulario<\/a>. Las <a href=\"https:\/\/goo.gl\/w9KWEk\" target=\"_blank\" rel=\"noopener\" target=\"_blank\" rel=\"noopener\">bases completas<\/a> del programa tambi\u00e9n est\u00e1n disponibles.<\/p>\n<p>Entre las tareas de los Local Buddies se cuenta contactar por correo electr\u00f3nico con el estudiante a quien les haya tocado mentorizar, previamente a su llegada; asistir a la jornada de formaci\u00f3n donde se les ense\u00f1ar\u00e1n las directrices para cumplir adecuadamente con su rol; facilitar toda la informaci\u00f3n que solicite el estudiante for\u00e1neo y citarse con \u00e9l o ella de manera ocasional para que exista relaci\u00f3n con estudiantes locales.<\/p>\n<p>AEGEE es la mayor asociaci\u00f3n multidisciplinar de j\u00f3venes de toda Europa y tiene una de sus 243 sedes en la Universidad de La Laguna, cuya informaci\u00f3n puede consultarse en<a href=\"http:\/\/aegeetenerife.com\/\" target=\"_blank\" rel=\"noopener\" target=\"_blank\" rel=\"noopener\"> la web<\/a> y en su <a href=\"https:\/\/www.facebook.com\/aegee.tenerife\/\" target=\"_blank\" rel=\"noopener\" target=\"_blank\" rel=\"noopener\">perfil de Facebook<\/a>.<\/p>\n","protected":false},"excerpt":{"rendered":"<p>La Association des \u00c9tats G\u00e9n\u00e9raux des \u00c9tudiants de l\u2019Europe (AEGEE), tambi\u00e9n conocida como Foro de Estudiantes Europeos ha abierto el&#8230;<\/p>\n","protected":false},"author":21,"featured_media":32594,"comment_status":"closed","ping_status":"closed","sticky":false,"template":"","format":"image","meta":{"inline_featured_image":false,"footnotes":""},"categories":[345,349,2753,2765],"tags":[400,3310,1149,2611],"acf":[],"yoast_head":"<!-- This site is optimized with the Yoast SEO plugin v21.3 - https:\/\/yoast.com\/wordpress\/plugins\/seo\/ -->\n<title>El Foro de Estudiantes Europeos abre el plazo para postularse como contacto local en la ULL para estudiantes Erasmus - ULL - Noticias<\/title>\n<meta name=\"description\" content=\"AEGEE ha abierto el plazo para que estudiantes de la ULL presenten candidatura para ser contactos locales de alumnado Erasmus +.\" \/>\n<meta name=\"robots\" content=\"index, follow, max-snippet:-1, max-image-preview:large, max-video-preview:-1\" \/>\n<link rel=\"canonical\" href=\"https:\/\/www.ull.es\/portal\/noticias\/2017\/convocatoria-buddy-program-aegee-ull\/\" \/>\n<meta property=\"og:locale\" content=\"es_ES\" \/>\n<meta property=\"og:type\" content=\"article\" \/>\n<meta property=\"og:title\" content=\"El Foro de Estudiantes Europeos abre el plazo para postularse como contacto local en la ULL para estudiantes Erasmus - ULL - Noticias\" \/>\n<meta property=\"og:description\" content=\"AEGEE ha abierto el plazo para que estudiantes de la ULL presenten candidatura para ser contactos locales de alumnado Erasmus +.\" \/>\n<meta property=\"og:url\" content=\"https:\/\/www.ull.es\/portal\/noticias\/2017\/convocatoria-buddy-program-aegee-ull\/\" \/>\n<meta property=\"og:site_name\" content=\"ULL - Noticias\" \/>\n<meta property=\"article:publisher\" content=\"https:\/\/www.facebook.com\/universidaddelalaguna\/\" \/>\n<meta property=\"article:published_time\" content=\"2017-07-28T12:52:23+00:00\" \/>\n<meta property=\"og:image\" content=\"https:\/\/www.ull.es\/portal\/noticias\/wp-content\/uploads\/sites\/13\/2017\/07\/buddy-program-recorte.jpg\" \/>\n\t<meta property=\"og:image:width\" content=\"604\" \/>\n\t<meta property=\"og:image:height\" content=\"472\" \/>\n\t<meta property=\"og:image:type\" content=\"image\/jpeg\" \/>\n<meta name=\"author\" content=\"prensa2\" \/>\n<meta name=\"twitter:card\" content=\"summary_large_image\" \/>\n<meta name=\"twitter:creator\" content=\"@CanalULL\" \/>\n<meta name=\"twitter:site\" content=\"@CanalULL\" \/>\n<meta name=\"twitter:label1\" content=\"Escrito por\" \/>\n\t<meta name=\"twitter:data1\" content=\"prensa2\" \/>\n\t<meta name=\"twitter:label2\" content=\"Tiempo de lectura\" \/>\n\t<meta name=\"twitter:data2\" content=\"2 minutos\" \/>\n<script type=\"application\/ld+json\" class=\"yoast-schema-graph\">{\"@context\":\"https:\/\/schema.org\",\"@graph\":[{\"@type\":\"WebPage\",\"@id\":\"https:\/\/www.ull.es\/portal\/noticias\/2017\/convocatoria-buddy-program-aegee-ull\/\",\"url\":\"https:\/\/www.ull.es\/portal\/noticias\/2017\/convocatoria-buddy-program-aegee-ull\/\",\"name\":\"El Foro de Estudiantes Europeos abre el plazo para postularse como contacto local en la ULL para estudiantes Erasmus - ULL - Noticias\",\"isPartOf\":{\"@id\":\"https:\/\/www.ull.es\/portal\/noticias\/#website\"},\"datePublished\":\"2017-07-28T12:52:23+00:00\",\"dateModified\":\"2017-07-28T12:52:23+00:00\",\"author\":{\"@id\":\"https:\/\/www.ull.es\/portal\/noticias\/#\/schema\/person\/c3b2aa857797592927a03740d6664376\"},\"description\":\"AEGEE ha abierto el plazo para que estudiantes de la ULL presenten candidatura para ser contactos locales de alumnado Erasmus +.\",\"breadcrumb\":{\"@id\":\"https:\/\/www.ull.es\/portal\/noticias\/2017\/convocatoria-buddy-program-aegee-ull\/#breadcrumb\"},\"inLanguage\":\"es\",\"potentialAction\":[{\"@type\":\"ReadAction\",\"target\":[\"https:\/\/www.ull.es\/portal\/noticias\/2017\/convocatoria-buddy-program-aegee-ull\/\"]}]},{\"@type\":\"BreadcrumbList\",\"@id\":\"https:\/\/www.ull.es\/portal\/noticias\/2017\/convocatoria-buddy-program-aegee-ull\/#breadcrumb\",\"itemListElement\":[{\"@type\":\"ListItem\",\"position\":1,\"name\":\"Portada\",\"item\":\"https:\/\/www.ull.es\/portal\/noticias\/\"},{\"@type\":\"ListItem\",\"position\":2,\"name\":\"El Foro de Estudiantes Europeos abre el plazo para postularse como contacto local en la ULL para estudiantes Erasmus\"}]},{\"@type\":\"WebSite\",\"@id\":\"https:\/\/www.ull.es\/portal\/noticias\/#website\",\"url\":\"https:\/\/www.ull.es\/portal\/noticias\/\",\"name\":\"ULL - Noticias\",\"description\":\"\",\"potentialAction\":[{\"@type\":\"SearchAction\",\"target\":{\"@type\":\"EntryPoint\",\"urlTemplate\":\"https:\/\/www.ull.es\/portal\/noticias\/?s={search_term_string}\"},\"query-input\":\"required name=search_term_string\"}],\"inLanguage\":\"es\"},{\"@type\":\"Person\",\"@id\":\"https:\/\/www.ull.es\/portal\/noticias\/#\/schema\/person\/c3b2aa857797592927a03740d6664376\",\"name\":\"prensa2\",\"image\":{\"@type\":\"ImageObject\",\"inLanguage\":\"es\",\"@id\":\"https:\/\/www.ull.es\/portal\/noticias\/#\/schema\/person\/image\/\",\"url\":\"https:\/\/secure.gravatar.com\/avatar\/b58f310a5de5feb33d1e026d2493f23c?s=96&d=mm&r=g\",\"contentUrl\":\"https:\/\/secure.gravatar.com\/avatar\/b58f310a5de5feb33d1e026d2493f23c?s=96&d=mm&r=g\",\"caption\":\"prensa2\"},\"url\":\"https:\/\/www.ull.es\/portal\/noticias\/author\/prensa2\/\"}]}<\/script>\n<!-- \/ Yoast SEO plugin. -->","yoast_head_json":{"title":"El Foro de Estudiantes Europeos abre el plazo para postularse como contacto local en la ULL para estudiantes Erasmus - ULL - Noticias","description":"AEGEE ha abierto el plazo para que estudiantes de la ULL presenten candidatura para ser contactos locales de alumnado Erasmus +.","robots":{"index":"index","follow":"follow","max-snippet":"max-snippet:-1","max-image-preview":"max-image-preview:large","max-video-preview":"max-video-preview:-1"},"canonical":"https:\/\/www.ull.es\/portal\/noticias\/2017\/convocatoria-buddy-program-aegee-ull\/","og_locale":"es_ES","og_type":"article","og_title":"El Foro de Estudiantes Europeos abre el plazo para postularse como contacto local en la ULL para estudiantes Erasmus - ULL - Noticias","og_description":"AEGEE ha abierto el plazo para que estudiantes de la ULL presenten candidatura para ser contactos locales de alumnado Erasmus +.","og_url":"https:\/\/www.ull.es\/portal\/noticias\/2017\/convocatoria-buddy-program-aegee-ull\/","og_site_name":"ULL - Noticias","article_publisher":"https:\/\/www.facebook.com\/universidaddelalaguna\/","article_published_time":"2017-07-28T12:52:23+00:00","og_image":[{"width":604,"height":472,"url":"https:\/\/www.ull.es\/portal\/noticias\/wp-content\/uploads\/sites\/13\/2017\/07\/buddy-program-recorte.jpg","type":"image\/jpeg"}],"author":"prensa2","twitter_card":"summary_large_image","twitter_creator":"@CanalULL","twitter_site":"@CanalULL","twitter_misc":{"Escrito por":"prensa2","Tiempo de lectura":"2 minutos"},"schema":{"@context":"https:\/\/schema.org","@graph":[{"@type":"WebPage","@id":"https:\/\/www.ull.es\/portal\/noticias\/2017\/convocatoria-buddy-program-aegee-ull\/","url":"https:\/\/www.ull.es\/portal\/noticias\/2017\/convocatoria-buddy-program-aegee-ull\/","name":"El Foro de Estudiantes Europeos abre el plazo para postularse como contacto local en la ULL para estudiantes Erasmus - ULL - Noticias","isPartOf":{"@id":"https:\/\/www.ull.es\/portal\/noticias\/#website"},"datePublished":"2017-07-28T12:52:23+00:00","dateModified":"2017-07-28T12:52:23+00:00","author":{"@id":"https:\/\/www.ull.es\/portal\/noticias\/#\/schema\/person\/c3b2aa857797592927a03740d6664376"},"description":"AEGEE ha abierto el plazo para que estudiantes de la ULL presenten candidatura para ser contactos locales de alumnado Erasmus +.","breadcrumb":{"@id":"https:\/\/www.ull.es\/portal\/noticias\/2017\/convocatoria-buddy-program-aegee-ull\/#breadcrumb"},"inLanguage":"es","potentialAction":[{"@type":"ReadAction","target":["https:\/\/www.ull.es\/portal\/noticias\/2017\/convocatoria-buddy-program-aegee-ull\/"]}]},{"@type":"BreadcrumbList","@id":"https:\/\/www.ull.es\/portal\/noticias\/2017\/convocatoria-buddy-program-aegee-ull\/#breadcrumb","itemListElement":[{"@type":"ListItem","position":1,"name":"Portada","item":"https:\/\/www.ull.es\/portal\/noticias\/"},{"@type":"ListItem","position":2,"name":"El Foro de Estudiantes Europeos abre el plazo para postularse como contacto local en la ULL para estudiantes Erasmus"}]},{"@type":"WebSite","@id":"https:\/\/www.ull.es\/portal\/noticias\/#website","url":"https:\/\/www.ull.es\/portal\/noticias\/","name":"ULL - Noticias","description":"","potentialAction":[{"@type":"SearchAction","target":{"@type":"EntryPoint","urlTemplate":"https:\/\/www.ull.es\/portal\/noticias\/?s={search_term_string}"},"query-input":"required name=search_term_string"}],"inLanguage":"es"},{"@type":"Person","@id":"https:\/\/www.ull.es\/portal\/noticias\/#\/schema\/person\/c3b2aa857797592927a03740d6664376","name":"prensa2","image":{"@type":"ImageObject","inLanguage":"es","@id":"https:\/\/www.ull.es\/portal\/noticias\/#\/schema\/person\/image\/","url":"https:\/\/secure.gravatar.com\/avatar\/b58f310a5de5feb33d1e026d2493f23c?s=96&d=mm&r=g","contentUrl":"https:\/\/secure.gravatar.com\/avatar\/b58f310a5de5feb33d1e026d2493f23c?s=96&d=mm&r=g","caption":"prensa2"},"url":"https:\/\/www.ull.es\/portal\/noticias\/author\/prensa2\/"}]}},"primary_category":{"id":349,"name":"Internacionalizaci\u00f3n","slug":"internacionalizacion","link":"https:\/\/www.ull.es\/portal\/noticias\/category\/internacionalizacion\/"},"featured_image_thumbnail_url":"https:\/\/www.ull.es\/portal\/noticias\/wp-content\/uploads\/sites\/13\/2017\/07\/buddy-program-recorte-300x234.jpg","_links":{"self":[{"href":"https:\/\/www.ull.es\/portal\/noticias\/wp-json\/wp\/v2\/posts\/32592"}],"collection":[{"href":"https:\/\/www.ull.es\/portal\/noticias\/wp-json\/wp\/v2\/posts"}],"about":[{"href":"https:\/\/www.ull.es\/portal\/noticias\/wp-json\/wp\/v2\/types\/post"}],"author":[{"embeddable":true,"href":"https:\/\/www.ull.es\/portal\/noticias\/wp-json\/wp\/v2\/users\/21"}],"replies":[{"embeddable":true,"href":"https:\/\/www.ull.es\/portal\/noticias\/wp-json\/wp\/v2\/comments?post=32592"}],"version-history":[{"count":1,"href":"https:\/\/www.ull.es\/portal\/noticias\/wp-json\/wp\/v2\/posts\/32592\/revisions"}],"predecessor-version":[{"id":32595,"href":"https:\/\/www.ull.es\/portal\/noticias\/wp-json\/wp\/v2\/posts\/32592\/revisions\/32595"}],"wp:featuredmedia":[{"embeddable":true,"href":"https:\/\/www.ull.es\/portal\/noticias\/wp-json\/wp\/v2\/media\/32594"}],"wp:attachment":[{"href":"https:\/\/www.ull.es\/portal\/noticias\/wp-json\/wp\/v2\/media?parent=32592"}],"wp:term":[{"taxonomy":"category","embeddable":true,"href":"https:\/\/www.ull.es\/portal\/noticias\/wp-json\/wp\/v2\/categories?post=32592"},{"taxonomy":"post_tag","embeddable":true,"href":"https:\/\/www.ull.es\/portal\/noticias\/wp-json\/wp\/v2\/tags?post=32592"}],"curies":[{"name":"wp","href":"https:\/\/api.w.org\/{rel}","templated":true}]}}