{"id":32647,"date":"2017-08-03T10:53:30","date_gmt":"2017-08-03T10:53:30","guid":{"rendered":"https:\/\/www.ull.es\/portal\/noticias\/?p=32647"},"modified":"2017-08-03T11:01:33","modified_gmt":"2017-08-03T11:01:33","slug":"ull-cabildo-compromiso-social","status":"publish","type":"post","link":"https:\/\/www.ull.es\/portal\/noticias\/2017\/ull-cabildo-compromiso-social\/","title":{"rendered":"El Cabildo y la ULL buscan universitarios que vinculen su aprendizaje con un compromiso social"},"content":{"rendered":"<div id=\"attachment_32648\" style=\"width: 310px\" class=\"wp-caption alignleft\"><a href=\"https:\/\/www.ull.es\/portal\/noticias\/wp-content\/uploads\/sites\/13\/2017\/08\/web-voluntariado.png\" target=\"_blank\" rel=\"noopener\"><img aria-describedby=\"caption-attachment-32648\" decoding=\"async\" loading=\"lazy\" class=\"size-medium wp-image-32648\" src=\"https:\/\/www.ull.es\/portal\/noticias\/wp-content\/uploads\/sites\/13\/2017\/08\/web-voluntariado-300x200.png\" alt=\"Captura de la web que promueve el compromiso social universitario.\" width=\"300\" height=\"200\" srcset=\"https:\/\/www.ull.es\/portal\/noticias\/wp-content\/uploads\/sites\/13\/2017\/08\/web-voluntariado-300x200.png 300w, https:\/\/www.ull.es\/portal\/noticias\/wp-content\/uploads\/sites\/13\/2017\/08\/web-voluntariado-768x512.png 768w, https:\/\/www.ull.es\/portal\/noticias\/wp-content\/uploads\/sites\/13\/2017\/08\/web-voluntariado-1024x683.png 1024w, https:\/\/www.ull.es\/portal\/noticias\/wp-content\/uploads\/sites\/13\/2017\/08\/web-voluntariado-375x250.png 375w, https:\/\/www.ull.es\/portal\/noticias\/wp-content\/uploads\/sites\/13\/2017\/08\/web-voluntariado-750x500.png 750w, https:\/\/www.ull.es\/portal\/noticias\/wp-content\/uploads\/sites\/13\/2017\/08\/web-voluntariado-1140x760.png 1140w, https:\/\/www.ull.es\/portal\/noticias\/wp-content\/uploads\/sites\/13\/2017\/08\/web-voluntariado.png 1200w\" sizes=\"(max-width: 300px) 100vw, 300px\" \/><\/a><p id=\"caption-attachment-32648\" class=\"wp-caption-text\">Captura de la web de inscripci\u00f3n en la II Feria de Solidaridad y Voluntariado.<\/p><\/div>\n<p>El Cabildo, a trav\u00e9s del programa Tenerife Solidario, y la Universidad de La Laguna buscan universitarios que vinculen sus conocimientos acad\u00e9micos con un compromiso social. Con este fin, han abierto ya la inscripci\u00f3n para participar en la II Feria de Solidaridad y Voluntariado, que se celebra el 6 de octubre como continuaci\u00f3n de la VI Jornada de Solidaridad y Voluntariado, el 29 de septiembre. Ambos eventos, que se celebran en la ULL, ofrecer\u00e1n a estudiantes herramientas para aplicar su aprendizaje a actividades de voluntariado.<\/p>\n<p>La Feria se celebrar\u00e1 en la plazoleta del Campus de Guajara en horario de ma\u00f1ana y tarde y a ella se convocan tanto a universitarios como a entidades de voluntariado. El programa Tenerife Solidario ha comenzado ya, a trav\u00e9s de <a href=\"http:\/\/www.tenerifesolidario.org\/\" target=\"_blank\" rel=\"noopener\">www.tenerifesolidario.org<\/a>, a captar entidades que quieran participar en esta muestra con un plazo de inscripci\u00f3n que finaliza el 4 de septiembre. Para los estudiantes y profesores se habilitar\u00e1 el 11 de septiembre un formulario de inscripci\u00f3n en <a href=\"http:\/\/www.solidaridad.ull.es\" target=\"_blank\" rel=\"noopener\">www.solidaridad.ull.es<\/a>; si bien, ya pueden solicitar informaci\u00f3n en el correo <a href=\"mailto:disesoc@ull.edu.es\" target=\"_blank\" rel=\"noopener\">disesoc@ull.edu.es<\/a>.<\/p>\n<p>La directora insular de Voluntariado, Juana de la Rosa, se\u00f1al\u00f3 que el programa Tenerife Solidario moviliza a las entidades para que ofrezcan programas de voluntariado adaptados a los universitarios. De la Rosa indica que \u00abesta colaboraci\u00f3n entre el Cabildo y la Universidad demuestra la importancia que ambas entidades otorgan a la responsabilidad social corporativa, implicando a las nuevas generaciones en una actitud de compromiso social\u00bb.<\/p>\n<p>La Universidad de La Laguna es consciente de que el \u00e9xito de la educaci\u00f3n consiste en formar buenos ciudadanos capaces de mejorar la sociedad y no s\u00f3lo en dotarles de un certificado de estudios que les capacite como futuros profesionales. En su estrategia de responsabilidad social se preocupa de formar a ciudadanos capaces de provocar cambios en su entorno.<\/p>\n<p>Esta preocupaci\u00f3n ha motivado que la tem\u00e1tica de la II Semana de Solidaridad y Voluntariado y, particularmente, de la II Feria de Solidaridad y Voluntariado, se centre en proporcionar formaci\u00f3n sobre metodolog\u00edas que llevan a los estudiantes a hacer un servicio a la comunidad. De hecho, el aprendizaje-servicio aumenta la eficacia en el aprendizaje, al estimular la motivaci\u00f3n y dotar de sentido a lo que estudian cuando aplican sus conocimientos y habilidades en una pr\u00e1ctica solidaria.<\/p>\n<p>La Feria busca favorecer un acercamiento entre el alumnado universitario y las entidades de voluntariado, dando a conocer la labor que desarrollan; motivar a las ONG a ofrecer programas de voluntariado orientados al voluntariado universitario, dar a conocer el Aprendizaje-Servicio (ApS) en el contexto universitario y a\u00a0 las entidades, y establecer las bases para la elaboraci\u00f3n de un Cat\u00e1logo de Aprendizaje Servicio en la ULL, que pueda tenerse en cuenta a la hora de elegir la tem\u00e1tica de Trabajos de Fin de Grado o M\u00e1ster (TFG\/TFM).<\/p>\n<p>(Nota cedida por el Cabildo Insular de Tenerife)<\/p>\n","protected":false},"excerpt":{"rendered":"<p>El Cabildo, a trav\u00e9s del programa Tenerife Solidario, y la Universidad de La Laguna buscan universitarios que vinculen sus conocimientos&#8230;<\/p>\n","protected":false},"author":21,"featured_media":32650,"comment_status":"closed","ping_status":"closed","sticky":false,"template":"","format":"image","meta":{"inline_featured_image":false,"footnotes":""},"categories":[343,345,348,2753,2755,2754,2765],"tags":[665,3319,2414,2533,2643],"acf":[],"yoast_head":"<!-- This site is optimized with the Yoast SEO plugin v21.3 - https:\/\/yoast.com\/wordpress\/plugins\/seo\/ -->\n<title>El Cabildo y la ULL buscan universitarios que vinculen su aprendizaje con un compromiso social - ULL - Noticias<\/title>\n<meta name=\"description\" content=\"El Cabildo de Tenerife y la ULL han abierto la inscripci\u00f3n para participar en la II Feria de Solidaridad y Voluntariado, que se celebrar\u00e1 el 6 de octubre.\" \/>\n<meta name=\"robots\" content=\"index, follow, max-snippet:-1, max-image-preview:large, max-video-preview:-1\" \/>\n<link rel=\"canonical\" href=\"https:\/\/www.ull.es\/portal\/noticias\/2017\/ull-cabildo-compromiso-social\/\" \/>\n<meta property=\"og:locale\" content=\"es_ES\" \/>\n<meta property=\"og:type\" content=\"article\" \/>\n<meta property=\"og:title\" content=\"El Cabildo y la ULL buscan universitarios que vinculen su aprendizaje con un compromiso social - ULL - Noticias\" \/>\n<meta property=\"og:description\" content=\"El Cabildo de Tenerife y la ULL han abierto la inscripci\u00f3n para participar en la II Feria de Solidaridad y Voluntariado, que se celebrar\u00e1 el 6 de octubre.\" \/>\n<meta property=\"og:url\" content=\"https:\/\/www.ull.es\/portal\/noticias\/2017\/ull-cabildo-compromiso-social\/\" \/>\n<meta property=\"og:site_name\" content=\"ULL - Noticias\" \/>\n<meta property=\"article:publisher\" content=\"https:\/\/www.facebook.com\/universidaddelalaguna\/\" \/>\n<meta property=\"article:published_time\" content=\"2017-08-03T10:53:30+00:00\" \/>\n<meta property=\"article:modified_time\" content=\"2017-08-03T11:01:33+00:00\" \/>\n<meta property=\"og:image\" content=\"https:\/\/www.ull.es\/portal\/noticias\/wp-content\/uploads\/sites\/13\/2017\/08\/voluntariado-s.jpg\" \/>\n\t<meta property=\"og:image:width\" content=\"800\" \/>\n\t<meta property=\"og:image:height\" content=\"386\" \/>\n\t<meta property=\"og:image:type\" content=\"image\/jpeg\" \/>\n<meta name=\"author\" content=\"prensa2\" \/>\n<meta name=\"twitter:card\" content=\"summary_large_image\" \/>\n<meta name=\"twitter:creator\" content=\"@CanalULL\" \/>\n<meta name=\"twitter:site\" content=\"@CanalULL\" \/>\n<meta name=\"twitter:label1\" content=\"Escrito por\" \/>\n\t<meta name=\"twitter:data1\" content=\"prensa2\" \/>\n\t<meta name=\"twitter:label2\" content=\"Tiempo de lectura\" \/>\n\t<meta name=\"twitter:data2\" content=\"3 minutos\" \/>\n<script type=\"application\/ld+json\" class=\"yoast-schema-graph\">{\"@context\":\"https:\/\/schema.org\",\"@graph\":[{\"@type\":\"WebPage\",\"@id\":\"https:\/\/www.ull.es\/portal\/noticias\/2017\/ull-cabildo-compromiso-social\/\",\"url\":\"https:\/\/www.ull.es\/portal\/noticias\/2017\/ull-cabildo-compromiso-social\/\",\"name\":\"El Cabildo y la ULL buscan universitarios que vinculen su aprendizaje con un compromiso social - ULL - Noticias\",\"isPartOf\":{\"@id\":\"https:\/\/www.ull.es\/portal\/noticias\/#website\"},\"datePublished\":\"2017-08-03T10:53:30+00:00\",\"dateModified\":\"2017-08-03T11:01:33+00:00\",\"author\":{\"@id\":\"https:\/\/www.ull.es\/portal\/noticias\/#\/schema\/person\/c3b2aa857797592927a03740d6664376\"},\"description\":\"El Cabildo de Tenerife y la ULL han abierto la inscripci\u00f3n para participar en la II Feria de Solidaridad y Voluntariado, que se celebrar\u00e1 el 6 de octubre.\",\"breadcrumb\":{\"@id\":\"https:\/\/www.ull.es\/portal\/noticias\/2017\/ull-cabildo-compromiso-social\/#breadcrumb\"},\"inLanguage\":\"es\",\"potentialAction\":[{\"@type\":\"ReadAction\",\"target\":[\"https:\/\/www.ull.es\/portal\/noticias\/2017\/ull-cabildo-compromiso-social\/\"]}]},{\"@type\":\"BreadcrumbList\",\"@id\":\"https:\/\/www.ull.es\/portal\/noticias\/2017\/ull-cabildo-compromiso-social\/#breadcrumb\",\"itemListElement\":[{\"@type\":\"ListItem\",\"position\":1,\"name\":\"Portada\",\"item\":\"https:\/\/www.ull.es\/portal\/noticias\/\"},{\"@type\":\"ListItem\",\"position\":2,\"name\":\"El Cabildo y la ULL buscan universitarios que vinculen su aprendizaje con un compromiso social\"}]},{\"@type\":\"WebSite\",\"@id\":\"https:\/\/www.ull.es\/portal\/noticias\/#website\",\"url\":\"https:\/\/www.ull.es\/portal\/noticias\/\",\"name\":\"ULL - Noticias\",\"description\":\"\",\"potentialAction\":[{\"@type\":\"SearchAction\",\"target\":{\"@type\":\"EntryPoint\",\"urlTemplate\":\"https:\/\/www.ull.es\/portal\/noticias\/?s={search_term_string}\"},\"query-input\":\"required name=search_term_string\"}],\"inLanguage\":\"es\"},{\"@type\":\"Person\",\"@id\":\"https:\/\/www.ull.es\/portal\/noticias\/#\/schema\/person\/c3b2aa857797592927a03740d6664376\",\"name\":\"prensa2\",\"image\":{\"@type\":\"ImageObject\",\"inLanguage\":\"es\",\"@id\":\"https:\/\/www.ull.es\/portal\/noticias\/#\/schema\/person\/image\/\",\"url\":\"https:\/\/secure.gravatar.com\/avatar\/b58f310a5de5feb33d1e026d2493f23c?s=96&d=mm&r=g\",\"contentUrl\":\"https:\/\/secure.gravatar.com\/avatar\/b58f310a5de5feb33d1e026d2493f23c?s=96&d=mm&r=g\",\"caption\":\"prensa2\"},\"url\":\"https:\/\/www.ull.es\/portal\/noticias\/author\/prensa2\/\"}]}<\/script>\n<!-- \/ Yoast SEO plugin. -->","yoast_head_json":{"title":"El Cabildo y la ULL buscan universitarios que vinculen su aprendizaje con un compromiso social - ULL - Noticias","description":"El Cabildo de Tenerife y la ULL han abierto la inscripci\u00f3n para participar en la II Feria de Solidaridad y Voluntariado, que se celebrar\u00e1 el 6 de octubre.","robots":{"index":"index","follow":"follow","max-snippet":"max-snippet:-1","max-image-preview":"max-image-preview:large","max-video-preview":"max-video-preview:-1"},"canonical":"https:\/\/www.ull.es\/portal\/noticias\/2017\/ull-cabildo-compromiso-social\/","og_locale":"es_ES","og_type":"article","og_title":"El Cabildo y la ULL buscan universitarios que vinculen su aprendizaje con un compromiso social - ULL - Noticias","og_description":"El Cabildo de Tenerife y la ULL han abierto la inscripci\u00f3n para participar en la II Feria de Solidaridad y Voluntariado, que se celebrar\u00e1 el 6 de octubre.","og_url":"https:\/\/www.ull.es\/portal\/noticias\/2017\/ull-cabildo-compromiso-social\/","og_site_name":"ULL - Noticias","article_publisher":"https:\/\/www.facebook.com\/universidaddelalaguna\/","article_published_time":"2017-08-03T10:53:30+00:00","article_modified_time":"2017-08-03T11:01:33+00:00","og_image":[{"width":800,"height":386,"url":"https:\/\/www.ull.es\/portal\/noticias\/wp-content\/uploads\/sites\/13\/2017\/08\/voluntariado-s.jpg","type":"image\/jpeg"}],"author":"prensa2","twitter_card":"summary_large_image","twitter_creator":"@CanalULL","twitter_site":"@CanalULL","twitter_misc":{"Escrito por":"prensa2","Tiempo de lectura":"3 minutos"},"schema":{"@context":"https:\/\/schema.org","@graph":[{"@type":"WebPage","@id":"https:\/\/www.ull.es\/portal\/noticias\/2017\/ull-cabildo-compromiso-social\/","url":"https:\/\/www.ull.es\/portal\/noticias\/2017\/ull-cabildo-compromiso-social\/","name":"El Cabildo y la ULL buscan universitarios que vinculen su aprendizaje con un compromiso social - ULL - Noticias","isPartOf":{"@id":"https:\/\/www.ull.es\/portal\/noticias\/#website"},"datePublished":"2017-08-03T10:53:30+00:00","dateModified":"2017-08-03T11:01:33+00:00","author":{"@id":"https:\/\/www.ull.es\/portal\/noticias\/#\/schema\/person\/c3b2aa857797592927a03740d6664376"},"description":"El Cabildo de Tenerife y la ULL han abierto la inscripci\u00f3n para participar en la II Feria de Solidaridad y Voluntariado, que se celebrar\u00e1 el 6 de octubre.","breadcrumb":{"@id":"https:\/\/www.ull.es\/portal\/noticias\/2017\/ull-cabildo-compromiso-social\/#breadcrumb"},"inLanguage":"es","potentialAction":[{"@type":"ReadAction","target":["https:\/\/www.ull.es\/portal\/noticias\/2017\/ull-cabildo-compromiso-social\/"]}]},{"@type":"BreadcrumbList","@id":"https:\/\/www.ull.es\/portal\/noticias\/2017\/ull-cabildo-compromiso-social\/#breadcrumb","itemListElement":[{"@type":"ListItem","position":1,"name":"Portada","item":"https:\/\/www.ull.es\/portal\/noticias\/"},{"@type":"ListItem","position":2,"name":"El Cabildo y la ULL buscan universitarios que vinculen su aprendizaje con un compromiso social"}]},{"@type":"WebSite","@id":"https:\/\/www.ull.es\/portal\/noticias\/#website","url":"https:\/\/www.ull.es\/portal\/noticias\/","name":"ULL - Noticias","description":"","potentialAction":[{"@type":"SearchAction","target":{"@type":"EntryPoint","urlTemplate":"https:\/\/www.ull.es\/portal\/noticias\/?s={search_term_string}"},"query-input":"required name=search_term_string"}],"inLanguage":"es"},{"@type":"Person","@id":"https:\/\/www.ull.es\/portal\/noticias\/#\/schema\/person\/c3b2aa857797592927a03740d6664376","name":"prensa2","image":{"@type":"ImageObject","inLanguage":"es","@id":"https:\/\/www.ull.es\/portal\/noticias\/#\/schema\/person\/image\/","url":"https:\/\/secure.gravatar.com\/avatar\/b58f310a5de5feb33d1e026d2493f23c?s=96&d=mm&r=g","contentUrl":"https:\/\/secure.gravatar.com\/avatar\/b58f310a5de5feb33d1e026d2493f23c?s=96&d=mm&r=g","caption":"prensa2"},"url":"https:\/\/www.ull.es\/portal\/noticias\/author\/prensa2\/"}]}},"primary_category":{"id":343,"name":"Alumnado","slug":"alumnado","link":"https:\/\/www.ull.es\/portal\/noticias\/category\/alumnado\/"},"featured_image_thumbnail_url":"https:\/\/www.ull.es\/portal\/noticias\/wp-content\/uploads\/sites\/13\/2017\/08\/voluntariado-s-300x145.jpg","_links":{"self":[{"href":"https:\/\/www.ull.es\/portal\/noticias\/wp-json\/wp\/v2\/posts\/32647"}],"collection":[{"href":"https:\/\/www.ull.es\/portal\/noticias\/wp-json\/wp\/v2\/posts"}],"about":[{"href":"https:\/\/www.ull.es\/portal\/noticias\/wp-json\/wp\/v2\/types\/post"}],"author":[{"embeddable":true,"href":"https:\/\/www.ull.es\/portal\/noticias\/wp-json\/wp\/v2\/users\/21"}],"replies":[{"embeddable":true,"href":"https:\/\/www.ull.es\/portal\/noticias\/wp-json\/wp\/v2\/comments?post=32647"}],"version-history":[{"count":3,"href":"https:\/\/www.ull.es\/portal\/noticias\/wp-json\/wp\/v2\/posts\/32647\/revisions"}],"predecessor-version":[{"id":32676,"href":"https:\/\/www.ull.es\/portal\/noticias\/wp-json\/wp\/v2\/posts\/32647\/revisions\/32676"}],"wp:featuredmedia":[{"embeddable":true,"href":"https:\/\/www.ull.es\/portal\/noticias\/wp-json\/wp\/v2\/media\/32650"}],"wp:attachment":[{"href":"https:\/\/www.ull.es\/portal\/noticias\/wp-json\/wp\/v2\/media?parent=32647"}],"wp:term":[{"taxonomy":"category","embeddable":true,"href":"https:\/\/www.ull.es\/portal\/noticias\/wp-json\/wp\/v2\/categories?post=32647"},{"taxonomy":"post_tag","embeddable":true,"href":"https:\/\/www.ull.es\/portal\/noticias\/wp-json\/wp\/v2\/tags?post=32647"}],"curies":[{"name":"wp","href":"https:\/\/api.w.org\/{rel}","templated":true}]}}