{"id":32892,"date":"2017-09-22T13:56:09","date_gmt":"2017-09-22T13:56:09","guid":{"rendered":"https:\/\/www.ull.es\/portal\/noticias\/?p=32892"},"modified":"2017-09-22T13:57:50","modified_gmt":"2017-09-22T13:57:50","slug":"torneo-baloncesto-mixto-ull","status":"publish","type":"post","link":"https:\/\/www.ull.es\/portal\/noticias\/2017\/torneo-baloncesto-mixto-ull\/","title":{"rendered":"La ULL conmemora el D\u00eda del Deporte Universitario con un torneo de baloncesto mixto"},"content":{"rendered":"<div id=\"attachment_32893\" style=\"width: 224px\" class=\"wp-caption alignleft\"><a href=\"https:\/\/www.ull.es\/portal\/noticias\/wp-content\/uploads\/sites\/13\/2017\/09\/Cartel-Torneo-baloncesto-mixto.jpg\" target=\"_blank\" rel=\"noopener\" target=\"_blank\" rel=\"noopener\"><img aria-describedby=\"caption-attachment-32893\" decoding=\"async\" loading=\"lazy\" class=\"wp-image-32893 size-medium\" src=\"https:\/\/www.ull.es\/portal\/noticias\/wp-content\/uploads\/sites\/13\/2017\/09\/Cartel-Torneo-baloncesto-mixto-214x300.jpg\" alt=\"Torneo de Baloncesto Mixto\" width=\"214\" height=\"300\" srcset=\"https:\/\/www.ull.es\/portal\/noticias\/wp-content\/uploads\/sites\/13\/2017\/09\/Cartel-Torneo-baloncesto-mixto-214x300.jpg 214w, https:\/\/www.ull.es\/portal\/noticias\/wp-content\/uploads\/sites\/13\/2017\/09\/Cartel-Torneo-baloncesto-mixto-375x525.jpg 375w, https:\/\/www.ull.es\/portal\/noticias\/wp-content\/uploads\/sites\/13\/2017\/09\/Cartel-Torneo-baloncesto-mixto.jpg 731w\" sizes=\"(max-width: 214px) 100vw, 214px\" \/><\/a><p id=\"caption-attachment-32893\" class=\"wp-caption-text\">Cartel del torneo de baloncesto mixto<\/p><\/div>\n<p>La UNESCO acord\u00f3 en 2016 designar el 20 de septiembre como D\u00eda Internacional del Deporte Universitario. Para sumarse a esa iniciativa, la Universidad de La Laguna ha decidido organizar, a trav\u00e9s de su Servicio de Deportes, la primera edici\u00f3n del Torneo de Baloncesto Mixto Universidad de La Laguna, que se celebrar\u00e9 ma\u00f1ana, s\u00e1bado 23 de septiembre, en los pabellones de la instituci\u00f3n acad\u00e9mica, entre las 9:00 y las 15:00 horas.<\/p>\n<p>La convocatoria de la UNESCO manifiesta la necesidad de fomentar un deporte universal e igualitario y, por ello, la ULL ha decidido apostar por un tornero con equipos con integrantes de ambos sexos, contando con la ayuda de las federaciones y los clubes de baloncesto asociados con los que la universidad ha firmado alg\u00fan acuerdo de colaboraci\u00f3n o tiene en proyecto hacerlo, mientras que el arbitraje correr\u00e1 a cargo de la Asociaci\u00f3n de Baloncesto de \u00c1rbitros de Tenerife (ABAT).<\/p>\n<p>De este modo, competir\u00e1n en este torneo los combinados Club Baloncesto Canarias, C.B. N\u00e1utico, C.B. Adareva, C.B. Clarinos y el C.B. Juventud Laguna, as\u00ed como los equipos campeones del Trofeo Rector de la ULL del curso 2016\/17<\/p>\n<p>Desde hace varios cursos, el Servicio de Deportes de la ULL ha apostado por reivindicar una pr\u00e1ctica que defienda la mejora de la salud, de la condici\u00f3n f\u00edsica y de la calidad de vida; conseguir un mayor desarrollo de las cualidades f\u00edsicas b\u00e1sicas y habilidades motrices; ser una alternativa a la ocupaci\u00f3n del tiempo libre y de ocio; y un veh\u00edculo para el establecimiento de relaciones sociales.<\/p>\n<p>Por ello, tambi\u00e9n potencia en la competici\u00f3n interna institucional el juego limpio y no violento, as\u00ed como el deporte mixto, con la esperanza de que \u00e9stas sean las caracter\u00edsticas esenciales que identifiquen el deporte universitario del futuro cercano.<\/p>\n<p style=\"text-align: center\"><a href=\"https:\/\/www.ull.es\/portal\/agenda\/evento\/dia-internacional-del-deporte-universitario-i-torneo-baloncesto-mixto\/\" target=\"_blank\" rel=\"noopener\" target=\"_blank\" rel=\"noopener\"><strong>Cuadrante con los partidos que se disputar\u00e1n en la jornada<\/strong><\/a><\/p>\n<p><strong>\u00a0<\/strong><\/p>\n<p>&nbsp;<\/p>\n","protected":false},"excerpt":{"rendered":"<p>La UNESCO acord\u00f3 en 2016 designar el 20 de septiembre como D\u00eda Internacional del Deporte Universitario. Para sumarse a esa&#8230;<\/p>\n","protected":false},"author":21,"featured_media":32896,"comment_status":"closed","ping_status":"closed","sticky":false,"template":"","format":"image","meta":{"inline_featured_image":false,"footnotes":""},"categories":[345,348,2753,2755,2754,2765],"tags":[611,3390,3388,3389,3391],"acf":[],"yoast_head":"<!-- This site is optimized with the Yoast SEO plugin v21.3 - https:\/\/yoast.com\/wordpress\/plugins\/seo\/ -->\n<title>La ULL celebra su primer torneo de baloncesto mixto<\/title>\n<meta name=\"description\" content=\"Con motivo del D\u00eda Internacional del Deporte Universitario, fijado por la UNESCO el 20 de septiembre, la ULL celebra su I Torneo de Baloncesto Mixto.\" \/>\n<meta name=\"robots\" content=\"index, follow, max-snippet:-1, max-image-preview:large, max-video-preview:-1\" \/>\n<link rel=\"canonical\" href=\"https:\/\/www.ull.es\/portal\/noticias\/2017\/torneo-baloncesto-mixto-ull\/\" \/>\n<meta property=\"og:locale\" content=\"es_ES\" \/>\n<meta property=\"og:type\" content=\"article\" \/>\n<meta property=\"og:title\" content=\"La ULL celebra su primer torneo de baloncesto mixto\" \/>\n<meta property=\"og:description\" content=\"Con motivo del D\u00eda Internacional del Deporte Universitario, fijado por la UNESCO el 20 de septiembre, la ULL celebra su I Torneo de Baloncesto Mixto.\" \/>\n<meta property=\"og:url\" content=\"https:\/\/www.ull.es\/portal\/noticias\/2017\/torneo-baloncesto-mixto-ull\/\" \/>\n<meta property=\"og:site_name\" content=\"ULL - Noticias\" \/>\n<meta property=\"article:publisher\" content=\"https:\/\/www.facebook.com\/universidaddelalaguna\/\" \/>\n<meta property=\"article:published_time\" content=\"2017-09-22T13:56:09+00:00\" \/>\n<meta property=\"article:modified_time\" content=\"2017-09-22T13:57:50+00:00\" \/>\n<meta property=\"og:image\" content=\"https:\/\/www.ull.es\/portal\/noticias\/wp-content\/uploads\/sites\/13\/2017\/09\/Cartel-Torneo-baloncesto-mixto-t.jpg\" \/>\n\t<meta property=\"og:image:width\" content=\"447\" \/>\n\t<meta property=\"og:image:height\" content=\"310\" \/>\n\t<meta property=\"og:image:type\" content=\"image\/jpeg\" \/>\n<meta name=\"author\" content=\"prensa2\" \/>\n<meta name=\"twitter:card\" content=\"summary_large_image\" \/>\n<meta name=\"twitter:creator\" content=\"@CanalULL\" \/>\n<meta name=\"twitter:site\" content=\"@CanalULL\" \/>\n<meta name=\"twitter:label1\" content=\"Escrito por\" \/>\n\t<meta name=\"twitter:data1\" content=\"prensa2\" \/>\n\t<meta name=\"twitter:label2\" content=\"Tiempo de lectura\" \/>\n\t<meta name=\"twitter:data2\" content=\"2 minutos\" \/>\n<script type=\"application\/ld+json\" class=\"yoast-schema-graph\">{\"@context\":\"https:\/\/schema.org\",\"@graph\":[{\"@type\":\"WebPage\",\"@id\":\"https:\/\/www.ull.es\/portal\/noticias\/2017\/torneo-baloncesto-mixto-ull\/\",\"url\":\"https:\/\/www.ull.es\/portal\/noticias\/2017\/torneo-baloncesto-mixto-ull\/\",\"name\":\"La ULL celebra su primer torneo de baloncesto mixto\",\"isPartOf\":{\"@id\":\"https:\/\/www.ull.es\/portal\/noticias\/#website\"},\"datePublished\":\"2017-09-22T13:56:09+00:00\",\"dateModified\":\"2017-09-22T13:57:50+00:00\",\"author\":{\"@id\":\"https:\/\/www.ull.es\/portal\/noticias\/#\/schema\/person\/c3b2aa857797592927a03740d6664376\"},\"description\":\"Con motivo del D\u00eda Internacional del Deporte Universitario, fijado por la UNESCO el 20 de septiembre, la ULL celebra su I Torneo de Baloncesto Mixto.\",\"breadcrumb\":{\"@id\":\"https:\/\/www.ull.es\/portal\/noticias\/2017\/torneo-baloncesto-mixto-ull\/#breadcrumb\"},\"inLanguage\":\"es\",\"potentialAction\":[{\"@type\":\"ReadAction\",\"target\":[\"https:\/\/www.ull.es\/portal\/noticias\/2017\/torneo-baloncesto-mixto-ull\/\"]}]},{\"@type\":\"BreadcrumbList\",\"@id\":\"https:\/\/www.ull.es\/portal\/noticias\/2017\/torneo-baloncesto-mixto-ull\/#breadcrumb\",\"itemListElement\":[{\"@type\":\"ListItem\",\"position\":1,\"name\":\"Portada\",\"item\":\"https:\/\/www.ull.es\/portal\/noticias\/\"},{\"@type\":\"ListItem\",\"position\":2,\"name\":\"La ULL conmemora el D\u00eda del Deporte Universitario con un torneo de baloncesto mixto\"}]},{\"@type\":\"WebSite\",\"@id\":\"https:\/\/www.ull.es\/portal\/noticias\/#website\",\"url\":\"https:\/\/www.ull.es\/portal\/noticias\/\",\"name\":\"ULL - Noticias\",\"description\":\"\",\"potentialAction\":[{\"@type\":\"SearchAction\",\"target\":{\"@type\":\"EntryPoint\",\"urlTemplate\":\"https:\/\/www.ull.es\/portal\/noticias\/?s={search_term_string}\"},\"query-input\":\"required name=search_term_string\"}],\"inLanguage\":\"es\"},{\"@type\":\"Person\",\"@id\":\"https:\/\/www.ull.es\/portal\/noticias\/#\/schema\/person\/c3b2aa857797592927a03740d6664376\",\"name\":\"prensa2\",\"image\":{\"@type\":\"ImageObject\",\"inLanguage\":\"es\",\"@id\":\"https:\/\/www.ull.es\/portal\/noticias\/#\/schema\/person\/image\/\",\"url\":\"https:\/\/secure.gravatar.com\/avatar\/b58f310a5de5feb33d1e026d2493f23c?s=96&d=mm&r=g\",\"contentUrl\":\"https:\/\/secure.gravatar.com\/avatar\/b58f310a5de5feb33d1e026d2493f23c?s=96&d=mm&r=g\",\"caption\":\"prensa2\"},\"url\":\"https:\/\/www.ull.es\/portal\/noticias\/author\/prensa2\/\"}]}<\/script>\n<!-- \/ Yoast SEO plugin. -->","yoast_head_json":{"title":"La ULL celebra su primer torneo de baloncesto mixto","description":"Con motivo del D\u00eda Internacional del Deporte Universitario, fijado por la UNESCO el 20 de septiembre, la ULL celebra su I Torneo de Baloncesto Mixto.","robots":{"index":"index","follow":"follow","max-snippet":"max-snippet:-1","max-image-preview":"max-image-preview:large","max-video-preview":"max-video-preview:-1"},"canonical":"https:\/\/www.ull.es\/portal\/noticias\/2017\/torneo-baloncesto-mixto-ull\/","og_locale":"es_ES","og_type":"article","og_title":"La ULL celebra su primer torneo de baloncesto mixto","og_description":"Con motivo del D\u00eda Internacional del Deporte Universitario, fijado por la UNESCO el 20 de septiembre, la ULL celebra su I Torneo de Baloncesto Mixto.","og_url":"https:\/\/www.ull.es\/portal\/noticias\/2017\/torneo-baloncesto-mixto-ull\/","og_site_name":"ULL - Noticias","article_publisher":"https:\/\/www.facebook.com\/universidaddelalaguna\/","article_published_time":"2017-09-22T13:56:09+00:00","article_modified_time":"2017-09-22T13:57:50+00:00","og_image":[{"width":447,"height":310,"url":"https:\/\/www.ull.es\/portal\/noticias\/wp-content\/uploads\/sites\/13\/2017\/09\/Cartel-Torneo-baloncesto-mixto-t.jpg","type":"image\/jpeg"}],"author":"prensa2","twitter_card":"summary_large_image","twitter_creator":"@CanalULL","twitter_site":"@CanalULL","twitter_misc":{"Escrito por":"prensa2","Tiempo de lectura":"2 minutos"},"schema":{"@context":"https:\/\/schema.org","@graph":[{"@type":"WebPage","@id":"https:\/\/www.ull.es\/portal\/noticias\/2017\/torneo-baloncesto-mixto-ull\/","url":"https:\/\/www.ull.es\/portal\/noticias\/2017\/torneo-baloncesto-mixto-ull\/","name":"La ULL celebra su primer torneo de baloncesto mixto","isPartOf":{"@id":"https:\/\/www.ull.es\/portal\/noticias\/#website"},"datePublished":"2017-09-22T13:56:09+00:00","dateModified":"2017-09-22T13:57:50+00:00","author":{"@id":"https:\/\/www.ull.es\/portal\/noticias\/#\/schema\/person\/c3b2aa857797592927a03740d6664376"},"description":"Con motivo del D\u00eda Internacional del Deporte Universitario, fijado por la UNESCO el 20 de septiembre, la ULL celebra su I Torneo de Baloncesto Mixto.","breadcrumb":{"@id":"https:\/\/www.ull.es\/portal\/noticias\/2017\/torneo-baloncesto-mixto-ull\/#breadcrumb"},"inLanguage":"es","potentialAction":[{"@type":"ReadAction","target":["https:\/\/www.ull.es\/portal\/noticias\/2017\/torneo-baloncesto-mixto-ull\/"]}]},{"@type":"BreadcrumbList","@id":"https:\/\/www.ull.es\/portal\/noticias\/2017\/torneo-baloncesto-mixto-ull\/#breadcrumb","itemListElement":[{"@type":"ListItem","position":1,"name":"Portada","item":"https:\/\/www.ull.es\/portal\/noticias\/"},{"@type":"ListItem","position":2,"name":"La ULL conmemora el D\u00eda del Deporte Universitario con un torneo de baloncesto mixto"}]},{"@type":"WebSite","@id":"https:\/\/www.ull.es\/portal\/noticias\/#website","url":"https:\/\/www.ull.es\/portal\/noticias\/","name":"ULL - Noticias","description":"","potentialAction":[{"@type":"SearchAction","target":{"@type":"EntryPoint","urlTemplate":"https:\/\/www.ull.es\/portal\/noticias\/?s={search_term_string}"},"query-input":"required name=search_term_string"}],"inLanguage":"es"},{"@type":"Person","@id":"https:\/\/www.ull.es\/portal\/noticias\/#\/schema\/person\/c3b2aa857797592927a03740d6664376","name":"prensa2","image":{"@type":"ImageObject","inLanguage":"es","@id":"https:\/\/www.ull.es\/portal\/noticias\/#\/schema\/person\/image\/","url":"https:\/\/secure.gravatar.com\/avatar\/b58f310a5de5feb33d1e026d2493f23c?s=96&d=mm&r=g","contentUrl":"https:\/\/secure.gravatar.com\/avatar\/b58f310a5de5feb33d1e026d2493f23c?s=96&d=mm&r=g","caption":"prensa2"},"url":"https:\/\/www.ull.es\/portal\/noticias\/author\/prensa2\/"}]}},"primary_category":{"id":348,"name":"Instituci\u00f3n","slug":"institucion","link":"https:\/\/www.ull.es\/portal\/noticias\/category\/institucion\/"},"featured_image_thumbnail_url":"https:\/\/www.ull.es\/portal\/noticias\/wp-content\/uploads\/sites\/13\/2017\/09\/Cartel-Torneo-baloncesto-mixto-t-300x208.jpg","_links":{"self":[{"href":"https:\/\/www.ull.es\/portal\/noticias\/wp-json\/wp\/v2\/posts\/32892"}],"collection":[{"href":"https:\/\/www.ull.es\/portal\/noticias\/wp-json\/wp\/v2\/posts"}],"about":[{"href":"https:\/\/www.ull.es\/portal\/noticias\/wp-json\/wp\/v2\/types\/post"}],"author":[{"embeddable":true,"href":"https:\/\/www.ull.es\/portal\/noticias\/wp-json\/wp\/v2\/users\/21"}],"replies":[{"embeddable":true,"href":"https:\/\/www.ull.es\/portal\/noticias\/wp-json\/wp\/v2\/comments?post=32892"}],"version-history":[{"count":2,"href":"https:\/\/www.ull.es\/portal\/noticias\/wp-json\/wp\/v2\/posts\/32892\/revisions"}],"predecessor-version":[{"id":32898,"href":"https:\/\/www.ull.es\/portal\/noticias\/wp-json\/wp\/v2\/posts\/32892\/revisions\/32898"}],"wp:featuredmedia":[{"embeddable":true,"href":"https:\/\/www.ull.es\/portal\/noticias\/wp-json\/wp\/v2\/media\/32896"}],"wp:attachment":[{"href":"https:\/\/www.ull.es\/portal\/noticias\/wp-json\/wp\/v2\/media?parent=32892"}],"wp:term":[{"taxonomy":"category","embeddable":true,"href":"https:\/\/www.ull.es\/portal\/noticias\/wp-json\/wp\/v2\/categories?post=32892"},{"taxonomy":"post_tag","embeddable":true,"href":"https:\/\/www.ull.es\/portal\/noticias\/wp-json\/wp\/v2\/tags?post=32892"}],"curies":[{"name":"wp","href":"https:\/\/api.w.org\/{rel}","templated":true}]}}