{"id":32955,"date":"2017-09-26T20:42:35","date_gmt":"2017-09-26T20:42:35","guid":{"rendered":"https:\/\/www.ull.es\/portal\/noticias\/?p=32955"},"modified":"2017-09-26T20:45:09","modified_gmt":"2017-09-26T20:45:09","slug":"la-gerente-la-ull-solicita-al-pas-dejar-segundo-plano-las-tareas-rutinarias-dedicarse-lo-aporta-valor","status":"publish","type":"post","link":"https:\/\/www.ull.es\/portal\/noticias\/2017\/la-gerente-la-ull-solicita-al-pas-dejar-segundo-plano-las-tareas-rutinarias-dedicarse-lo-aporta-valor\/","title":{"rendered":"La gerente de la ULL solicita al PAS dejar en segundo plano las tareas rutinarias para dedicarse a lo que aporta valor"},"content":{"rendered":"<p>La gerente de la Universidad de La Laguna, Lidia Pereira, intervino en el cierre de las IV Jornadas de Calidad en la Gesti\u00f3n de los Servicios Universitarios, celebradas hoy 26 de septiembre en la Secci\u00f3n de Periodismo, para ofrecer su visi\u00f3n acerca de los nuevos retos de la administraci\u00f3n universitaria.<\/p>\n<p>Se\u00f1al\u00f3 en primer lugar que el sistema de gesti\u00f3n de calidad tiene que ser un conjunto de acciones facilitadoras para los servicios, y no un obst\u00e1culo que suponga mayor burocracia en la medici\u00f3n de las tareas y en su evaluaci\u00f3n. \u201cSi queremos avanzar en la gesti\u00f3n el modelo acordado no puede ser una carga para el personal; debe ser un instrumento de gesti\u00f3n al servicio de las personas\u201d.<\/p>\n<p>De hecho, recalc\u00f3 que para llevar a cabo la transformaci\u00f3n de la organizaci\u00f3n, lo m\u00e1s importante son las personas. \u201cHace falta m\u00e1s trabajo en equipo, mayor coordinaci\u00f3n entre los servicios. Tenemos que adaptar nuestras estructuras desde una \u00f3ptica m\u00e1s transversal\u201d.<\/p>\n<p>\u201cLas estructuras organizativas anteriores a los procesos de globalizaci\u00f3n no nos sirven, tenemos que adaptarnos y transformarnos ante los nuevos escenarios para satisfacer las demandas de la sociedad\u201d, apunt\u00f3 Pereira. Actualmente en un entorno globalizado, con los cambios introducidos en los comportamientos sociales y con la evoluci\u00f3n de las tecnolog\u00edas, nuestros principales usuarios tienen la posibilidad de acudir a otras universidades Por tanto, ya no vale seguir haciendo lo de siempre, se\u00f1al\u00f3, en el intento de lograr una instituci\u00f3n que destaque y sea la elecci\u00f3n de los usuarios.<\/p>\n<p>Los comportamientos sociales han forzado aspectos normativos que a d\u00eda de hoy abundan en la mayor transparencia, agilidad y eficacia de las instituciones p\u00fablicas, que aunque presten servicios p\u00fablicos deben orientar su gesti\u00f3n a los resultados, a\u00f1adi\u00f3 la gerente. Con todo, este nuevo entorno, de mayor incertidumbre, y en medio de una revoluci\u00f3n digital, deber\u00eda convertirse una oportunidad para la universidad, de forma que sea un momento para \u201crepensar\u201d su funcionamiento y sus procesos de gesti\u00f3n. \u201cHay que dejar atr\u00e1s tareas rutinarias y dedicar el tiempo de las personas a tareas de mayor valor a\u00f1adido. Debemos hacer un esfuerzo en tareas transversales, compartiendo conocimiento y creando sinergias entre los servicios\u201d, apunt\u00f3.<\/p>\n<p>El sistema de calidad EFQM, al que se han sumado servicios como la Biblioteca Universitaria o el Servicio General de Apoyo a la Investigaci\u00f3n, no es id\u00f3neo para otros. Por ello, teniendo como objetivo lograr reconocimiento formal y global de gesti\u00f3n de calidad para la ULL, se ha empezado a trabajar realizando actuaciones de cara a la implantaci\u00f3n de la gesti\u00f3n por procesos, en la que se fundamenta el modelo de gesti\u00f3n de calidad basado en la ISO 9001:2015, m\u00e1s cercano a la operatividad de la actividad. Las unidades en las que se ha empezado a trabajar a este respecto han sido el Servicio de Contrataci\u00f3n Patrimonio, las Administraciones de Centro y el Servicio de Recursos Humanos.<\/p>\n<p>La gesti\u00f3n por procesos ayuda a sistematizar la informaci\u00f3n, a ordenarla, al tiempo que optimiza el trabajo y sirve para tener conocimiento compartido con todo el equipo, lo que resulta de enorme utilidad como garant\u00eda de funcionamiento institucional incluso ante la movilidad de personal entre servicios, explic\u00f3.<\/p>\n<p>Todo este cambio debe venir acompa\u00f1ado de formaci\u00f3n y aprendizaje continuo sobre la gesti\u00f3n del tiempo, gesti\u00f3n de equipos, trabajo en equipo y sobre las metodolog\u00edas y aplicaciones que se pongan a disposici\u00f3n de las mejoras en gesti\u00f3n.<\/p>\n<p>Concluy\u00f3 con una frase de S\u00f3crates: \u201cLa excelencia es un h\u00e1bito\u201d, respecto de la que mencion\u00f3 que debemos de tenerla presente. \u201cLa excelencia no significa trabajar de forma perfecta, en la gesti\u00f3n muy dif\u00edcil es hablar de perfecci\u00f3n, pero s\u00ed desarrollar las tareas muy bien. Con la excelencia, acompa\u00f1ada de ilusi\u00f3n, compromiso y trabajando en equipo, con la implicaci\u00f3n de personal, que dispone de amplio conocimiento acumulado en la instituci\u00f3n, podemos poner miras hacia adelante e introducir en la actividad diaria la mejora continua\u201d.<\/p>\n","protected":false},"excerpt":{"rendered":"<p>La gerente de la Universidad de La Laguna, Lidia Pereira, intervino en el cierre de las IV Jornadas de Calidad&#8230;<\/p>\n","protected":false},"author":23,"featured_media":32956,"comment_status":"closed","ping_status":"closed","sticky":false,"template":"","format":"standard","meta":{"inline_featured_image":false,"footnotes":""},"categories":[345,348,2769,2765],"tags":[675,2993,1363,2057,3407],"acf":[],"yoast_head":"<!-- This site is optimized with the Yoast SEO plugin v21.3 - https:\/\/yoast.com\/wordpress\/plugins\/seo\/ -->\n<title>La gerente de la ULL solicita al PAS dejar en segundo plano las tareas rutinarias para dedicarse a lo que aporta valor - ULL - Noticias<\/title>\n<meta name=\"robots\" content=\"index, follow, max-snippet:-1, max-image-preview:large, max-video-preview:-1\" \/>\n<link rel=\"canonical\" href=\"https:\/\/www.ull.es\/portal\/noticias\/2017\/la-gerente-la-ull-solicita-al-pas-dejar-segundo-plano-las-tareas-rutinarias-dedicarse-lo-aporta-valor\/\" \/>\n<meta property=\"og:locale\" content=\"es_ES\" \/>\n<meta property=\"og:type\" content=\"article\" \/>\n<meta property=\"og:title\" content=\"La gerente de la ULL solicita al PAS dejar en segundo plano las tareas rutinarias para dedicarse a lo que aporta valor - ULL - Noticias\" \/>\n<meta property=\"og:description\" content=\"La gerente de la Universidad de La Laguna, Lidia Pereira, intervino en el cierre de las IV Jornadas de Calidad...\" \/>\n<meta property=\"og:url\" content=\"https:\/\/www.ull.es\/portal\/noticias\/2017\/la-gerente-la-ull-solicita-al-pas-dejar-segundo-plano-las-tareas-rutinarias-dedicarse-lo-aporta-valor\/\" \/>\n<meta property=\"og:site_name\" content=\"ULL - Noticias\" \/>\n<meta property=\"article:publisher\" content=\"https:\/\/www.facebook.com\/universidaddelalaguna\/\" \/>\n<meta property=\"article:published_time\" content=\"2017-09-26T20:42:35+00:00\" \/>\n<meta property=\"article:modified_time\" content=\"2017-09-26T20:45:09+00:00\" \/>\n<meta property=\"og:image\" content=\"https:\/\/www.ull.es\/portal\/noticias\/wp-content\/uploads\/sites\/13\/2017\/09\/gerente.jpg\" \/>\n\t<meta property=\"og:image:width\" content=\"1024\" \/>\n\t<meta property=\"og:image:height\" content=\"683\" \/>\n\t<meta property=\"og:image:type\" content=\"image\/jpeg\" \/>\n<meta name=\"author\" content=\"gaprsa\" \/>\n<meta name=\"twitter:card\" content=\"summary_large_image\" \/>\n<meta name=\"twitter:creator\" content=\"@CanalULL\" \/>\n<meta name=\"twitter:site\" content=\"@CanalULL\" \/>\n<meta name=\"twitter:label1\" content=\"Escrito por\" \/>\n\t<meta name=\"twitter:data1\" content=\"gaprsa\" \/>\n\t<meta name=\"twitter:label2\" content=\"Tiempo de lectura\" \/>\n\t<meta name=\"twitter:data2\" content=\"4 minutos\" \/>\n<script type=\"application\/ld+json\" class=\"yoast-schema-graph\">{\"@context\":\"https:\/\/schema.org\",\"@graph\":[{\"@type\":\"WebPage\",\"@id\":\"https:\/\/www.ull.es\/portal\/noticias\/2017\/la-gerente-la-ull-solicita-al-pas-dejar-segundo-plano-las-tareas-rutinarias-dedicarse-lo-aporta-valor\/\",\"url\":\"https:\/\/www.ull.es\/portal\/noticias\/2017\/la-gerente-la-ull-solicita-al-pas-dejar-segundo-plano-las-tareas-rutinarias-dedicarse-lo-aporta-valor\/\",\"name\":\"La gerente de la ULL solicita al PAS dejar en segundo plano las tareas rutinarias para dedicarse a lo que aporta valor - ULL - Noticias\",\"isPartOf\":{\"@id\":\"https:\/\/www.ull.es\/portal\/noticias\/#website\"},\"datePublished\":\"2017-09-26T20:42:35+00:00\",\"dateModified\":\"2017-09-26T20:45:09+00:00\",\"author\":{\"@id\":\"https:\/\/www.ull.es\/portal\/noticias\/#\/schema\/person\/b2b1a89d43ffa609e591f7df8ef3e817\"},\"breadcrumb\":{\"@id\":\"https:\/\/www.ull.es\/portal\/noticias\/2017\/la-gerente-la-ull-solicita-al-pas-dejar-segundo-plano-las-tareas-rutinarias-dedicarse-lo-aporta-valor\/#breadcrumb\"},\"inLanguage\":\"es\",\"potentialAction\":[{\"@type\":\"ReadAction\",\"target\":[\"https:\/\/www.ull.es\/portal\/noticias\/2017\/la-gerente-la-ull-solicita-al-pas-dejar-segundo-plano-las-tareas-rutinarias-dedicarse-lo-aporta-valor\/\"]}]},{\"@type\":\"BreadcrumbList\",\"@id\":\"https:\/\/www.ull.es\/portal\/noticias\/2017\/la-gerente-la-ull-solicita-al-pas-dejar-segundo-plano-las-tareas-rutinarias-dedicarse-lo-aporta-valor\/#breadcrumb\",\"itemListElement\":[{\"@type\":\"ListItem\",\"position\":1,\"name\":\"Portada\",\"item\":\"https:\/\/www.ull.es\/portal\/noticias\/\"},{\"@type\":\"ListItem\",\"position\":2,\"name\":\"La gerente de la ULL solicita al PAS dejar en segundo plano las tareas rutinarias para dedicarse a lo que aporta valor\"}]},{\"@type\":\"WebSite\",\"@id\":\"https:\/\/www.ull.es\/portal\/noticias\/#website\",\"url\":\"https:\/\/www.ull.es\/portal\/noticias\/\",\"name\":\"ULL - Noticias\",\"description\":\"\",\"potentialAction\":[{\"@type\":\"SearchAction\",\"target\":{\"@type\":\"EntryPoint\",\"urlTemplate\":\"https:\/\/www.ull.es\/portal\/noticias\/?s={search_term_string}\"},\"query-input\":\"required name=search_term_string\"}],\"inLanguage\":\"es\"},{\"@type\":\"Person\",\"@id\":\"https:\/\/www.ull.es\/portal\/noticias\/#\/schema\/person\/b2b1a89d43ffa609e591f7df8ef3e817\",\"name\":\"gaprsa\",\"image\":{\"@type\":\"ImageObject\",\"inLanguage\":\"es\",\"@id\":\"https:\/\/www.ull.es\/portal\/noticias\/#\/schema\/person\/image\/\",\"url\":\"https:\/\/secure.gravatar.com\/avatar\/443820550921091458b4823867723b3d?s=96&d=mm&r=g\",\"contentUrl\":\"https:\/\/secure.gravatar.com\/avatar\/443820550921091458b4823867723b3d?s=96&d=mm&r=g\",\"caption\":\"gaprsa\"},\"url\":\"https:\/\/www.ull.es\/portal\/noticias\/author\/gaprsa\/\"}]}<\/script>\n<!-- \/ Yoast SEO plugin. -->","yoast_head_json":{"title":"La gerente de la ULL solicita al PAS dejar en segundo plano las tareas rutinarias para dedicarse a lo que aporta valor - ULL - Noticias","robots":{"index":"index","follow":"follow","max-snippet":"max-snippet:-1","max-image-preview":"max-image-preview:large","max-video-preview":"max-video-preview:-1"},"canonical":"https:\/\/www.ull.es\/portal\/noticias\/2017\/la-gerente-la-ull-solicita-al-pas-dejar-segundo-plano-las-tareas-rutinarias-dedicarse-lo-aporta-valor\/","og_locale":"es_ES","og_type":"article","og_title":"La gerente de la ULL solicita al PAS dejar en segundo plano las tareas rutinarias para dedicarse a lo que aporta valor - ULL - Noticias","og_description":"La gerente de la Universidad de La Laguna, Lidia Pereira, intervino en el cierre de las IV Jornadas de Calidad...","og_url":"https:\/\/www.ull.es\/portal\/noticias\/2017\/la-gerente-la-ull-solicita-al-pas-dejar-segundo-plano-las-tareas-rutinarias-dedicarse-lo-aporta-valor\/","og_site_name":"ULL - Noticias","article_publisher":"https:\/\/www.facebook.com\/universidaddelalaguna\/","article_published_time":"2017-09-26T20:42:35+00:00","article_modified_time":"2017-09-26T20:45:09+00:00","og_image":[{"width":1024,"height":683,"url":"https:\/\/www.ull.es\/portal\/noticias\/wp-content\/uploads\/sites\/13\/2017\/09\/gerente.jpg","type":"image\/jpeg"}],"author":"gaprsa","twitter_card":"summary_large_image","twitter_creator":"@CanalULL","twitter_site":"@CanalULL","twitter_misc":{"Escrito por":"gaprsa","Tiempo de lectura":"4 minutos"},"schema":{"@context":"https:\/\/schema.org","@graph":[{"@type":"WebPage","@id":"https:\/\/www.ull.es\/portal\/noticias\/2017\/la-gerente-la-ull-solicita-al-pas-dejar-segundo-plano-las-tareas-rutinarias-dedicarse-lo-aporta-valor\/","url":"https:\/\/www.ull.es\/portal\/noticias\/2017\/la-gerente-la-ull-solicita-al-pas-dejar-segundo-plano-las-tareas-rutinarias-dedicarse-lo-aporta-valor\/","name":"La gerente de la ULL solicita al PAS dejar en segundo plano las tareas rutinarias para dedicarse a lo que aporta valor - ULL - Noticias","isPartOf":{"@id":"https:\/\/www.ull.es\/portal\/noticias\/#website"},"datePublished":"2017-09-26T20:42:35+00:00","dateModified":"2017-09-26T20:45:09+00:00","author":{"@id":"https:\/\/www.ull.es\/portal\/noticias\/#\/schema\/person\/b2b1a89d43ffa609e591f7df8ef3e817"},"breadcrumb":{"@id":"https:\/\/www.ull.es\/portal\/noticias\/2017\/la-gerente-la-ull-solicita-al-pas-dejar-segundo-plano-las-tareas-rutinarias-dedicarse-lo-aporta-valor\/#breadcrumb"},"inLanguage":"es","potentialAction":[{"@type":"ReadAction","target":["https:\/\/www.ull.es\/portal\/noticias\/2017\/la-gerente-la-ull-solicita-al-pas-dejar-segundo-plano-las-tareas-rutinarias-dedicarse-lo-aporta-valor\/"]}]},{"@type":"BreadcrumbList","@id":"https:\/\/www.ull.es\/portal\/noticias\/2017\/la-gerente-la-ull-solicita-al-pas-dejar-segundo-plano-las-tareas-rutinarias-dedicarse-lo-aporta-valor\/#breadcrumb","itemListElement":[{"@type":"ListItem","position":1,"name":"Portada","item":"https:\/\/www.ull.es\/portal\/noticias\/"},{"@type":"ListItem","position":2,"name":"La gerente de la ULL solicita al PAS dejar en segundo plano las tareas rutinarias para dedicarse a lo que aporta valor"}]},{"@type":"WebSite","@id":"https:\/\/www.ull.es\/portal\/noticias\/#website","url":"https:\/\/www.ull.es\/portal\/noticias\/","name":"ULL - Noticias","description":"","potentialAction":[{"@type":"SearchAction","target":{"@type":"EntryPoint","urlTemplate":"https:\/\/www.ull.es\/portal\/noticias\/?s={search_term_string}"},"query-input":"required name=search_term_string"}],"inLanguage":"es"},{"@type":"Person","@id":"https:\/\/www.ull.es\/portal\/noticias\/#\/schema\/person\/b2b1a89d43ffa609e591f7df8ef3e817","name":"gaprsa","image":{"@type":"ImageObject","inLanguage":"es","@id":"https:\/\/www.ull.es\/portal\/noticias\/#\/schema\/person\/image\/","url":"https:\/\/secure.gravatar.com\/avatar\/443820550921091458b4823867723b3d?s=96&d=mm&r=g","contentUrl":"https:\/\/secure.gravatar.com\/avatar\/443820550921091458b4823867723b3d?s=96&d=mm&r=g","caption":"gaprsa"},"url":"https:\/\/www.ull.es\/portal\/noticias\/author\/gaprsa\/"}]}},"primary_category":{"id":2769,"name":"Notificaciones PAS","slug":"notificaciones-pas","link":"https:\/\/www.ull.es\/portal\/noticias\/category\/notificaciones-ull\/notificaciones-pas\/"},"featured_image_thumbnail_url":"https:\/\/www.ull.es\/portal\/noticias\/wp-content\/uploads\/sites\/13\/2017\/09\/gerente-300x200.jpg","_links":{"self":[{"href":"https:\/\/www.ull.es\/portal\/noticias\/wp-json\/wp\/v2\/posts\/32955"}],"collection":[{"href":"https:\/\/www.ull.es\/portal\/noticias\/wp-json\/wp\/v2\/posts"}],"about":[{"href":"https:\/\/www.ull.es\/portal\/noticias\/wp-json\/wp\/v2\/types\/post"}],"author":[{"embeddable":true,"href":"https:\/\/www.ull.es\/portal\/noticias\/wp-json\/wp\/v2\/users\/23"}],"replies":[{"embeddable":true,"href":"https:\/\/www.ull.es\/portal\/noticias\/wp-json\/wp\/v2\/comments?post=32955"}],"version-history":[{"count":1,"href":"https:\/\/www.ull.es\/portal\/noticias\/wp-json\/wp\/v2\/posts\/32955\/revisions"}],"predecessor-version":[{"id":32957,"href":"https:\/\/www.ull.es\/portal\/noticias\/wp-json\/wp\/v2\/posts\/32955\/revisions\/32957"}],"wp:featuredmedia":[{"embeddable":true,"href":"https:\/\/www.ull.es\/portal\/noticias\/wp-json\/wp\/v2\/media\/32956"}],"wp:attachment":[{"href":"https:\/\/www.ull.es\/portal\/noticias\/wp-json\/wp\/v2\/media?parent=32955"}],"wp:term":[{"taxonomy":"category","embeddable":true,"href":"https:\/\/www.ull.es\/portal\/noticias\/wp-json\/wp\/v2\/categories?post=32955"},{"taxonomy":"post_tag","embeddable":true,"href":"https:\/\/www.ull.es\/portal\/noticias\/wp-json\/wp\/v2\/tags?post=32955"}],"curies":[{"name":"wp","href":"https:\/\/api.w.org\/{rel}","templated":true}]}}