{"id":33091,"date":"2017-10-04T10:27:59","date_gmt":"2017-10-04T10:27:59","guid":{"rendered":"https:\/\/www.ull.es\/portal\/noticias\/?p=33091"},"modified":"2017-10-04T13:48:00","modified_gmt":"2017-10-04T13:48:00","slug":"la-seccion-arquitectura-tecnica-la-ull-expone-los-trabajos-fin-grado-alumnado","status":"publish","type":"post","link":"https:\/\/www.ull.es\/portal\/noticias\/2017\/la-seccion-arquitectura-tecnica-la-ull-expone-los-trabajos-fin-grado-alumnado\/","title":{"rendered":"La Secci\u00f3n de Arquitectura T\u00e9cnica de la ULL expone los trabajos fin de grado de su alumnado"},"content":{"rendered":"<p>La Secci\u00f3n de Arquitectura T\u00e9cnica de la Escuela Polit\u00e9cnica Superior de Ingenier\u00eda de la Universidad de La Laguna ha organizado, por quinto a\u00f1o consecutivo, una exposici\u00f3n que muestra los trabajos fin de grado de su alumnado. La exhibici\u00f3n fue inaugurada el pasado viernes 29 de septiembre, coincidiendo con la jornada acad\u00e9mica con motivo de la entrega de los diplomas a los graduados en Arquitectura T\u00e9cnica.<\/p>\n<p style=\"text-align: center\"><a href=\"https:\/\/drive.google.com\/drive\/folders\/0ByNgObFV1P0eSDBpelJhT2hnRDQ?usp=sharing\" target=\"_blank\" rel=\"noopener\" target=\"_blank\" rel=\"noopener\"><strong>Ver galer\u00eda de im\u00e1genes<\/strong><\/a><\/p>\n<p>Al acto acudieron el rector de la ULL, Antonio Martin\u00f3n; el vicerrector de Relaciones con la Sociedad, Francisco Garc\u00eda; el presidente del Cabildo de La Palma, Anselmo Pestana; el subdirector de la Secci\u00f3n de Arquitectura T\u00e9cnica, Basilio G\u00f3mez; y el subdirector de Infraestructuras y coordinador docente de la misma secci\u00f3n, Juan Jos\u00e9 Saavedra.<\/p>\n<p>En esta quinta edici\u00f3n se exponen veinti\u00fan proyectos, de los cuales trece son de rehabilitaci\u00f3n, tres son de obra nueva, otros tres entran en la vertiente de seguimiento y control de ejecuci\u00f3n y los dos restantes, cuya modalidad es novedosa, consisten en la propuesta de un sistema de gesti\u00f3n de la calidad en las obras de edificaci\u00f3n el primero, mientras que el segundo supone un formato de proyecto-tipo para utilizar como instrumento de gesti\u00f3n en las actuaciones de regeneraci\u00f3n de la realidad f\u00edsica alterada en el medio natural.<\/p>\n<p>La muestra se puede ver en la sala de exposiciones de la secci\u00f3n, en horario de 9:00 a 20:00 horas, hasta mediado de mes, puesto que, dado que diez de los proyectos expuestos han sido elaborados por alumnos egresados y residentes en La Palma que cursaron el grado en Arquitectura T\u00e9cnica durante el curso 2016\/2017, la exposici\u00f3n se trasladar\u00e1 a dicha isla desde el 20 de octubre hasta el 30 de noviembre.<\/p>\n<p>La muestra retornar\u00e1 posteriormente a la secci\u00f3n de la Universidad de La Laguna, donde permanecer\u00e1 abierta desde el 10 de diciembre hasta mediados del segundo cuatrimestre, para facilitar que sea vista por el mayor n\u00famero de alumnado posible y, as\u00ed, sirva como incentivo a otros proyectos.<\/p>\n","protected":false},"excerpt":{"rendered":"<p>La Secci\u00f3n de Arquitectura T\u00e9cnica de la Escuela Polit\u00e9cnica Superior de Ingenier\u00eda de la Universidad de La Laguna ha organizado,&#8230;<\/p>\n","protected":false},"author":23,"featured_media":33093,"comment_status":"closed","ping_status":"closed","sticky":false,"template":"","format":"standard","meta":{"inline_featured_image":false,"footnotes":""},"categories":[343,345,348,2765],"tags":[],"acf":[],"yoast_head":"<!-- This site is optimized with the Yoast SEO plugin v21.3 - https:\/\/yoast.com\/wordpress\/plugins\/seo\/ -->\n<title>La Secci\u00f3n de Arquitectura T\u00e9cnica de la ULL expone los trabajos fin de grado de su alumnado - ULL - Noticias<\/title>\n<meta name=\"robots\" content=\"index, follow, max-snippet:-1, max-image-preview:large, max-video-preview:-1\" \/>\n<link rel=\"canonical\" href=\"https:\/\/www.ull.es\/portal\/noticias\/2017\/la-seccion-arquitectura-tecnica-la-ull-expone-los-trabajos-fin-grado-alumnado\/\" \/>\n<meta property=\"og:locale\" content=\"es_ES\" \/>\n<meta property=\"og:type\" content=\"article\" \/>\n<meta property=\"og:title\" content=\"La Secci\u00f3n de Arquitectura T\u00e9cnica de la ULL expone los trabajos fin de grado de su alumnado - ULL - Noticias\" \/>\n<meta property=\"og:description\" content=\"La Secci\u00f3n de Arquitectura T\u00e9cnica de la Escuela Polit\u00e9cnica Superior de Ingenier\u00eda de la Universidad de La Laguna ha organizado,...\" \/>\n<meta property=\"og:url\" content=\"https:\/\/www.ull.es\/portal\/noticias\/2017\/la-seccion-arquitectura-tecnica-la-ull-expone-los-trabajos-fin-grado-alumnado\/\" \/>\n<meta property=\"og:site_name\" content=\"ULL - Noticias\" \/>\n<meta property=\"article:publisher\" content=\"https:\/\/www.facebook.com\/universidaddelalaguna\/\" \/>\n<meta property=\"article:published_time\" content=\"2017-10-04T10:27:59+00:00\" \/>\n<meta property=\"article:modified_time\" content=\"2017-10-04T13:48:00+00:00\" \/>\n<meta property=\"og:image\" content=\"https:\/\/www.ull.es\/portal\/noticias\/wp-content\/uploads\/sites\/13\/2017\/10\/expo-arquitectura-tecnica.jpg\" \/>\n\t<meta property=\"og:image:width\" content=\"1024\" \/>\n\t<meta property=\"og:image:height\" content=\"683\" \/>\n\t<meta property=\"og:image:type\" content=\"image\/jpeg\" \/>\n<meta name=\"author\" content=\"gaprsa\" \/>\n<meta name=\"twitter:card\" content=\"summary_large_image\" \/>\n<meta name=\"twitter:creator\" content=\"@CanalULL\" \/>\n<meta name=\"twitter:site\" content=\"@CanalULL\" \/>\n<meta name=\"twitter:label1\" content=\"Escrito por\" \/>\n\t<meta name=\"twitter:data1\" content=\"gaprsa\" \/>\n\t<meta name=\"twitter:label2\" content=\"Tiempo de lectura\" \/>\n\t<meta name=\"twitter:data2\" content=\"2 minutos\" \/>\n<script type=\"application\/ld+json\" class=\"yoast-schema-graph\">{\"@context\":\"https:\/\/schema.org\",\"@graph\":[{\"@type\":\"WebPage\",\"@id\":\"https:\/\/www.ull.es\/portal\/noticias\/2017\/la-seccion-arquitectura-tecnica-la-ull-expone-los-trabajos-fin-grado-alumnado\/\",\"url\":\"https:\/\/www.ull.es\/portal\/noticias\/2017\/la-seccion-arquitectura-tecnica-la-ull-expone-los-trabajos-fin-grado-alumnado\/\",\"name\":\"La Secci\u00f3n de Arquitectura T\u00e9cnica de la ULL expone los trabajos fin de grado de su alumnado - ULL - Noticias\",\"isPartOf\":{\"@id\":\"https:\/\/www.ull.es\/portal\/noticias\/#website\"},\"datePublished\":\"2017-10-04T10:27:59+00:00\",\"dateModified\":\"2017-10-04T13:48:00+00:00\",\"author\":{\"@id\":\"https:\/\/www.ull.es\/portal\/noticias\/#\/schema\/person\/b2b1a89d43ffa609e591f7df8ef3e817\"},\"breadcrumb\":{\"@id\":\"https:\/\/www.ull.es\/portal\/noticias\/2017\/la-seccion-arquitectura-tecnica-la-ull-expone-los-trabajos-fin-grado-alumnado\/#breadcrumb\"},\"inLanguage\":\"es\",\"potentialAction\":[{\"@type\":\"ReadAction\",\"target\":[\"https:\/\/www.ull.es\/portal\/noticias\/2017\/la-seccion-arquitectura-tecnica-la-ull-expone-los-trabajos-fin-grado-alumnado\/\"]}]},{\"@type\":\"BreadcrumbList\",\"@id\":\"https:\/\/www.ull.es\/portal\/noticias\/2017\/la-seccion-arquitectura-tecnica-la-ull-expone-los-trabajos-fin-grado-alumnado\/#breadcrumb\",\"itemListElement\":[{\"@type\":\"ListItem\",\"position\":1,\"name\":\"Portada\",\"item\":\"https:\/\/www.ull.es\/portal\/noticias\/\"},{\"@type\":\"ListItem\",\"position\":2,\"name\":\"La Secci\u00f3n de Arquitectura T\u00e9cnica de la ULL expone los trabajos fin de grado de su alumnado\"}]},{\"@type\":\"WebSite\",\"@id\":\"https:\/\/www.ull.es\/portal\/noticias\/#website\",\"url\":\"https:\/\/www.ull.es\/portal\/noticias\/\",\"name\":\"ULL - Noticias\",\"description\":\"\",\"potentialAction\":[{\"@type\":\"SearchAction\",\"target\":{\"@type\":\"EntryPoint\",\"urlTemplate\":\"https:\/\/www.ull.es\/portal\/noticias\/?s={search_term_string}\"},\"query-input\":\"required name=search_term_string\"}],\"inLanguage\":\"es\"},{\"@type\":\"Person\",\"@id\":\"https:\/\/www.ull.es\/portal\/noticias\/#\/schema\/person\/b2b1a89d43ffa609e591f7df8ef3e817\",\"name\":\"gaprsa\",\"image\":{\"@type\":\"ImageObject\",\"inLanguage\":\"es\",\"@id\":\"https:\/\/www.ull.es\/portal\/noticias\/#\/schema\/person\/image\/\",\"url\":\"https:\/\/secure.gravatar.com\/avatar\/443820550921091458b4823867723b3d?s=96&d=mm&r=g\",\"contentUrl\":\"https:\/\/secure.gravatar.com\/avatar\/443820550921091458b4823867723b3d?s=96&d=mm&r=g\",\"caption\":\"gaprsa\"},\"url\":\"https:\/\/www.ull.es\/portal\/noticias\/author\/gaprsa\/\"}]}<\/script>\n<!-- \/ Yoast SEO plugin. -->","yoast_head_json":{"title":"La Secci\u00f3n de Arquitectura T\u00e9cnica de la ULL expone los trabajos fin de grado de su alumnado - ULL - Noticias","robots":{"index":"index","follow":"follow","max-snippet":"max-snippet:-1","max-image-preview":"max-image-preview:large","max-video-preview":"max-video-preview:-1"},"canonical":"https:\/\/www.ull.es\/portal\/noticias\/2017\/la-seccion-arquitectura-tecnica-la-ull-expone-los-trabajos-fin-grado-alumnado\/","og_locale":"es_ES","og_type":"article","og_title":"La Secci\u00f3n de Arquitectura T\u00e9cnica de la ULL expone los trabajos fin de grado de su alumnado - ULL - Noticias","og_description":"La Secci\u00f3n de Arquitectura T\u00e9cnica de la Escuela Polit\u00e9cnica Superior de Ingenier\u00eda de la Universidad de La Laguna ha organizado,...","og_url":"https:\/\/www.ull.es\/portal\/noticias\/2017\/la-seccion-arquitectura-tecnica-la-ull-expone-los-trabajos-fin-grado-alumnado\/","og_site_name":"ULL - Noticias","article_publisher":"https:\/\/www.facebook.com\/universidaddelalaguna\/","article_published_time":"2017-10-04T10:27:59+00:00","article_modified_time":"2017-10-04T13:48:00+00:00","og_image":[{"width":1024,"height":683,"url":"https:\/\/www.ull.es\/portal\/noticias\/wp-content\/uploads\/sites\/13\/2017\/10\/expo-arquitectura-tecnica.jpg","type":"image\/jpeg"}],"author":"gaprsa","twitter_card":"summary_large_image","twitter_creator":"@CanalULL","twitter_site":"@CanalULL","twitter_misc":{"Escrito por":"gaprsa","Tiempo de lectura":"2 minutos"},"schema":{"@context":"https:\/\/schema.org","@graph":[{"@type":"WebPage","@id":"https:\/\/www.ull.es\/portal\/noticias\/2017\/la-seccion-arquitectura-tecnica-la-ull-expone-los-trabajos-fin-grado-alumnado\/","url":"https:\/\/www.ull.es\/portal\/noticias\/2017\/la-seccion-arquitectura-tecnica-la-ull-expone-los-trabajos-fin-grado-alumnado\/","name":"La Secci\u00f3n de Arquitectura T\u00e9cnica de la ULL expone los trabajos fin de grado de su alumnado - ULL - Noticias","isPartOf":{"@id":"https:\/\/www.ull.es\/portal\/noticias\/#website"},"datePublished":"2017-10-04T10:27:59+00:00","dateModified":"2017-10-04T13:48:00+00:00","author":{"@id":"https:\/\/www.ull.es\/portal\/noticias\/#\/schema\/person\/b2b1a89d43ffa609e591f7df8ef3e817"},"breadcrumb":{"@id":"https:\/\/www.ull.es\/portal\/noticias\/2017\/la-seccion-arquitectura-tecnica-la-ull-expone-los-trabajos-fin-grado-alumnado\/#breadcrumb"},"inLanguage":"es","potentialAction":[{"@type":"ReadAction","target":["https:\/\/www.ull.es\/portal\/noticias\/2017\/la-seccion-arquitectura-tecnica-la-ull-expone-los-trabajos-fin-grado-alumnado\/"]}]},{"@type":"BreadcrumbList","@id":"https:\/\/www.ull.es\/portal\/noticias\/2017\/la-seccion-arquitectura-tecnica-la-ull-expone-los-trabajos-fin-grado-alumnado\/#breadcrumb","itemListElement":[{"@type":"ListItem","position":1,"name":"Portada","item":"https:\/\/www.ull.es\/portal\/noticias\/"},{"@type":"ListItem","position":2,"name":"La Secci\u00f3n de Arquitectura T\u00e9cnica de la ULL expone los trabajos fin de grado de su alumnado"}]},{"@type":"WebSite","@id":"https:\/\/www.ull.es\/portal\/noticias\/#website","url":"https:\/\/www.ull.es\/portal\/noticias\/","name":"ULL - Noticias","description":"","potentialAction":[{"@type":"SearchAction","target":{"@type":"EntryPoint","urlTemplate":"https:\/\/www.ull.es\/portal\/noticias\/?s={search_term_string}"},"query-input":"required name=search_term_string"}],"inLanguage":"es"},{"@type":"Person","@id":"https:\/\/www.ull.es\/portal\/noticias\/#\/schema\/person\/b2b1a89d43ffa609e591f7df8ef3e817","name":"gaprsa","image":{"@type":"ImageObject","inLanguage":"es","@id":"https:\/\/www.ull.es\/portal\/noticias\/#\/schema\/person\/image\/","url":"https:\/\/secure.gravatar.com\/avatar\/443820550921091458b4823867723b3d?s=96&d=mm&r=g","contentUrl":"https:\/\/secure.gravatar.com\/avatar\/443820550921091458b4823867723b3d?s=96&d=mm&r=g","caption":"gaprsa"},"url":"https:\/\/www.ull.es\/portal\/noticias\/author\/gaprsa\/"}]}},"primary_category":{"id":343,"name":"Alumnado","slug":"alumnado","link":"https:\/\/www.ull.es\/portal\/noticias\/category\/alumnado\/"},"featured_image_thumbnail_url":"https:\/\/www.ull.es\/portal\/noticias\/wp-content\/uploads\/sites\/13\/2017\/10\/expo-arquitectura-tecnica-300x200.jpg","_links":{"self":[{"href":"https:\/\/www.ull.es\/portal\/noticias\/wp-json\/wp\/v2\/posts\/33091"}],"collection":[{"href":"https:\/\/www.ull.es\/portal\/noticias\/wp-json\/wp\/v2\/posts"}],"about":[{"href":"https:\/\/www.ull.es\/portal\/noticias\/wp-json\/wp\/v2\/types\/post"}],"author":[{"embeddable":true,"href":"https:\/\/www.ull.es\/portal\/noticias\/wp-json\/wp\/v2\/users\/23"}],"replies":[{"embeddable":true,"href":"https:\/\/www.ull.es\/portal\/noticias\/wp-json\/wp\/v2\/comments?post=33091"}],"version-history":[{"count":2,"href":"https:\/\/www.ull.es\/portal\/noticias\/wp-json\/wp\/v2\/posts\/33091\/revisions"}],"predecessor-version":[{"id":33100,"href":"https:\/\/www.ull.es\/portal\/noticias\/wp-json\/wp\/v2\/posts\/33091\/revisions\/33100"}],"wp:featuredmedia":[{"embeddable":true,"href":"https:\/\/www.ull.es\/portal\/noticias\/wp-json\/wp\/v2\/media\/33093"}],"wp:attachment":[{"href":"https:\/\/www.ull.es\/portal\/noticias\/wp-json\/wp\/v2\/media?parent=33091"}],"wp:term":[{"taxonomy":"category","embeddable":true,"href":"https:\/\/www.ull.es\/portal\/noticias\/wp-json\/wp\/v2\/categories?post=33091"},{"taxonomy":"post_tag","embeddable":true,"href":"https:\/\/www.ull.es\/portal\/noticias\/wp-json\/wp\/v2\/tags?post=33091"}],"curies":[{"name":"wp","href":"https:\/\/api.w.org\/{rel}","templated":true}]}}