{"id":33221,"date":"2017-10-11T14:01:01","date_gmt":"2017-10-11T14:01:01","guid":{"rendered":"https:\/\/www.ull.es\/portal\/noticias\/?p=33221"},"modified":"2022-07-29T08:01:34","modified_gmt":"2022-07-29T08:01:34","slug":"arranca-campus-america-una-apuesta-la-internacionalizacion-la-universidad-la-laguna","status":"publish","type":"post","link":"https:\/\/www.ull.es\/portal\/noticias\/2017\/arranca-campus-america-una-apuesta-la-internacionalizacion-la-universidad-la-laguna\/","title":{"rendered":"Arranca Campus Am\u00e9rica como una apuesta por la internacionalizaci\u00f3n de la Universidad de La Laguna"},"content":{"rendered":"<p>EL Teatro Leal de La Laguna fue el escenario elegido para celebrar hoy mi\u00e9rcoles 11 de octubre la ceremonia oficial de apertura de Campus Am\u00e9rica, si bien el programa de actividades dio comienzo desde este mismo lunes. El viceconsejero de Educaci\u00f3n y Universidades, David P\u00e9rez; el alcalde de la ciudad, Jos\u00e9 Albero D\u00edaz; el presidente del Cabildo de Tenerife, Carlos Alonso; y el propio rector del centro anfitri\u00f3n, Antonio Martin\u00f3n, participaron en la sesi\u00f3n, en la que se realz\u00f3 el valor de la internacionalizaci\u00f3n para lograr una mayor conexi\u00f3n y cooperaci\u00f3n con el mundo americano.<\/p>\n<p style=\"text-align: center;\"><a href=\"https:\/\/drive.google.com\/drive\/folders\/0ByNgObFV1P0eZGNNc0hPR0RkaTg?usp=sharing\" target=\"_blank\" rel=\"noopener\"><strong>Galer\u00eda de im\u00e1genes<\/strong><\/a><\/p>\n<p>As\u00ed, el viceconsejero de Educaci\u00f3n y Universidades se\u00f1al\u00f3 que la internacionalizaci\u00f3n supone un enriquecimiento para todos los agentes del sistema educativo. \u201cTenemos muchas cosas que aportar, por nuestra ubicaci\u00f3n estrat\u00e9gica tricontinental, por nuestra relaci\u00f3n tradicional con los pa\u00edses latinoamericanos y se trata de una oportunidad que no debemos desaprovechar\u201d.<\/p>\n<p>Carlos Alonso apunt\u00f3 que Campus Am\u00e9rica es tambi\u00e9n una ocasi\u00f3n para mirar al otro continente. \u201cLa universidad es el v\u00ednculo adecuado para fomentar las relaciones de ida y vuelta\u201d. El Cabildo se ha implicado con esta iniciativa, como hizo tambi\u00e9n con Campus \u00c1frica, se\u00f1al\u00f3 Alonso, quien record\u00f3 que dentro de este marco tiene lugar Novagob, que este a\u00f1o registra su cuarta edici\u00f3n con la participaci\u00f3n de m\u00e1s de un centenar de expertos para conocer las mejoras en la gesti\u00f3n p\u00fablica, la transparencia y la aplicaci\u00f3n de tecnolog\u00eda. \u201cCampus Am\u00e9rica es una parte importante de lo que realiza la ULL para mejorar su internacionalizaci\u00f3n y debemos felicitar esta iniciativa\u201d.<\/p>\n<p>Por su parte, el alcalde de la ciudad anfitriona afirm\u00f3 que han apoyado Campus Am\u00e9rica como compromiso que refuerce los valores comunes entre Canarias y el continente americano. A\u00f1adi\u00f3 que el fortalecimiento de la relaci\u00f3n con la universidad forma parte de la pol\u00edtica municipal, lo que en su opini\u00f3n ha dado excelentes resultados.<\/p>\n<p>La ministra de Educaci\u00f3n de Uruguay, Mar\u00eda Julia Mu\u00f1oz, invitada expresamente a este acto de apertura, hizo referencia a la importancia de Campus Am\u00e9rica como foco de conocimiento abierto a su continente. Mostr\u00f3 el orgullo de ser un pa\u00eds peque\u00f1o fundado por familias canarias. La cultura, la defensa del patrimonio y el cuestionamiento procedente del mundo cient\u00edfico es lo que hace que el mundo avance, dijo. \u201cCuando se conocen otras costumbres y se respeta la manera de pensar de los dem\u00e1s podemos decir que estamos construyendo la paz, y en ese punto las universidades cumplen un papel fundamental. Al mundo le podemos entregar lecciones de humanismo, de paz y de convivencia. Qu\u00e9 mejor que un campus abierto a distintas formas de pensar, con alumnos que vienen a aprender cosas nuevas\u201d.<\/p>\n<p>Finalmente, el\u00a0 rector de la Universidad de La Laguna, Antonio Martin\u00f3n, hizo referencia a los principales \u00e1mbitos de esta acci\u00f3n que se desarrollar\u00e1 durante dos semanas: los procesos de paz y el conocimiento del patrimonio cultural, por un lado, y el papel de las universidades y de la investigaci\u00f3n en las relaciones entre Europa y Am\u00e9rica, por otro, constituyen los dos primeros. El tercer \u00e1mbito se centra en los 21 seminarios que abordan todo tipo de asuntos, mientras que el cuatro agrupa un conjunto de actividades culturales y sociales.<\/p>\n<p>\u201cTodo esto no es una exhibici\u00f3n de fuegos artificiales, sino la visualizaci\u00f3n de las estrechas relaciones que nuestros investigadores tienen con sus colegas americanos\u201d. Se inspira en el Campus \u00c1frica, y la idea es que se alternen en a\u00f1os pares e impares, \u201cde modo que se vea a nuestra comunidad canaria como eje entre \u00c1frica y Am\u00e9rica. Contribuimos a la internacionalizaci\u00f3n de nuestra comunidad, y estos campus deben ser lugar de encuentro de la ciencia, la cultura, el patrimonio. Los canarios hemos ido a Am\u00e9rica y hemos estado presentes durante m\u00e1s de cinco siglos, pero tambi\u00e9n hemos vuelto, y la idea es fortalecer las relaciones de ida y vuelta. Queremos continuar con este Campus Am\u00e9rica\u201d.<\/p>\n<p><strong>La universidad y la ciudad<\/strong><\/p>\n<p>Tras las palabras de apertura, el alcalde realiz\u00f3 una intervenci\u00f3n para explicar cu\u00e1l debe ser la relaci\u00f3n que la ciudad debe tener con su universidad. \u201cQueremos reinventar las relaciones entre la administraci\u00f3n local y la universidad. La ULL puede y debe convertirse en uno de los principales motores econ\u00f3mico y social del municipio, y no solo cultural\u201d.<\/p>\n<p>En opini\u00f3n del alcalde, nos encontramos con retos que la ciudadan\u00eda y los responsables pol\u00edticos no pod\u00edan imaginar hace unos a\u00f1os. \u201cLas ciudades deben transformarse hacia un proyecto de democracia activa. El derecho a la ciudad es el derecho a cambiarnos a nosotros mismos, se trata de un proceso colectivo para remodelar los procesos urban\u00edsticos\u201d.<\/p>\n<p>La ULL no alcanz\u00f3 su mayor\u00eda de edad hasta despu\u00e9s de la Guerra Civil, expuso D\u00edaz. En los primeros a\u00f1os de la transici\u00f3n pol\u00edtica se expandi\u00f3 a muchas disciplinas cient\u00edficas y human\u00edsticas, lo que coincidi\u00f3 con el despegue de las clases medias, que mandaban a sus hijos a la universidad. \u201cA partir de entonces comenz\u00f3 la colaboraci\u00f3n entre ambas instituciones, pero es insuficiente. Las universidades realizan una valiosa contribuci\u00f3n a la vida urbana, fomentan la prosperidad de un pueblo y la entrada de capitales en la universidad debe dar lugar a desarrollos innovadores que redunden en \u00a0empresas tecnol\u00f3gicas. Las universidades deben convertirse en un valor estrat\u00e9gico para el territorio donde se ubican\u201d.<\/p>\n<p>El futuro inmediato de las universidades no depender\u00e1 del acercamiento a fuentes de riqueza, sino en su capacidad para acercarse a polos de atracci\u00f3n de talento. El alcalde record\u00f3 que en enero abrir\u00e1 sus puertas el polo cient\u00edfico y tecnol\u00f3gico de La Laguna, con dos instalaciones, una para IAC y otro edificio para investigaci\u00f3n en nuevos materiales, energ\u00eda y agua, dirigido por la ULL.<\/p>\n<p>\u201cDebemos impulsar un modelo de desarrollo que sin desviar la atenci\u00f3n de las tradiciones, se fundamente en la cooperaci\u00f3n cient\u00edfica y tecnol\u00f3gica, para no quedarnos desligados del proceso de globalizaci\u00f3n, con mecanismos para la participaci\u00f3n ciudadana en la administraci\u00f3n local\u201d.<\/p>\n<p><strong>Desde Uruguay<\/strong><\/p>\n<p>La ministra de Educaci\u00f3n y Cultura de la Rep\u00fablica de Uruguay, invitada a esta ceremonia, apunt\u00f3 seguidamente que le complace que Canarias haya tomado el rol de ser el interlocutor con Am\u00e9rica y \u00c1frica. La responsable pol\u00edtica dedic\u00f3 su intervenci\u00f3n a dibujar el sistema educativo de su pa\u00eds y los retos que afronta.<\/p>\n<p>Hizo referencia a los problemas de desafiliaci\u00f3n en la educaci\u00f3n media y el escaso acceso por tanto a la educaci\u00f3n superior. \u201cHemos enfatizado que aquellos que no tienen tradici\u00f3n familiar puedan acceder a la educaci\u00f3n universitaria, y hemos pasado del 3 a casi el 50% de estudiantes universitarios que proceden de familias no universitarias.<\/p>\n<p>Con todo, casi seis de cada diez j\u00f3venes no asisten al sistema educativo, \u201cpor eso hemos creado centros de formaci\u00f3n de r\u00e1pida empleabilidad, en sectores como la automoci\u00f3n, construcci\u00f3n o la est\u00e9tica\u201d. La ministra tambi\u00e9n explic\u00f3 que se est\u00e1 dando una feminizaci\u00f3n de la matr\u00edcula, aunque no haya una equiparaci\u00f3n en salarios ni en puestos de responsabilidad.<\/p>\n<p>Los gobiernos deben contribuir a crear pol\u00edticas que refuercen el compromiso con la educaci\u00f3n superior, al tiempo que impulsar alianzas estrat\u00e9gicas entre los gobiernos y el sector productivo, afirm\u00f3. Entre los desaf\u00edos de Uruguay cit\u00f3 el logro de excelencia inclusiva y la construcci\u00f3n de un pa\u00eds de aprendizaje, tener tr\u00e1nsitos y continuidad educativa, as\u00ed como el desarrollo de nuevas capacidades en las demandas cognitivas que plantea el siglo XXI.<\/p>\n<p>\u201cDeseamos seguir trabajando con Canarias y es necesario que nos acompa\u00f1en para hacer intercambio de estudiantes, pero tambi\u00e9n en disciplinas que son muy necesarias para Uruguay\u201d, concluy\u00f3.<\/p>\n","protected":false},"excerpt":{"rendered":"<p>EL Teatro Leal de La Laguna fue el escenario elegido para celebrar hoy mi\u00e9rcoles 11 de octubre la ceremonia oficial&#8230;<\/p>\n","protected":false},"author":23,"featured_media":33233,"comment_status":"closed","ping_status":"closed","sticky":false,"template":"","format":"standard","meta":{"inline_featured_image":false,"footnotes":""},"categories":[3322,8952,345,348,2765],"tags":[525,1537,2453],"acf":[],"yoast_head":"<!-- This site is optimized with the Yoast SEO plugin v21.3 - https:\/\/yoast.com\/wordpress\/plugins\/seo\/ -->\n<title>Arranca Campus Am\u00e9rica como una apuesta por la internacionalizaci\u00f3n de la Universidad de La Laguna - ULL - Noticias<\/title>\n<meta name=\"robots\" content=\"index, follow, max-snippet:-1, max-image-preview:large, max-video-preview:-1\" \/>\n<link rel=\"canonical\" href=\"https:\/\/www.ull.es\/portal\/noticias\/2017\/arranca-campus-america-una-apuesta-la-internacionalizacion-la-universidad-la-laguna\/\" \/>\n<meta property=\"og:locale\" content=\"es_ES\" \/>\n<meta property=\"og:type\" content=\"article\" \/>\n<meta property=\"og:title\" content=\"Arranca Campus Am\u00e9rica como una apuesta por la internacionalizaci\u00f3n de la Universidad de La Laguna - ULL - Noticias\" \/>\n<meta property=\"og:description\" content=\"EL Teatro Leal de La Laguna fue el escenario elegido para celebrar hoy mi\u00e9rcoles 11 de octubre la ceremonia oficial...\" \/>\n<meta property=\"og:url\" content=\"https:\/\/www.ull.es\/portal\/noticias\/2017\/arranca-campus-america-una-apuesta-la-internacionalizacion-la-universidad-la-laguna\/\" \/>\n<meta property=\"og:site_name\" content=\"ULL - Noticias\" \/>\n<meta property=\"article:publisher\" content=\"https:\/\/www.facebook.com\/universidaddelalaguna\/\" \/>\n<meta property=\"article:published_time\" content=\"2017-10-11T14:01:01+00:00\" \/>\n<meta property=\"article:modified_time\" content=\"2022-07-29T08:01:34+00:00\" \/>\n<meta property=\"og:image\" content=\"https:\/\/www.ull.es\/portal\/noticias\/wp-content\/uploads\/sites\/13\/2017\/10\/campus-america-apertura.jpg\" \/>\n\t<meta property=\"og:image:width\" content=\"1024\" \/>\n\t<meta property=\"og:image:height\" content=\"683\" \/>\n\t<meta property=\"og:image:type\" content=\"image\/jpeg\" \/>\n<meta name=\"author\" content=\"gaprsa\" \/>\n<meta name=\"twitter:card\" content=\"summary_large_image\" \/>\n<meta name=\"twitter:creator\" content=\"@CanalULL\" \/>\n<meta name=\"twitter:site\" content=\"@CanalULL\" \/>\n<meta name=\"twitter:label1\" content=\"Escrito por\" \/>\n\t<meta name=\"twitter:data1\" content=\"gaprsa\" \/>\n\t<meta name=\"twitter:label2\" content=\"Tiempo de lectura\" \/>\n\t<meta name=\"twitter:data2\" content=\"6 minutos\" \/>\n<script type=\"application\/ld+json\" class=\"yoast-schema-graph\">{\"@context\":\"https:\/\/schema.org\",\"@graph\":[{\"@type\":\"WebPage\",\"@id\":\"https:\/\/www.ull.es\/portal\/noticias\/2017\/arranca-campus-america-una-apuesta-la-internacionalizacion-la-universidad-la-laguna\/\",\"url\":\"https:\/\/www.ull.es\/portal\/noticias\/2017\/arranca-campus-america-una-apuesta-la-internacionalizacion-la-universidad-la-laguna\/\",\"name\":\"Arranca Campus Am\u00e9rica como una apuesta por la internacionalizaci\u00f3n de la Universidad de La Laguna - ULL - Noticias\",\"isPartOf\":{\"@id\":\"https:\/\/www.ull.es\/portal\/noticias\/#website\"},\"datePublished\":\"2017-10-11T14:01:01+00:00\",\"dateModified\":\"2022-07-29T08:01:34+00:00\",\"author\":{\"@id\":\"https:\/\/www.ull.es\/portal\/noticias\/#\/schema\/person\/b2b1a89d43ffa609e591f7df8ef3e817\"},\"breadcrumb\":{\"@id\":\"https:\/\/www.ull.es\/portal\/noticias\/2017\/arranca-campus-america-una-apuesta-la-internacionalizacion-la-universidad-la-laguna\/#breadcrumb\"},\"inLanguage\":\"es\",\"potentialAction\":[{\"@type\":\"ReadAction\",\"target\":[\"https:\/\/www.ull.es\/portal\/noticias\/2017\/arranca-campus-america-una-apuesta-la-internacionalizacion-la-universidad-la-laguna\/\"]}]},{\"@type\":\"BreadcrumbList\",\"@id\":\"https:\/\/www.ull.es\/portal\/noticias\/2017\/arranca-campus-america-una-apuesta-la-internacionalizacion-la-universidad-la-laguna\/#breadcrumb\",\"itemListElement\":[{\"@type\":\"ListItem\",\"position\":1,\"name\":\"Portada\",\"item\":\"https:\/\/www.ull.es\/portal\/noticias\/\"},{\"@type\":\"ListItem\",\"position\":2,\"name\":\"Arranca Campus Am\u00e9rica como una apuesta por la internacionalizaci\u00f3n de la Universidad de La Laguna\"}]},{\"@type\":\"WebSite\",\"@id\":\"https:\/\/www.ull.es\/portal\/noticias\/#website\",\"url\":\"https:\/\/www.ull.es\/portal\/noticias\/\",\"name\":\"ULL - Noticias\",\"description\":\"\",\"potentialAction\":[{\"@type\":\"SearchAction\",\"target\":{\"@type\":\"EntryPoint\",\"urlTemplate\":\"https:\/\/www.ull.es\/portal\/noticias\/?s={search_term_string}\"},\"query-input\":\"required name=search_term_string\"}],\"inLanguage\":\"es\"},{\"@type\":\"Person\",\"@id\":\"https:\/\/www.ull.es\/portal\/noticias\/#\/schema\/person\/b2b1a89d43ffa609e591f7df8ef3e817\",\"name\":\"gaprsa\",\"image\":{\"@type\":\"ImageObject\",\"inLanguage\":\"es\",\"@id\":\"https:\/\/www.ull.es\/portal\/noticias\/#\/schema\/person\/image\/\",\"url\":\"https:\/\/secure.gravatar.com\/avatar\/443820550921091458b4823867723b3d?s=96&d=mm&r=g\",\"contentUrl\":\"https:\/\/secure.gravatar.com\/avatar\/443820550921091458b4823867723b3d?s=96&d=mm&r=g\",\"caption\":\"gaprsa\"},\"url\":\"https:\/\/www.ull.es\/portal\/noticias\/author\/gaprsa\/\"}]}<\/script>\n<!-- \/ Yoast SEO plugin. -->","yoast_head_json":{"title":"Arranca Campus Am\u00e9rica como una apuesta por la internacionalizaci\u00f3n de la Universidad de La Laguna - ULL - Noticias","robots":{"index":"index","follow":"follow","max-snippet":"max-snippet:-1","max-image-preview":"max-image-preview:large","max-video-preview":"max-video-preview:-1"},"canonical":"https:\/\/www.ull.es\/portal\/noticias\/2017\/arranca-campus-america-una-apuesta-la-internacionalizacion-la-universidad-la-laguna\/","og_locale":"es_ES","og_type":"article","og_title":"Arranca Campus Am\u00e9rica como una apuesta por la internacionalizaci\u00f3n de la Universidad de La Laguna - ULL - Noticias","og_description":"EL Teatro Leal de La Laguna fue el escenario elegido para celebrar hoy mi\u00e9rcoles 11 de octubre la ceremonia oficial...","og_url":"https:\/\/www.ull.es\/portal\/noticias\/2017\/arranca-campus-america-una-apuesta-la-internacionalizacion-la-universidad-la-laguna\/","og_site_name":"ULL - Noticias","article_publisher":"https:\/\/www.facebook.com\/universidaddelalaguna\/","article_published_time":"2017-10-11T14:01:01+00:00","article_modified_time":"2022-07-29T08:01:34+00:00","og_image":[{"width":1024,"height":683,"url":"https:\/\/www.ull.es\/portal\/noticias\/wp-content\/uploads\/sites\/13\/2017\/10\/campus-america-apertura.jpg","type":"image\/jpeg"}],"author":"gaprsa","twitter_card":"summary_large_image","twitter_creator":"@CanalULL","twitter_site":"@CanalULL","twitter_misc":{"Escrito por":"gaprsa","Tiempo de lectura":"6 minutos"},"schema":{"@context":"https:\/\/schema.org","@graph":[{"@type":"WebPage","@id":"https:\/\/www.ull.es\/portal\/noticias\/2017\/arranca-campus-america-una-apuesta-la-internacionalizacion-la-universidad-la-laguna\/","url":"https:\/\/www.ull.es\/portal\/noticias\/2017\/arranca-campus-america-una-apuesta-la-internacionalizacion-la-universidad-la-laguna\/","name":"Arranca Campus Am\u00e9rica como una apuesta por la internacionalizaci\u00f3n de la Universidad de La Laguna - ULL - Noticias","isPartOf":{"@id":"https:\/\/www.ull.es\/portal\/noticias\/#website"},"datePublished":"2017-10-11T14:01:01+00:00","dateModified":"2022-07-29T08:01:34+00:00","author":{"@id":"https:\/\/www.ull.es\/portal\/noticias\/#\/schema\/person\/b2b1a89d43ffa609e591f7df8ef3e817"},"breadcrumb":{"@id":"https:\/\/www.ull.es\/portal\/noticias\/2017\/arranca-campus-america-una-apuesta-la-internacionalizacion-la-universidad-la-laguna\/#breadcrumb"},"inLanguage":"es","potentialAction":[{"@type":"ReadAction","target":["https:\/\/www.ull.es\/portal\/noticias\/2017\/arranca-campus-america-una-apuesta-la-internacionalizacion-la-universidad-la-laguna\/"]}]},{"@type":"BreadcrumbList","@id":"https:\/\/www.ull.es\/portal\/noticias\/2017\/arranca-campus-america-una-apuesta-la-internacionalizacion-la-universidad-la-laguna\/#breadcrumb","itemListElement":[{"@type":"ListItem","position":1,"name":"Portada","item":"https:\/\/www.ull.es\/portal\/noticias\/"},{"@type":"ListItem","position":2,"name":"Arranca Campus Am\u00e9rica como una apuesta por la internacionalizaci\u00f3n de la Universidad de La Laguna"}]},{"@type":"WebSite","@id":"https:\/\/www.ull.es\/portal\/noticias\/#website","url":"https:\/\/www.ull.es\/portal\/noticias\/","name":"ULL - Noticias","description":"","potentialAction":[{"@type":"SearchAction","target":{"@type":"EntryPoint","urlTemplate":"https:\/\/www.ull.es\/portal\/noticias\/?s={search_term_string}"},"query-input":"required name=search_term_string"}],"inLanguage":"es"},{"@type":"Person","@id":"https:\/\/www.ull.es\/portal\/noticias\/#\/schema\/person\/b2b1a89d43ffa609e591f7df8ef3e817","name":"gaprsa","image":{"@type":"ImageObject","inLanguage":"es","@id":"https:\/\/www.ull.es\/portal\/noticias\/#\/schema\/person\/image\/","url":"https:\/\/secure.gravatar.com\/avatar\/443820550921091458b4823867723b3d?s=96&d=mm&r=g","contentUrl":"https:\/\/secure.gravatar.com\/avatar\/443820550921091458b4823867723b3d?s=96&d=mm&r=g","caption":"gaprsa"},"url":"https:\/\/www.ull.es\/portal\/noticias\/author\/gaprsa\/"}]}},"primary_category":{"id":3322,"name":"Campus Am\u00e9rica","slug":"campus-america","link":"https:\/\/www.ull.es\/portal\/noticias\/category\/campus-america\/"},"featured_image_thumbnail_url":"https:\/\/www.ull.es\/portal\/noticias\/wp-content\/uploads\/sites\/13\/2017\/10\/campus-america-apertura-300x200.jpg","_links":{"self":[{"href":"https:\/\/www.ull.es\/portal\/noticias\/wp-json\/wp\/v2\/posts\/33221"}],"collection":[{"href":"https:\/\/www.ull.es\/portal\/noticias\/wp-json\/wp\/v2\/posts"}],"about":[{"href":"https:\/\/www.ull.es\/portal\/noticias\/wp-json\/wp\/v2\/types\/post"}],"author":[{"embeddable":true,"href":"https:\/\/www.ull.es\/portal\/noticias\/wp-json\/wp\/v2\/users\/23"}],"replies":[{"embeddable":true,"href":"https:\/\/www.ull.es\/portal\/noticias\/wp-json\/wp\/v2\/comments?post=33221"}],"version-history":[{"count":3,"href":"https:\/\/www.ull.es\/portal\/noticias\/wp-json\/wp\/v2\/posts\/33221\/revisions"}],"predecessor-version":[{"id":64297,"href":"https:\/\/www.ull.es\/portal\/noticias\/wp-json\/wp\/v2\/posts\/33221\/revisions\/64297"}],"wp:featuredmedia":[{"embeddable":true,"href":"https:\/\/www.ull.es\/portal\/noticias\/wp-json\/wp\/v2\/media\/33233"}],"wp:attachment":[{"href":"https:\/\/www.ull.es\/portal\/noticias\/wp-json\/wp\/v2\/media?parent=33221"}],"wp:term":[{"taxonomy":"category","embeddable":true,"href":"https:\/\/www.ull.es\/portal\/noticias\/wp-json\/wp\/v2\/categories?post=33221"},{"taxonomy":"post_tag","embeddable":true,"href":"https:\/\/www.ull.es\/portal\/noticias\/wp-json\/wp\/v2\/tags?post=33221"}],"curies":[{"name":"wp","href":"https:\/\/api.w.org\/{rel}","templated":true}]}}