{"id":33400,"date":"2017-10-19T13:35:51","date_gmt":"2017-10-19T13:35:51","guid":{"rendered":"https:\/\/www.ull.es\/portal\/noticias\/?p=33400"},"modified":"2017-10-24T09:45:20","modified_gmt":"2017-10-24T09:45:20","slug":"reunion-intercambio-pas","status":"publish","type":"post","link":"https:\/\/www.ull.es\/portal\/noticias\/2017\/reunion-intercambio-pas\/","title":{"rendered":"La ULL acoge la Comisi\u00f3n Nacional de Intercambio de Alojamientos Universitarios del Personal de Administraci\u00f3n y Servicios"},"content":{"rendered":"<p>El Intercambio de Alojamientos Universitarios para el PAS es una iniciativa social surgida en 1984 entre el Personal de Administraci\u00f3n y Servicios de las universidades p\u00fablicas espa\u00f1olas y la Universidad de La Laguna fue una de sus impulsoras junto a Le\u00f3n, Oviedo y Murcia. El pleno de la Comisi\u00f3n para el Intercambio de Alojamientos Universitarios para el PAS (CIAU-PAS) se re\u00fane en sesi\u00f3n ordinaria tres veces al a\u00f1o y, en esta ocasi\u00f3n, la organizaci\u00f3n del encuentro le ha correspondido a la ULL.<\/p>\n<p>Esta idea de este intercambio naci\u00f3 como una alternativa de ocio para aprovechar los colegios mayores, residencias universitarias o alojamientos diversos que las universidades facilitan gratuitamente durante los meses de verano o Semana Santa, posibilitando as\u00ed conocer otras localidades y, adem\u00e1s, estrechar lazos de cooperaci\u00f3n entre las instituciones participantes.<\/p>\n<p>La CIAU-PAS est\u00e1 compuesta por las universidades de C\u00e1diz, Granada, Islas Baleares, La Laguna, Le\u00f3n, Murcia, Polit\u00e9cnica de Cartagena, Santiago, Sevilla, Oviedo, Valencia, Vigo y Zaragoza. Esta comisi\u00f3n es el \u00f3rgano encargado de la gesti\u00f3n, tramitaci\u00f3n y reparto de las plazas en los colegios mayores y residencias.<\/p>\n<p>En esta \u00faltima reuni\u00f3n anual, celebrada en la Facultad de Educaci\u00f3n, la Gerente de la ULL, Lidia Patricia Pereira Saavedra, estuvo presente junto con los responsables del intercambio en la instituci\u00f3n anfitriona, \u00c1ngel Rodr\u00edguez y Roberto Betancor. Pereira consider\u00f3 este encuentro de inter\u00e9s para todo el PAS de las universidades espa\u00f1olas y apost\u00f3 por que se siguiera impulsando y se trabajara para que cada a\u00f1o se unieran m\u00e1s instituciones universitarias.<\/p>\n<p>En este sentido, Rodr\u00edguez se\u00f1al\u00f3 que se est\u00e1 valorando la incorporaci\u00f3n de tres centros m\u00e1s a la oferta actual: Las Palmas de Gran Canaria, Castilla La Mancha y M\u00e1laga.<\/p>\n<p>Los responsables de la comisi\u00f3n CIAU-PAS manifestaron que este programa es una acci\u00f3n social para el personal universitario con mucho \u00e9xito y que propicia la conciliaci\u00f3n entre todos sus miembros, ya que permite el conocimiento de otras ciudades universitarias y de otros compa\u00f1eros a un coste cero.<\/p>\n<p>En 2017, este programa distribuy\u00f3 un total de 4.412 plazas entre todas las universidades asociadas al programa, las cuales 188 se destinaron a ULL. Sin embargo, el total de la demanda fue de 21.231 personas, de las cuales 522 peticiones pertenecieron a la instituci\u00f3n acad\u00e9mica tinerfe\u00f1a.<\/p>\n","protected":false},"excerpt":{"rendered":"<p>El Intercambio de Alojamientos Universitarios para el PAS es una iniciativa social surgida en 1984 entre el Personal de Administraci\u00f3n&#8230;<\/p>\n","protected":false},"author":21,"featured_media":33402,"comment_status":"closed","ping_status":"closed","sticky":false,"template":"","format":"standard","meta":{"inline_featured_image":false,"footnotes":""},"categories":[345,348,2755,2765],"tags":[1534,2057],"acf":[],"yoast_head":"<!-- This site is optimized with the Yoast SEO plugin v21.3 - https:\/\/yoast.com\/wordpress\/plugins\/seo\/ -->\n<title>La ULL acoge la comisi\u00f3n qie dise\u00f1a el intercambio vacacional del PAS<\/title>\n<meta name=\"description\" content=\"La ULL ha acogido la Comisi\u00f3n para el Intercambio de Alojamientos Universitarios para el PAS (CIAU-PAS), que coordinael intercambio del PAS\" \/>\n<meta name=\"robots\" content=\"index, follow, max-snippet:-1, max-image-preview:large, max-video-preview:-1\" \/>\n<link rel=\"canonical\" href=\"https:\/\/www.ull.es\/portal\/noticias\/2017\/reunion-intercambio-pas\/\" \/>\n<meta property=\"og:locale\" content=\"es_ES\" \/>\n<meta property=\"og:type\" content=\"article\" \/>\n<meta property=\"og:title\" content=\"La ULL acoge la comisi\u00f3n qie dise\u00f1a el intercambio vacacional del PAS\" \/>\n<meta property=\"og:description\" content=\"La ULL ha acogido la Comisi\u00f3n para el Intercambio de Alojamientos Universitarios para el PAS (CIAU-PAS), que coordinael intercambio del PAS\" \/>\n<meta property=\"og:url\" content=\"https:\/\/www.ull.es\/portal\/noticias\/2017\/reunion-intercambio-pas\/\" \/>\n<meta property=\"og:site_name\" content=\"ULL - Noticias\" \/>\n<meta property=\"article:publisher\" content=\"https:\/\/www.facebook.com\/universidaddelalaguna\/\" \/>\n<meta property=\"article:published_time\" content=\"2017-10-19T13:35:51+00:00\" \/>\n<meta property=\"article:modified_time\" content=\"2017-10-24T09:45:20+00:00\" \/>\n<meta property=\"og:image\" content=\"https:\/\/www.ull.es\/portal\/noticias\/wp-content\/uploads\/sites\/13\/2017\/10\/reunion-intercambio_pas.jpg\" \/>\n\t<meta property=\"og:image:width\" content=\"1024\" \/>\n\t<meta property=\"og:image:height\" content=\"683\" \/>\n\t<meta property=\"og:image:type\" content=\"image\/jpeg\" \/>\n<meta name=\"author\" content=\"prensa2\" \/>\n<meta name=\"twitter:card\" content=\"summary_large_image\" \/>\n<meta name=\"twitter:creator\" content=\"@CanalULL\" \/>\n<meta name=\"twitter:site\" content=\"@CanalULL\" \/>\n<meta name=\"twitter:label1\" content=\"Escrito por\" \/>\n\t<meta name=\"twitter:data1\" content=\"prensa2\" \/>\n\t<meta name=\"twitter:label2\" content=\"Tiempo de lectura\" \/>\n\t<meta name=\"twitter:data2\" content=\"2 minutos\" \/>\n<script type=\"application\/ld+json\" class=\"yoast-schema-graph\">{\"@context\":\"https:\/\/schema.org\",\"@graph\":[{\"@type\":\"WebPage\",\"@id\":\"https:\/\/www.ull.es\/portal\/noticias\/2017\/reunion-intercambio-pas\/\",\"url\":\"https:\/\/www.ull.es\/portal\/noticias\/2017\/reunion-intercambio-pas\/\",\"name\":\"La ULL acoge la comisi\u00f3n qie dise\u00f1a el intercambio vacacional del PAS\",\"isPartOf\":{\"@id\":\"https:\/\/www.ull.es\/portal\/noticias\/#website\"},\"datePublished\":\"2017-10-19T13:35:51+00:00\",\"dateModified\":\"2017-10-24T09:45:20+00:00\",\"author\":{\"@id\":\"https:\/\/www.ull.es\/portal\/noticias\/#\/schema\/person\/c3b2aa857797592927a03740d6664376\"},\"description\":\"La ULL ha acogido la Comisi\u00f3n para el Intercambio de Alojamientos Universitarios para el PAS (CIAU-PAS), que coordinael intercambio del PAS\",\"breadcrumb\":{\"@id\":\"https:\/\/www.ull.es\/portal\/noticias\/2017\/reunion-intercambio-pas\/#breadcrumb\"},\"inLanguage\":\"es\",\"potentialAction\":[{\"@type\":\"ReadAction\",\"target\":[\"https:\/\/www.ull.es\/portal\/noticias\/2017\/reunion-intercambio-pas\/\"]}]},{\"@type\":\"BreadcrumbList\",\"@id\":\"https:\/\/www.ull.es\/portal\/noticias\/2017\/reunion-intercambio-pas\/#breadcrumb\",\"itemListElement\":[{\"@type\":\"ListItem\",\"position\":1,\"name\":\"Portada\",\"item\":\"https:\/\/www.ull.es\/portal\/noticias\/\"},{\"@type\":\"ListItem\",\"position\":2,\"name\":\"La ULL acoge la Comisi\u00f3n Nacional de Intercambio de Alojamientos Universitarios del Personal de Administraci\u00f3n y Servicios\"}]},{\"@type\":\"WebSite\",\"@id\":\"https:\/\/www.ull.es\/portal\/noticias\/#website\",\"url\":\"https:\/\/www.ull.es\/portal\/noticias\/\",\"name\":\"ULL - Noticias\",\"description\":\"\",\"potentialAction\":[{\"@type\":\"SearchAction\",\"target\":{\"@type\":\"EntryPoint\",\"urlTemplate\":\"https:\/\/www.ull.es\/portal\/noticias\/?s={search_term_string}\"},\"query-input\":\"required name=search_term_string\"}],\"inLanguage\":\"es\"},{\"@type\":\"Person\",\"@id\":\"https:\/\/www.ull.es\/portal\/noticias\/#\/schema\/person\/c3b2aa857797592927a03740d6664376\",\"name\":\"prensa2\",\"image\":{\"@type\":\"ImageObject\",\"inLanguage\":\"es\",\"@id\":\"https:\/\/www.ull.es\/portal\/noticias\/#\/schema\/person\/image\/\",\"url\":\"https:\/\/secure.gravatar.com\/avatar\/b58f310a5de5feb33d1e026d2493f23c?s=96&d=mm&r=g\",\"contentUrl\":\"https:\/\/secure.gravatar.com\/avatar\/b58f310a5de5feb33d1e026d2493f23c?s=96&d=mm&r=g\",\"caption\":\"prensa2\"},\"url\":\"https:\/\/www.ull.es\/portal\/noticias\/author\/prensa2\/\"}]}<\/script>\n<!-- \/ Yoast SEO plugin. -->","yoast_head_json":{"title":"La ULL acoge la comisi\u00f3n qie dise\u00f1a el intercambio vacacional del PAS","description":"La ULL ha acogido la Comisi\u00f3n para el Intercambio de Alojamientos Universitarios para el PAS (CIAU-PAS), que coordinael intercambio del PAS","robots":{"index":"index","follow":"follow","max-snippet":"max-snippet:-1","max-image-preview":"max-image-preview:large","max-video-preview":"max-video-preview:-1"},"canonical":"https:\/\/www.ull.es\/portal\/noticias\/2017\/reunion-intercambio-pas\/","og_locale":"es_ES","og_type":"article","og_title":"La ULL acoge la comisi\u00f3n qie dise\u00f1a el intercambio vacacional del PAS","og_description":"La ULL ha acogido la Comisi\u00f3n para el Intercambio de Alojamientos Universitarios para el PAS (CIAU-PAS), que coordinael intercambio del PAS","og_url":"https:\/\/www.ull.es\/portal\/noticias\/2017\/reunion-intercambio-pas\/","og_site_name":"ULL - Noticias","article_publisher":"https:\/\/www.facebook.com\/universidaddelalaguna\/","article_published_time":"2017-10-19T13:35:51+00:00","article_modified_time":"2017-10-24T09:45:20+00:00","og_image":[{"width":1024,"height":683,"url":"https:\/\/www.ull.es\/portal\/noticias\/wp-content\/uploads\/sites\/13\/2017\/10\/reunion-intercambio_pas.jpg","type":"image\/jpeg"}],"author":"prensa2","twitter_card":"summary_large_image","twitter_creator":"@CanalULL","twitter_site":"@CanalULL","twitter_misc":{"Escrito por":"prensa2","Tiempo de lectura":"2 minutos"},"schema":{"@context":"https:\/\/schema.org","@graph":[{"@type":"WebPage","@id":"https:\/\/www.ull.es\/portal\/noticias\/2017\/reunion-intercambio-pas\/","url":"https:\/\/www.ull.es\/portal\/noticias\/2017\/reunion-intercambio-pas\/","name":"La ULL acoge la comisi\u00f3n qie dise\u00f1a el intercambio vacacional del PAS","isPartOf":{"@id":"https:\/\/www.ull.es\/portal\/noticias\/#website"},"datePublished":"2017-10-19T13:35:51+00:00","dateModified":"2017-10-24T09:45:20+00:00","author":{"@id":"https:\/\/www.ull.es\/portal\/noticias\/#\/schema\/person\/c3b2aa857797592927a03740d6664376"},"description":"La ULL ha acogido la Comisi\u00f3n para el Intercambio de Alojamientos Universitarios para el PAS (CIAU-PAS), que coordinael intercambio del PAS","breadcrumb":{"@id":"https:\/\/www.ull.es\/portal\/noticias\/2017\/reunion-intercambio-pas\/#breadcrumb"},"inLanguage":"es","potentialAction":[{"@type":"ReadAction","target":["https:\/\/www.ull.es\/portal\/noticias\/2017\/reunion-intercambio-pas\/"]}]},{"@type":"BreadcrumbList","@id":"https:\/\/www.ull.es\/portal\/noticias\/2017\/reunion-intercambio-pas\/#breadcrumb","itemListElement":[{"@type":"ListItem","position":1,"name":"Portada","item":"https:\/\/www.ull.es\/portal\/noticias\/"},{"@type":"ListItem","position":2,"name":"La ULL acoge la Comisi\u00f3n Nacional de Intercambio de Alojamientos Universitarios del Personal de Administraci\u00f3n y Servicios"}]},{"@type":"WebSite","@id":"https:\/\/www.ull.es\/portal\/noticias\/#website","url":"https:\/\/www.ull.es\/portal\/noticias\/","name":"ULL - Noticias","description":"","potentialAction":[{"@type":"SearchAction","target":{"@type":"EntryPoint","urlTemplate":"https:\/\/www.ull.es\/portal\/noticias\/?s={search_term_string}"},"query-input":"required name=search_term_string"}],"inLanguage":"es"},{"@type":"Person","@id":"https:\/\/www.ull.es\/portal\/noticias\/#\/schema\/person\/c3b2aa857797592927a03740d6664376","name":"prensa2","image":{"@type":"ImageObject","inLanguage":"es","@id":"https:\/\/www.ull.es\/portal\/noticias\/#\/schema\/person\/image\/","url":"https:\/\/secure.gravatar.com\/avatar\/b58f310a5de5feb33d1e026d2493f23c?s=96&d=mm&r=g","contentUrl":"https:\/\/secure.gravatar.com\/avatar\/b58f310a5de5feb33d1e026d2493f23c?s=96&d=mm&r=g","caption":"prensa2"},"url":"https:\/\/www.ull.es\/portal\/noticias\/author\/prensa2\/"}]}},"primary_category":{"id":345,"name":"Destacado","slug":"destacado","link":"https:\/\/www.ull.es\/portal\/noticias\/category\/destacado\/"},"featured_image_thumbnail_url":"https:\/\/www.ull.es\/portal\/noticias\/wp-content\/uploads\/sites\/13\/2017\/10\/reunion-intercambio_pas-300x200.jpg","_links":{"self":[{"href":"https:\/\/www.ull.es\/portal\/noticias\/wp-json\/wp\/v2\/posts\/33400"}],"collection":[{"href":"https:\/\/www.ull.es\/portal\/noticias\/wp-json\/wp\/v2\/posts"}],"about":[{"href":"https:\/\/www.ull.es\/portal\/noticias\/wp-json\/wp\/v2\/types\/post"}],"author":[{"embeddable":true,"href":"https:\/\/www.ull.es\/portal\/noticias\/wp-json\/wp\/v2\/users\/21"}],"replies":[{"embeddable":true,"href":"https:\/\/www.ull.es\/portal\/noticias\/wp-json\/wp\/v2\/comments?post=33400"}],"version-history":[{"count":2,"href":"https:\/\/www.ull.es\/portal\/noticias\/wp-json\/wp\/v2\/posts\/33400\/revisions"}],"predecessor-version":[{"id":33454,"href":"https:\/\/www.ull.es\/portal\/noticias\/wp-json\/wp\/v2\/posts\/33400\/revisions\/33454"}],"wp:featuredmedia":[{"embeddable":true,"href":"https:\/\/www.ull.es\/portal\/noticias\/wp-json\/wp\/v2\/media\/33402"}],"wp:attachment":[{"href":"https:\/\/www.ull.es\/portal\/noticias\/wp-json\/wp\/v2\/media?parent=33400"}],"wp:term":[{"taxonomy":"category","embeddable":true,"href":"https:\/\/www.ull.es\/portal\/noticias\/wp-json\/wp\/v2\/categories?post=33400"},{"taxonomy":"post_tag","embeddable":true,"href":"https:\/\/www.ull.es\/portal\/noticias\/wp-json\/wp\/v2\/tags?post=33400"}],"curies":[{"name":"wp","href":"https:\/\/api.w.org\/{rel}","templated":true}]}}