{"id":33449,"date":"2017-10-23T14:43:49","date_gmt":"2017-10-23T14:43:49","guid":{"rendered":"https:\/\/www.ull.es\/portal\/noticias\/?p=33449"},"modified":"2017-10-23T21:28:16","modified_gmt":"2017-10-23T21:28:16","slug":"presentacion-congreso-shift-2017","status":"publish","type":"post","link":"https:\/\/www.ull.es\/portal\/noticias\/2017\/presentacion-congreso-shift-2017\/","title":{"rendered":"Un congreso de la ULL congrega a los mejores especialistas en tecnolog\u00edas de la luz aplicadas a biomedicina y energ\u00edas renovables"},"content":{"rendered":"<p>La Universidad de La Laguna ha organizado un ambicioso congreso internacional sobre tecnolog\u00edas de la luz aplicadas a la investigaci\u00f3n en biomedicina y en energ\u00edas renovables, bajo la denominaci\u00f3n<a href=\"http:\/\/www.shift2017.es\/\" target=\"_blank\" rel=\"noopener\" target=\"_blank\" rel=\"noopener\"> Shift 2017<\/a>. Este importante foro cient\u00edfico, que nace con la voluntad de ser bienal y congregar\u00e1 a los mayores especialistas del mundo en la materia, se celebrar\u00e1 entre el 13 y el 17 de noviembre, pero ha sido presentado oficialmente hoy, lunes 23 de octubre, en la sede de las secciones de F\u00edsica y de Matem\u00e1ticas de la Facultad de Ciencias de la instituci\u00f3n acad\u00e9mica.<\/p>\n<p>La presentaci\u00f3n estuvo presidida por la vicerrectora de Internacionalizaci\u00f3n, Carmen Rubio, quien valor\u00f3 este tipo de encuentros para \u201cponer en el mapa\u201d a la ULL, dado que la ubicaci\u00f3n ultraperif\u00e9rica de Canarias complica las posibilidades de invitar a especialistas for\u00e1neos como los que vendr\u00e1n al Shift 2017. \u201cLa ULL ya mantiene colaboraciones con investigadores internacionales, pero poder tenerlos aqu\u00ed facilita que la relaci\u00f3n se dinamice y consolide mediante nuevos convenios y proyectos. Adem\u00e1s, vendr\u00e1n investigadores de instituciones con las cuales a\u00fan no tenemos ning\u00fan protocolo de colaboraci\u00f3n\u201d, por lo que el congreso puede ser el foro adecuado para tratar de cerrar alguno de ellos.<\/p>\n<p>El coordinador y promotor de este encuentro el profesor del Departamento de F\u00edsica Jorge M\u00e9ndez, explic\u00f3 la relevancia de la investigaci\u00f3n sobre la luz, cuya aplicaci\u00f3n es crucial para tecnolog\u00edas de plana actualidad, como es el caso de las energ\u00edas renovables. Explic\u00f3 mediante una ilustrativa met\u00e1fora que, pese a los avances en tecnolog\u00edas como la fotovoltaica y la fotos\u00edntesis artificial, \u201cel sol es una naranja a la que no le estamos extrayendo todo el jugo\u201d, de ah\u00ed la necesidad en profundizar en la investigaci\u00f3n. En cuanto a la aplicaci\u00f3n en biomedicina, puso como ejemplo que el estudio de las part\u00edculas de luz facilita m\u00e9todos de an\u00e1lisis no invasivos de tumores.<\/p>\n<p>M\u00e9ndez se\u00f1al\u00f3 que el congreso es muy t\u00e9cnico y, por ello, de inter\u00e9s especial para investigadores de alto nivel. Sin embargo, conscientes del inter\u00e9s que estos asuntos pueden tener para un p\u00fablico m\u00e1s general, se ha organizado, dentro del programa del congreso, un encuentro eminentemente divulgativo: un caf\u00e9 cient\u00edfico en el que participar\u00e1n alguno de los reputados investigadores del congreso, que se celebrar\u00e1 en TEA el martes 14 de noviembre a las 18:30 horas.<\/p>\n<p>En la presentaci\u00f3n tambi\u00e9n estuvieron presentes representantes y directores de tres institutos de investigaci\u00f3n de la ULL vinculados a la organizaci\u00f3n de este curso, para demostrar su dimensi\u00f3n multidisciplinar: Carmen Ar\u00e9valo, del Instituto de Materiales y Nanotecnolog\u00eda; \u00c1ngel Acebes, del Instituto de Tecnolog\u00edas Biom\u00e9dicas y el Cibican; y V\u00edctor Lav\u00edn, \u00a0\u00a0 del Instituto de Estudios Avanzados en F\u00edsica At\u00f3mica, Molecular y Fot\u00f3nica. Tambi\u00e9n asisti\u00f3 el profesor Antonio Eff-Darwich, en representaci\u00f3n de la unidad CienciaULL de la Fundaci\u00f3n General de la universidad; y Jos\u00e9 Marichal, en representaci\u00f3n de la primera empresa spin-off creada en el seno de la ULL, Wooptix. Todos ellos explicaron en qu\u00e9 medida participaba cada una de sus respectivas organizaciones en este encuentro cient\u00edfico.<\/p>\n","protected":false},"excerpt":{"rendered":"<p>La Universidad de La Laguna ha organizado un ambicioso congreso internacional sobre tecnolog\u00edas de la luz aplicadas a la investigaci\u00f3n&#8230;<\/p>\n","protected":false},"author":21,"featured_media":33450,"comment_status":"closed","ping_status":"closed","sticky":false,"template":"","format":"standard","meta":{"inline_featured_image":false,"footnotes":""},"categories":[345,350,2765],"tags":[652,891,3144,1601,2980,2399],"acf":[],"yoast_head":"<!-- This site is optimized with the Yoast SEO plugin v21.3 - https:\/\/yoast.com\/wordpress\/plugins\/seo\/ -->\n<title>La ULL presenta el congreso internacional Shift 2017<\/title>\n<meta name=\"description\" content=\"La Facultad de ciencias de la ULL acogi\u00f3 la presentaci\u00f3n del congreso Shift 2017, que en noviembre hablar\u00e1 de las aplicaciones de las tecnolog\u00edas de la luz.\" \/>\n<meta name=\"robots\" content=\"index, follow, max-snippet:-1, max-image-preview:large, max-video-preview:-1\" \/>\n<link rel=\"canonical\" href=\"https:\/\/www.ull.es\/portal\/noticias\/2017\/presentacion-congreso-shift-2017\/\" \/>\n<meta property=\"og:locale\" content=\"es_ES\" \/>\n<meta property=\"og:type\" content=\"article\" \/>\n<meta property=\"og:title\" content=\"La ULL presenta el congreso internacional Shift 2017\" \/>\n<meta property=\"og:description\" content=\"La Facultad de ciencias de la ULL acogi\u00f3 la presentaci\u00f3n del congreso Shift 2017, que en noviembre hablar\u00e1 de las aplicaciones de las tecnolog\u00edas de la luz.\" \/>\n<meta property=\"og:url\" content=\"https:\/\/www.ull.es\/portal\/noticias\/2017\/presentacion-congreso-shift-2017\/\" \/>\n<meta property=\"og:site_name\" content=\"ULL - Noticias\" \/>\n<meta property=\"article:publisher\" content=\"https:\/\/www.facebook.com\/universidaddelalaguna\/\" \/>\n<meta property=\"article:published_time\" content=\"2017-10-23T14:43:49+00:00\" \/>\n<meta property=\"article:modified_time\" content=\"2017-10-23T21:28:16+00:00\" \/>\n<meta property=\"og:image\" content=\"https:\/\/www.ull.es\/portal\/noticias\/wp-content\/uploads\/sites\/13\/2017\/10\/Present-SHIFT17-10.jpg\" \/>\n\t<meta property=\"og:image:width\" content=\"1024\" \/>\n\t<meta property=\"og:image:height\" content=\"683\" \/>\n\t<meta property=\"og:image:type\" content=\"image\/jpeg\" \/>\n<meta name=\"author\" content=\"prensa2\" \/>\n<meta name=\"twitter:card\" content=\"summary_large_image\" \/>\n<meta name=\"twitter:creator\" content=\"@CanalULL\" \/>\n<meta name=\"twitter:site\" content=\"@CanalULL\" \/>\n<meta name=\"twitter:label1\" content=\"Escrito por\" \/>\n\t<meta name=\"twitter:data1\" content=\"prensa2\" \/>\n\t<meta name=\"twitter:label2\" content=\"Tiempo de lectura\" \/>\n\t<meta name=\"twitter:data2\" content=\"3 minutos\" \/>\n<script type=\"application\/ld+json\" class=\"yoast-schema-graph\">{\"@context\":\"https:\/\/schema.org\",\"@graph\":[{\"@type\":\"WebPage\",\"@id\":\"https:\/\/www.ull.es\/portal\/noticias\/2017\/presentacion-congreso-shift-2017\/\",\"url\":\"https:\/\/www.ull.es\/portal\/noticias\/2017\/presentacion-congreso-shift-2017\/\",\"name\":\"La ULL presenta el congreso internacional Shift 2017\",\"isPartOf\":{\"@id\":\"https:\/\/www.ull.es\/portal\/noticias\/#website\"},\"datePublished\":\"2017-10-23T14:43:49+00:00\",\"dateModified\":\"2017-10-23T21:28:16+00:00\",\"author\":{\"@id\":\"https:\/\/www.ull.es\/portal\/noticias\/#\/schema\/person\/c3b2aa857797592927a03740d6664376\"},\"description\":\"La Facultad de ciencias de la ULL acogi\u00f3 la presentaci\u00f3n del congreso Shift 2017, que en noviembre hablar\u00e1 de las aplicaciones de las tecnolog\u00edas de la luz.\",\"breadcrumb\":{\"@id\":\"https:\/\/www.ull.es\/portal\/noticias\/2017\/presentacion-congreso-shift-2017\/#breadcrumb\"},\"inLanguage\":\"es\",\"potentialAction\":[{\"@type\":\"ReadAction\",\"target\":[\"https:\/\/www.ull.es\/portal\/noticias\/2017\/presentacion-congreso-shift-2017\/\"]}]},{\"@type\":\"BreadcrumbList\",\"@id\":\"https:\/\/www.ull.es\/portal\/noticias\/2017\/presentacion-congreso-shift-2017\/#breadcrumb\",\"itemListElement\":[{\"@type\":\"ListItem\",\"position\":1,\"name\":\"Portada\",\"item\":\"https:\/\/www.ull.es\/portal\/noticias\/\"},{\"@type\":\"ListItem\",\"position\":2,\"name\":\"Un congreso de la ULL congrega a los mejores especialistas en tecnolog\u00edas de la luz aplicadas a biomedicina y energ\u00edas renovables\"}]},{\"@type\":\"WebSite\",\"@id\":\"https:\/\/www.ull.es\/portal\/noticias\/#website\",\"url\":\"https:\/\/www.ull.es\/portal\/noticias\/\",\"name\":\"ULL - Noticias\",\"description\":\"\",\"potentialAction\":[{\"@type\":\"SearchAction\",\"target\":{\"@type\":\"EntryPoint\",\"urlTemplate\":\"https:\/\/www.ull.es\/portal\/noticias\/?s={search_term_string}\"},\"query-input\":\"required name=search_term_string\"}],\"inLanguage\":\"es\"},{\"@type\":\"Person\",\"@id\":\"https:\/\/www.ull.es\/portal\/noticias\/#\/schema\/person\/c3b2aa857797592927a03740d6664376\",\"name\":\"prensa2\",\"image\":{\"@type\":\"ImageObject\",\"inLanguage\":\"es\",\"@id\":\"https:\/\/www.ull.es\/portal\/noticias\/#\/schema\/person\/image\/\",\"url\":\"https:\/\/secure.gravatar.com\/avatar\/b58f310a5de5feb33d1e026d2493f23c?s=96&d=mm&r=g\",\"contentUrl\":\"https:\/\/secure.gravatar.com\/avatar\/b58f310a5de5feb33d1e026d2493f23c?s=96&d=mm&r=g\",\"caption\":\"prensa2\"},\"url\":\"https:\/\/www.ull.es\/portal\/noticias\/author\/prensa2\/\"}]}<\/script>\n<!-- \/ Yoast SEO plugin. -->","yoast_head_json":{"title":"La ULL presenta el congreso internacional Shift 2017","description":"La Facultad de ciencias de la ULL acogi\u00f3 la presentaci\u00f3n del congreso Shift 2017, que en noviembre hablar\u00e1 de las aplicaciones de las tecnolog\u00edas de la luz.","robots":{"index":"index","follow":"follow","max-snippet":"max-snippet:-1","max-image-preview":"max-image-preview:large","max-video-preview":"max-video-preview:-1"},"canonical":"https:\/\/www.ull.es\/portal\/noticias\/2017\/presentacion-congreso-shift-2017\/","og_locale":"es_ES","og_type":"article","og_title":"La ULL presenta el congreso internacional Shift 2017","og_description":"La Facultad de ciencias de la ULL acogi\u00f3 la presentaci\u00f3n del congreso Shift 2017, que en noviembre hablar\u00e1 de las aplicaciones de las tecnolog\u00edas de la luz.","og_url":"https:\/\/www.ull.es\/portal\/noticias\/2017\/presentacion-congreso-shift-2017\/","og_site_name":"ULL - Noticias","article_publisher":"https:\/\/www.facebook.com\/universidaddelalaguna\/","article_published_time":"2017-10-23T14:43:49+00:00","article_modified_time":"2017-10-23T21:28:16+00:00","og_image":[{"width":1024,"height":683,"url":"https:\/\/www.ull.es\/portal\/noticias\/wp-content\/uploads\/sites\/13\/2017\/10\/Present-SHIFT17-10.jpg","type":"image\/jpeg"}],"author":"prensa2","twitter_card":"summary_large_image","twitter_creator":"@CanalULL","twitter_site":"@CanalULL","twitter_misc":{"Escrito por":"prensa2","Tiempo de lectura":"3 minutos"},"schema":{"@context":"https:\/\/schema.org","@graph":[{"@type":"WebPage","@id":"https:\/\/www.ull.es\/portal\/noticias\/2017\/presentacion-congreso-shift-2017\/","url":"https:\/\/www.ull.es\/portal\/noticias\/2017\/presentacion-congreso-shift-2017\/","name":"La ULL presenta el congreso internacional Shift 2017","isPartOf":{"@id":"https:\/\/www.ull.es\/portal\/noticias\/#website"},"datePublished":"2017-10-23T14:43:49+00:00","dateModified":"2017-10-23T21:28:16+00:00","author":{"@id":"https:\/\/www.ull.es\/portal\/noticias\/#\/schema\/person\/c3b2aa857797592927a03740d6664376"},"description":"La Facultad de ciencias de la ULL acogi\u00f3 la presentaci\u00f3n del congreso Shift 2017, que en noviembre hablar\u00e1 de las aplicaciones de las tecnolog\u00edas de la luz.","breadcrumb":{"@id":"https:\/\/www.ull.es\/portal\/noticias\/2017\/presentacion-congreso-shift-2017\/#breadcrumb"},"inLanguage":"es","potentialAction":[{"@type":"ReadAction","target":["https:\/\/www.ull.es\/portal\/noticias\/2017\/presentacion-congreso-shift-2017\/"]}]},{"@type":"BreadcrumbList","@id":"https:\/\/www.ull.es\/portal\/noticias\/2017\/presentacion-congreso-shift-2017\/#breadcrumb","itemListElement":[{"@type":"ListItem","position":1,"name":"Portada","item":"https:\/\/www.ull.es\/portal\/noticias\/"},{"@type":"ListItem","position":2,"name":"Un congreso de la ULL congrega a los mejores especialistas en tecnolog\u00edas de la luz aplicadas a biomedicina y energ\u00edas renovables"}]},{"@type":"WebSite","@id":"https:\/\/www.ull.es\/portal\/noticias\/#website","url":"https:\/\/www.ull.es\/portal\/noticias\/","name":"ULL - Noticias","description":"","potentialAction":[{"@type":"SearchAction","target":{"@type":"EntryPoint","urlTemplate":"https:\/\/www.ull.es\/portal\/noticias\/?s={search_term_string}"},"query-input":"required name=search_term_string"}],"inLanguage":"es"},{"@type":"Person","@id":"https:\/\/www.ull.es\/portal\/noticias\/#\/schema\/person\/c3b2aa857797592927a03740d6664376","name":"prensa2","image":{"@type":"ImageObject","inLanguage":"es","@id":"https:\/\/www.ull.es\/portal\/noticias\/#\/schema\/person\/image\/","url":"https:\/\/secure.gravatar.com\/avatar\/b58f310a5de5feb33d1e026d2493f23c?s=96&d=mm&r=g","contentUrl":"https:\/\/secure.gravatar.com\/avatar\/b58f310a5de5feb33d1e026d2493f23c?s=96&d=mm&r=g","caption":"prensa2"},"url":"https:\/\/www.ull.es\/portal\/noticias\/author\/prensa2\/"}]}},"primary_category":{"id":350,"name":"Investigaci\u00f3n","slug":"investigacion","link":"https:\/\/www.ull.es\/portal\/noticias\/category\/investigacion\/"},"featured_image_thumbnail_url":"https:\/\/www.ull.es\/portal\/noticias\/wp-content\/uploads\/sites\/13\/2017\/10\/Present-SHIFT17-10-300x200.jpg","_links":{"self":[{"href":"https:\/\/www.ull.es\/portal\/noticias\/wp-json\/wp\/v2\/posts\/33449"}],"collection":[{"href":"https:\/\/www.ull.es\/portal\/noticias\/wp-json\/wp\/v2\/posts"}],"about":[{"href":"https:\/\/www.ull.es\/portal\/noticias\/wp-json\/wp\/v2\/types\/post"}],"author":[{"embeddable":true,"href":"https:\/\/www.ull.es\/portal\/noticias\/wp-json\/wp\/v2\/users\/21"}],"replies":[{"embeddable":true,"href":"https:\/\/www.ull.es\/portal\/noticias\/wp-json\/wp\/v2\/comments?post=33449"}],"version-history":[{"count":1,"href":"https:\/\/www.ull.es\/portal\/noticias\/wp-json\/wp\/v2\/posts\/33449\/revisions"}],"predecessor-version":[{"id":33451,"href":"https:\/\/www.ull.es\/portal\/noticias\/wp-json\/wp\/v2\/posts\/33449\/revisions\/33451"}],"wp:featuredmedia":[{"embeddable":true,"href":"https:\/\/www.ull.es\/portal\/noticias\/wp-json\/wp\/v2\/media\/33450"}],"wp:attachment":[{"href":"https:\/\/www.ull.es\/portal\/noticias\/wp-json\/wp\/v2\/media?parent=33449"}],"wp:term":[{"taxonomy":"category","embeddable":true,"href":"https:\/\/www.ull.es\/portal\/noticias\/wp-json\/wp\/v2\/categories?post=33449"},{"taxonomy":"post_tag","embeddable":true,"href":"https:\/\/www.ull.es\/portal\/noticias\/wp-json\/wp\/v2\/tags?post=33449"}],"curies":[{"name":"wp","href":"https:\/\/api.w.org\/{rel}","templated":true}]}}