{"id":33508,"date":"2017-10-26T13:37:01","date_gmt":"2017-10-26T13:37:01","guid":{"rendered":"https:\/\/www.ull.es\/portal\/noticias\/?p=33508"},"modified":"2017-10-29T12:01:38","modified_gmt":"2017-10-29T12:01:38","slug":"ull-rock-2017-previa","status":"publish","type":"post","link":"https:\/\/www.ull.es\/portal\/noticias\/2017\/ull-rock-2017-previa\/","title":{"rendered":"El Festival ULL Rock celebra su duod\u00e9cima edici\u00f3n en la Plaza de la Concepci\u00f3n de La Laguna"},"content":{"rendered":"<div id=\"attachment_33509\" style=\"width: 202px\" class=\"wp-caption alignleft\"><a href=\"https:\/\/www.ull.es\/portal\/noticias\/wp-content\/uploads\/sites\/13\/2017\/10\/cartel-ull-rock-g.jpg\" target=\"_blank\" rel=\"noopener\" target=\"_blank\" rel=\"noopener\"><img aria-describedby=\"caption-attachment-33509\" decoding=\"async\" loading=\"lazy\" class=\"wp-image-33509 size-medium\" src=\"https:\/\/www.ull.es\/portal\/noticias\/wp-content\/uploads\/sites\/13\/2017\/10\/cartel-ull-rock-g-192x300.jpg\" alt=\"ULL Rock\" width=\"192\" height=\"300\" srcset=\"https:\/\/www.ull.es\/portal\/noticias\/wp-content\/uploads\/sites\/13\/2017\/10\/cartel-ull-rock-g-192x300.jpg 192w, https:\/\/www.ull.es\/portal\/noticias\/wp-content\/uploads\/sites\/13\/2017\/10\/cartel-ull-rock-g-655x1024.jpg 655w, https:\/\/www.ull.es\/portal\/noticias\/wp-content\/uploads\/sites\/13\/2017\/10\/cartel-ull-rock-g-375x587.jpg 375w, https:\/\/www.ull.es\/portal\/noticias\/wp-content\/uploads\/sites\/13\/2017\/10\/cartel-ull-rock-g-750x1173.jpg 750w, https:\/\/www.ull.es\/portal\/noticias\/wp-content\/uploads\/sites\/13\/2017\/10\/cartel-ull-rock-g.jpg 767w\" sizes=\"(max-width: 192px) 100vw, 192px\" \/><\/a><p id=\"caption-attachment-33509\" class=\"wp-caption-text\">Cartel de la edici\u00f3n 2017<\/p><\/div>\n<p>El Festival ULL Rock de la Universidad de La Laguna se traslada en esta duod\u00e9cima edici\u00f3n a la Plaza de la Concepci\u00f3n para acercar a\u00fan m\u00e1s la m\u00fasica de los seis grupos participantes en esta final del Concurso de M\u00fasica de la instituci\u00f3n acad\u00e9mica, convocado por su Vicerrectorado de Relaciones con la Sociedad.<\/p>\n<p>El concierto gratuito, que tendr\u00e1 lugar ma\u00f1ana, viernes 27 de octubre a las 21:00 horas, cuenta con la colaboraci\u00f3n del Ayuntamiento de La Laguna y Click&amp;Roll. Durante tres horas, actuar\u00e1n en la plaza los grupos que han sido seleccionados previamente por el jurado del premio para participar en esta final. Cuando terminen las intervenciones, se decidir\u00e1 y anunciar\u00e1 la identidad del ganador.<\/p>\n<p>Abrir\u00e1 el concierto ULL Rock el grupo Habemus Tr\u00edo, una banda minimalista y at\u00edpica formada por Ancor Miranda (bater\u00eda), Norberto Arteaga (saxo) y Carlos Meneses (contrabajo), que mostrar\u00e1n su particular jazz. La mezcla de sonidos pop, rock, reggae y latino llegar\u00e1 con la segunda actuaci\u00f3n de la noche, a cargo del grupo La Huida. La banda de rock alternativo Trasterofilia ser\u00e1n los siguientes en subirse al escenario. \u00a0En el ecuador de este concurso, Jason Luis Latin Project pondr\u00e1 el toque latino a la noche. \u00a0Retornar\u00e1 el rock con Sumergible y cerrar\u00e1 la noche Carlos Rodr\u00edguez, artista tinerfe\u00f1o que ha llevado a muchos escenarios de la isla su estilo pop-rock y su \u00faltimo disco <em>Hasta el final<\/em>.<\/p>\n<p>Fuera de concurso actuar\u00e1 como grupo invitado Poker Rock, cuya intervenci\u00f3n servir\u00e1 para mitigar la espera durante la deliberaci\u00f3n del jurado que, entre otros criterios, considerar\u00e1 la calidad interpretativa, las composiciones propias e in\u00e9ditas, la creatividad y originalidad y la puesta en escena. El ganador recibir\u00e1 un premio de 800 euros, un diploma acreditativo y una estatuilla en bronce de San Fernando, patr\u00f3n de la Universidad de La Laguna. El segundo galardonado, un premio de 400 euros y el respectivo diploma.<\/p>\n<p>El objetivo del Festival ULL Rock es potenciar el talento musical de la isla, adem\u00e1s de acercar a los artistas al p\u00fablico, raz\u00f3n por la cual, en esta ocasi\u00f3n, la organizaci\u00f3n del evento ha decidido trasladar a las calles este festival, el cual ha permitido crecer a grupos ganadores de ediciones anteriores, como es el caso de Aloperro, Pasajeros, Grenouille, Gasusa y Tritono, entre otros.<\/p>\n","protected":false},"excerpt":{"rendered":"<p>El Festival ULL Rock de la Universidad de La Laguna se traslada en esta duod\u00e9cima edici\u00f3n a la Plaza de&#8230;<\/p>\n","protected":false},"author":21,"featured_media":33510,"comment_status":"closed","ping_status":"closed","sticky":false,"template":"","format":"image","meta":{"inline_featured_image":false,"footnotes":""},"categories":[344,345],"tags":[2143,2532,2614],"acf":[],"yoast_head":"<!-- This site is optimized with the Yoast SEO plugin v21.3 - https:\/\/yoast.com\/wordpress\/plugins\/seo\/ -->\n<title>ULL Rock celebra su edici\u00f3n de 2017 en la Plaza de la Concepci\u00f3n<\/title>\n<meta name=\"description\" content=\"Act\u00faan en ULL Rock Habemus Tr\u00edo, La Huida, Trasterofilia, Jason Luis Latin Project, Sumergible, Carlos Rodr\u00edguez y Poker Rock.\" \/>\n<meta name=\"robots\" content=\"index, follow, max-snippet:-1, max-image-preview:large, max-video-preview:-1\" \/>\n<link rel=\"canonical\" href=\"https:\/\/www.ull.es\/portal\/noticias\/2017\/ull-rock-2017-previa\/\" \/>\n<meta property=\"og:locale\" content=\"es_ES\" \/>\n<meta property=\"og:type\" content=\"article\" \/>\n<meta property=\"og:title\" content=\"ULL Rock celebra su edici\u00f3n de 2017 en la Plaza de la Concepci\u00f3n\" \/>\n<meta property=\"og:description\" content=\"Act\u00faan en ULL Rock Habemus Tr\u00edo, La Huida, Trasterofilia, Jason Luis Latin Project, Sumergible, Carlos Rodr\u00edguez y Poker Rock.\" \/>\n<meta property=\"og:url\" content=\"https:\/\/www.ull.es\/portal\/noticias\/2017\/ull-rock-2017-previa\/\" \/>\n<meta property=\"og:site_name\" content=\"ULL - Noticias\" \/>\n<meta property=\"article:publisher\" content=\"https:\/\/www.facebook.com\/universidaddelalaguna\/\" \/>\n<meta property=\"article:published_time\" content=\"2017-10-26T13:37:01+00:00\" \/>\n<meta property=\"article:modified_time\" content=\"2017-10-29T12:01:38+00:00\" \/>\n<meta property=\"og:image\" content=\"https:\/\/www.ull.es\/portal\/noticias\/wp-content\/uploads\/sites\/13\/2017\/10\/cartel-ull-rock-p.jpg\" \/>\n\t<meta property=\"og:image:width\" content=\"767\" \/>\n\t<meta property=\"og:image:height\" content=\"618\" \/>\n\t<meta property=\"og:image:type\" content=\"image\/jpeg\" \/>\n<meta name=\"author\" content=\"prensa2\" \/>\n<meta name=\"twitter:card\" content=\"summary_large_image\" \/>\n<meta name=\"twitter:creator\" content=\"@CanalULL\" \/>\n<meta name=\"twitter:site\" content=\"@CanalULL\" \/>\n<meta name=\"twitter:label1\" content=\"Escrito por\" \/>\n\t<meta name=\"twitter:data1\" content=\"prensa2\" \/>\n\t<meta name=\"twitter:label2\" content=\"Tiempo de lectura\" \/>\n\t<meta name=\"twitter:data2\" content=\"2 minutos\" \/>\n<script type=\"application\/ld+json\" class=\"yoast-schema-graph\">{\"@context\":\"https:\/\/schema.org\",\"@graph\":[{\"@type\":\"WebPage\",\"@id\":\"https:\/\/www.ull.es\/portal\/noticias\/2017\/ull-rock-2017-previa\/\",\"url\":\"https:\/\/www.ull.es\/portal\/noticias\/2017\/ull-rock-2017-previa\/\",\"name\":\"ULL Rock celebra su edici\u00f3n de 2017 en la Plaza de la Concepci\u00f3n\",\"isPartOf\":{\"@id\":\"https:\/\/www.ull.es\/portal\/noticias\/#website\"},\"datePublished\":\"2017-10-26T13:37:01+00:00\",\"dateModified\":\"2017-10-29T12:01:38+00:00\",\"author\":{\"@id\":\"https:\/\/www.ull.es\/portal\/noticias\/#\/schema\/person\/c3b2aa857797592927a03740d6664376\"},\"description\":\"Act\u00faan en ULL Rock Habemus Tr\u00edo, La Huida, Trasterofilia, Jason Luis Latin Project, Sumergible, Carlos Rodr\u00edguez y Poker Rock.\",\"breadcrumb\":{\"@id\":\"https:\/\/www.ull.es\/portal\/noticias\/2017\/ull-rock-2017-previa\/#breadcrumb\"},\"inLanguage\":\"es\",\"potentialAction\":[{\"@type\":\"ReadAction\",\"target\":[\"https:\/\/www.ull.es\/portal\/noticias\/2017\/ull-rock-2017-previa\/\"]}]},{\"@type\":\"BreadcrumbList\",\"@id\":\"https:\/\/www.ull.es\/portal\/noticias\/2017\/ull-rock-2017-previa\/#breadcrumb\",\"itemListElement\":[{\"@type\":\"ListItem\",\"position\":1,\"name\":\"Portada\",\"item\":\"https:\/\/www.ull.es\/portal\/noticias\/\"},{\"@type\":\"ListItem\",\"position\":2,\"name\":\"El Festival ULL Rock celebra su duod\u00e9cima edici\u00f3n en la Plaza de la Concepci\u00f3n de La Laguna\"}]},{\"@type\":\"WebSite\",\"@id\":\"https:\/\/www.ull.es\/portal\/noticias\/#website\",\"url\":\"https:\/\/www.ull.es\/portal\/noticias\/\",\"name\":\"ULL - Noticias\",\"description\":\"\",\"potentialAction\":[{\"@type\":\"SearchAction\",\"target\":{\"@type\":\"EntryPoint\",\"urlTemplate\":\"https:\/\/www.ull.es\/portal\/noticias\/?s={search_term_string}\"},\"query-input\":\"required name=search_term_string\"}],\"inLanguage\":\"es\"},{\"@type\":\"Person\",\"@id\":\"https:\/\/www.ull.es\/portal\/noticias\/#\/schema\/person\/c3b2aa857797592927a03740d6664376\",\"name\":\"prensa2\",\"image\":{\"@type\":\"ImageObject\",\"inLanguage\":\"es\",\"@id\":\"https:\/\/www.ull.es\/portal\/noticias\/#\/schema\/person\/image\/\",\"url\":\"https:\/\/secure.gravatar.com\/avatar\/b58f310a5de5feb33d1e026d2493f23c?s=96&d=mm&r=g\",\"contentUrl\":\"https:\/\/secure.gravatar.com\/avatar\/b58f310a5de5feb33d1e026d2493f23c?s=96&d=mm&r=g\",\"caption\":\"prensa2\"},\"url\":\"https:\/\/www.ull.es\/portal\/noticias\/author\/prensa2\/\"}]}<\/script>\n<!-- \/ Yoast SEO plugin. -->","yoast_head_json":{"title":"ULL Rock celebra su edici\u00f3n de 2017 en la Plaza de la Concepci\u00f3n","description":"Act\u00faan en ULL Rock Habemus Tr\u00edo, La Huida, Trasterofilia, Jason Luis Latin Project, Sumergible, Carlos Rodr\u00edguez y Poker Rock.","robots":{"index":"index","follow":"follow","max-snippet":"max-snippet:-1","max-image-preview":"max-image-preview:large","max-video-preview":"max-video-preview:-1"},"canonical":"https:\/\/www.ull.es\/portal\/noticias\/2017\/ull-rock-2017-previa\/","og_locale":"es_ES","og_type":"article","og_title":"ULL Rock celebra su edici\u00f3n de 2017 en la Plaza de la Concepci\u00f3n","og_description":"Act\u00faan en ULL Rock Habemus Tr\u00edo, La Huida, Trasterofilia, Jason Luis Latin Project, Sumergible, Carlos Rodr\u00edguez y Poker Rock.","og_url":"https:\/\/www.ull.es\/portal\/noticias\/2017\/ull-rock-2017-previa\/","og_site_name":"ULL - Noticias","article_publisher":"https:\/\/www.facebook.com\/universidaddelalaguna\/","article_published_time":"2017-10-26T13:37:01+00:00","article_modified_time":"2017-10-29T12:01:38+00:00","og_image":[{"width":767,"height":618,"url":"https:\/\/www.ull.es\/portal\/noticias\/wp-content\/uploads\/sites\/13\/2017\/10\/cartel-ull-rock-p.jpg","type":"image\/jpeg"}],"author":"prensa2","twitter_card":"summary_large_image","twitter_creator":"@CanalULL","twitter_site":"@CanalULL","twitter_misc":{"Escrito por":"prensa2","Tiempo de lectura":"2 minutos"},"schema":{"@context":"https:\/\/schema.org","@graph":[{"@type":"WebPage","@id":"https:\/\/www.ull.es\/portal\/noticias\/2017\/ull-rock-2017-previa\/","url":"https:\/\/www.ull.es\/portal\/noticias\/2017\/ull-rock-2017-previa\/","name":"ULL Rock celebra su edici\u00f3n de 2017 en la Plaza de la Concepci\u00f3n","isPartOf":{"@id":"https:\/\/www.ull.es\/portal\/noticias\/#website"},"datePublished":"2017-10-26T13:37:01+00:00","dateModified":"2017-10-29T12:01:38+00:00","author":{"@id":"https:\/\/www.ull.es\/portal\/noticias\/#\/schema\/person\/c3b2aa857797592927a03740d6664376"},"description":"Act\u00faan en ULL Rock Habemus Tr\u00edo, La Huida, Trasterofilia, Jason Luis Latin Project, Sumergible, Carlos Rodr\u00edguez y Poker Rock.","breadcrumb":{"@id":"https:\/\/www.ull.es\/portal\/noticias\/2017\/ull-rock-2017-previa\/#breadcrumb"},"inLanguage":"es","potentialAction":[{"@type":"ReadAction","target":["https:\/\/www.ull.es\/portal\/noticias\/2017\/ull-rock-2017-previa\/"]}]},{"@type":"BreadcrumbList","@id":"https:\/\/www.ull.es\/portal\/noticias\/2017\/ull-rock-2017-previa\/#breadcrumb","itemListElement":[{"@type":"ListItem","position":1,"name":"Portada","item":"https:\/\/www.ull.es\/portal\/noticias\/"},{"@type":"ListItem","position":2,"name":"El Festival ULL Rock celebra su duod\u00e9cima edici\u00f3n en la Plaza de la Concepci\u00f3n de La Laguna"}]},{"@type":"WebSite","@id":"https:\/\/www.ull.es\/portal\/noticias\/#website","url":"https:\/\/www.ull.es\/portal\/noticias\/","name":"ULL - Noticias","description":"","potentialAction":[{"@type":"SearchAction","target":{"@type":"EntryPoint","urlTemplate":"https:\/\/www.ull.es\/portal\/noticias\/?s={search_term_string}"},"query-input":"required name=search_term_string"}],"inLanguage":"es"},{"@type":"Person","@id":"https:\/\/www.ull.es\/portal\/noticias\/#\/schema\/person\/c3b2aa857797592927a03740d6664376","name":"prensa2","image":{"@type":"ImageObject","inLanguage":"es","@id":"https:\/\/www.ull.es\/portal\/noticias\/#\/schema\/person\/image\/","url":"https:\/\/secure.gravatar.com\/avatar\/b58f310a5de5feb33d1e026d2493f23c?s=96&d=mm&r=g","contentUrl":"https:\/\/secure.gravatar.com\/avatar\/b58f310a5de5feb33d1e026d2493f23c?s=96&d=mm&r=g","caption":"prensa2"},"url":"https:\/\/www.ull.es\/portal\/noticias\/author\/prensa2\/"}]}},"primary_category":{"id":344,"name":"Cultura","slug":"cultura","link":"https:\/\/www.ull.es\/portal\/noticias\/category\/cultura\/"},"featured_image_thumbnail_url":"https:\/\/www.ull.es\/portal\/noticias\/wp-content\/uploads\/sites\/13\/2017\/10\/cartel-ull-rock-p-300x242.jpg","_links":{"self":[{"href":"https:\/\/www.ull.es\/portal\/noticias\/wp-json\/wp\/v2\/posts\/33508"}],"collection":[{"href":"https:\/\/www.ull.es\/portal\/noticias\/wp-json\/wp\/v2\/posts"}],"about":[{"href":"https:\/\/www.ull.es\/portal\/noticias\/wp-json\/wp\/v2\/types\/post"}],"author":[{"embeddable":true,"href":"https:\/\/www.ull.es\/portal\/noticias\/wp-json\/wp\/v2\/users\/21"}],"replies":[{"embeddable":true,"href":"https:\/\/www.ull.es\/portal\/noticias\/wp-json\/wp\/v2\/comments?post=33508"}],"version-history":[{"count":2,"href":"https:\/\/www.ull.es\/portal\/noticias\/wp-json\/wp\/v2\/posts\/33508\/revisions"}],"predecessor-version":[{"id":33513,"href":"https:\/\/www.ull.es\/portal\/noticias\/wp-json\/wp\/v2\/posts\/33508\/revisions\/33513"}],"wp:featuredmedia":[{"embeddable":true,"href":"https:\/\/www.ull.es\/portal\/noticias\/wp-json\/wp\/v2\/media\/33510"}],"wp:attachment":[{"href":"https:\/\/www.ull.es\/portal\/noticias\/wp-json\/wp\/v2\/media?parent=33508"}],"wp:term":[{"taxonomy":"category","embeddable":true,"href":"https:\/\/www.ull.es\/portal\/noticias\/wp-json\/wp\/v2\/categories?post=33508"},{"taxonomy":"post_tag","embeddable":true,"href":"https:\/\/www.ull.es\/portal\/noticias\/wp-json\/wp\/v2\/tags?post=33508"}],"curies":[{"name":"wp","href":"https:\/\/api.w.org\/{rel}","templated":true}]}}