{"id":33618,"date":"2017-11-02T13:20:41","date_gmt":"2017-11-02T13:20:41","guid":{"rendered":"https:\/\/www.ull.es\/portal\/noticias\/?p=33618"},"modified":"2017-11-02T13:20:41","modified_gmt":"2017-11-02T13:20:41","slug":"exposicion-225-anos-la-gomera","status":"publish","type":"post","link":"https:\/\/www.ull.es\/portal\/noticias\/2017\/exposicion-225-anos-la-gomera\/","title":{"rendered":"La exposici\u00f3n itinerante sobre los 225 a\u00f1os de la Universidad de La Laguna llega a La Gomera"},"content":{"rendered":"<p>La Gomera acoge a partir del d\u00eda de hoy, juves 2 de noviembre, la muestra <em>De donde viene el futuro, 225 a\u00f1os de la Universidad de La Laguna<\/em>, con motivo del aniversario del centro acad\u00e9mico fundado tras el decreto del rey Carlos IV bajo el nombre de Universidad Literaria de Canarias.<\/p>\n<p>En el acto de apertura celebrado este jueves estuvieron presentes el presidente del Cabildo, Casimiro Curbelo; la consejera del Pol\u00edtica Sociocultural, Rosa Elena Garc\u00eda; el rector sustituto de la Universidad de La Laguna, Francisco Almeida; el vicerrector de Relaciones con la Sociedad de la ULL, Francisco J. Garc\u00eda; y la representante de la Biblioteca de la Facultad de Educaci\u00f3n de la ULL, Carmen Dolores Garc\u00eda-Ramos.<\/p>\n<p>El presidente del Cabildo, Casimiro Curbelo, aludi\u00f3 a la exposici\u00f3n como un reflejo de los lazos de uni\u00f3n que la Universidad y La Gomera han reforzado en estos \u00faltimos a\u00f1os. En este sentido, agradeci\u00f3 que la muestra pase por la Isla, ya que \u201ces una magn\u00edfica oportunidad de conocer su historia\u201d.<\/p>\n<p>Adem\u00e1s, Curbelo hizo menci\u00f3n a la Universidad de Verano o la C\u00e1tedra Jos\u00e9 Aguiar como ejemplo de ese marco de cooperaci\u00f3n al que ahora se a\u00f1adir\u00e1 la C\u00e1tedra del Silbo Gomero. \u201cMantener viva la presencia de la formaci\u00f3n universitaria es el objetivo de estas iniciativas\u201d, asegur\u00f3.<\/p>\n<p>Por su parte, el rector sustituto de la Universidad de La Laguna, Francisco Almeida,explic\u00f3 que el recorrido hist\u00f3rico de la exposici\u00f3n muestra la vinculaci\u00f3n de la Universidad con todas las islas, de ah\u00ed que \u201cahora los ciudadanos de todas ellas puedan visitarla y disfrutarla\u201d.<\/p>\n<p>Almeida puso en valor la menci\u00f3n especial que se realiza de La Gomera en la exposici\u00f3n y el estrecho v\u00ednculo que siempre han tenido los estudiantes de la Isla con la Universidad. En esta l\u00ednea, record\u00f3 las labores de Ruiz de Padr\u00f3n y Pedro Garc\u00eda Cabrera en los inicios de centro universitario.<\/p>\n<p><strong>Hasta el 10 de noviembre<\/strong><\/p>\n<p>La exposici\u00f3n se compone de dos partes. Una primera parte que sigue un orden hist\u00f3rico desarrollado en los paneles denominados Los precedentes (1972-1913), la Universidad contempor\u00e1nea (1913-1931), los a\u00f1os de esperanza (1931-1936), los a\u00f1os oscuros (1931-1963), las primeras universitarias, los a\u00f1os convulsos, expansi\u00f3n y protesta (1962-1992) y el salto a la modernidad. Mientras, la segunda parte de esta muestra refleja el presente de la Universidad de La Laguna y c\u00f3mo proyecta su futuro a trav\u00e9s de los diferentes centros y servicios, subrayando una de las actividades que m\u00e1s la caracterizan: la investigaci\u00f3n.<\/p>\n<p>Cabe destacar que la mayor\u00eda de las obras expuestas pertenecen al Servicio de Biblioteca de la ULL, aunque tambi\u00e9n se incluye una selecci\u00f3n de documentos de gran inter\u00e9s que han sido cedidos por el Archivo Universitario, por Alumni ULL y por otras instituciones como el Instituto de Estudios Canarios, la Real Sociedad Econ\u00f3mica de Amigos del Pa\u00eds y la Biblioteca-Archivo de Mar\u00eda Rosa Alonso.<\/p>\n<p>La muestra dise\u00f1ada por la propia universidad podr\u00e1 visitarse en la Sala de Exposiciones del Cabildo Insular hasta el pr\u00f3ximo 10 de noviembre, de lunes a viernes desde las 8 de la ma\u00f1ana hasta las 3 de la tarde.<\/p>\n","protected":false},"excerpt":{"rendered":"<p>La Gomera acoge a partir del d\u00eda de hoy, juves 2 de noviembre, la muestra De donde viene el futuro,&#8230;<\/p>\n","protected":false},"author":21,"featured_media":33620,"comment_status":"closed","ping_status":"closed","sticky":false,"template":"","format":"standard","meta":{"inline_featured_image":false,"footnotes":""},"categories":[2811,345,348,2752,2753,2755,2754,2765],"tags":[2734,3226,1201],"acf":[],"yoast_head":"<!-- This site is optimized with the Yoast SEO plugin v21.3 - https:\/\/yoast.com\/wordpress\/plugins\/seo\/ -->\n<title>La Gomera coge la muestra sobre los 225 a\u00f1os de la ULL<\/title>\n<meta name=\"description\" content=\"La Gomera acoge la muestra itinerante que la Universidad de La Laguna ha dise\u00f1ado con motivo de los 225 a\u00f1os del centro acad\u00e9mico.\" \/>\n<meta name=\"robots\" content=\"index, follow, max-snippet:-1, max-image-preview:large, max-video-preview:-1\" \/>\n<link rel=\"canonical\" href=\"https:\/\/www.ull.es\/portal\/noticias\/2017\/exposicion-225-anos-la-gomera\/\" \/>\n<meta property=\"og:locale\" content=\"es_ES\" \/>\n<meta property=\"og:type\" content=\"article\" \/>\n<meta property=\"og:title\" content=\"La Gomera coge la muestra sobre los 225 a\u00f1os de la ULL\" \/>\n<meta property=\"og:description\" content=\"La Gomera acoge la muestra itinerante que la Universidad de La Laguna ha dise\u00f1ado con motivo de los 225 a\u00f1os del centro acad\u00e9mico.\" \/>\n<meta property=\"og:url\" content=\"https:\/\/www.ull.es\/portal\/noticias\/2017\/exposicion-225-anos-la-gomera\/\" \/>\n<meta property=\"og:site_name\" content=\"ULL - Noticias\" \/>\n<meta property=\"article:publisher\" content=\"https:\/\/www.facebook.com\/universidaddelalaguna\/\" \/>\n<meta property=\"article:published_time\" content=\"2017-11-02T13:20:41+00:00\" \/>\n<meta property=\"og:image\" content=\"https:\/\/www.ull.es\/portal\/noticias\/wp-content\/uploads\/sites\/13\/2017\/11\/Autoridades-visitan-la-exposici\u00f3n-3.jpg\" \/>\n\t<meta property=\"og:image:width\" content=\"1600\" \/>\n\t<meta property=\"og:image:height\" content=\"1200\" \/>\n\t<meta property=\"og:image:type\" content=\"image\/jpeg\" \/>\n<meta name=\"author\" content=\"prensa2\" \/>\n<meta name=\"twitter:card\" content=\"summary_large_image\" \/>\n<meta name=\"twitter:creator\" content=\"@CanalULL\" \/>\n<meta name=\"twitter:site\" content=\"@CanalULL\" \/>\n<meta name=\"twitter:label1\" content=\"Escrito por\" \/>\n\t<meta name=\"twitter:data1\" content=\"prensa2\" \/>\n\t<meta name=\"twitter:label2\" content=\"Tiempo de lectura\" \/>\n\t<meta name=\"twitter:data2\" content=\"3 minutos\" \/>\n<script type=\"application\/ld+json\" class=\"yoast-schema-graph\">{\"@context\":\"https:\/\/schema.org\",\"@graph\":[{\"@type\":\"WebPage\",\"@id\":\"https:\/\/www.ull.es\/portal\/noticias\/2017\/exposicion-225-anos-la-gomera\/\",\"url\":\"https:\/\/www.ull.es\/portal\/noticias\/2017\/exposicion-225-anos-la-gomera\/\",\"name\":\"La Gomera coge la muestra sobre los 225 a\u00f1os de la ULL\",\"isPartOf\":{\"@id\":\"https:\/\/www.ull.es\/portal\/noticias\/#website\"},\"datePublished\":\"2017-11-02T13:20:41+00:00\",\"dateModified\":\"2017-11-02T13:20:41+00:00\",\"author\":{\"@id\":\"https:\/\/www.ull.es\/portal\/noticias\/#\/schema\/person\/c3b2aa857797592927a03740d6664376\"},\"description\":\"La Gomera acoge la muestra itinerante que la Universidad de La Laguna ha dise\u00f1ado con motivo de los 225 a\u00f1os del centro acad\u00e9mico.\",\"breadcrumb\":{\"@id\":\"https:\/\/www.ull.es\/portal\/noticias\/2017\/exposicion-225-anos-la-gomera\/#breadcrumb\"},\"inLanguage\":\"es\",\"potentialAction\":[{\"@type\":\"ReadAction\",\"target\":[\"https:\/\/www.ull.es\/portal\/noticias\/2017\/exposicion-225-anos-la-gomera\/\"]}]},{\"@type\":\"BreadcrumbList\",\"@id\":\"https:\/\/www.ull.es\/portal\/noticias\/2017\/exposicion-225-anos-la-gomera\/#breadcrumb\",\"itemListElement\":[{\"@type\":\"ListItem\",\"position\":1,\"name\":\"Portada\",\"item\":\"https:\/\/www.ull.es\/portal\/noticias\/\"},{\"@type\":\"ListItem\",\"position\":2,\"name\":\"La exposici\u00f3n itinerante sobre los 225 a\u00f1os de la Universidad de La Laguna llega a La Gomera\"}]},{\"@type\":\"WebSite\",\"@id\":\"https:\/\/www.ull.es\/portal\/noticias\/#website\",\"url\":\"https:\/\/www.ull.es\/portal\/noticias\/\",\"name\":\"ULL - Noticias\",\"description\":\"\",\"potentialAction\":[{\"@type\":\"SearchAction\",\"target\":{\"@type\":\"EntryPoint\",\"urlTemplate\":\"https:\/\/www.ull.es\/portal\/noticias\/?s={search_term_string}\"},\"query-input\":\"required name=search_term_string\"}],\"inLanguage\":\"es\"},{\"@type\":\"Person\",\"@id\":\"https:\/\/www.ull.es\/portal\/noticias\/#\/schema\/person\/c3b2aa857797592927a03740d6664376\",\"name\":\"prensa2\",\"image\":{\"@type\":\"ImageObject\",\"inLanguage\":\"es\",\"@id\":\"https:\/\/www.ull.es\/portal\/noticias\/#\/schema\/person\/image\/\",\"url\":\"https:\/\/secure.gravatar.com\/avatar\/b58f310a5de5feb33d1e026d2493f23c?s=96&d=mm&r=g\",\"contentUrl\":\"https:\/\/secure.gravatar.com\/avatar\/b58f310a5de5feb33d1e026d2493f23c?s=96&d=mm&r=g\",\"caption\":\"prensa2\"},\"url\":\"https:\/\/www.ull.es\/portal\/noticias\/author\/prensa2\/\"}]}<\/script>\n<!-- \/ Yoast SEO plugin. -->","yoast_head_json":{"title":"La Gomera coge la muestra sobre los 225 a\u00f1os de la ULL","description":"La Gomera acoge la muestra itinerante que la Universidad de La Laguna ha dise\u00f1ado con motivo de los 225 a\u00f1os del centro acad\u00e9mico.","robots":{"index":"index","follow":"follow","max-snippet":"max-snippet:-1","max-image-preview":"max-image-preview:large","max-video-preview":"max-video-preview:-1"},"canonical":"https:\/\/www.ull.es\/portal\/noticias\/2017\/exposicion-225-anos-la-gomera\/","og_locale":"es_ES","og_type":"article","og_title":"La Gomera coge la muestra sobre los 225 a\u00f1os de la ULL","og_description":"La Gomera acoge la muestra itinerante que la Universidad de La Laguna ha dise\u00f1ado con motivo de los 225 a\u00f1os del centro acad\u00e9mico.","og_url":"https:\/\/www.ull.es\/portal\/noticias\/2017\/exposicion-225-anos-la-gomera\/","og_site_name":"ULL - Noticias","article_publisher":"https:\/\/www.facebook.com\/universidaddelalaguna\/","article_published_time":"2017-11-02T13:20:41+00:00","og_image":[{"width":1600,"height":1200,"url":"https:\/\/www.ull.es\/portal\/noticias\/wp-content\/uploads\/sites\/13\/2017\/11\/Autoridades-visitan-la-exposici\u00f3n-3.jpg","type":"image\/jpeg"}],"author":"prensa2","twitter_card":"summary_large_image","twitter_creator":"@CanalULL","twitter_site":"@CanalULL","twitter_misc":{"Escrito por":"prensa2","Tiempo de lectura":"3 minutos"},"schema":{"@context":"https:\/\/schema.org","@graph":[{"@type":"WebPage","@id":"https:\/\/www.ull.es\/portal\/noticias\/2017\/exposicion-225-anos-la-gomera\/","url":"https:\/\/www.ull.es\/portal\/noticias\/2017\/exposicion-225-anos-la-gomera\/","name":"La Gomera coge la muestra sobre los 225 a\u00f1os de la ULL","isPartOf":{"@id":"https:\/\/www.ull.es\/portal\/noticias\/#website"},"datePublished":"2017-11-02T13:20:41+00:00","dateModified":"2017-11-02T13:20:41+00:00","author":{"@id":"https:\/\/www.ull.es\/portal\/noticias\/#\/schema\/person\/c3b2aa857797592927a03740d6664376"},"description":"La Gomera acoge la muestra itinerante que la Universidad de La Laguna ha dise\u00f1ado con motivo de los 225 a\u00f1os del centro acad\u00e9mico.","breadcrumb":{"@id":"https:\/\/www.ull.es\/portal\/noticias\/2017\/exposicion-225-anos-la-gomera\/#breadcrumb"},"inLanguage":"es","potentialAction":[{"@type":"ReadAction","target":["https:\/\/www.ull.es\/portal\/noticias\/2017\/exposicion-225-anos-la-gomera\/"]}]},{"@type":"BreadcrumbList","@id":"https:\/\/www.ull.es\/portal\/noticias\/2017\/exposicion-225-anos-la-gomera\/#breadcrumb","itemListElement":[{"@type":"ListItem","position":1,"name":"Portada","item":"https:\/\/www.ull.es\/portal\/noticias\/"},{"@type":"ListItem","position":2,"name":"La exposici\u00f3n itinerante sobre los 225 a\u00f1os de la Universidad de La Laguna llega a La Gomera"}]},{"@type":"WebSite","@id":"https:\/\/www.ull.es\/portal\/noticias\/#website","url":"https:\/\/www.ull.es\/portal\/noticias\/","name":"ULL - Noticias","description":"","potentialAction":[{"@type":"SearchAction","target":{"@type":"EntryPoint","urlTemplate":"https:\/\/www.ull.es\/portal\/noticias\/?s={search_term_string}"},"query-input":"required name=search_term_string"}],"inLanguage":"es"},{"@type":"Person","@id":"https:\/\/www.ull.es\/portal\/noticias\/#\/schema\/person\/c3b2aa857797592927a03740d6664376","name":"prensa2","image":{"@type":"ImageObject","inLanguage":"es","@id":"https:\/\/www.ull.es\/portal\/noticias\/#\/schema\/person\/image\/","url":"https:\/\/secure.gravatar.com\/avatar\/b58f310a5de5feb33d1e026d2493f23c?s=96&d=mm&r=g","contentUrl":"https:\/\/secure.gravatar.com\/avatar\/b58f310a5de5feb33d1e026d2493f23c?s=96&d=mm&r=g","caption":"prensa2"},"url":"https:\/\/www.ull.es\/portal\/noticias\/author\/prensa2\/"}]}},"primary_category":{"id":2811,"name":"225 Aniversario","slug":"aniversario","link":"https:\/\/www.ull.es\/portal\/noticias\/category\/aniversario\/"},"featured_image_thumbnail_url":"https:\/\/www.ull.es\/portal\/noticias\/wp-content\/uploads\/sites\/13\/2017\/11\/Autoridades-visitan-la-exposici\u00f3n-3-300x225.jpg","_links":{"self":[{"href":"https:\/\/www.ull.es\/portal\/noticias\/wp-json\/wp\/v2\/posts\/33618"}],"collection":[{"href":"https:\/\/www.ull.es\/portal\/noticias\/wp-json\/wp\/v2\/posts"}],"about":[{"href":"https:\/\/www.ull.es\/portal\/noticias\/wp-json\/wp\/v2\/types\/post"}],"author":[{"embeddable":true,"href":"https:\/\/www.ull.es\/portal\/noticias\/wp-json\/wp\/v2\/users\/21"}],"replies":[{"embeddable":true,"href":"https:\/\/www.ull.es\/portal\/noticias\/wp-json\/wp\/v2\/comments?post=33618"}],"version-history":[{"count":1,"href":"https:\/\/www.ull.es\/portal\/noticias\/wp-json\/wp\/v2\/posts\/33618\/revisions"}],"predecessor-version":[{"id":33621,"href":"https:\/\/www.ull.es\/portal\/noticias\/wp-json\/wp\/v2\/posts\/33618\/revisions\/33621"}],"wp:featuredmedia":[{"embeddable":true,"href":"https:\/\/www.ull.es\/portal\/noticias\/wp-json\/wp\/v2\/media\/33620"}],"wp:attachment":[{"href":"https:\/\/www.ull.es\/portal\/noticias\/wp-json\/wp\/v2\/media?parent=33618"}],"wp:term":[{"taxonomy":"category","embeddable":true,"href":"https:\/\/www.ull.es\/portal\/noticias\/wp-json\/wp\/v2\/categories?post=33618"},{"taxonomy":"post_tag","embeddable":true,"href":"https:\/\/www.ull.es\/portal\/noticias\/wp-json\/wp\/v2\/tags?post=33618"}],"curies":[{"name":"wp","href":"https:\/\/api.w.org\/{rel}","templated":true}]}}