{"id":33666,"date":"2017-11-06T12:41:38","date_gmt":"2017-11-06T12:41:38","guid":{"rendered":"https:\/\/www.ull.es\/portal\/noticias\/?p=33666"},"modified":"2017-11-06T12:42:07","modified_gmt":"2017-11-06T12:42:07","slug":"la-fundacion-disa-la-universidad-la-laguna-renuevan-compromiso-empleo-titulados","status":"publish","type":"post","link":"https:\/\/www.ull.es\/portal\/noticias\/2017\/la-fundacion-disa-la-universidad-la-laguna-renuevan-compromiso-empleo-titulados\/","title":{"rendered":"La Fundaci\u00f3n DISA y la Universidad de La Laguna renuevan su compromiso con el empleo de titulados"},"content":{"rendered":"<p>Recientemente se rubricaba el nuevo convenio de colaboraci\u00f3n entre la Fundaci\u00f3n General de la Universidad de La Laguna y la Fundaci\u00f3n DISA para la renovaci\u00f3n de la actividad conjunta en el marco del programa DISA Emplea. La firma ten\u00eda lugar en las propias instalaciones de las Fundaci\u00f3n universitaria y fue acometida por Julio Brito, gerente de la Fgull y, Raquel Montes Su\u00e1rez, directora de la Fundaci\u00f3n DISA.<\/p>\n<p>Dicho convenio contempla la puesta en marcha, por tercer a\u00f1o consecutivo, de un programa integral para el fomento de la contrataci\u00f3n laboral de j\u00f3venes egresados. Para ello se combina la disposici\u00f3n de becas de inserci\u00f3n laboral, costeadas al completo por la Fundaci\u00f3n DISA, y una acci\u00f3n formativa paralela, de forma que las personas participantes reciban tanto una experiencia pr\u00e1ctica en un entorno profesional como una serie de conocimientos vitales para el desarrollo de sus carreras.<\/p>\n<p>Concretamente, se trata de promover el emprendimiento, tanto por cuenta propia como dentro de las propias empresas, y, para ello, una de las acciones formativas es \u201cDise\u00f1o y desarrollo de propuestas innovadoras en el \u00e1mbito empresarial\u201d facilitando que los j\u00f3venes se conviertan en agentes proactivos, capaces de hacer propuestas innovadoras, de cualquier \u00e1mbito, en la empresa en la que est\u00e1 desarrollando la actividad. La propuesta de innovaci\u00f3n a desarrollar por el destinatario\/a de la beca ser\u00e1 presentada a la empresa de acogida al finalizar el per\u00edodo de pr\u00e1cticas.<\/p>\n<p>De esta forma, se promueve la adquisici\u00f3n de competencias que faciliten la empleabilidad y fomenten la capacidad de emprendimiento para el colectivo de j\u00f3venes que acaban de obtener su titulaci\u00f3n.<\/p>\n<p>En esta edici\u00f3n se disponen un total de 25 becas. Podr\u00e1n optar a dichas ofertas el titulado universitario y de formaci\u00f3n profesional que se ajuste al perfil requerido en cada caso. Asimismo, tambi\u00e9n tendr\u00e1n oportunidad de hacerlo las personas tituladas que cumplan una serie de requisitos:\u00a0 haber finalizado los estudios en un plazo inferior a 36 meses con respecto a la publicaci\u00f3n de la oferta; no haberse beneficiado de otros programas de becas de inserci\u00f3n laboral por un periodo total acumulado de doce meses;\u00a0 no disponer de experiencia profesional previa relacionada con la titulaci\u00f3n de acceso a la beca y no tener relaci\u00f3n de parentesco con los componentes de los \u00f3rganos de direcci\u00f3n o tutores de las entidades concedentes de las becas.<\/p>\n<p>Por tercer a\u00f1o consecutivo, esta iniciativa se desarrolla con las dos fundaciones universitarias de Canarias, destinando 200.000 euros para que 50 j\u00f3venes, 25 en cada provincia, puedan acceder a su primera experiencia laboral.<\/p>\n<p>(Nota de prensa y foto cedidas).<\/p>\n","protected":false},"excerpt":{"rendered":"<p>Recientemente se rubricaba el nuevo convenio de colaboraci\u00f3n entre la Fundaci\u00f3n General de la Universidad de La Laguna y la&#8230;<\/p>\n","protected":false},"author":23,"featured_media":33668,"comment_status":"closed","ping_status":"closed","sticky":false,"template":"","format":"standard","meta":{"inline_featured_image":false,"footnotes":""},"categories":[345,348,2765],"tags":[3637,1123,1328],"acf":[],"yoast_head":"<!-- This site is optimized with the Yoast SEO plugin v21.3 - https:\/\/yoast.com\/wordpress\/plugins\/seo\/ -->\n<title>La Fundaci\u00f3n DISA y la Universidad de La Laguna renuevan su compromiso con el empleo de titulados - ULL - Noticias<\/title>\n<meta name=\"robots\" content=\"index, follow, max-snippet:-1, max-image-preview:large, max-video-preview:-1\" \/>\n<link rel=\"canonical\" href=\"https:\/\/www.ull.es\/portal\/noticias\/2017\/la-fundacion-disa-la-universidad-la-laguna-renuevan-compromiso-empleo-titulados\/\" \/>\n<meta property=\"og:locale\" content=\"es_ES\" \/>\n<meta property=\"og:type\" content=\"article\" \/>\n<meta property=\"og:title\" content=\"La Fundaci\u00f3n DISA y la Universidad de La Laguna renuevan su compromiso con el empleo de titulados - ULL - Noticias\" \/>\n<meta property=\"og:description\" content=\"Recientemente se rubricaba el nuevo convenio de colaboraci\u00f3n entre la Fundaci\u00f3n General de la Universidad de La Laguna y la...\" \/>\n<meta property=\"og:url\" content=\"https:\/\/www.ull.es\/portal\/noticias\/2017\/la-fundacion-disa-la-universidad-la-laguna-renuevan-compromiso-empleo-titulados\/\" \/>\n<meta property=\"og:site_name\" content=\"ULL - Noticias\" \/>\n<meta property=\"article:publisher\" content=\"https:\/\/www.facebook.com\/universidaddelalaguna\/\" \/>\n<meta property=\"article:published_time\" content=\"2017-11-06T12:41:38+00:00\" \/>\n<meta property=\"article:modified_time\" content=\"2017-11-06T12:42:07+00:00\" \/>\n<meta property=\"og:image\" content=\"https:\/\/www.ull.es\/portal\/noticias\/wp-content\/uploads\/sites\/13\/2017\/11\/disa.jpg\" \/>\n\t<meta property=\"og:image:width\" content=\"1415\" \/>\n\t<meta property=\"og:image:height\" content=\"943\" \/>\n\t<meta property=\"og:image:type\" content=\"image\/jpeg\" \/>\n<meta name=\"author\" content=\"gaprsa\" \/>\n<meta name=\"twitter:card\" content=\"summary_large_image\" \/>\n<meta name=\"twitter:creator\" content=\"@CanalULL\" \/>\n<meta name=\"twitter:site\" content=\"@CanalULL\" \/>\n<meta name=\"twitter:label1\" content=\"Escrito por\" \/>\n\t<meta name=\"twitter:data1\" content=\"gaprsa\" \/>\n\t<meta name=\"twitter:label2\" content=\"Tiempo de lectura\" \/>\n\t<meta name=\"twitter:data2\" content=\"2 minutos\" \/>\n<script type=\"application\/ld+json\" class=\"yoast-schema-graph\">{\"@context\":\"https:\/\/schema.org\",\"@graph\":[{\"@type\":\"WebPage\",\"@id\":\"https:\/\/www.ull.es\/portal\/noticias\/2017\/la-fundacion-disa-la-universidad-la-laguna-renuevan-compromiso-empleo-titulados\/\",\"url\":\"https:\/\/www.ull.es\/portal\/noticias\/2017\/la-fundacion-disa-la-universidad-la-laguna-renuevan-compromiso-empleo-titulados\/\",\"name\":\"La Fundaci\u00f3n DISA y la Universidad de La Laguna renuevan su compromiso con el empleo de titulados - ULL - Noticias\",\"isPartOf\":{\"@id\":\"https:\/\/www.ull.es\/portal\/noticias\/#website\"},\"datePublished\":\"2017-11-06T12:41:38+00:00\",\"dateModified\":\"2017-11-06T12:42:07+00:00\",\"author\":{\"@id\":\"https:\/\/www.ull.es\/portal\/noticias\/#\/schema\/person\/b2b1a89d43ffa609e591f7df8ef3e817\"},\"breadcrumb\":{\"@id\":\"https:\/\/www.ull.es\/portal\/noticias\/2017\/la-fundacion-disa-la-universidad-la-laguna-renuevan-compromiso-empleo-titulados\/#breadcrumb\"},\"inLanguage\":\"es\",\"potentialAction\":[{\"@type\":\"ReadAction\",\"target\":[\"https:\/\/www.ull.es\/portal\/noticias\/2017\/la-fundacion-disa-la-universidad-la-laguna-renuevan-compromiso-empleo-titulados\/\"]}]},{\"@type\":\"BreadcrumbList\",\"@id\":\"https:\/\/www.ull.es\/portal\/noticias\/2017\/la-fundacion-disa-la-universidad-la-laguna-renuevan-compromiso-empleo-titulados\/#breadcrumb\",\"itemListElement\":[{\"@type\":\"ListItem\",\"position\":1,\"name\":\"Portada\",\"item\":\"https:\/\/www.ull.es\/portal\/noticias\/\"},{\"@type\":\"ListItem\",\"position\":2,\"name\":\"La Fundaci\u00f3n DISA y la Universidad de La Laguna renuevan su compromiso con el empleo de titulados\"}]},{\"@type\":\"WebSite\",\"@id\":\"https:\/\/www.ull.es\/portal\/noticias\/#website\",\"url\":\"https:\/\/www.ull.es\/portal\/noticias\/\",\"name\":\"ULL - Noticias\",\"description\":\"\",\"potentialAction\":[{\"@type\":\"SearchAction\",\"target\":{\"@type\":\"EntryPoint\",\"urlTemplate\":\"https:\/\/www.ull.es\/portal\/noticias\/?s={search_term_string}\"},\"query-input\":\"required name=search_term_string\"}],\"inLanguage\":\"es\"},{\"@type\":\"Person\",\"@id\":\"https:\/\/www.ull.es\/portal\/noticias\/#\/schema\/person\/b2b1a89d43ffa609e591f7df8ef3e817\",\"name\":\"gaprsa\",\"image\":{\"@type\":\"ImageObject\",\"inLanguage\":\"es\",\"@id\":\"https:\/\/www.ull.es\/portal\/noticias\/#\/schema\/person\/image\/\",\"url\":\"https:\/\/secure.gravatar.com\/avatar\/443820550921091458b4823867723b3d?s=96&d=mm&r=g\",\"contentUrl\":\"https:\/\/secure.gravatar.com\/avatar\/443820550921091458b4823867723b3d?s=96&d=mm&r=g\",\"caption\":\"gaprsa\"},\"url\":\"https:\/\/www.ull.es\/portal\/noticias\/author\/gaprsa\/\"}]}<\/script>\n<!-- \/ Yoast SEO plugin. -->","yoast_head_json":{"title":"La Fundaci\u00f3n DISA y la Universidad de La Laguna renuevan su compromiso con el empleo de titulados - ULL - Noticias","robots":{"index":"index","follow":"follow","max-snippet":"max-snippet:-1","max-image-preview":"max-image-preview:large","max-video-preview":"max-video-preview:-1"},"canonical":"https:\/\/www.ull.es\/portal\/noticias\/2017\/la-fundacion-disa-la-universidad-la-laguna-renuevan-compromiso-empleo-titulados\/","og_locale":"es_ES","og_type":"article","og_title":"La Fundaci\u00f3n DISA y la Universidad de La Laguna renuevan su compromiso con el empleo de titulados - ULL - Noticias","og_description":"Recientemente se rubricaba el nuevo convenio de colaboraci\u00f3n entre la Fundaci\u00f3n General de la Universidad de La Laguna y la...","og_url":"https:\/\/www.ull.es\/portal\/noticias\/2017\/la-fundacion-disa-la-universidad-la-laguna-renuevan-compromiso-empleo-titulados\/","og_site_name":"ULL - Noticias","article_publisher":"https:\/\/www.facebook.com\/universidaddelalaguna\/","article_published_time":"2017-11-06T12:41:38+00:00","article_modified_time":"2017-11-06T12:42:07+00:00","og_image":[{"width":1415,"height":943,"url":"https:\/\/www.ull.es\/portal\/noticias\/wp-content\/uploads\/sites\/13\/2017\/11\/disa.jpg","type":"image\/jpeg"}],"author":"gaprsa","twitter_card":"summary_large_image","twitter_creator":"@CanalULL","twitter_site":"@CanalULL","twitter_misc":{"Escrito por":"gaprsa","Tiempo de lectura":"2 minutos"},"schema":{"@context":"https:\/\/schema.org","@graph":[{"@type":"WebPage","@id":"https:\/\/www.ull.es\/portal\/noticias\/2017\/la-fundacion-disa-la-universidad-la-laguna-renuevan-compromiso-empleo-titulados\/","url":"https:\/\/www.ull.es\/portal\/noticias\/2017\/la-fundacion-disa-la-universidad-la-laguna-renuevan-compromiso-empleo-titulados\/","name":"La Fundaci\u00f3n DISA y la Universidad de La Laguna renuevan su compromiso con el empleo de titulados - ULL - Noticias","isPartOf":{"@id":"https:\/\/www.ull.es\/portal\/noticias\/#website"},"datePublished":"2017-11-06T12:41:38+00:00","dateModified":"2017-11-06T12:42:07+00:00","author":{"@id":"https:\/\/www.ull.es\/portal\/noticias\/#\/schema\/person\/b2b1a89d43ffa609e591f7df8ef3e817"},"breadcrumb":{"@id":"https:\/\/www.ull.es\/portal\/noticias\/2017\/la-fundacion-disa-la-universidad-la-laguna-renuevan-compromiso-empleo-titulados\/#breadcrumb"},"inLanguage":"es","potentialAction":[{"@type":"ReadAction","target":["https:\/\/www.ull.es\/portal\/noticias\/2017\/la-fundacion-disa-la-universidad-la-laguna-renuevan-compromiso-empleo-titulados\/"]}]},{"@type":"BreadcrumbList","@id":"https:\/\/www.ull.es\/portal\/noticias\/2017\/la-fundacion-disa-la-universidad-la-laguna-renuevan-compromiso-empleo-titulados\/#breadcrumb","itemListElement":[{"@type":"ListItem","position":1,"name":"Portada","item":"https:\/\/www.ull.es\/portal\/noticias\/"},{"@type":"ListItem","position":2,"name":"La Fundaci\u00f3n DISA y la Universidad de La Laguna renuevan su compromiso con el empleo de titulados"}]},{"@type":"WebSite","@id":"https:\/\/www.ull.es\/portal\/noticias\/#website","url":"https:\/\/www.ull.es\/portal\/noticias\/","name":"ULL - Noticias","description":"","potentialAction":[{"@type":"SearchAction","target":{"@type":"EntryPoint","urlTemplate":"https:\/\/www.ull.es\/portal\/noticias\/?s={search_term_string}"},"query-input":"required name=search_term_string"}],"inLanguage":"es"},{"@type":"Person","@id":"https:\/\/www.ull.es\/portal\/noticias\/#\/schema\/person\/b2b1a89d43ffa609e591f7df8ef3e817","name":"gaprsa","image":{"@type":"ImageObject","inLanguage":"es","@id":"https:\/\/www.ull.es\/portal\/noticias\/#\/schema\/person\/image\/","url":"https:\/\/secure.gravatar.com\/avatar\/443820550921091458b4823867723b3d?s=96&d=mm&r=g","contentUrl":"https:\/\/secure.gravatar.com\/avatar\/443820550921091458b4823867723b3d?s=96&d=mm&r=g","caption":"gaprsa"},"url":"https:\/\/www.ull.es\/portal\/noticias\/author\/gaprsa\/"}]}},"primary_category":{"id":345,"name":"Destacado","slug":"destacado","link":"https:\/\/www.ull.es\/portal\/noticias\/category\/destacado\/"},"featured_image_thumbnail_url":"https:\/\/www.ull.es\/portal\/noticias\/wp-content\/uploads\/sites\/13\/2017\/11\/disa-300x200.jpg","_links":{"self":[{"href":"https:\/\/www.ull.es\/portal\/noticias\/wp-json\/wp\/v2\/posts\/33666"}],"collection":[{"href":"https:\/\/www.ull.es\/portal\/noticias\/wp-json\/wp\/v2\/posts"}],"about":[{"href":"https:\/\/www.ull.es\/portal\/noticias\/wp-json\/wp\/v2\/types\/post"}],"author":[{"embeddable":true,"href":"https:\/\/www.ull.es\/portal\/noticias\/wp-json\/wp\/v2\/users\/23"}],"replies":[{"embeddable":true,"href":"https:\/\/www.ull.es\/portal\/noticias\/wp-json\/wp\/v2\/comments?post=33666"}],"version-history":[{"count":2,"href":"https:\/\/www.ull.es\/portal\/noticias\/wp-json\/wp\/v2\/posts\/33666\/revisions"}],"predecessor-version":[{"id":33670,"href":"https:\/\/www.ull.es\/portal\/noticias\/wp-json\/wp\/v2\/posts\/33666\/revisions\/33670"}],"wp:featuredmedia":[{"embeddable":true,"href":"https:\/\/www.ull.es\/portal\/noticias\/wp-json\/wp\/v2\/media\/33668"}],"wp:attachment":[{"href":"https:\/\/www.ull.es\/portal\/noticias\/wp-json\/wp\/v2\/media?parent=33666"}],"wp:term":[{"taxonomy":"category","embeddable":true,"href":"https:\/\/www.ull.es\/portal\/noticias\/wp-json\/wp\/v2\/categories?post=33666"},{"taxonomy":"post_tag","embeddable":true,"href":"https:\/\/www.ull.es\/portal\/noticias\/wp-json\/wp\/v2\/tags?post=33666"}],"curies":[{"name":"wp","href":"https:\/\/api.w.org\/{rel}","templated":true}]}}